{"id":51203,"date":"2021-01-12T15:48:05","date_gmt":"2021-01-12T18:48:05","guid":{"rendered":"http:\/\/www.noticiasradioreflejos.com.ar\/noticias\/?p=51203"},"modified":"2021-01-12T15:48:05","modified_gmt":"2021-01-12T18:48:05","slug":"avanza-el-proyecto-de-regularizacion-de-la-numeracion-domiciliaria-de-sierra-de-la-ventana","status":"publish","type":"post","link":"https:\/\/www.noticiasradioreflejos.com.ar\/2021\/avanza-el-proyecto-de-regularizacion-de-la-numeracion-domiciliaria-de-sierra-de-la-ventana\/","title":{"rendered":"Avanza el proyecto de regularizaci\u00f3n de la numeraci\u00f3n domiciliaria de Sierra de la Ventana"},"content":{"rendered":"<p>En el marco del convenio 330\/18 celebrado entre Tornquist Municipio y el Departamento de Ingenier\u00eda de la Universidad Nacional del Sur (UNS), este lunes la comuna efectu\u00f3 la entrega de una notebook a la casa de altos estudios.<!--more--><\/p>\n<p>El mencionado acuerdo tiene como objetivo avanzar en la regularizaci\u00f3n de la numeraci\u00f3n domiciliaria de alrededor de 100 manzanas de Sierra de la Ventana, una necesidad hist\u00f3rica de la localidad.<br \/>\nLa entrega del equipamiento marc\u00f3 la concreci\u00f3n de las acciones previstas en el convenio mediante el cual la UNS llev\u00f3 adelante los trabajos t\u00e9cnicos de c\u00e1lculo de numeraci\u00f3n, que incluyeron la identificaci\u00f3n de las calles, su geometr\u00eda y su ubicaci\u00f3n, entre otras tareas espec\u00edficas.<br \/>\nEn el encuentro desarrollado en el palacio municipal, por el municipio estuvieron presentes el intendente Sergio Bordoni y los secretarios de Desarrollo, Dr. Gonzalo Iparraguirre, y de Obras y Servicios P\u00fablicos, Ing. Germ\u00e1n Mar\u00edn; y por la UNS, Cecilia Bergallo, quien subray\u00f3 la fundamental labor de los egresados de ingenier\u00eda del establecimiento para ejecutar los trabajos convenidos.<br \/>\nAsimismo, el Honorable Concejo Deliberante, desde donde se trabaja en la confecci\u00f3n del proyecto de ordenanza que instrumentar\u00e1 al  \u00e1rea de Catastro a aplicar la nueva numeraci\u00f3n domiciliaria, estuvo representado por los ediles Sebasti\u00e1n Bassi, Viviana Montibeller y Elisabeth Nori.<\/p>\n","protected":false},"excerpt":{"rendered":"<p>En el marco del convenio 330\/18 celebrado entre Tornquist Municipio y el Departamento de Ingenier\u00eda de la Universidad Nacional del Sur (UNS), este lunes la comuna efectu\u00f3 la entrega de una notebook a la casa de altos estudios.<\/p>\n","protected":false},"author":3,"featured_media":0,"comment_status":"closed","ping_status":"open","sticky":false,"template":"","format":"standard","meta":{"footnotes":""},"categories":[28],"tags":[],"class_list":["post-51203","post","type-post","status-publish","format-standard","hentry","category-municipales"],"yoast_head":"<!-- This site is optimized with the Yoast SEO plugin v25.9 - https:\/\/yoast.com\/wordpress\/plugins\/seo\/ -->\n<title>Avanza el proyecto de regularizaci\u00f3n de la numeraci\u00f3n domiciliaria de Sierra de la Ventana - Noticias Radio Reflejos<\/title>\n<meta name=\"robots\" content=\"index, follow, max-snippet:-1, max-image-preview:large, max-video-preview:-1\" \/>\n<link rel=\"canonical\" href=\"https:\/\/www.noticiasradioreflejos.com.ar\/2021\/avanza-el-proyecto-de-regularizacion-de-la-numeracion-domiciliaria-de-sierra-de-la-ventana\/\" \/>\n<meta property=\"og:locale\" content=\"es_ES\" \/>\n<meta property=\"og:type\" content=\"article\" \/>\n<meta property=\"og:title\" content=\"Avanza el proyecto de regularizaci\u00f3n de la numeraci\u00f3n domiciliaria de Sierra de la Ventana - Noticias Radio Reflejos\" \/>\n<meta property=\"og:description\" content=\"En el marco del convenio 330\/18 celebrado entre Tornquist Municipio y el Departamento de Ingenier\u00eda de la Universidad Nacional del Sur (UNS), este lunes la comuna efectu\u00f3 la entrega de una notebook a la casa de altos estudios.\" \/>\n<meta property=\"og:url\" content=\"https:\/\/www.noticiasradioreflejos.com.ar\/2021\/avanza-el-proyecto-de-regularizacion-de-la-numeracion-domiciliaria-de-sierra-de-la-ventana\/\" \/>\n<meta property=\"og:site_name\" content=\"Noticias Radio Reflejos\" \/>\n<meta property=\"article:published_time\" content=\"2021-01-12T18:48:05+00:00\" \/>\n<meta property=\"og:image\" content=\"https:\/\/www.noticiasradioreflejos.com.ar\/2021\/wp-content\/uploads\/2021\/07\/logosol300x200.png\" \/>\n\t<meta property=\"og:image:width\" content=\"300\" \/>\n\t<meta property=\"og:image:height\" content=\"200\" \/>\n\t<meta property=\"og:image:type\" content=\"image\/png\" \/>\n<meta name=\"author\" content=\"Arnaldo Botto\" \/>\n<meta name=\"twitter:card\" content=\"summary_large_image\" \/>\n<script type=\"application\/ld+json\" class=\"yoast-schema-graph\">{\"@context\":\"https:\/\/schema.org\",\"@graph\":[{\"@type\":\"WebPage\",\"@id\":\"https:\/\/www.noticiasradioreflejos.com.ar\/2021\/avanza-el-proyecto-de-regularizacion-de-la-numeracion-domiciliaria-de-sierra-de-la-ventana\/\",\"url\":\"https:\/\/www.noticiasradioreflejos.com.ar\/2021\/avanza-el-proyecto-de-regularizacion-de-la-numeracion-domiciliaria-de-sierra-de-la-ventana\/\",\"name\":\"Avanza el proyecto de regularizaci\u00f3n de la numeraci\u00f3n domiciliaria de Sierra de la Ventana - Noticias Radio Reflejos\",\"isPartOf\":{\"@id\":\"https:\/\/www.noticiasradioreflejos.com.ar\/2021\/#website\"},\"datePublished\":\"2021-01-12T18:48:05+00:00\",\"author\":{\"@id\":\"https:\/\/www.noticiasradioreflejos.com.ar\/2021\/#\/schema\/person\/ad82545263dcc5ec0996818884fd5fb1\"},\"breadcrumb\":{\"@id\":\"https:\/\/www.noticiasradioreflejos.com.ar\/2021\/avanza-el-proyecto-de-regularizacion-de-la-numeracion-domiciliaria-de-sierra-de-la-ventana\/#breadcrumb\"},\"inLanguage\":\"es\",\"potentialAction\":[{\"@type\":\"ReadAction\",\"target\":[\"https:\/\/www.noticiasradioreflejos.com.ar\/2021\/avanza-el-proyecto-de-regularizacion-de-la-numeracion-domiciliaria-de-sierra-de-la-ventana\/\"]}]},{\"@type\":\"BreadcrumbList\",\"@id\":\"https:\/\/www.noticiasradioreflejos.com.ar\/2021\/avanza-el-proyecto-de-regularizacion-de-la-numeracion-domiciliaria-de-sierra-de-la-ventana\/#breadcrumb\",\"itemListElement\":[{\"@type\":\"ListItem\",\"position\":1,\"name\":\"Portada\",\"item\":\"https:\/\/www.noticiasradioreflejos.com.ar\/2021\/\"},{\"@type\":\"ListItem\",\"position\":2,\"name\":\"Avanza el proyecto de regularizaci\u00f3n de la numeraci\u00f3n domiciliaria de Sierra de la Ventana\"}]},{\"@type\":\"WebSite\",\"@id\":\"https:\/\/www.noticiasradioreflejos.com.ar\/2021\/#website\",\"url\":\"https:\/\/www.noticiasradioreflejos.com.ar\/2021\/\",\"name\":\"Noticias Radio Reflejos\",\"description\":\"Las noticias de mi comarca\",\"potentialAction\":[{\"@type\":\"SearchAction\",\"target\":{\"@type\":\"EntryPoint\",\"urlTemplate\":\"https:\/\/www.noticiasradioreflejos.com.ar\/2021\/?s={search_term_string}\"},\"query-input\":{\"@type\":\"PropertyValueSpecification\",\"valueRequired\":true,\"valueName\":\"search_term_string\"}}],\"inLanguage\":\"es\"},{\"@type\":\"Person\",\"@id\":\"https:\/\/www.noticiasradioreflejos.com.ar\/2021\/#\/schema\/person\/ad82545263dcc5ec0996818884fd5fb1\",\"name\":\"Arnaldo Botto\",\"image\":{\"@type\":\"ImageObject\",\"inLanguage\":\"es\",\"@id\":\"https:\/\/www.noticiasradioreflejos.com.ar\/2021\/#\/schema\/person\/image\/\",\"url\":\"https:\/\/secure.gravatar.com\/avatar\/55cb5e37c1efa326397366e6974cb338056df65cb50e7d64d1cf314e87504837?s=96&d=mm&r=g\",\"contentUrl\":\"https:\/\/secure.gravatar.com\/avatar\/55cb5e37c1efa326397366e6974cb338056df65cb50e7d64d1cf314e87504837?s=96&d=mm&r=g\",\"caption\":\"Arnaldo Botto\"},\"url\":\"https:\/\/www.noticiasradioreflejos.com.ar\/2021\/author\/arnaldo\/\"}]}<\/script>\n<!-- \/ Yoast SEO plugin. -->","yoast_head_json":{"title":"Avanza el proyecto de regularizaci\u00f3n de la numeraci\u00f3n domiciliaria de Sierra de la Ventana - Noticias Radio Reflejos","robots":{"index":"index","follow":"follow","max-snippet":"max-snippet:-1","max-image-preview":"max-image-preview:large","max-video-preview":"max-video-preview:-1"},"canonical":"https:\/\/www.noticiasradioreflejos.com.ar\/2021\/avanza-el-proyecto-de-regularizacion-de-la-numeracion-domiciliaria-de-sierra-de-la-ventana\/","og_locale":"es_ES","og_type":"article","og_title":"Avanza el proyecto de regularizaci\u00f3n de la numeraci\u00f3n domiciliaria de Sierra de la Ventana - Noticias Radio Reflejos","og_description":"En el marco del convenio 330\/18 celebrado entre Tornquist Municipio y el Departamento de Ingenier\u00eda de la Universidad Nacional del Sur (UNS), este lunes la comuna efectu\u00f3 la entrega de una notebook a la casa de altos estudios.","og_url":"https:\/\/www.noticiasradioreflejos.com.ar\/2021\/avanza-el-proyecto-de-regularizacion-de-la-numeracion-domiciliaria-de-sierra-de-la-ventana\/","og_site_name":"Noticias Radio Reflejos","article_published_time":"2021-01-12T18:48:05+00:00","og_image":[{"width":300,"height":200,"url":"https:\/\/www.noticiasradioreflejos.com.ar\/2021\/wp-content\/uploads\/2021\/07\/logosol300x200.png","type":"image\/png"}],"author":"Arnaldo Botto","twitter_card":"summary_large_image","schema":{"@context":"https:\/\/schema.org","@graph":[{"@type":"WebPage","@id":"https:\/\/www.noticiasradioreflejos.com.ar\/2021\/avanza-el-proyecto-de-regularizacion-de-la-numeracion-domiciliaria-de-sierra-de-la-ventana\/","url":"https:\/\/www.noticiasradioreflejos.com.ar\/2021\/avanza-el-proyecto-de-regularizacion-de-la-numeracion-domiciliaria-de-sierra-de-la-ventana\/","name":"Avanza el proyecto de regularizaci\u00f3n de la numeraci\u00f3n domiciliaria de Sierra de la Ventana - Noticias Radio Reflejos","isPartOf":{"@id":"https:\/\/www.noticiasradioreflejos.com.ar\/2021\/#website"},"datePublished":"2021-01-12T18:48:05+00:00","author":{"@id":"https:\/\/www.noticiasradioreflejos.com.ar\/2021\/#\/schema\/person\/ad82545263dcc5ec0996818884fd5fb1"},"breadcrumb":{"@id":"https:\/\/www.noticiasradioreflejos.com.ar\/2021\/avanza-el-proyecto-de-regularizacion-de-la-numeracion-domiciliaria-de-sierra-de-la-ventana\/#breadcrumb"},"inLanguage":"es","potentialAction":[{"@type":"ReadAction","target":["https:\/\/www.noticiasradioreflejos.com.ar\/2021\/avanza-el-proyecto-de-regularizacion-de-la-numeracion-domiciliaria-de-sierra-de-la-ventana\/"]}]},{"@type":"BreadcrumbList","@id":"https:\/\/www.noticiasradioreflejos.com.ar\/2021\/avanza-el-proyecto-de-regularizacion-de-la-numeracion-domiciliaria-de-sierra-de-la-ventana\/#breadcrumb","itemListElement":[{"@type":"ListItem","position":1,"name":"Portada","item":"https:\/\/www.noticiasradioreflejos.com.ar\/2021\/"},{"@type":"ListItem","position":2,"name":"Avanza el proyecto de regularizaci\u00f3n de la numeraci\u00f3n domiciliaria de Sierra de la Ventana"}]},{"@type":"WebSite","@id":"https:\/\/www.noticiasradioreflejos.com.ar\/2021\/#website","url":"https:\/\/www.noticiasradioreflejos.com.ar\/2021\/","name":"Noticias Radio Reflejos","description":"Las noticias de mi comarca","potentialAction":[{"@type":"SearchAction","target":{"@type":"EntryPoint","urlTemplate":"https:\/\/www.noticiasradioreflejos.com.ar\/2021\/?s={search_term_string}"},"query-input":{"@type":"PropertyValueSpecification","valueRequired":true,"valueName":"search_term_string"}}],"inLanguage":"es"},{"@type":"Person","@id":"https:\/\/www.noticiasradioreflejos.com.ar\/2021\/#\/schema\/person\/ad82545263dcc5ec0996818884fd5fb1","name":"Arnaldo Botto","image":{"@type":"ImageObject","inLanguage":"es","@id":"https:\/\/www.noticiasradioreflejos.com.ar\/2021\/#\/schema\/person\/image\/","url":"https:\/\/secure.gravatar.com\/avatar\/55cb5e37c1efa326397366e6974cb338056df65cb50e7d64d1cf314e87504837?s=96&d=mm&r=g","contentUrl":"https:\/\/secure.gravatar.com\/avatar\/55cb5e37c1efa326397366e6974cb338056df65cb50e7d64d1cf314e87504837?s=96&d=mm&r=g","caption":"Arnaldo Botto"},"url":"https:\/\/www.noticiasradioreflejos.com.ar\/2021\/author\/arnaldo\/"}]}},"_links":{"self":[{"href":"https:\/\/www.noticiasradioreflejos.com.ar\/2021\/wp-json\/wp\/v2\/posts\/51203","targetHints":{"allow":["GET"]}}],"collection":[{"href":"https:\/\/www.noticiasradioreflejos.com.ar\/2021\/wp-json\/wp\/v2\/posts"}],"about":[{"href":"https:\/\/www.noticiasradioreflejos.com.ar\/2021\/wp-json\/wp\/v2\/types\/post"}],"author":[{"embeddable":true,"href":"https:\/\/www.noticiasradioreflejos.com.ar\/2021\/wp-json\/wp\/v2\/users\/3"}],"replies":[{"embeddable":true,"href":"https:\/\/www.noticiasradioreflejos.com.ar\/2021\/wp-json\/wp\/v2\/comments?post=51203"}],"version-history":[{"count":0,"href":"https:\/\/www.noticiasradioreflejos.com.ar\/2021\/wp-json\/wp\/v2\/posts\/51203\/revisions"}],"wp:attachment":[{"href":"https:\/\/www.noticiasradioreflejos.com.ar\/2021\/wp-json\/wp\/v2\/media?parent=51203"}],"wp:term":[{"taxonomy":"category","embeddable":true,"href":"https:\/\/www.noticiasradioreflejos.com.ar\/2021\/wp-json\/wp\/v2\/categories?post=51203"},{"taxonomy":"post_tag","embeddable":true,"href":"https:\/\/www.noticiasradioreflejos.com.ar\/2021\/wp-json\/wp\/v2\/tags?post=51203"}],"curies":[{"name":"wp","href":"https:\/\/api.w.org\/{rel}","templated":true}]}}