{"id":51200,"date":"2021-01-12T15:45:23","date_gmt":"2021-01-12T18:45:23","guid":{"rendered":"http:\/\/www.noticiasradioreflejos.com.ar\/noticias\/?p=51200"},"modified":"2021-01-12T15:45:23","modified_gmt":"2021-01-12T18:45:23","slug":"vialidad-realizo-un-importante-trabajo-de-limpieza-de-ramas-en-la-ruta-prov-76-entre-san-eloy-y-sierra-de-la-ventana","status":"publish","type":"post","link":"https:\/\/www.noticiasradioreflejos.com.ar\/2021\/vialidad-realizo-un-importante-trabajo-de-limpieza-de-ramas-en-la-ruta-prov-76-entre-san-eloy-y-sierra-de-la-ventana\/","title":{"rendered":"Vialidad realiz\u00f3 un importante trabajo de limpieza de ramas en la ruta Prov. 76 entre San Eloy y Sierra de la Ventana"},"content":{"rendered":"<p>La intervenci\u00f3n tuvo lugar especialmente en los sectores de puentes, donde ramas de arbustos y \u00e1rboles dificultaban la visual de los conductores.<!--more--><\/p>\n<p><a title=\"WhatsApp Image 2021-01-12 at 15.23.44 (1)\" href=\"http:\/\/live.staticflickr.com\/65535\/50828268438_edc686ce0d_s.jpg\" rel=\"\"><img loading=\"lazy\" decoding=\"async\" class=\"aligncenter\" title=\"WhatsApp Image 2021-01-12 at 15.23.44 (1)\" src=\"http:\/\/live.staticflickr.com\/65535\/50828268438_edc686ce0d_c.jpg\" alt=\"WhatsApp Image 2021-01-12 at 15.23.44 (1)\" width=\"800\" height=\"441\" \/><\/a><\/p>\n<p>Durante la jornada de este martes 12 de enero, personal de Vialidad Provincial realiz\u00f3 una fuerte intervenci\u00f3n en un sector de 55 kil\u00f3metros de la ruta 76, donde las ramas de arbustos y \u00e1rboles, pon\u00edan en riesgo a los conductores y ocupantes de los veh\u00edculos que que circulaban entre la rotonda de San Eloy y el cruce con la Ruta 72, acceso a Sierra de la Ventana.<\/p>\n<p><a title=\"WhatsApp Image 2021-01-12 at 15.23.44 (2)\" href=\"http:\/\/live.staticflickr.com\/65535\/50829104727_08f4858434_s.jpg\" rel=\"\"><img loading=\"lazy\" decoding=\"async\" class=\"aligncenter\" title=\"WhatsApp Image 2021-01-12 at 15.23.44 (2)\" src=\"http:\/\/live.staticflickr.com\/65535\/50829104727_08f4858434_c.jpg\" alt=\"WhatsApp Image 2021-01-12 at 15.23.44 (2)\" width=\"800\" height=\"458\" \/><\/a><br \/>\nD\u00edas pasados, un vecino de la localidad solicit\u00f3 a nuestro medio que se difundiera el peligro que representaba transitar por ese sector de la ruta provincial, debido a la gran cantidad de ramas que se hab\u00edan proliferado sobre los puentes y curvas a la vera de la cinta asf\u00e1ltica. Inmediatamente nos comunicamos con la jefatura regional de Vialidad Provincial de Buenos Aires con asiento en la ciudad de Bah\u00eda Blanca, y en menos de 24 horas lleg\u00f3 la soluci\u00f3n al grave problema que representaba.<br \/>\nUn nutrido n\u00famero de operarios en diferentes veh\u00edculos, munidos del equipamiento correspondiente, despejaron notoriamente los sectores mas comprometidos mejorando totalmente la visual de los sectores en cuesti\u00f3n para quienes transiten por el lugar.<\/p>\n<p><a title=\"WhatsApp Image 2021-01-12 at 15.23.44\" href=\"http:\/\/live.staticflickr.com\/65535\/50828268298_e3a929a9a5_s.jpg\" rel=\"\"><img loading=\"lazy\" decoding=\"async\" class=\"aligncenter\" title=\"WhatsApp Image 2021-01-12 at 15.23.44\" src=\"http:\/\/live.staticflickr.com\/65535\/50828268298_e3a929a9a5_c.jpg\" alt=\"WhatsApp Image 2021-01-12 at 15.23.44\" width=\"800\" height=\"600\" \/><\/a><\/p>\n","protected":false},"excerpt":{"rendered":"<p>La intervenci\u00f3n tuvo lugar especialmente en los sectores de puentes, donde ramas de arbustos y \u00e1rboles dificultaban la visual de los conductores.<\/p>\n","protected":false},"author":3,"featured_media":0,"comment_status":"closed","ping_status":"open","sticky":false,"template":"","format":"standard","meta":{"footnotes":""},"categories":[24,26],"tags":[],"class_list":["post-51200","post","type-post","status-publish","format-standard","hentry","category-politica","category-sociedad"],"yoast_head":"<!-- This site is optimized with the Yoast SEO plugin v25.9 - https:\/\/yoast.com\/wordpress\/plugins\/seo\/ -->\n<title>Vialidad realiz\u00f3 un importante trabajo de limpieza de ramas en la ruta Prov. 76 entre San Eloy y Sierra de la Ventana - Noticias Radio Reflejos<\/title>\n<meta name=\"robots\" content=\"index, follow, max-snippet:-1, max-image-preview:large, max-video-preview:-1\" \/>\n<link rel=\"canonical\" href=\"https:\/\/www.noticiasradioreflejos.com.ar\/2021\/vialidad-realizo-un-importante-trabajo-de-limpieza-de-ramas-en-la-ruta-prov-76-entre-san-eloy-y-sierra-de-la-ventana\/\" \/>\n<meta property=\"og:locale\" content=\"es_ES\" \/>\n<meta property=\"og:type\" content=\"article\" \/>\n<meta property=\"og:title\" content=\"Vialidad realiz\u00f3 un importante trabajo de limpieza de ramas en la ruta Prov. 76 entre San Eloy y Sierra de la Ventana - Noticias Radio Reflejos\" \/>\n<meta property=\"og:description\" content=\"La intervenci\u00f3n tuvo lugar especialmente en los sectores de puentes, donde ramas de arbustos y \u00e1rboles dificultaban la visual de los conductores.\" \/>\n<meta property=\"og:url\" content=\"https:\/\/www.noticiasradioreflejos.com.ar\/2021\/vialidad-realizo-un-importante-trabajo-de-limpieza-de-ramas-en-la-ruta-prov-76-entre-san-eloy-y-sierra-de-la-ventana\/\" \/>\n<meta property=\"og:site_name\" content=\"Noticias Radio Reflejos\" \/>\n<meta property=\"article:published_time\" content=\"2021-01-12T18:45:23+00:00\" \/>\n<meta property=\"og:image\" content=\"http:\/\/live.staticflickr.com\/65535\/50828268438_edc686ce0d_c.jpg\" \/>\n<meta name=\"author\" content=\"Arnaldo Botto\" \/>\n<meta name=\"twitter:card\" content=\"summary_large_image\" \/>\n<script type=\"application\/ld+json\" class=\"yoast-schema-graph\">{\"@context\":\"https:\/\/schema.org\",\"@graph\":[{\"@type\":\"WebPage\",\"@id\":\"https:\/\/www.noticiasradioreflejos.com.ar\/2021\/vialidad-realizo-un-importante-trabajo-de-limpieza-de-ramas-en-la-ruta-prov-76-entre-san-eloy-y-sierra-de-la-ventana\/\",\"url\":\"https:\/\/www.noticiasradioreflejos.com.ar\/2021\/vialidad-realizo-un-importante-trabajo-de-limpieza-de-ramas-en-la-ruta-prov-76-entre-san-eloy-y-sierra-de-la-ventana\/\",\"name\":\"Vialidad realiz\u00f3 un importante trabajo de limpieza de ramas en la ruta Prov. 76 entre San Eloy y Sierra de la Ventana - Noticias Radio Reflejos\",\"isPartOf\":{\"@id\":\"https:\/\/www.noticiasradioreflejos.com.ar\/2021\/#website\"},\"primaryImageOfPage\":{\"@id\":\"https:\/\/www.noticiasradioreflejos.com.ar\/2021\/vialidad-realizo-un-importante-trabajo-de-limpieza-de-ramas-en-la-ruta-prov-76-entre-san-eloy-y-sierra-de-la-ventana\/#primaryimage\"},\"image\":{\"@id\":\"https:\/\/www.noticiasradioreflejos.com.ar\/2021\/vialidad-realizo-un-importante-trabajo-de-limpieza-de-ramas-en-la-ruta-prov-76-entre-san-eloy-y-sierra-de-la-ventana\/#primaryimage\"},\"thumbnailUrl\":\"http:\/\/live.staticflickr.com\/65535\/50828268438_edc686ce0d_c.jpg\",\"datePublished\":\"2021-01-12T18:45:23+00:00\",\"author\":{\"@id\":\"https:\/\/www.noticiasradioreflejos.com.ar\/2021\/#\/schema\/person\/ad82545263dcc5ec0996818884fd5fb1\"},\"breadcrumb\":{\"@id\":\"https:\/\/www.noticiasradioreflejos.com.ar\/2021\/vialidad-realizo-un-importante-trabajo-de-limpieza-de-ramas-en-la-ruta-prov-76-entre-san-eloy-y-sierra-de-la-ventana\/#breadcrumb\"},\"inLanguage\":\"es\",\"potentialAction\":[{\"@type\":\"ReadAction\",\"target\":[\"https:\/\/www.noticiasradioreflejos.com.ar\/2021\/vialidad-realizo-un-importante-trabajo-de-limpieza-de-ramas-en-la-ruta-prov-76-entre-san-eloy-y-sierra-de-la-ventana\/\"]}]},{\"@type\":\"ImageObject\",\"inLanguage\":\"es\",\"@id\":\"https:\/\/www.noticiasradioreflejos.com.ar\/2021\/vialidad-realizo-un-importante-trabajo-de-limpieza-de-ramas-en-la-ruta-prov-76-entre-san-eloy-y-sierra-de-la-ventana\/#primaryimage\",\"url\":\"http:\/\/live.staticflickr.com\/65535\/50828268438_edc686ce0d_c.jpg\",\"contentUrl\":\"http:\/\/live.staticflickr.com\/65535\/50828268438_edc686ce0d_c.jpg\"},{\"@type\":\"BreadcrumbList\",\"@id\":\"https:\/\/www.noticiasradioreflejos.com.ar\/2021\/vialidad-realizo-un-importante-trabajo-de-limpieza-de-ramas-en-la-ruta-prov-76-entre-san-eloy-y-sierra-de-la-ventana\/#breadcrumb\",\"itemListElement\":[{\"@type\":\"ListItem\",\"position\":1,\"name\":\"Portada\",\"item\":\"https:\/\/www.noticiasradioreflejos.com.ar\/2021\/\"},{\"@type\":\"ListItem\",\"position\":2,\"name\":\"Vialidad realiz\u00f3 un importante trabajo de limpieza de ramas en la ruta Prov. 76 entre San Eloy y Sierra de la Ventana\"}]},{\"@type\":\"WebSite\",\"@id\":\"https:\/\/www.noticiasradioreflejos.com.ar\/2021\/#website\",\"url\":\"https:\/\/www.noticiasradioreflejos.com.ar\/2021\/\",\"name\":\"Noticias Radio Reflejos\",\"description\":\"Las noticias de mi comarca\",\"potentialAction\":[{\"@type\":\"SearchAction\",\"target\":{\"@type\":\"EntryPoint\",\"urlTemplate\":\"https:\/\/www.noticiasradioreflejos.com.ar\/2021\/?s={search_term_string}\"},\"query-input\":{\"@type\":\"PropertyValueSpecification\",\"valueRequired\":true,\"valueName\":\"search_term_string\"}}],\"inLanguage\":\"es\"},{\"@type\":\"Person\",\"@id\":\"https:\/\/www.noticiasradioreflejos.com.ar\/2021\/#\/schema\/person\/ad82545263dcc5ec0996818884fd5fb1\",\"name\":\"Arnaldo Botto\",\"image\":{\"@type\":\"ImageObject\",\"inLanguage\":\"es\",\"@id\":\"https:\/\/www.noticiasradioreflejos.com.ar\/2021\/#\/schema\/person\/image\/\",\"url\":\"https:\/\/secure.gravatar.com\/avatar\/55cb5e37c1efa326397366e6974cb338056df65cb50e7d64d1cf314e87504837?s=96&d=mm&r=g\",\"contentUrl\":\"https:\/\/secure.gravatar.com\/avatar\/55cb5e37c1efa326397366e6974cb338056df65cb50e7d64d1cf314e87504837?s=96&d=mm&r=g\",\"caption\":\"Arnaldo Botto\"},\"url\":\"https:\/\/www.noticiasradioreflejos.com.ar\/2021\/author\/arnaldo\/\"}]}<\/script>\n<!-- \/ Yoast SEO plugin. -->","yoast_head_json":{"title":"Vialidad realiz\u00f3 un importante trabajo de limpieza de ramas en la ruta Prov. 76 entre San Eloy y Sierra de la Ventana - Noticias Radio Reflejos","robots":{"index":"index","follow":"follow","max-snippet":"max-snippet:-1","max-image-preview":"max-image-preview:large","max-video-preview":"max-video-preview:-1"},"canonical":"https:\/\/www.noticiasradioreflejos.com.ar\/2021\/vialidad-realizo-un-importante-trabajo-de-limpieza-de-ramas-en-la-ruta-prov-76-entre-san-eloy-y-sierra-de-la-ventana\/","og_locale":"es_ES","og_type":"article","og_title":"Vialidad realiz\u00f3 un importante trabajo de limpieza de ramas en la ruta Prov. 76 entre San Eloy y Sierra de la Ventana - Noticias Radio Reflejos","og_description":"La intervenci\u00f3n tuvo lugar especialmente en los sectores de puentes, donde ramas de arbustos y \u00e1rboles dificultaban la visual de los conductores.","og_url":"https:\/\/www.noticiasradioreflejos.com.ar\/2021\/vialidad-realizo-un-importante-trabajo-de-limpieza-de-ramas-en-la-ruta-prov-76-entre-san-eloy-y-sierra-de-la-ventana\/","og_site_name":"Noticias Radio Reflejos","article_published_time":"2021-01-12T18:45:23+00:00","og_image":[{"url":"http:\/\/live.staticflickr.com\/65535\/50828268438_edc686ce0d_c.jpg","type":"","width":"","height":""}],"author":"Arnaldo Botto","twitter_card":"summary_large_image","schema":{"@context":"https:\/\/schema.org","@graph":[{"@type":"WebPage","@id":"https:\/\/www.noticiasradioreflejos.com.ar\/2021\/vialidad-realizo-un-importante-trabajo-de-limpieza-de-ramas-en-la-ruta-prov-76-entre-san-eloy-y-sierra-de-la-ventana\/","url":"https:\/\/www.noticiasradioreflejos.com.ar\/2021\/vialidad-realizo-un-importante-trabajo-de-limpieza-de-ramas-en-la-ruta-prov-76-entre-san-eloy-y-sierra-de-la-ventana\/","name":"Vialidad realiz\u00f3 un importante trabajo de limpieza de ramas en la ruta Prov. 76 entre San Eloy y Sierra de la Ventana - Noticias Radio Reflejos","isPartOf":{"@id":"https:\/\/www.noticiasradioreflejos.com.ar\/2021\/#website"},"primaryImageOfPage":{"@id":"https:\/\/www.noticiasradioreflejos.com.ar\/2021\/vialidad-realizo-un-importante-trabajo-de-limpieza-de-ramas-en-la-ruta-prov-76-entre-san-eloy-y-sierra-de-la-ventana\/#primaryimage"},"image":{"@id":"https:\/\/www.noticiasradioreflejos.com.ar\/2021\/vialidad-realizo-un-importante-trabajo-de-limpieza-de-ramas-en-la-ruta-prov-76-entre-san-eloy-y-sierra-de-la-ventana\/#primaryimage"},"thumbnailUrl":"http:\/\/live.staticflickr.com\/65535\/50828268438_edc686ce0d_c.jpg","datePublished":"2021-01-12T18:45:23+00:00","author":{"@id":"https:\/\/www.noticiasradioreflejos.com.ar\/2021\/#\/schema\/person\/ad82545263dcc5ec0996818884fd5fb1"},"breadcrumb":{"@id":"https:\/\/www.noticiasradioreflejos.com.ar\/2021\/vialidad-realizo-un-importante-trabajo-de-limpieza-de-ramas-en-la-ruta-prov-76-entre-san-eloy-y-sierra-de-la-ventana\/#breadcrumb"},"inLanguage":"es","potentialAction":[{"@type":"ReadAction","target":["https:\/\/www.noticiasradioreflejos.com.ar\/2021\/vialidad-realizo-un-importante-trabajo-de-limpieza-de-ramas-en-la-ruta-prov-76-entre-san-eloy-y-sierra-de-la-ventana\/"]}]},{"@type":"ImageObject","inLanguage":"es","@id":"https:\/\/www.noticiasradioreflejos.com.ar\/2021\/vialidad-realizo-un-importante-trabajo-de-limpieza-de-ramas-en-la-ruta-prov-76-entre-san-eloy-y-sierra-de-la-ventana\/#primaryimage","url":"http:\/\/live.staticflickr.com\/65535\/50828268438_edc686ce0d_c.jpg","contentUrl":"http:\/\/live.staticflickr.com\/65535\/50828268438_edc686ce0d_c.jpg"},{"@type":"BreadcrumbList","@id":"https:\/\/www.noticiasradioreflejos.com.ar\/2021\/vialidad-realizo-un-importante-trabajo-de-limpieza-de-ramas-en-la-ruta-prov-76-entre-san-eloy-y-sierra-de-la-ventana\/#breadcrumb","itemListElement":[{"@type":"ListItem","position":1,"name":"Portada","item":"https:\/\/www.noticiasradioreflejos.com.ar\/2021\/"},{"@type":"ListItem","position":2,"name":"Vialidad realiz\u00f3 un importante trabajo de limpieza de ramas en la ruta Prov. 76 entre San Eloy y Sierra de la Ventana"}]},{"@type":"WebSite","@id":"https:\/\/www.noticiasradioreflejos.com.ar\/2021\/#website","url":"https:\/\/www.noticiasradioreflejos.com.ar\/2021\/","name":"Noticias Radio Reflejos","description":"Las noticias de mi comarca","potentialAction":[{"@type":"SearchAction","target":{"@type":"EntryPoint","urlTemplate":"https:\/\/www.noticiasradioreflejos.com.ar\/2021\/?s={search_term_string}"},"query-input":{"@type":"PropertyValueSpecification","valueRequired":true,"valueName":"search_term_string"}}],"inLanguage":"es"},{"@type":"Person","@id":"https:\/\/www.noticiasradioreflejos.com.ar\/2021\/#\/schema\/person\/ad82545263dcc5ec0996818884fd5fb1","name":"Arnaldo Botto","image":{"@type":"ImageObject","inLanguage":"es","@id":"https:\/\/www.noticiasradioreflejos.com.ar\/2021\/#\/schema\/person\/image\/","url":"https:\/\/secure.gravatar.com\/avatar\/55cb5e37c1efa326397366e6974cb338056df65cb50e7d64d1cf314e87504837?s=96&d=mm&r=g","contentUrl":"https:\/\/secure.gravatar.com\/avatar\/55cb5e37c1efa326397366e6974cb338056df65cb50e7d64d1cf314e87504837?s=96&d=mm&r=g","caption":"Arnaldo Botto"},"url":"https:\/\/www.noticiasradioreflejos.com.ar\/2021\/author\/arnaldo\/"}]}},"_links":{"self":[{"href":"https:\/\/www.noticiasradioreflejos.com.ar\/2021\/wp-json\/wp\/v2\/posts\/51200","targetHints":{"allow":["GET"]}}],"collection":[{"href":"https:\/\/www.noticiasradioreflejos.com.ar\/2021\/wp-json\/wp\/v2\/posts"}],"about":[{"href":"https:\/\/www.noticiasradioreflejos.com.ar\/2021\/wp-json\/wp\/v2\/types\/post"}],"author":[{"embeddable":true,"href":"https:\/\/www.noticiasradioreflejos.com.ar\/2021\/wp-json\/wp\/v2\/users\/3"}],"replies":[{"embeddable":true,"href":"https:\/\/www.noticiasradioreflejos.com.ar\/2021\/wp-json\/wp\/v2\/comments?post=51200"}],"version-history":[{"count":0,"href":"https:\/\/www.noticiasradioreflejos.com.ar\/2021\/wp-json\/wp\/v2\/posts\/51200\/revisions"}],"wp:attachment":[{"href":"https:\/\/www.noticiasradioreflejos.com.ar\/2021\/wp-json\/wp\/v2\/media?parent=51200"}],"wp:term":[{"taxonomy":"category","embeddable":true,"href":"https:\/\/www.noticiasradioreflejos.com.ar\/2021\/wp-json\/wp\/v2\/categories?post=51200"},{"taxonomy":"post_tag","embeddable":true,"href":"https:\/\/www.noticiasradioreflejos.com.ar\/2021\/wp-json\/wp\/v2\/tags?post=51200"}],"curies":[{"name":"wp","href":"https:\/\/api.w.org\/{rel}","templated":true}]}}