{"id":512,"date":"2016-09-05T22:49:59","date_gmt":"2016-09-05T22:49:59","guid":{"rendered":"http:\/\/noticiasradioreflejos.com.ar\/noticias\/?p=512"},"modified":"2016-09-05T22:49:59","modified_gmt":"2016-09-05T22:49:59","slug":"512","status":"publish","type":"post","link":"https:\/\/www.noticiasradioreflejos.com.ar\/2021\/512\/","title":{"rendered":"Amenazaron al Secretario del Sindicato de Municipales de Cnel. Suarez"},"content":{"rendered":"<p>Durante la madrugada del lunes, el auto que estaba estacionado en el domicilio particular de<strong> Rub\u00e9n Allende<\/strong>, Secretario General del Sindicato de Trabajadores Municipales de Coronel Su\u00e1rez, apareci\u00f3 pintado con un mensaje intimidatorio.\u201cLevanten el paro\u201d.<br \/>\n<a title=\"14264989_1346957525321911_7259686685090030810_n\" href=\"http:\/\/farm9.staticflickr.com\/8234\/28862955743_3ed9e7f0eb.jpg\" rel=\"\"><img loading=\"lazy\" decoding=\"async\" class=\"alignleft\" title=\"14264989_1346957525321911_7259686685090030810_n\" src=\"http:\/\/farm9.staticflickr.com\/8234\/28862955743_3ed9e7f0eb.jpg\" alt=\"14264989_1346957525321911_7259686685090030810_n\" width=\"480\" height=\"270\" \/><\/a>Adem\u00e1s, le dejaron un casquillo de fusil y le plantaron cuatro balas calibre 22 debajo de la ventana.<br \/>\nSeg\u00fan pudo averiguar Ciudad Noticias (Saavedra) con integrantes del gremio del vecino distrito, Allende, ya radic\u00f3 la denuncia penal en la Ayudant\u00eda Fiscal local.<br \/>\nCabe recordar que la relaci\u00f3n entre el gremio y el municipio, no es para nada buena y los trabajadores, vienen con un paro que lleva algo m\u00e1s de 25 d\u00edas.<\/p>\n","protected":false},"excerpt":{"rendered":"<p>Durante la madrugada del lunes, el auto que estaba estacionado en el domicilio particular de Rub\u00e9n Allende, Secretario General del Sindicato de Trabajadores Municipales de Coronel Su\u00e1rez, apareci\u00f3 pintado con un mensaje intimidatorio.\u201cLevanten el paro\u201d. Adem\u00e1s, le dejaron un casquillo de fusil y le plantaron cuatro balas calibre 22 debajo de la ventana. Seg\u00fan pudo [&hellip;]<\/p>\n","protected":false},"author":3,"featured_media":0,"comment_status":"closed","ping_status":"open","sticky":false,"template":"","format":"standard","meta":{"footnotes":""},"categories":[29],"tags":[],"class_list":["post-512","post","type-post","status-publish","format-standard","hentry","category-policiales"],"yoast_head":"<!-- This site is optimized with the Yoast SEO plugin v25.9 - https:\/\/yoast.com\/wordpress\/plugins\/seo\/ -->\n<title>Amenazaron al Secretario del Sindicato de Municipales de Cnel. Suarez - Noticias Radio Reflejos<\/title>\n<meta name=\"robots\" content=\"index, follow, max-snippet:-1, max-image-preview:large, max-video-preview:-1\" \/>\n<link rel=\"canonical\" href=\"https:\/\/www.noticiasradioreflejos.com.ar\/2021\/512\/\" \/>\n<meta property=\"og:locale\" content=\"es_ES\" \/>\n<meta property=\"og:type\" content=\"article\" \/>\n<meta property=\"og:title\" content=\"Amenazaron al Secretario del Sindicato de Municipales de Cnel. Suarez - Noticias Radio Reflejos\" \/>\n<meta property=\"og:description\" content=\"Durante la madrugada del lunes, el auto que estaba estacionado en el domicilio particular de Rub\u00e9n Allende, Secretario General del Sindicato de Trabajadores Municipales de Coronel Su\u00e1rez, apareci\u00f3 pintado con un mensaje intimidatorio.\u201cLevanten el paro\u201d. Adem\u00e1s, le dejaron un casquillo de fusil y le plantaron cuatro balas calibre 22 debajo de la ventana. Seg\u00fan pudo [&hellip;]\" \/>\n<meta property=\"og:url\" content=\"https:\/\/www.noticiasradioreflejos.com.ar\/2021\/512\/\" \/>\n<meta property=\"og:site_name\" content=\"Noticias Radio Reflejos\" \/>\n<meta property=\"article:published_time\" content=\"2016-09-05T22:49:59+00:00\" \/>\n<meta property=\"og:image\" content=\"http:\/\/farm9.staticflickr.com\/8234\/28862955743_3ed9e7f0eb.jpg\" \/>\n<meta name=\"author\" content=\"Arnaldo Botto\" \/>\n<meta name=\"twitter:card\" content=\"summary_large_image\" \/>\n<script type=\"application\/ld+json\" class=\"yoast-schema-graph\">{\"@context\":\"https:\/\/schema.org\",\"@graph\":[{\"@type\":\"WebPage\",\"@id\":\"https:\/\/www.noticiasradioreflejos.com.ar\/2021\/512\/\",\"url\":\"https:\/\/www.noticiasradioreflejos.com.ar\/2021\/512\/\",\"name\":\"Amenazaron al Secretario del Sindicato de Municipales de Cnel. Suarez - Noticias Radio Reflejos\",\"isPartOf\":{\"@id\":\"https:\/\/www.noticiasradioreflejos.com.ar\/2021\/#website\"},\"primaryImageOfPage\":{\"@id\":\"https:\/\/www.noticiasradioreflejos.com.ar\/2021\/512\/#primaryimage\"},\"image\":{\"@id\":\"https:\/\/www.noticiasradioreflejos.com.ar\/2021\/512\/#primaryimage\"},\"thumbnailUrl\":\"http:\/\/farm9.staticflickr.com\/8234\/28862955743_3ed9e7f0eb.jpg\",\"datePublished\":\"2016-09-05T22:49:59+00:00\",\"author\":{\"@id\":\"https:\/\/www.noticiasradioreflejos.com.ar\/2021\/#\/schema\/person\/ad82545263dcc5ec0996818884fd5fb1\"},\"breadcrumb\":{\"@id\":\"https:\/\/www.noticiasradioreflejos.com.ar\/2021\/512\/#breadcrumb\"},\"inLanguage\":\"es\",\"potentialAction\":[{\"@type\":\"ReadAction\",\"target\":[\"https:\/\/www.noticiasradioreflejos.com.ar\/2021\/512\/\"]}]},{\"@type\":\"ImageObject\",\"inLanguage\":\"es\",\"@id\":\"https:\/\/www.noticiasradioreflejos.com.ar\/2021\/512\/#primaryimage\",\"url\":\"http:\/\/farm9.staticflickr.com\/8234\/28862955743_3ed9e7f0eb.jpg\",\"contentUrl\":\"http:\/\/farm9.staticflickr.com\/8234\/28862955743_3ed9e7f0eb.jpg\"},{\"@type\":\"BreadcrumbList\",\"@id\":\"https:\/\/www.noticiasradioreflejos.com.ar\/2021\/512\/#breadcrumb\",\"itemListElement\":[{\"@type\":\"ListItem\",\"position\":1,\"name\":\"Portada\",\"item\":\"https:\/\/www.noticiasradioreflejos.com.ar\/2021\/\"},{\"@type\":\"ListItem\",\"position\":2,\"name\":\"Amenazaron al Secretario del Sindicato de Municipales de Cnel. Suarez\"}]},{\"@type\":\"WebSite\",\"@id\":\"https:\/\/www.noticiasradioreflejos.com.ar\/2021\/#website\",\"url\":\"https:\/\/www.noticiasradioreflejos.com.ar\/2021\/\",\"name\":\"Noticias Radio Reflejos\",\"description\":\"Las noticias de mi comarca\",\"potentialAction\":[{\"@type\":\"SearchAction\",\"target\":{\"@type\":\"EntryPoint\",\"urlTemplate\":\"https:\/\/www.noticiasradioreflejos.com.ar\/2021\/?s={search_term_string}\"},\"query-input\":{\"@type\":\"PropertyValueSpecification\",\"valueRequired\":true,\"valueName\":\"search_term_string\"}}],\"inLanguage\":\"es\"},{\"@type\":\"Person\",\"@id\":\"https:\/\/www.noticiasradioreflejos.com.ar\/2021\/#\/schema\/person\/ad82545263dcc5ec0996818884fd5fb1\",\"name\":\"Arnaldo Botto\",\"image\":{\"@type\":\"ImageObject\",\"inLanguage\":\"es\",\"@id\":\"https:\/\/www.noticiasradioreflejos.com.ar\/2021\/#\/schema\/person\/image\/\",\"url\":\"https:\/\/secure.gravatar.com\/avatar\/55cb5e37c1efa326397366e6974cb338056df65cb50e7d64d1cf314e87504837?s=96&d=mm&r=g\",\"contentUrl\":\"https:\/\/secure.gravatar.com\/avatar\/55cb5e37c1efa326397366e6974cb338056df65cb50e7d64d1cf314e87504837?s=96&d=mm&r=g\",\"caption\":\"Arnaldo Botto\"},\"url\":\"https:\/\/www.noticiasradioreflejos.com.ar\/2021\/author\/arnaldo\/\"}]}<\/script>\n<!-- \/ Yoast SEO plugin. -->","yoast_head_json":{"title":"Amenazaron al Secretario del Sindicato de Municipales de Cnel. Suarez - Noticias Radio Reflejos","robots":{"index":"index","follow":"follow","max-snippet":"max-snippet:-1","max-image-preview":"max-image-preview:large","max-video-preview":"max-video-preview:-1"},"canonical":"https:\/\/www.noticiasradioreflejos.com.ar\/2021\/512\/","og_locale":"es_ES","og_type":"article","og_title":"Amenazaron al Secretario del Sindicato de Municipales de Cnel. Suarez - Noticias Radio Reflejos","og_description":"Durante la madrugada del lunes, el auto que estaba estacionado en el domicilio particular de Rub\u00e9n Allende, Secretario General del Sindicato de Trabajadores Municipales de Coronel Su\u00e1rez, apareci\u00f3 pintado con un mensaje intimidatorio.\u201cLevanten el paro\u201d. Adem\u00e1s, le dejaron un casquillo de fusil y le plantaron cuatro balas calibre 22 debajo de la ventana. Seg\u00fan pudo [&hellip;]","og_url":"https:\/\/www.noticiasradioreflejos.com.ar\/2021\/512\/","og_site_name":"Noticias Radio Reflejos","article_published_time":"2016-09-05T22:49:59+00:00","og_image":[{"url":"http:\/\/farm9.staticflickr.com\/8234\/28862955743_3ed9e7f0eb.jpg","type":"","width":"","height":""}],"author":"Arnaldo Botto","twitter_card":"summary_large_image","schema":{"@context":"https:\/\/schema.org","@graph":[{"@type":"WebPage","@id":"https:\/\/www.noticiasradioreflejos.com.ar\/2021\/512\/","url":"https:\/\/www.noticiasradioreflejos.com.ar\/2021\/512\/","name":"Amenazaron al Secretario del Sindicato de Municipales de Cnel. Suarez - Noticias Radio Reflejos","isPartOf":{"@id":"https:\/\/www.noticiasradioreflejos.com.ar\/2021\/#website"},"primaryImageOfPage":{"@id":"https:\/\/www.noticiasradioreflejos.com.ar\/2021\/512\/#primaryimage"},"image":{"@id":"https:\/\/www.noticiasradioreflejos.com.ar\/2021\/512\/#primaryimage"},"thumbnailUrl":"http:\/\/farm9.staticflickr.com\/8234\/28862955743_3ed9e7f0eb.jpg","datePublished":"2016-09-05T22:49:59+00:00","author":{"@id":"https:\/\/www.noticiasradioreflejos.com.ar\/2021\/#\/schema\/person\/ad82545263dcc5ec0996818884fd5fb1"},"breadcrumb":{"@id":"https:\/\/www.noticiasradioreflejos.com.ar\/2021\/512\/#breadcrumb"},"inLanguage":"es","potentialAction":[{"@type":"ReadAction","target":["https:\/\/www.noticiasradioreflejos.com.ar\/2021\/512\/"]}]},{"@type":"ImageObject","inLanguage":"es","@id":"https:\/\/www.noticiasradioreflejos.com.ar\/2021\/512\/#primaryimage","url":"http:\/\/farm9.staticflickr.com\/8234\/28862955743_3ed9e7f0eb.jpg","contentUrl":"http:\/\/farm9.staticflickr.com\/8234\/28862955743_3ed9e7f0eb.jpg"},{"@type":"BreadcrumbList","@id":"https:\/\/www.noticiasradioreflejos.com.ar\/2021\/512\/#breadcrumb","itemListElement":[{"@type":"ListItem","position":1,"name":"Portada","item":"https:\/\/www.noticiasradioreflejos.com.ar\/2021\/"},{"@type":"ListItem","position":2,"name":"Amenazaron al Secretario del Sindicato de Municipales de Cnel. Suarez"}]},{"@type":"WebSite","@id":"https:\/\/www.noticiasradioreflejos.com.ar\/2021\/#website","url":"https:\/\/www.noticiasradioreflejos.com.ar\/2021\/","name":"Noticias Radio Reflejos","description":"Las noticias de mi comarca","potentialAction":[{"@type":"SearchAction","target":{"@type":"EntryPoint","urlTemplate":"https:\/\/www.noticiasradioreflejos.com.ar\/2021\/?s={search_term_string}"},"query-input":{"@type":"PropertyValueSpecification","valueRequired":true,"valueName":"search_term_string"}}],"inLanguage":"es"},{"@type":"Person","@id":"https:\/\/www.noticiasradioreflejos.com.ar\/2021\/#\/schema\/person\/ad82545263dcc5ec0996818884fd5fb1","name":"Arnaldo Botto","image":{"@type":"ImageObject","inLanguage":"es","@id":"https:\/\/www.noticiasradioreflejos.com.ar\/2021\/#\/schema\/person\/image\/","url":"https:\/\/secure.gravatar.com\/avatar\/55cb5e37c1efa326397366e6974cb338056df65cb50e7d64d1cf314e87504837?s=96&d=mm&r=g","contentUrl":"https:\/\/secure.gravatar.com\/avatar\/55cb5e37c1efa326397366e6974cb338056df65cb50e7d64d1cf314e87504837?s=96&d=mm&r=g","caption":"Arnaldo Botto"},"url":"https:\/\/www.noticiasradioreflejos.com.ar\/2021\/author\/arnaldo\/"}]}},"_links":{"self":[{"href":"https:\/\/www.noticiasradioreflejos.com.ar\/2021\/wp-json\/wp\/v2\/posts\/512","targetHints":{"allow":["GET"]}}],"collection":[{"href":"https:\/\/www.noticiasradioreflejos.com.ar\/2021\/wp-json\/wp\/v2\/posts"}],"about":[{"href":"https:\/\/www.noticiasradioreflejos.com.ar\/2021\/wp-json\/wp\/v2\/types\/post"}],"author":[{"embeddable":true,"href":"https:\/\/www.noticiasradioreflejos.com.ar\/2021\/wp-json\/wp\/v2\/users\/3"}],"replies":[{"embeddable":true,"href":"https:\/\/www.noticiasradioreflejos.com.ar\/2021\/wp-json\/wp\/v2\/comments?post=512"}],"version-history":[{"count":0,"href":"https:\/\/www.noticiasradioreflejos.com.ar\/2021\/wp-json\/wp\/v2\/posts\/512\/revisions"}],"wp:attachment":[{"href":"https:\/\/www.noticiasradioreflejos.com.ar\/2021\/wp-json\/wp\/v2\/media?parent=512"}],"wp:term":[{"taxonomy":"category","embeddable":true,"href":"https:\/\/www.noticiasradioreflejos.com.ar\/2021\/wp-json\/wp\/v2\/categories?post=512"},{"taxonomy":"post_tag","embeddable":true,"href":"https:\/\/www.noticiasradioreflejos.com.ar\/2021\/wp-json\/wp\/v2\/tags?post=512"}],"curies":[{"name":"wp","href":"https:\/\/api.w.org\/{rel}","templated":true}]}}