{"id":51194,"date":"2021-01-12T12:34:26","date_gmt":"2021-01-12T15:34:26","guid":{"rendered":"http:\/\/www.noticiasradioreflejos.com.ar\/noticias\/?p=51194"},"modified":"2021-01-12T12:34:26","modified_gmt":"2021-01-12T15:34:26","slug":"banfield-vamos-vamos-los-pibes","status":"publish","type":"post","link":"https:\/\/www.noticiasradioreflejos.com.ar\/2021\/banfield-vamos-vamos-los-pibes\/","title":{"rendered":"Banfield: \u00abVamos, vamos los pibes\u00bb"},"content":{"rendered":"<p>Sin que represente una revoluci\u00f3n ni nada parecido, el presente de Banfield orientado por uno de sus dilectos hijos de la casa, Javier Sanguinetti, supone una luminosa expresi\u00f3n de vigencia de ciertos valores cl\u00e1sicos.<!--more--><br \/>\n\u00bfCu\u00e1les son los pilares de esos tesoros tradicionales?<\/p>\n<p>Por la negativa, por lo que huelga, la obligada prescindencia de un plantel lujoso y la convencida declinaci\u00f3n de modos y sistemas que huelan a rebusque.<\/p>\n<p>Y por la positiva, por lo que destaca como afirmaci\u00f3n, la emergencia de un equipo que hace un culto de la simplicidad: conciencia de las limitaciones y del potencial, esfuerzos repartidos, saludables dosis de atrevimiento y cabeza fuerte.<\/p>\n<p>Y con la intensidad como esa bandera que inspira Sanguinetti, honran sus futbolistas en general y que Mart\u00edn Payero destac\u00f3 ante un micr\u00f3fono no bien consumado el 4 a 1 a expensas de San Lorenzo.<br \/>\n<a title=\"138080622_3632675390153252_3314234258398430647_o\" href=\"http:\/\/live.staticflickr.com\/65535\/50831217757_dfe40afa53_s.jpg\" rel=\"\"><img loading=\"lazy\" decoding=\"async\" class=\"aligncenter\" title=\"138080622_3632675390153252_3314234258398430647_o\" src=\"http:\/\/live.staticflickr.com\/65535\/50831217757_dfe40afa53_c.jpg\" alt=\"138080622_3632675390153252_3314234258398430647_o\" width=\"800\" height=\"571\" \/><\/a><\/p>\n<p>Intensidad, eso s\u00ed, en los indicadores que m\u00e1s y mejor cuentan.<\/p>\n<p>Intensidad como espesor, consistencia, forma, presencia, cuerpo.<\/p>\n<p>Intensidad como pericia en la ocupaci\u00f3n de los espacios y en alimentar al partido para ganar el derecho a reclamar que el partido provea goles y triunfos.<\/p>\n<p>Y no esas formas de la intensidad adulterada que se expresa en correr a tontas y a locas, en mero amontonamiento, en trompicones, esfuerzos insuficientes o in\u00fatiles y en alardes para la tribuna.<\/p>\n<p>Hay equipos que juegan para presionar y hay equipos que presionan para jugar: como Banfield.<\/p>\n<p>Dos laterales de m\u00e1s que aceptable pericia en la marca y en la salida, un mediocampista central (Jorge Rodr\u00edguez) que corta, entiende y ayuda a entender, dos lozanas m\u00e1quinas del ida y vuelta (con m\u00e1s t\u00e9cnica en Payero, con m\u00e1s vigor en Giulano Galoppo, de gran cabezazo ofensivo, adem\u00e1s), un wing a la antigua (Mauricio Cuero: encarador, veloz y refundado en la confianza), un punta combativo y nada negado para salir de la troya y sumarse a la elaboraci\u00f3n (Agust\u00edn Fontana) y otro, Fabi\u00e1n Bordagaray, capaz de compensar su poca fecundidad, pero de mucha experiencia y contribuci\u00f3n silenciosa.<\/p>\n<p><a title=\"5efd0bffe00d7_1004x565\" href=\"http:\/\/live.staticflickr.com\/65535\/50830386118_bd051db65c_s.jpg\" rel=\"\"><img loading=\"lazy\" decoding=\"async\" class=\"aligncenter\" title=\"5efd0bffe00d7_1004x565\" src=\"http:\/\/live.staticflickr.com\/65535\/50830386118_bd051db65c_c.jpg\" alt=\"5efd0bffe00d7_1004x565\" width=\"800\" height=\"450\" \/><\/a><\/p>\n<p>Y, por si fuera poco, recambios que con los consabidos beneficios de inventario jam\u00e1s dejan de dar la talla, con el tandilense Juan Pablo \u00c1lvarez a la cabeza, un volante interior de clara inclinaci\u00f3n a la elaboraci\u00f3n y buen pase en un equipo que se siente a sus anchas en lo que en glosario moderno se entiende como \u201cjuego directo\u201d.<\/p>\n<p>Cultor de una admirable amalgama de fervor de potrero y madurez, el Banfield de Sanguinetti exalta los frutos de lo mejor de las camadas de las clases 96 hasta la 2000, inclusive.<\/p>\n<p>Salta a la vista, entonces, que si las tribunas estuvieran pobladas el \u201cVamos, vamos los pibes\u201d ser\u00eda un clamor y el clamor ser\u00eda honrado como estos pibes de Banfield saben, pueden y quieren.<\/p>\n","protected":false},"excerpt":{"rendered":"<p>Sin que represente una revoluci\u00f3n ni nada parecido, el presente de Banfield orientado por uno de sus dilectos hijos de la casa, Javier Sanguinetti, supone una luminosa expresi\u00f3n de vigencia de ciertos valores cl\u00e1sicos.<\/p>\n","protected":false},"author":3,"featured_media":0,"comment_status":"closed","ping_status":"open","sticky":false,"template":"","format":"standard","meta":{"footnotes":""},"categories":[27],"tags":[],"class_list":["post-51194","post","type-post","status-publish","format-standard","hentry","category-deportes"],"yoast_head":"<!-- This site is optimized with the Yoast SEO plugin v25.9 - https:\/\/yoast.com\/wordpress\/plugins\/seo\/ -->\n<title>Banfield: &quot;Vamos, vamos los pibes&quot; - Noticias Radio Reflejos<\/title>\n<meta name=\"robots\" content=\"index, follow, max-snippet:-1, max-image-preview:large, max-video-preview:-1\" \/>\n<link rel=\"canonical\" href=\"https:\/\/www.noticiasradioreflejos.com.ar\/2021\/banfield-vamos-vamos-los-pibes\/\" \/>\n<meta property=\"og:locale\" content=\"es_ES\" \/>\n<meta property=\"og:type\" content=\"article\" \/>\n<meta property=\"og:title\" content=\"Banfield: &quot;Vamos, vamos los pibes&quot; - Noticias Radio Reflejos\" \/>\n<meta property=\"og:description\" content=\"Sin que represente una revoluci\u00f3n ni nada parecido, el presente de Banfield orientado por uno de sus dilectos hijos de la casa, Javier Sanguinetti, supone una luminosa expresi\u00f3n de vigencia de ciertos valores cl\u00e1sicos.\" \/>\n<meta property=\"og:url\" content=\"https:\/\/www.noticiasradioreflejos.com.ar\/2021\/banfield-vamos-vamos-los-pibes\/\" \/>\n<meta property=\"og:site_name\" content=\"Noticias Radio Reflejos\" \/>\n<meta property=\"article:published_time\" content=\"2021-01-12T15:34:26+00:00\" \/>\n<meta property=\"og:image\" content=\"http:\/\/live.staticflickr.com\/65535\/50831217757_dfe40afa53_c.jpg\" \/>\n<meta name=\"author\" content=\"Arnaldo Botto\" \/>\n<meta name=\"twitter:card\" content=\"summary_large_image\" \/>\n<script type=\"application\/ld+json\" class=\"yoast-schema-graph\">{\"@context\":\"https:\/\/schema.org\",\"@graph\":[{\"@type\":\"WebPage\",\"@id\":\"https:\/\/www.noticiasradioreflejos.com.ar\/2021\/banfield-vamos-vamos-los-pibes\/\",\"url\":\"https:\/\/www.noticiasradioreflejos.com.ar\/2021\/banfield-vamos-vamos-los-pibes\/\",\"name\":\"Banfield: \\\"Vamos, vamos los pibes\\\" - Noticias Radio Reflejos\",\"isPartOf\":{\"@id\":\"https:\/\/www.noticiasradioreflejos.com.ar\/2021\/#website\"},\"primaryImageOfPage\":{\"@id\":\"https:\/\/www.noticiasradioreflejos.com.ar\/2021\/banfield-vamos-vamos-los-pibes\/#primaryimage\"},\"image\":{\"@id\":\"https:\/\/www.noticiasradioreflejos.com.ar\/2021\/banfield-vamos-vamos-los-pibes\/#primaryimage\"},\"thumbnailUrl\":\"http:\/\/live.staticflickr.com\/65535\/50831217757_dfe40afa53_c.jpg\",\"datePublished\":\"2021-01-12T15:34:26+00:00\",\"author\":{\"@id\":\"https:\/\/www.noticiasradioreflejos.com.ar\/2021\/#\/schema\/person\/ad82545263dcc5ec0996818884fd5fb1\"},\"breadcrumb\":{\"@id\":\"https:\/\/www.noticiasradioreflejos.com.ar\/2021\/banfield-vamos-vamos-los-pibes\/#breadcrumb\"},\"inLanguage\":\"es\",\"potentialAction\":[{\"@type\":\"ReadAction\",\"target\":[\"https:\/\/www.noticiasradioreflejos.com.ar\/2021\/banfield-vamos-vamos-los-pibes\/\"]}]},{\"@type\":\"ImageObject\",\"inLanguage\":\"es\",\"@id\":\"https:\/\/www.noticiasradioreflejos.com.ar\/2021\/banfield-vamos-vamos-los-pibes\/#primaryimage\",\"url\":\"http:\/\/live.staticflickr.com\/65535\/50831217757_dfe40afa53_c.jpg\",\"contentUrl\":\"http:\/\/live.staticflickr.com\/65535\/50831217757_dfe40afa53_c.jpg\"},{\"@type\":\"BreadcrumbList\",\"@id\":\"https:\/\/www.noticiasradioreflejos.com.ar\/2021\/banfield-vamos-vamos-los-pibes\/#breadcrumb\",\"itemListElement\":[{\"@type\":\"ListItem\",\"position\":1,\"name\":\"Portada\",\"item\":\"https:\/\/www.noticiasradioreflejos.com.ar\/2021\/\"},{\"@type\":\"ListItem\",\"position\":2,\"name\":\"Banfield: \u00abVamos, vamos los pibes\u00bb\"}]},{\"@type\":\"WebSite\",\"@id\":\"https:\/\/www.noticiasradioreflejos.com.ar\/2021\/#website\",\"url\":\"https:\/\/www.noticiasradioreflejos.com.ar\/2021\/\",\"name\":\"Noticias Radio Reflejos\",\"description\":\"Las noticias de mi comarca\",\"potentialAction\":[{\"@type\":\"SearchAction\",\"target\":{\"@type\":\"EntryPoint\",\"urlTemplate\":\"https:\/\/www.noticiasradioreflejos.com.ar\/2021\/?s={search_term_string}\"},\"query-input\":{\"@type\":\"PropertyValueSpecification\",\"valueRequired\":true,\"valueName\":\"search_term_string\"}}],\"inLanguage\":\"es\"},{\"@type\":\"Person\",\"@id\":\"https:\/\/www.noticiasradioreflejos.com.ar\/2021\/#\/schema\/person\/ad82545263dcc5ec0996818884fd5fb1\",\"name\":\"Arnaldo Botto\",\"image\":{\"@type\":\"ImageObject\",\"inLanguage\":\"es\",\"@id\":\"https:\/\/www.noticiasradioreflejos.com.ar\/2021\/#\/schema\/person\/image\/\",\"url\":\"https:\/\/secure.gravatar.com\/avatar\/55cb5e37c1efa326397366e6974cb338056df65cb50e7d64d1cf314e87504837?s=96&d=mm&r=g\",\"contentUrl\":\"https:\/\/secure.gravatar.com\/avatar\/55cb5e37c1efa326397366e6974cb338056df65cb50e7d64d1cf314e87504837?s=96&d=mm&r=g\",\"caption\":\"Arnaldo Botto\"},\"url\":\"https:\/\/www.noticiasradioreflejos.com.ar\/2021\/author\/arnaldo\/\"}]}<\/script>\n<!-- \/ Yoast SEO plugin. -->","yoast_head_json":{"title":"Banfield: \"Vamos, vamos los pibes\" - Noticias Radio Reflejos","robots":{"index":"index","follow":"follow","max-snippet":"max-snippet:-1","max-image-preview":"max-image-preview:large","max-video-preview":"max-video-preview:-1"},"canonical":"https:\/\/www.noticiasradioreflejos.com.ar\/2021\/banfield-vamos-vamos-los-pibes\/","og_locale":"es_ES","og_type":"article","og_title":"Banfield: \"Vamos, vamos los pibes\" - Noticias Radio Reflejos","og_description":"Sin que represente una revoluci\u00f3n ni nada parecido, el presente de Banfield orientado por uno de sus dilectos hijos de la casa, Javier Sanguinetti, supone una luminosa expresi\u00f3n de vigencia de ciertos valores cl\u00e1sicos.","og_url":"https:\/\/www.noticiasradioreflejos.com.ar\/2021\/banfield-vamos-vamos-los-pibes\/","og_site_name":"Noticias Radio Reflejos","article_published_time":"2021-01-12T15:34:26+00:00","og_image":[{"url":"http:\/\/live.staticflickr.com\/65535\/50831217757_dfe40afa53_c.jpg","type":"","width":"","height":""}],"author":"Arnaldo Botto","twitter_card":"summary_large_image","schema":{"@context":"https:\/\/schema.org","@graph":[{"@type":"WebPage","@id":"https:\/\/www.noticiasradioreflejos.com.ar\/2021\/banfield-vamos-vamos-los-pibes\/","url":"https:\/\/www.noticiasradioreflejos.com.ar\/2021\/banfield-vamos-vamos-los-pibes\/","name":"Banfield: \"Vamos, vamos los pibes\" - Noticias Radio Reflejos","isPartOf":{"@id":"https:\/\/www.noticiasradioreflejos.com.ar\/2021\/#website"},"primaryImageOfPage":{"@id":"https:\/\/www.noticiasradioreflejos.com.ar\/2021\/banfield-vamos-vamos-los-pibes\/#primaryimage"},"image":{"@id":"https:\/\/www.noticiasradioreflejos.com.ar\/2021\/banfield-vamos-vamos-los-pibes\/#primaryimage"},"thumbnailUrl":"http:\/\/live.staticflickr.com\/65535\/50831217757_dfe40afa53_c.jpg","datePublished":"2021-01-12T15:34:26+00:00","author":{"@id":"https:\/\/www.noticiasradioreflejos.com.ar\/2021\/#\/schema\/person\/ad82545263dcc5ec0996818884fd5fb1"},"breadcrumb":{"@id":"https:\/\/www.noticiasradioreflejos.com.ar\/2021\/banfield-vamos-vamos-los-pibes\/#breadcrumb"},"inLanguage":"es","potentialAction":[{"@type":"ReadAction","target":["https:\/\/www.noticiasradioreflejos.com.ar\/2021\/banfield-vamos-vamos-los-pibes\/"]}]},{"@type":"ImageObject","inLanguage":"es","@id":"https:\/\/www.noticiasradioreflejos.com.ar\/2021\/banfield-vamos-vamos-los-pibes\/#primaryimage","url":"http:\/\/live.staticflickr.com\/65535\/50831217757_dfe40afa53_c.jpg","contentUrl":"http:\/\/live.staticflickr.com\/65535\/50831217757_dfe40afa53_c.jpg"},{"@type":"BreadcrumbList","@id":"https:\/\/www.noticiasradioreflejos.com.ar\/2021\/banfield-vamos-vamos-los-pibes\/#breadcrumb","itemListElement":[{"@type":"ListItem","position":1,"name":"Portada","item":"https:\/\/www.noticiasradioreflejos.com.ar\/2021\/"},{"@type":"ListItem","position":2,"name":"Banfield: \u00abVamos, vamos los pibes\u00bb"}]},{"@type":"WebSite","@id":"https:\/\/www.noticiasradioreflejos.com.ar\/2021\/#website","url":"https:\/\/www.noticiasradioreflejos.com.ar\/2021\/","name":"Noticias Radio Reflejos","description":"Las noticias de mi comarca","potentialAction":[{"@type":"SearchAction","target":{"@type":"EntryPoint","urlTemplate":"https:\/\/www.noticiasradioreflejos.com.ar\/2021\/?s={search_term_string}"},"query-input":{"@type":"PropertyValueSpecification","valueRequired":true,"valueName":"search_term_string"}}],"inLanguage":"es"},{"@type":"Person","@id":"https:\/\/www.noticiasradioreflejos.com.ar\/2021\/#\/schema\/person\/ad82545263dcc5ec0996818884fd5fb1","name":"Arnaldo Botto","image":{"@type":"ImageObject","inLanguage":"es","@id":"https:\/\/www.noticiasradioreflejos.com.ar\/2021\/#\/schema\/person\/image\/","url":"https:\/\/secure.gravatar.com\/avatar\/55cb5e37c1efa326397366e6974cb338056df65cb50e7d64d1cf314e87504837?s=96&d=mm&r=g","contentUrl":"https:\/\/secure.gravatar.com\/avatar\/55cb5e37c1efa326397366e6974cb338056df65cb50e7d64d1cf314e87504837?s=96&d=mm&r=g","caption":"Arnaldo Botto"},"url":"https:\/\/www.noticiasradioreflejos.com.ar\/2021\/author\/arnaldo\/"}]}},"_links":{"self":[{"href":"https:\/\/www.noticiasradioreflejos.com.ar\/2021\/wp-json\/wp\/v2\/posts\/51194","targetHints":{"allow":["GET"]}}],"collection":[{"href":"https:\/\/www.noticiasradioreflejos.com.ar\/2021\/wp-json\/wp\/v2\/posts"}],"about":[{"href":"https:\/\/www.noticiasradioreflejos.com.ar\/2021\/wp-json\/wp\/v2\/types\/post"}],"author":[{"embeddable":true,"href":"https:\/\/www.noticiasradioreflejos.com.ar\/2021\/wp-json\/wp\/v2\/users\/3"}],"replies":[{"embeddable":true,"href":"https:\/\/www.noticiasradioreflejos.com.ar\/2021\/wp-json\/wp\/v2\/comments?post=51194"}],"version-history":[{"count":0,"href":"https:\/\/www.noticiasradioreflejos.com.ar\/2021\/wp-json\/wp\/v2\/posts\/51194\/revisions"}],"wp:attachment":[{"href":"https:\/\/www.noticiasradioreflejos.com.ar\/2021\/wp-json\/wp\/v2\/media?parent=51194"}],"wp:term":[{"taxonomy":"category","embeddable":true,"href":"https:\/\/www.noticiasradioreflejos.com.ar\/2021\/wp-json\/wp\/v2\/categories?post=51194"},{"taxonomy":"post_tag","embeddable":true,"href":"https:\/\/www.noticiasradioreflejos.com.ar\/2021\/wp-json\/wp\/v2\/tags?post=51194"}],"curies":[{"name":"wp","href":"https:\/\/api.w.org\/{rel}","templated":true}]}}