{"id":51174,"date":"2021-01-12T10:23:47","date_gmt":"2021-01-12T13:23:47","guid":{"rendered":"http:\/\/www.noticiasradioreflejos.com.ar\/noticias\/?p=51174"},"modified":"2021-01-12T10:23:47","modified_gmt":"2021-01-12T13:23:47","slug":"ser-o-no-ser-covid-o-no-covid","status":"publish","type":"post","link":"https:\/\/www.noticiasradioreflejos.com.ar\/2021\/ser-o-no-ser-covid-o-no-covid\/","title":{"rendered":"Ser, o no Ser- Covid, o no Covid!!!"},"content":{"rendered":"<p><strong>Carta al Lector del Sr. Jos\u00e9 Luis Medina<\/strong><\/p>\n<div>\u00a1\u00a1\u00a1Me encanta la postura de estas Instituciones y C\u00e1maras de Comercio, la hipocres\u00eda al palo!!! Se rasgan las vestiduras por las fuentes de trabajo, y de los trabajadores, jaja cuando muchos de \u00e9stos personajes devenidos a peque\u00f1os empresarios, JAM\u00c1S TUVIERON EN REGLA a sus trabajadores o sus comercios,<!--more--><\/p>\n<p> les pagan en negro ,en plena pandemia muchos de \u00e9stos ilustres personajes, obligaron a renunciar a los trabajadores y que pasen a ser monotributistas, otros de \u00e9stos ilustres personajes, cobraban los ATP que les daba el Gobierno, para cubrir el 50% del salario de los trabajadores y el otro 50% NUNCA SE LO PAGARON A LOS TRABAJADORES, es larga la lista de los \u00abPobres e Inocentes Prestadores Tur\u00edsticos\u00bb!!! Muchos, muchas de \u00e9stos ilustres personajes, viven admirando y comparando a la ARGENTINA con Pa\u00edses Europeos, donde la gran mayor\u00eda de esos pa\u00edses decretaron Toque de Queda, pero claro, no son Gobiernos Peronistas, aqu\u00ed, se restringe 6 horas y ya salen a los gritos, \u00abNos coartan la libertad de trabajo\u00bb \u00abSon autoritarios\u00bb \u00abNos est\u00e1n matando\u00bb etc etc, ahora cuando se desmadre la ocupaci\u00f3n en los hospitales, adivinen quien va a tener la culpa? \u00bfAdivinen? \u00a1\u00a1\u00a1EL GOBIERNO PERONISTA, una manga de hip\u00f3critas!!!<span style=\"color: #888888;\"><br \/>\n<\/span><\/div>\n<p>&nbsp;<\/p>\n<p>&nbsp;<\/p>\n<div><\/div>\n<div><\/div>\n<div><\/div>\n<div>MEDINA JOSE LUIS<\/div>\n<div>DNI 14853294<\/div>\n<div><span style=\"color: #050505; font-family: 'Segoe UI Historic', 'Segoe UI', Helvetica, Arial, sans-serif;\">VILLA VENTANA<\/span><\/div>\n<p>&nbsp;<\/p>\n","protected":false},"excerpt":{"rendered":"<p>Carta al Lector del Sr. Jos\u00e9 Luis Medina \u00a1\u00a1\u00a1Me encanta la postura de estas Instituciones y C\u00e1maras de Comercio, la hipocres\u00eda al palo!!! Se rasgan las vestiduras por las fuentes de trabajo, y de los trabajadores, jaja cuando muchos de \u00e9stos personajes devenidos a peque\u00f1os empresarios, JAM\u00c1S TUVIERON EN REGLA a sus trabajadores o sus [&hellip;]<\/p>\n","protected":false},"author":3,"featured_media":0,"comment_status":"closed","ping_status":"open","sticky":false,"template":"","format":"standard","meta":{"footnotes":""},"categories":[26],"tags":[],"class_list":["post-51174","post","type-post","status-publish","format-standard","hentry","category-sociedad"],"yoast_head":"<!-- This site is optimized with the Yoast SEO plugin v25.9 - https:\/\/yoast.com\/wordpress\/plugins\/seo\/ -->\n<title>Ser, o no Ser- Covid, o no Covid!!! - Noticias Radio Reflejos<\/title>\n<meta name=\"robots\" content=\"index, follow, max-snippet:-1, max-image-preview:large, max-video-preview:-1\" \/>\n<link rel=\"canonical\" href=\"https:\/\/www.noticiasradioreflejos.com.ar\/2021\/ser-o-no-ser-covid-o-no-covid\/\" \/>\n<meta property=\"og:locale\" content=\"es_ES\" \/>\n<meta property=\"og:type\" content=\"article\" \/>\n<meta property=\"og:title\" content=\"Ser, o no Ser- Covid, o no Covid!!! - Noticias Radio Reflejos\" \/>\n<meta property=\"og:description\" content=\"Carta al Lector del Sr. Jos\u00e9 Luis Medina \u00a1\u00a1\u00a1Me encanta la postura de estas Instituciones y C\u00e1maras de Comercio, la hipocres\u00eda al palo!!! Se rasgan las vestiduras por las fuentes de trabajo, y de los trabajadores, jaja cuando muchos de \u00e9stos personajes devenidos a peque\u00f1os empresarios, JAM\u00c1S TUVIERON EN REGLA a sus trabajadores o sus [&hellip;]\" \/>\n<meta property=\"og:url\" content=\"https:\/\/www.noticiasradioreflejos.com.ar\/2021\/ser-o-no-ser-covid-o-no-covid\/\" \/>\n<meta property=\"og:site_name\" content=\"Noticias Radio Reflejos\" \/>\n<meta property=\"article:published_time\" content=\"2021-01-12T13:23:47+00:00\" \/>\n<meta property=\"og:image\" content=\"https:\/\/www.noticiasradioreflejos.com.ar\/2021\/wp-content\/uploads\/2018\/04\/carta_lector_1.jpg\" \/>\n\t<meta property=\"og:image:width\" content=\"935\" \/>\n\t<meta property=\"og:image:height\" content=\"595\" \/>\n\t<meta property=\"og:image:type\" content=\"image\/jpeg\" \/>\n<meta name=\"author\" content=\"Arnaldo Botto\" \/>\n<meta name=\"twitter:card\" content=\"summary_large_image\" \/>\n<script type=\"application\/ld+json\" class=\"yoast-schema-graph\">{\"@context\":\"https:\/\/schema.org\",\"@graph\":[{\"@type\":\"WebPage\",\"@id\":\"https:\/\/www.noticiasradioreflejos.com.ar\/2021\/ser-o-no-ser-covid-o-no-covid\/\",\"url\":\"https:\/\/www.noticiasradioreflejos.com.ar\/2021\/ser-o-no-ser-covid-o-no-covid\/\",\"name\":\"Ser, o no Ser- Covid, o no Covid!!! - Noticias Radio Reflejos\",\"isPartOf\":{\"@id\":\"https:\/\/www.noticiasradioreflejos.com.ar\/2021\/#website\"},\"datePublished\":\"2021-01-12T13:23:47+00:00\",\"author\":{\"@id\":\"https:\/\/www.noticiasradioreflejos.com.ar\/2021\/#\/schema\/person\/ad82545263dcc5ec0996818884fd5fb1\"},\"breadcrumb\":{\"@id\":\"https:\/\/www.noticiasradioreflejos.com.ar\/2021\/ser-o-no-ser-covid-o-no-covid\/#breadcrumb\"},\"inLanguage\":\"es\",\"potentialAction\":[{\"@type\":\"ReadAction\",\"target\":[\"https:\/\/www.noticiasradioreflejos.com.ar\/2021\/ser-o-no-ser-covid-o-no-covid\/\"]}]},{\"@type\":\"BreadcrumbList\",\"@id\":\"https:\/\/www.noticiasradioreflejos.com.ar\/2021\/ser-o-no-ser-covid-o-no-covid\/#breadcrumb\",\"itemListElement\":[{\"@type\":\"ListItem\",\"position\":1,\"name\":\"Portada\",\"item\":\"https:\/\/www.noticiasradioreflejos.com.ar\/2021\/\"},{\"@type\":\"ListItem\",\"position\":2,\"name\":\"Ser, o no Ser- Covid, o no Covid!!!\"}]},{\"@type\":\"WebSite\",\"@id\":\"https:\/\/www.noticiasradioreflejos.com.ar\/2021\/#website\",\"url\":\"https:\/\/www.noticiasradioreflejos.com.ar\/2021\/\",\"name\":\"Noticias Radio Reflejos\",\"description\":\"Las noticias de mi comarca\",\"potentialAction\":[{\"@type\":\"SearchAction\",\"target\":{\"@type\":\"EntryPoint\",\"urlTemplate\":\"https:\/\/www.noticiasradioreflejos.com.ar\/2021\/?s={search_term_string}\"},\"query-input\":{\"@type\":\"PropertyValueSpecification\",\"valueRequired\":true,\"valueName\":\"search_term_string\"}}],\"inLanguage\":\"es\"},{\"@type\":\"Person\",\"@id\":\"https:\/\/www.noticiasradioreflejos.com.ar\/2021\/#\/schema\/person\/ad82545263dcc5ec0996818884fd5fb1\",\"name\":\"Arnaldo Botto\",\"image\":{\"@type\":\"ImageObject\",\"inLanguage\":\"es\",\"@id\":\"https:\/\/www.noticiasradioreflejos.com.ar\/2021\/#\/schema\/person\/image\/\",\"url\":\"https:\/\/secure.gravatar.com\/avatar\/55cb5e37c1efa326397366e6974cb338056df65cb50e7d64d1cf314e87504837?s=96&d=mm&r=g\",\"contentUrl\":\"https:\/\/secure.gravatar.com\/avatar\/55cb5e37c1efa326397366e6974cb338056df65cb50e7d64d1cf314e87504837?s=96&d=mm&r=g\",\"caption\":\"Arnaldo Botto\"},\"url\":\"https:\/\/www.noticiasradioreflejos.com.ar\/2021\/author\/arnaldo\/\"}]}<\/script>\n<!-- \/ Yoast SEO plugin. -->","yoast_head_json":{"title":"Ser, o no Ser- Covid, o no Covid!!! - Noticias Radio Reflejos","robots":{"index":"index","follow":"follow","max-snippet":"max-snippet:-1","max-image-preview":"max-image-preview:large","max-video-preview":"max-video-preview:-1"},"canonical":"https:\/\/www.noticiasradioreflejos.com.ar\/2021\/ser-o-no-ser-covid-o-no-covid\/","og_locale":"es_ES","og_type":"article","og_title":"Ser, o no Ser- Covid, o no Covid!!! - Noticias Radio Reflejos","og_description":"Carta al Lector del Sr. Jos\u00e9 Luis Medina \u00a1\u00a1\u00a1Me encanta la postura de estas Instituciones y C\u00e1maras de Comercio, la hipocres\u00eda al palo!!! Se rasgan las vestiduras por las fuentes de trabajo, y de los trabajadores, jaja cuando muchos de \u00e9stos personajes devenidos a peque\u00f1os empresarios, JAM\u00c1S TUVIERON EN REGLA a sus trabajadores o sus [&hellip;]","og_url":"https:\/\/www.noticiasradioreflejos.com.ar\/2021\/ser-o-no-ser-covid-o-no-covid\/","og_site_name":"Noticias Radio Reflejos","article_published_time":"2021-01-12T13:23:47+00:00","og_image":[{"width":935,"height":595,"url":"https:\/\/www.noticiasradioreflejos.com.ar\/2021\/wp-content\/uploads\/2018\/04\/carta_lector_1.jpg","type":"image\/jpeg"}],"author":"Arnaldo Botto","twitter_card":"summary_large_image","schema":{"@context":"https:\/\/schema.org","@graph":[{"@type":"WebPage","@id":"https:\/\/www.noticiasradioreflejos.com.ar\/2021\/ser-o-no-ser-covid-o-no-covid\/","url":"https:\/\/www.noticiasradioreflejos.com.ar\/2021\/ser-o-no-ser-covid-o-no-covid\/","name":"Ser, o no Ser- Covid, o no Covid!!! - Noticias Radio Reflejos","isPartOf":{"@id":"https:\/\/www.noticiasradioreflejos.com.ar\/2021\/#website"},"datePublished":"2021-01-12T13:23:47+00:00","author":{"@id":"https:\/\/www.noticiasradioreflejos.com.ar\/2021\/#\/schema\/person\/ad82545263dcc5ec0996818884fd5fb1"},"breadcrumb":{"@id":"https:\/\/www.noticiasradioreflejos.com.ar\/2021\/ser-o-no-ser-covid-o-no-covid\/#breadcrumb"},"inLanguage":"es","potentialAction":[{"@type":"ReadAction","target":["https:\/\/www.noticiasradioreflejos.com.ar\/2021\/ser-o-no-ser-covid-o-no-covid\/"]}]},{"@type":"BreadcrumbList","@id":"https:\/\/www.noticiasradioreflejos.com.ar\/2021\/ser-o-no-ser-covid-o-no-covid\/#breadcrumb","itemListElement":[{"@type":"ListItem","position":1,"name":"Portada","item":"https:\/\/www.noticiasradioreflejos.com.ar\/2021\/"},{"@type":"ListItem","position":2,"name":"Ser, o no Ser- Covid, o no Covid!!!"}]},{"@type":"WebSite","@id":"https:\/\/www.noticiasradioreflejos.com.ar\/2021\/#website","url":"https:\/\/www.noticiasradioreflejos.com.ar\/2021\/","name":"Noticias Radio Reflejos","description":"Las noticias de mi comarca","potentialAction":[{"@type":"SearchAction","target":{"@type":"EntryPoint","urlTemplate":"https:\/\/www.noticiasradioreflejos.com.ar\/2021\/?s={search_term_string}"},"query-input":{"@type":"PropertyValueSpecification","valueRequired":true,"valueName":"search_term_string"}}],"inLanguage":"es"},{"@type":"Person","@id":"https:\/\/www.noticiasradioreflejos.com.ar\/2021\/#\/schema\/person\/ad82545263dcc5ec0996818884fd5fb1","name":"Arnaldo Botto","image":{"@type":"ImageObject","inLanguage":"es","@id":"https:\/\/www.noticiasradioreflejos.com.ar\/2021\/#\/schema\/person\/image\/","url":"https:\/\/secure.gravatar.com\/avatar\/55cb5e37c1efa326397366e6974cb338056df65cb50e7d64d1cf314e87504837?s=96&d=mm&r=g","contentUrl":"https:\/\/secure.gravatar.com\/avatar\/55cb5e37c1efa326397366e6974cb338056df65cb50e7d64d1cf314e87504837?s=96&d=mm&r=g","caption":"Arnaldo Botto"},"url":"https:\/\/www.noticiasradioreflejos.com.ar\/2021\/author\/arnaldo\/"}]}},"_links":{"self":[{"href":"https:\/\/www.noticiasradioreflejos.com.ar\/2021\/wp-json\/wp\/v2\/posts\/51174","targetHints":{"allow":["GET"]}}],"collection":[{"href":"https:\/\/www.noticiasradioreflejos.com.ar\/2021\/wp-json\/wp\/v2\/posts"}],"about":[{"href":"https:\/\/www.noticiasradioreflejos.com.ar\/2021\/wp-json\/wp\/v2\/types\/post"}],"author":[{"embeddable":true,"href":"https:\/\/www.noticiasradioreflejos.com.ar\/2021\/wp-json\/wp\/v2\/users\/3"}],"replies":[{"embeddable":true,"href":"https:\/\/www.noticiasradioreflejos.com.ar\/2021\/wp-json\/wp\/v2\/comments?post=51174"}],"version-history":[{"count":0,"href":"https:\/\/www.noticiasradioreflejos.com.ar\/2021\/wp-json\/wp\/v2\/posts\/51174\/revisions"}],"wp:attachment":[{"href":"https:\/\/www.noticiasradioreflejos.com.ar\/2021\/wp-json\/wp\/v2\/media?parent=51174"}],"wp:term":[{"taxonomy":"category","embeddable":true,"href":"https:\/\/www.noticiasradioreflejos.com.ar\/2021\/wp-json\/wp\/v2\/categories?post=51174"},{"taxonomy":"post_tag","embeddable":true,"href":"https:\/\/www.noticiasradioreflejos.com.ar\/2021\/wp-json\/wp\/v2\/tags?post=51174"}],"curies":[{"name":"wp","href":"https:\/\/api.w.org\/{rel}","templated":true}]}}