{"id":51172,"date":"2021-01-12T10:09:05","date_gmt":"2021-01-12T13:09:05","guid":{"rendered":"http:\/\/www.noticiasradioreflejos.com.ar\/noticias\/?p=51172"},"modified":"2021-01-12T10:09:05","modified_gmt":"2021-01-12T13:09:05","slug":"bahia-quedo-al-borde-del-record-de-contagios-y-ya-son-mas-de-mil-los-casos-activos","status":"publish","type":"post","link":"https:\/\/www.noticiasradioreflejos.com.ar\/2021\/bahia-quedo-al-borde-del-record-de-contagios-y-ya-son-mas-de-mil-los-casos-activos\/","title":{"rendered":"Bah\u00eda qued\u00f3 al borde del r\u00e9cord de contagios y ya son m\u00e1s de mil los casos activos"},"content":{"rendered":"<p>En las \u00faltimas 24 horas, sum\u00f3 182 nuevos infectados, uno menos que el 7 de octubre, cuando se hab\u00eda registrado el \u00edndice m\u00e1s alto. No hubo fallecimientos y 48 pacientes fueron considerados como recuperados.<!--more--><\/p>\n<div class=\"mvp-author-info-wrap left relative\">\n<div class=\"mvp-author-info-text left relative\">\n<div class=\"mvp-author-info-name left relative\"><\/div>\n<\/div>\n<\/div>\n<div class=\"mvp-post-main-out left relative\">\n<div class=\"mvp-post-main-in\">\n<div id=\"mvp-post-content\" class=\"left relative\">\n<div id=\"mvp-post-feat-img\" class=\"left relative mvp-post-feat-img-wide2\"><img loading=\"lazy\" decoding=\"async\" class=\"attachment- size- wp-post-image\" src=\"https:\/\/www.labrujula24.com\/wp-content\/uploads\/2021\/01\/covid-4.jpg\" sizes=\"auto, (max-width: 1200px) 100vw, 1200px\" srcset=\"https:\/\/www.labrujula24.com\/wp-content\/uploads\/2021\/01\/covid-4.jpg 1200w, https:\/\/www.labrujula24.com\/wp-content\/uploads\/2021\/01\/covid-4-768x461.jpg 768w, https:\/\/www.labrujula24.com\/wp-content\/uploads\/2021\/01\/covid-4-1000x600.jpg 1000w, https:\/\/www.labrujula24.com\/wp-content\/uploads\/2021\/01\/covid-4-590x354.jpg 590w, https:\/\/www.labrujula24.com\/wp-content\/uploads\/2021\/01\/covid-4-400x240.jpg 400w\" alt=\"\" width=\"1200\" height=\"720\" \/><\/div>\n<div id=\"mvp-content-wrap\" class=\"left relative\">\n<div class=\"mvp-post-soc-out right relative\">\n<div class=\"mvp-post-soc-in\">\n<div id=\"mvp-content-body\" class=\"left relative\">\n<div id=\"mvp-content-body-top\" class=\"left relative\">\n<div id=\"mvp-content-main\" class=\"left relative\">\n<div id=\"textbody\">\n<div class=\"code-block code-block-9\"><\/div>\n<div class=\"code-block code-block-2\"><\/div>\n<p>Desde el municipio de Bah\u00eda Blanca y a trav\u00e9s del Comit\u00e9 de Contingencia, se dieron a conocer los casos diarios de coronavirus, en el reporte diario que habitualmente se informa en horario matutino.<\/p>\n<p>En las \u00faltimas 24 horas, se diagnosticaron un total de 182 nuevos contagios, lo que eleva el n\u00famero de infectados a 11.285. Qued\u00f3 al borde del r\u00e9cord que se hab\u00eda registrado a principios de octubre, cuando fueron 183.<\/p>\n<div class=\"code-block code-block-11\"><\/div>\n<p>Adem\u00e1s, hubo otros 48 pacientes considerados como recuperados, siendo ahora 9907 los curados en la ciudad. Y no hubo nuevos decesos, manteni\u00e9ndose ese n\u00famero en 295.<\/p>\n<p>El otro dato negativo de la jornada es que los casos activos en Bah\u00eda superan los mil: con los n\u00fameros de hoy ascienden a 1083.<\/p>\n<\/div>\n<\/div>\n<\/div>\n<\/div>\n<\/div>\n<\/div>\n<\/div>\n<\/div>\n<\/div>\n<\/div>\n","protected":false},"excerpt":{"rendered":"<p>En las \u00faltimas 24 horas, sum\u00f3 182 nuevos infectados, uno menos que el 7 de octubre, cuando se hab\u00eda registrado el \u00edndice m\u00e1s alto. No hubo fallecimientos y 48 pacientes fueron considerados como recuperados.<\/p>\n","protected":false},"author":3,"featured_media":0,"comment_status":"closed","ping_status":"open","sticky":false,"template":"","format":"standard","meta":{"footnotes":""},"categories":[30],"tags":[],"class_list":["post-51172","post","type-post","status-publish","format-standard","hentry","category-salud"],"yoast_head":"<!-- This site is optimized with the Yoast SEO plugin v25.9 - https:\/\/yoast.com\/wordpress\/plugins\/seo\/ -->\n<title>Bah\u00eda qued\u00f3 al borde del r\u00e9cord de contagios y ya son m\u00e1s de mil los casos activos - Noticias Radio Reflejos<\/title>\n<meta name=\"robots\" content=\"index, follow, max-snippet:-1, max-image-preview:large, max-video-preview:-1\" \/>\n<link rel=\"canonical\" href=\"https:\/\/www.noticiasradioreflejos.com.ar\/2021\/bahia-quedo-al-borde-del-record-de-contagios-y-ya-son-mas-de-mil-los-casos-activos\/\" \/>\n<meta property=\"og:locale\" content=\"es_ES\" \/>\n<meta property=\"og:type\" content=\"article\" \/>\n<meta property=\"og:title\" content=\"Bah\u00eda qued\u00f3 al borde del r\u00e9cord de contagios y ya son m\u00e1s de mil los casos activos - Noticias Radio Reflejos\" \/>\n<meta property=\"og:description\" content=\"En las \u00faltimas 24 horas, sum\u00f3 182 nuevos infectados, uno menos que el 7 de octubre, cuando se hab\u00eda registrado el \u00edndice m\u00e1s alto. No hubo fallecimientos y 48 pacientes fueron considerados como recuperados.\" \/>\n<meta property=\"og:url\" content=\"https:\/\/www.noticiasradioreflejos.com.ar\/2021\/bahia-quedo-al-borde-del-record-de-contagios-y-ya-son-mas-de-mil-los-casos-activos\/\" \/>\n<meta property=\"og:site_name\" content=\"Noticias Radio Reflejos\" \/>\n<meta property=\"article:published_time\" content=\"2021-01-12T13:09:05+00:00\" \/>\n<meta property=\"og:image\" content=\"https:\/\/www.labrujula24.com\/wp-content\/uploads\/2021\/01\/covid-4.jpg\" \/>\n<meta name=\"author\" content=\"Arnaldo Botto\" \/>\n<meta name=\"twitter:card\" content=\"summary_large_image\" \/>\n<script type=\"application\/ld+json\" class=\"yoast-schema-graph\">{\"@context\":\"https:\/\/schema.org\",\"@graph\":[{\"@type\":\"WebPage\",\"@id\":\"https:\/\/www.noticiasradioreflejos.com.ar\/2021\/bahia-quedo-al-borde-del-record-de-contagios-y-ya-son-mas-de-mil-los-casos-activos\/\",\"url\":\"https:\/\/www.noticiasradioreflejos.com.ar\/2021\/bahia-quedo-al-borde-del-record-de-contagios-y-ya-son-mas-de-mil-los-casos-activos\/\",\"name\":\"Bah\u00eda qued\u00f3 al borde del r\u00e9cord de contagios y ya son m\u00e1s de mil los casos activos - Noticias Radio Reflejos\",\"isPartOf\":{\"@id\":\"https:\/\/www.noticiasradioreflejos.com.ar\/2021\/#website\"},\"primaryImageOfPage\":{\"@id\":\"https:\/\/www.noticiasradioreflejos.com.ar\/2021\/bahia-quedo-al-borde-del-record-de-contagios-y-ya-son-mas-de-mil-los-casos-activos\/#primaryimage\"},\"image\":{\"@id\":\"https:\/\/www.noticiasradioreflejos.com.ar\/2021\/bahia-quedo-al-borde-del-record-de-contagios-y-ya-son-mas-de-mil-los-casos-activos\/#primaryimage\"},\"thumbnailUrl\":\"https:\/\/www.labrujula24.com\/wp-content\/uploads\/2021\/01\/covid-4.jpg\",\"datePublished\":\"2021-01-12T13:09:05+00:00\",\"author\":{\"@id\":\"https:\/\/www.noticiasradioreflejos.com.ar\/2021\/#\/schema\/person\/ad82545263dcc5ec0996818884fd5fb1\"},\"breadcrumb\":{\"@id\":\"https:\/\/www.noticiasradioreflejos.com.ar\/2021\/bahia-quedo-al-borde-del-record-de-contagios-y-ya-son-mas-de-mil-los-casos-activos\/#breadcrumb\"},\"inLanguage\":\"es\",\"potentialAction\":[{\"@type\":\"ReadAction\",\"target\":[\"https:\/\/www.noticiasradioreflejos.com.ar\/2021\/bahia-quedo-al-borde-del-record-de-contagios-y-ya-son-mas-de-mil-los-casos-activos\/\"]}]},{\"@type\":\"ImageObject\",\"inLanguage\":\"es\",\"@id\":\"https:\/\/www.noticiasradioreflejos.com.ar\/2021\/bahia-quedo-al-borde-del-record-de-contagios-y-ya-son-mas-de-mil-los-casos-activos\/#primaryimage\",\"url\":\"https:\/\/www.labrujula24.com\/wp-content\/uploads\/2021\/01\/covid-4.jpg\",\"contentUrl\":\"https:\/\/www.labrujula24.com\/wp-content\/uploads\/2021\/01\/covid-4.jpg\"},{\"@type\":\"BreadcrumbList\",\"@id\":\"https:\/\/www.noticiasradioreflejos.com.ar\/2021\/bahia-quedo-al-borde-del-record-de-contagios-y-ya-son-mas-de-mil-los-casos-activos\/#breadcrumb\",\"itemListElement\":[{\"@type\":\"ListItem\",\"position\":1,\"name\":\"Portada\",\"item\":\"https:\/\/www.noticiasradioreflejos.com.ar\/2021\/\"},{\"@type\":\"ListItem\",\"position\":2,\"name\":\"Bah\u00eda qued\u00f3 al borde del r\u00e9cord de contagios y ya son m\u00e1s de mil los casos activos\"}]},{\"@type\":\"WebSite\",\"@id\":\"https:\/\/www.noticiasradioreflejos.com.ar\/2021\/#website\",\"url\":\"https:\/\/www.noticiasradioreflejos.com.ar\/2021\/\",\"name\":\"Noticias Radio Reflejos\",\"description\":\"Las noticias de mi comarca\",\"potentialAction\":[{\"@type\":\"SearchAction\",\"target\":{\"@type\":\"EntryPoint\",\"urlTemplate\":\"https:\/\/www.noticiasradioreflejos.com.ar\/2021\/?s={search_term_string}\"},\"query-input\":{\"@type\":\"PropertyValueSpecification\",\"valueRequired\":true,\"valueName\":\"search_term_string\"}}],\"inLanguage\":\"es\"},{\"@type\":\"Person\",\"@id\":\"https:\/\/www.noticiasradioreflejos.com.ar\/2021\/#\/schema\/person\/ad82545263dcc5ec0996818884fd5fb1\",\"name\":\"Arnaldo Botto\",\"image\":{\"@type\":\"ImageObject\",\"inLanguage\":\"es\",\"@id\":\"https:\/\/www.noticiasradioreflejos.com.ar\/2021\/#\/schema\/person\/image\/\",\"url\":\"https:\/\/secure.gravatar.com\/avatar\/55cb5e37c1efa326397366e6974cb338056df65cb50e7d64d1cf314e87504837?s=96&d=mm&r=g\",\"contentUrl\":\"https:\/\/secure.gravatar.com\/avatar\/55cb5e37c1efa326397366e6974cb338056df65cb50e7d64d1cf314e87504837?s=96&d=mm&r=g\",\"caption\":\"Arnaldo Botto\"},\"url\":\"https:\/\/www.noticiasradioreflejos.com.ar\/2021\/author\/arnaldo\/\"}]}<\/script>\n<!-- \/ Yoast SEO plugin. -->","yoast_head_json":{"title":"Bah\u00eda qued\u00f3 al borde del r\u00e9cord de contagios y ya son m\u00e1s de mil los casos activos - Noticias Radio Reflejos","robots":{"index":"index","follow":"follow","max-snippet":"max-snippet:-1","max-image-preview":"max-image-preview:large","max-video-preview":"max-video-preview:-1"},"canonical":"https:\/\/www.noticiasradioreflejos.com.ar\/2021\/bahia-quedo-al-borde-del-record-de-contagios-y-ya-son-mas-de-mil-los-casos-activos\/","og_locale":"es_ES","og_type":"article","og_title":"Bah\u00eda qued\u00f3 al borde del r\u00e9cord de contagios y ya son m\u00e1s de mil los casos activos - Noticias Radio Reflejos","og_description":"En las \u00faltimas 24 horas, sum\u00f3 182 nuevos infectados, uno menos que el 7 de octubre, cuando se hab\u00eda registrado el \u00edndice m\u00e1s alto. No hubo fallecimientos y 48 pacientes fueron considerados como recuperados.","og_url":"https:\/\/www.noticiasradioreflejos.com.ar\/2021\/bahia-quedo-al-borde-del-record-de-contagios-y-ya-son-mas-de-mil-los-casos-activos\/","og_site_name":"Noticias Radio Reflejos","article_published_time":"2021-01-12T13:09:05+00:00","og_image":[{"url":"https:\/\/www.labrujula24.com\/wp-content\/uploads\/2021\/01\/covid-4.jpg","type":"","width":"","height":""}],"author":"Arnaldo Botto","twitter_card":"summary_large_image","schema":{"@context":"https:\/\/schema.org","@graph":[{"@type":"WebPage","@id":"https:\/\/www.noticiasradioreflejos.com.ar\/2021\/bahia-quedo-al-borde-del-record-de-contagios-y-ya-son-mas-de-mil-los-casos-activos\/","url":"https:\/\/www.noticiasradioreflejos.com.ar\/2021\/bahia-quedo-al-borde-del-record-de-contagios-y-ya-son-mas-de-mil-los-casos-activos\/","name":"Bah\u00eda qued\u00f3 al borde del r\u00e9cord de contagios y ya son m\u00e1s de mil los casos activos - Noticias Radio Reflejos","isPartOf":{"@id":"https:\/\/www.noticiasradioreflejos.com.ar\/2021\/#website"},"primaryImageOfPage":{"@id":"https:\/\/www.noticiasradioreflejos.com.ar\/2021\/bahia-quedo-al-borde-del-record-de-contagios-y-ya-son-mas-de-mil-los-casos-activos\/#primaryimage"},"image":{"@id":"https:\/\/www.noticiasradioreflejos.com.ar\/2021\/bahia-quedo-al-borde-del-record-de-contagios-y-ya-son-mas-de-mil-los-casos-activos\/#primaryimage"},"thumbnailUrl":"https:\/\/www.labrujula24.com\/wp-content\/uploads\/2021\/01\/covid-4.jpg","datePublished":"2021-01-12T13:09:05+00:00","author":{"@id":"https:\/\/www.noticiasradioreflejos.com.ar\/2021\/#\/schema\/person\/ad82545263dcc5ec0996818884fd5fb1"},"breadcrumb":{"@id":"https:\/\/www.noticiasradioreflejos.com.ar\/2021\/bahia-quedo-al-borde-del-record-de-contagios-y-ya-son-mas-de-mil-los-casos-activos\/#breadcrumb"},"inLanguage":"es","potentialAction":[{"@type":"ReadAction","target":["https:\/\/www.noticiasradioreflejos.com.ar\/2021\/bahia-quedo-al-borde-del-record-de-contagios-y-ya-son-mas-de-mil-los-casos-activos\/"]}]},{"@type":"ImageObject","inLanguage":"es","@id":"https:\/\/www.noticiasradioreflejos.com.ar\/2021\/bahia-quedo-al-borde-del-record-de-contagios-y-ya-son-mas-de-mil-los-casos-activos\/#primaryimage","url":"https:\/\/www.labrujula24.com\/wp-content\/uploads\/2021\/01\/covid-4.jpg","contentUrl":"https:\/\/www.labrujula24.com\/wp-content\/uploads\/2021\/01\/covid-4.jpg"},{"@type":"BreadcrumbList","@id":"https:\/\/www.noticiasradioreflejos.com.ar\/2021\/bahia-quedo-al-borde-del-record-de-contagios-y-ya-son-mas-de-mil-los-casos-activos\/#breadcrumb","itemListElement":[{"@type":"ListItem","position":1,"name":"Portada","item":"https:\/\/www.noticiasradioreflejos.com.ar\/2021\/"},{"@type":"ListItem","position":2,"name":"Bah\u00eda qued\u00f3 al borde del r\u00e9cord de contagios y ya son m\u00e1s de mil los casos activos"}]},{"@type":"WebSite","@id":"https:\/\/www.noticiasradioreflejos.com.ar\/2021\/#website","url":"https:\/\/www.noticiasradioreflejos.com.ar\/2021\/","name":"Noticias Radio Reflejos","description":"Las noticias de mi comarca","potentialAction":[{"@type":"SearchAction","target":{"@type":"EntryPoint","urlTemplate":"https:\/\/www.noticiasradioreflejos.com.ar\/2021\/?s={search_term_string}"},"query-input":{"@type":"PropertyValueSpecification","valueRequired":true,"valueName":"search_term_string"}}],"inLanguage":"es"},{"@type":"Person","@id":"https:\/\/www.noticiasradioreflejos.com.ar\/2021\/#\/schema\/person\/ad82545263dcc5ec0996818884fd5fb1","name":"Arnaldo Botto","image":{"@type":"ImageObject","inLanguage":"es","@id":"https:\/\/www.noticiasradioreflejos.com.ar\/2021\/#\/schema\/person\/image\/","url":"https:\/\/secure.gravatar.com\/avatar\/55cb5e37c1efa326397366e6974cb338056df65cb50e7d64d1cf314e87504837?s=96&d=mm&r=g","contentUrl":"https:\/\/secure.gravatar.com\/avatar\/55cb5e37c1efa326397366e6974cb338056df65cb50e7d64d1cf314e87504837?s=96&d=mm&r=g","caption":"Arnaldo Botto"},"url":"https:\/\/www.noticiasradioreflejos.com.ar\/2021\/author\/arnaldo\/"}]}},"_links":{"self":[{"href":"https:\/\/www.noticiasradioreflejos.com.ar\/2021\/wp-json\/wp\/v2\/posts\/51172","targetHints":{"allow":["GET"]}}],"collection":[{"href":"https:\/\/www.noticiasradioreflejos.com.ar\/2021\/wp-json\/wp\/v2\/posts"}],"about":[{"href":"https:\/\/www.noticiasradioreflejos.com.ar\/2021\/wp-json\/wp\/v2\/types\/post"}],"author":[{"embeddable":true,"href":"https:\/\/www.noticiasradioreflejos.com.ar\/2021\/wp-json\/wp\/v2\/users\/3"}],"replies":[{"embeddable":true,"href":"https:\/\/www.noticiasradioreflejos.com.ar\/2021\/wp-json\/wp\/v2\/comments?post=51172"}],"version-history":[{"count":0,"href":"https:\/\/www.noticiasradioreflejos.com.ar\/2021\/wp-json\/wp\/v2\/posts\/51172\/revisions"}],"wp:attachment":[{"href":"https:\/\/www.noticiasradioreflejos.com.ar\/2021\/wp-json\/wp\/v2\/media?parent=51172"}],"wp:term":[{"taxonomy":"category","embeddable":true,"href":"https:\/\/www.noticiasradioreflejos.com.ar\/2021\/wp-json\/wp\/v2\/categories?post=51172"},{"taxonomy":"post_tag","embeddable":true,"href":"https:\/\/www.noticiasradioreflejos.com.ar\/2021\/wp-json\/wp\/v2\/tags?post=51172"}],"curies":[{"name":"wp","href":"https:\/\/api.w.org\/{rel}","templated":true}]}}