{"id":51169,"date":"2021-01-12T09:14:48","date_gmt":"2021-01-12T12:14:48","guid":{"rendered":"http:\/\/www.noticiasradioreflejos.com.ar\/noticias\/?p=51169"},"modified":"2021-01-12T09:14:48","modified_gmt":"2021-01-12T12:14:48","slug":"el-covid-de-los-pueblos","status":"publish","type":"post","link":"https:\/\/www.noticiasradioreflejos.com.ar\/2021\/el-covid-de-los-pueblos\/","title":{"rendered":"El Covid de los pueblos"},"content":{"rendered":"<p>En una magn\u00edfica recopilaci\u00f3n de textos recobrados de la indecisi\u00f3n narrativa, denominado Ser escritor, Abelardo Castillo (1935-2017), de infancia en la localidad de San Pedro, opina sobre las caracter\u00edsticas de los pueblos.<!--more--><br \/>\nEn la p\u00e1gina titulada Literatura de provincia, dice: \u201cLa ventaja de haber vivido en una ciudad chica es que la gente, sus caracteres, se dan muy diferenciados. (\u2026) No solo la gente, incluso ciertos hechos aparecen m\u00e1s n\u00edtidos. Un asesinato, un suicidio, son muchos m\u00e1s intensos que en una gran ciudad\u201d. Acaso le ocupe la raz\u00f3n.<\/p>\n<p>La comprobaci\u00f3n de esa tesis podr\u00eda iniciarse perfectamente en Sierra de la Ventana. Aqu\u00ed es donde el Loco Arrieta caza mulitas en el cementerio y le saben riqu\u00edsimas, mientras que al resto de la poblaci\u00f3n les repugna que el animal se haya alimentado de osamentas.<\/p>\n<p>Aqu\u00ed todos saben quien ha contra\u00eddo ya el Corononavirus. No solo eso, conocen tambi\u00e9n la forma en que lo asimil\u00f3 a su salud, d\u00f3nde, cu\u00e1ndo y c\u00f3mo. El sobreviviente no refuta nunca la versi\u00f3n de ese fat\u00eddico contacto infecto, ya que \u00e9l mismo lo ha revelado a todos los habitantes de la ciudad con los que pudo hablar. El resto (los agregados anecd\u00f3ticos) lo hicieron los dem\u00e1s.<\/p>\n<p><img loading=\"lazy\" decoding=\"async\" class=\"wp-image-9762\" src=\"http:\/\/enprovincia.com.ar\/wp-content\/uploads\/2021\/01\/spring-2158357_960_720.jpg\" sizes=\"auto, (max-width: 960px) 100vw, 960px\" srcset=\"https:\/\/enprovincia.com.ar\/wp-content\/uploads\/2021\/01\/spring-2158357_960_720.jpg 960w, https:\/\/enprovincia.com.ar\/wp-content\/uploads\/2021\/01\/spring-2158357_960_720-300x200.jpg 300w, https:\/\/enprovincia.com.ar\/wp-content\/uploads\/2021\/01\/spring-2158357_960_720-768x512.jpg 768w\" alt=\"\" width=\"960\" height=\"640\" \/><\/p>\n<p>Por la ma\u00f1ana, entre el canto de los p\u00e1jaros, donde no faltan los cardenales que se han escapado de la urbanidad gris, elevada y peligrosa, el flaco que conduce la radio, acerca a los oyentes el n\u00famero exacto de los contagiados. Y hasta podr\u00eda decir de quienes se trata, sus nombres, apellidos, motes y domicilios. Pero se abstiene, quiz\u00e1s, por respeto o por no ser reiterativo.<\/p>\n<p><strong>En Sierra de la Ventana la gente lleva barbijo, pero es un barbijo lento y resignado como el atardecer del verano. Los pobladores mantienen la distancia a la vera de un arroyo prepotente de aguas caramelo que corre con la fuerza del tiempo o del destino. Llega de lo alto de las sierras y baja para llevarse el d\u00eda. Su potencia, sin embargo, no altera el silencio de la siesta. Apenas algunos visitantes toman sol en las reposeras amparados por los sauces que crecen al lado de la calle l\u00edquida e impasible. Si tienen que comunicarse pegan grititos. Resulta m\u00e1s f\u00e1cil leer los movimientos de las bocas y los ademanes que escuchar las palabras que se quiebran y mueren antes de encontrar el o\u00eddo de los otros.<\/strong><\/p>\n<p><img loading=\"lazy\" decoding=\"async\" class=\"wp-image-9763\" src=\"http:\/\/enprovincia.com.ar\/wp-content\/uploads\/2021\/01\/analogue-1701651_960_720.jpg\" sizes=\"auto, (max-width: 960px) 100vw, 960px\" srcset=\"https:\/\/enprovincia.com.ar\/wp-content\/uploads\/2021\/01\/analogue-1701651_960_720.jpg 960w, https:\/\/enprovincia.com.ar\/wp-content\/uploads\/2021\/01\/analogue-1701651_960_720-300x200.jpg 300w, https:\/\/enprovincia.com.ar\/wp-content\/uploads\/2021\/01\/analogue-1701651_960_720-768x512.jpg 768w\" alt=\"\" width=\"960\" height=\"640\" \/><\/p>\n<p>Dicen que Lalo, un abuelo impaciente que por estos d\u00edas viaj\u00f3 a Rosario, quer\u00eda contagiarse. Lalo, hombre probo y reconocido solidario de la zona, supuso que un contagio temprano le permitir\u00eda ser atendido r\u00e1pidamente y quedar inmune a los brazos invisibles del Covid. Casi que se neg\u00f3 al barbijo y entabl\u00f3 encuentros con cuantos pudo, como Diego de la Vega, a cara descubierta. Pasados unos d\u00edas de tanto esfuerzo, consigui\u00f3 su cometido: se contagi\u00f3.<\/p>\n<p>Enfermo, con fiebre y temblores, sin olfato, fue derivado a una cl\u00ednica de Bah\u00eda Blanca en franca desmejor\u00eda. Pas\u00f3 varios d\u00edas all\u00ed, pero dos fueron decididamente endemoniados. Durante ese par de jornadas no tuvo qui\u00e9n le llevara la comida, ya que las enfermeras que lo atend\u00edan tambi\u00e9n contrajeron el virus.<\/p>\n<p>Cuentan que Lalo escuchaba la llagada de su alimento hasta la puerta, pero all\u00ed quedaba. Tuvo la sensaci\u00f3n de ser un preso en un \u00faltimo calabozo del que hab\u00edan perdido la llave.<\/p>\n<p>Lalo est\u00e1 arrepentido de su audaz torpeza. El coraje es siempre un poco irracional. Sali\u00f3 bien, pero los muchachos del caf\u00e9 opinan que deber\u00e1 cuidarse: oye mal y se lo observa un poco ladeado hacia la izquierda. Tal vez el Covid le afect\u00f3 el o\u00eddo y as\u00ed su equilibrio. En el caf\u00e9 guardan la distancia y ahora mojan con alcohol el cenicero, mientras discurren sobre la demorada llegada de la vacuna.<\/p>\n<p>&nbsp;<\/p>\n<p><img loading=\"lazy\" decoding=\"async\" class=\"wp-image-5669\" src=\"http:\/\/enprovincia.com.ar\/wp-content\/uploads\/2020\/09\/thumbnail_IMG-20200904-WA0019.jpg\" sizes=\"auto, (max-width: 500px) 100vw, 500px\" srcset=\"https:\/\/enprovincia.com.ar\/wp-content\/uploads\/2020\/09\/thumbnail_IMG-20200904-WA0019.jpg 500w, https:\/\/enprovincia.com.ar\/wp-content\/uploads\/2020\/09\/thumbnail_IMG-20200904-WA0019-300x300.jpg 300w, https:\/\/enprovincia.com.ar\/wp-content\/uploads\/2020\/09\/thumbnail_IMG-20200904-WA0019-150x150.jpg 150w\" alt=\"\" width=\"500\" height=\"500\" \/><strong>\u00a0Por Lic. R. Claudio G\u00f3mez\u00a0<\/strong><\/p>\n","protected":false},"excerpt":{"rendered":"<p>En una magn\u00edfica recopilaci\u00f3n de textos recobrados de la indecisi\u00f3n narrativa, denominado Ser escritor, Abelardo Castillo (1935-2017), de infancia en la localidad de San Pedro, opina sobre las caracter\u00edsticas de los pueblos.<\/p>\n","protected":false},"author":3,"featured_media":0,"comment_status":"closed","ping_status":"open","sticky":false,"template":"","format":"standard","meta":{"footnotes":""},"categories":[35,26],"tags":[],"class_list":["post-51169","post","type-post","status-publish","format-standard","hentry","category-cultura","category-sociedad"],"yoast_head":"<!-- This site is optimized with the Yoast SEO plugin v25.9 - https:\/\/yoast.com\/wordpress\/plugins\/seo\/ -->\n<title>El Covid de los pueblos - Noticias Radio Reflejos<\/title>\n<meta name=\"robots\" content=\"index, follow, max-snippet:-1, max-image-preview:large, max-video-preview:-1\" \/>\n<link rel=\"canonical\" href=\"https:\/\/www.noticiasradioreflejos.com.ar\/2021\/el-covid-de-los-pueblos\/\" \/>\n<meta property=\"og:locale\" content=\"es_ES\" \/>\n<meta property=\"og:type\" content=\"article\" \/>\n<meta property=\"og:title\" content=\"El Covid de los pueblos - Noticias Radio Reflejos\" \/>\n<meta property=\"og:description\" content=\"En una magn\u00edfica recopilaci\u00f3n de textos recobrados de la indecisi\u00f3n narrativa, denominado Ser escritor, Abelardo Castillo (1935-2017), de infancia en la localidad de San Pedro, opina sobre las caracter\u00edsticas de los pueblos.\" \/>\n<meta property=\"og:url\" content=\"https:\/\/www.noticiasradioreflejos.com.ar\/2021\/el-covid-de-los-pueblos\/\" \/>\n<meta property=\"og:site_name\" content=\"Noticias Radio Reflejos\" \/>\n<meta property=\"article:published_time\" content=\"2021-01-12T12:14:48+00:00\" \/>\n<meta property=\"og:image\" content=\"https:\/\/www.noticiasradioreflejos.com.ar\/2021\/wp-content\/uploads\/2021\/07\/logosol300x200.png\" \/>\n\t<meta property=\"og:image:width\" content=\"300\" \/>\n\t<meta property=\"og:image:height\" content=\"200\" \/>\n\t<meta property=\"og:image:type\" content=\"image\/png\" \/>\n<meta name=\"author\" content=\"Arnaldo Botto\" \/>\n<meta name=\"twitter:card\" content=\"summary_large_image\" \/>\n<script type=\"application\/ld+json\" class=\"yoast-schema-graph\">{\"@context\":\"https:\/\/schema.org\",\"@graph\":[{\"@type\":\"WebPage\",\"@id\":\"https:\/\/www.noticiasradioreflejos.com.ar\/2021\/el-covid-de-los-pueblos\/\",\"url\":\"https:\/\/www.noticiasradioreflejos.com.ar\/2021\/el-covid-de-los-pueblos\/\",\"name\":\"El Covid de los pueblos - Noticias Radio Reflejos\",\"isPartOf\":{\"@id\":\"https:\/\/www.noticiasradioreflejos.com.ar\/2021\/#website\"},\"primaryImageOfPage\":{\"@id\":\"https:\/\/www.noticiasradioreflejos.com.ar\/2021\/el-covid-de-los-pueblos\/#primaryimage\"},\"image\":{\"@id\":\"https:\/\/www.noticiasradioreflejos.com.ar\/2021\/el-covid-de-los-pueblos\/#primaryimage\"},\"thumbnailUrl\":\"http:\/\/enprovincia.com.ar\/wp-content\/uploads\/2021\/01\/spring-2158357_960_720.jpg\",\"datePublished\":\"2021-01-12T12:14:48+00:00\",\"author\":{\"@id\":\"https:\/\/www.noticiasradioreflejos.com.ar\/2021\/#\/schema\/person\/ad82545263dcc5ec0996818884fd5fb1\"},\"breadcrumb\":{\"@id\":\"https:\/\/www.noticiasradioreflejos.com.ar\/2021\/el-covid-de-los-pueblos\/#breadcrumb\"},\"inLanguage\":\"es\",\"potentialAction\":[{\"@type\":\"ReadAction\",\"target\":[\"https:\/\/www.noticiasradioreflejos.com.ar\/2021\/el-covid-de-los-pueblos\/\"]}]},{\"@type\":\"ImageObject\",\"inLanguage\":\"es\",\"@id\":\"https:\/\/www.noticiasradioreflejos.com.ar\/2021\/el-covid-de-los-pueblos\/#primaryimage\",\"url\":\"http:\/\/enprovincia.com.ar\/wp-content\/uploads\/2021\/01\/spring-2158357_960_720.jpg\",\"contentUrl\":\"http:\/\/enprovincia.com.ar\/wp-content\/uploads\/2021\/01\/spring-2158357_960_720.jpg\"},{\"@type\":\"BreadcrumbList\",\"@id\":\"https:\/\/www.noticiasradioreflejos.com.ar\/2021\/el-covid-de-los-pueblos\/#breadcrumb\",\"itemListElement\":[{\"@type\":\"ListItem\",\"position\":1,\"name\":\"Portada\",\"item\":\"https:\/\/www.noticiasradioreflejos.com.ar\/2021\/\"},{\"@type\":\"ListItem\",\"position\":2,\"name\":\"El Covid de los pueblos\"}]},{\"@type\":\"WebSite\",\"@id\":\"https:\/\/www.noticiasradioreflejos.com.ar\/2021\/#website\",\"url\":\"https:\/\/www.noticiasradioreflejos.com.ar\/2021\/\",\"name\":\"Noticias Radio Reflejos\",\"description\":\"Las noticias de mi comarca\",\"potentialAction\":[{\"@type\":\"SearchAction\",\"target\":{\"@type\":\"EntryPoint\",\"urlTemplate\":\"https:\/\/www.noticiasradioreflejos.com.ar\/2021\/?s={search_term_string}\"},\"query-input\":{\"@type\":\"PropertyValueSpecification\",\"valueRequired\":true,\"valueName\":\"search_term_string\"}}],\"inLanguage\":\"es\"},{\"@type\":\"Person\",\"@id\":\"https:\/\/www.noticiasradioreflejos.com.ar\/2021\/#\/schema\/person\/ad82545263dcc5ec0996818884fd5fb1\",\"name\":\"Arnaldo Botto\",\"image\":{\"@type\":\"ImageObject\",\"inLanguage\":\"es\",\"@id\":\"https:\/\/www.noticiasradioreflejos.com.ar\/2021\/#\/schema\/person\/image\/\",\"url\":\"https:\/\/secure.gravatar.com\/avatar\/55cb5e37c1efa326397366e6974cb338056df65cb50e7d64d1cf314e87504837?s=96&d=mm&r=g\",\"contentUrl\":\"https:\/\/secure.gravatar.com\/avatar\/55cb5e37c1efa326397366e6974cb338056df65cb50e7d64d1cf314e87504837?s=96&d=mm&r=g\",\"caption\":\"Arnaldo Botto\"},\"url\":\"https:\/\/www.noticiasradioreflejos.com.ar\/2021\/author\/arnaldo\/\"}]}<\/script>\n<!-- \/ Yoast SEO plugin. -->","yoast_head_json":{"title":"El Covid de los pueblos - Noticias Radio Reflejos","robots":{"index":"index","follow":"follow","max-snippet":"max-snippet:-1","max-image-preview":"max-image-preview:large","max-video-preview":"max-video-preview:-1"},"canonical":"https:\/\/www.noticiasradioreflejos.com.ar\/2021\/el-covid-de-los-pueblos\/","og_locale":"es_ES","og_type":"article","og_title":"El Covid de los pueblos - Noticias Radio Reflejos","og_description":"En una magn\u00edfica recopilaci\u00f3n de textos recobrados de la indecisi\u00f3n narrativa, denominado Ser escritor, Abelardo Castillo (1935-2017), de infancia en la localidad de San Pedro, opina sobre las caracter\u00edsticas de los pueblos.","og_url":"https:\/\/www.noticiasradioreflejos.com.ar\/2021\/el-covid-de-los-pueblos\/","og_site_name":"Noticias Radio Reflejos","article_published_time":"2021-01-12T12:14:48+00:00","og_image":[{"width":300,"height":200,"url":"https:\/\/www.noticiasradioreflejos.com.ar\/2021\/wp-content\/uploads\/2021\/07\/logosol300x200.png","type":"image\/png"}],"author":"Arnaldo Botto","twitter_card":"summary_large_image","schema":{"@context":"https:\/\/schema.org","@graph":[{"@type":"WebPage","@id":"https:\/\/www.noticiasradioreflejos.com.ar\/2021\/el-covid-de-los-pueblos\/","url":"https:\/\/www.noticiasradioreflejos.com.ar\/2021\/el-covid-de-los-pueblos\/","name":"El Covid de los pueblos - Noticias Radio Reflejos","isPartOf":{"@id":"https:\/\/www.noticiasradioreflejos.com.ar\/2021\/#website"},"primaryImageOfPage":{"@id":"https:\/\/www.noticiasradioreflejos.com.ar\/2021\/el-covid-de-los-pueblos\/#primaryimage"},"image":{"@id":"https:\/\/www.noticiasradioreflejos.com.ar\/2021\/el-covid-de-los-pueblos\/#primaryimage"},"thumbnailUrl":"http:\/\/enprovincia.com.ar\/wp-content\/uploads\/2021\/01\/spring-2158357_960_720.jpg","datePublished":"2021-01-12T12:14:48+00:00","author":{"@id":"https:\/\/www.noticiasradioreflejos.com.ar\/2021\/#\/schema\/person\/ad82545263dcc5ec0996818884fd5fb1"},"breadcrumb":{"@id":"https:\/\/www.noticiasradioreflejos.com.ar\/2021\/el-covid-de-los-pueblos\/#breadcrumb"},"inLanguage":"es","potentialAction":[{"@type":"ReadAction","target":["https:\/\/www.noticiasradioreflejos.com.ar\/2021\/el-covid-de-los-pueblos\/"]}]},{"@type":"ImageObject","inLanguage":"es","@id":"https:\/\/www.noticiasradioreflejos.com.ar\/2021\/el-covid-de-los-pueblos\/#primaryimage","url":"http:\/\/enprovincia.com.ar\/wp-content\/uploads\/2021\/01\/spring-2158357_960_720.jpg","contentUrl":"http:\/\/enprovincia.com.ar\/wp-content\/uploads\/2021\/01\/spring-2158357_960_720.jpg"},{"@type":"BreadcrumbList","@id":"https:\/\/www.noticiasradioreflejos.com.ar\/2021\/el-covid-de-los-pueblos\/#breadcrumb","itemListElement":[{"@type":"ListItem","position":1,"name":"Portada","item":"https:\/\/www.noticiasradioreflejos.com.ar\/2021\/"},{"@type":"ListItem","position":2,"name":"El Covid de los pueblos"}]},{"@type":"WebSite","@id":"https:\/\/www.noticiasradioreflejos.com.ar\/2021\/#website","url":"https:\/\/www.noticiasradioreflejos.com.ar\/2021\/","name":"Noticias Radio Reflejos","description":"Las noticias de mi comarca","potentialAction":[{"@type":"SearchAction","target":{"@type":"EntryPoint","urlTemplate":"https:\/\/www.noticiasradioreflejos.com.ar\/2021\/?s={search_term_string}"},"query-input":{"@type":"PropertyValueSpecification","valueRequired":true,"valueName":"search_term_string"}}],"inLanguage":"es"},{"@type":"Person","@id":"https:\/\/www.noticiasradioreflejos.com.ar\/2021\/#\/schema\/person\/ad82545263dcc5ec0996818884fd5fb1","name":"Arnaldo Botto","image":{"@type":"ImageObject","inLanguage":"es","@id":"https:\/\/www.noticiasradioreflejos.com.ar\/2021\/#\/schema\/person\/image\/","url":"https:\/\/secure.gravatar.com\/avatar\/55cb5e37c1efa326397366e6974cb338056df65cb50e7d64d1cf314e87504837?s=96&d=mm&r=g","contentUrl":"https:\/\/secure.gravatar.com\/avatar\/55cb5e37c1efa326397366e6974cb338056df65cb50e7d64d1cf314e87504837?s=96&d=mm&r=g","caption":"Arnaldo Botto"},"url":"https:\/\/www.noticiasradioreflejos.com.ar\/2021\/author\/arnaldo\/"}]}},"_links":{"self":[{"href":"https:\/\/www.noticiasradioreflejos.com.ar\/2021\/wp-json\/wp\/v2\/posts\/51169","targetHints":{"allow":["GET"]}}],"collection":[{"href":"https:\/\/www.noticiasradioreflejos.com.ar\/2021\/wp-json\/wp\/v2\/posts"}],"about":[{"href":"https:\/\/www.noticiasradioreflejos.com.ar\/2021\/wp-json\/wp\/v2\/types\/post"}],"author":[{"embeddable":true,"href":"https:\/\/www.noticiasradioreflejos.com.ar\/2021\/wp-json\/wp\/v2\/users\/3"}],"replies":[{"embeddable":true,"href":"https:\/\/www.noticiasradioreflejos.com.ar\/2021\/wp-json\/wp\/v2\/comments?post=51169"}],"version-history":[{"count":0,"href":"https:\/\/www.noticiasradioreflejos.com.ar\/2021\/wp-json\/wp\/v2\/posts\/51169\/revisions"}],"wp:attachment":[{"href":"https:\/\/www.noticiasradioreflejos.com.ar\/2021\/wp-json\/wp\/v2\/media?parent=51169"}],"wp:term":[{"taxonomy":"category","embeddable":true,"href":"https:\/\/www.noticiasradioreflejos.com.ar\/2021\/wp-json\/wp\/v2\/categories?post=51169"},{"taxonomy":"post_tag","embeddable":true,"href":"https:\/\/www.noticiasradioreflejos.com.ar\/2021\/wp-json\/wp\/v2\/tags?post=51169"}],"curies":[{"name":"wp","href":"https:\/\/api.w.org\/{rel}","templated":true}]}}