{"id":51165,"date":"2021-01-12T08:43:46","date_gmt":"2021-01-12T11:43:46","guid":{"rendered":"http:\/\/www.noticiasradioreflejos.com.ar\/noticias\/?p=51165"},"modified":"2021-01-12T08:43:46","modified_gmt":"2021-01-12T11:43:46","slug":"entra-en-vigencia-la-nueva-canasta-de-precios-cuidados-con-660-articulos","status":"publish","type":"post","link":"https:\/\/www.noticiasradioreflejos.com.ar\/2021\/entra-en-vigencia-la-nueva-canasta-de-precios-cuidados-con-660-articulos\/","title":{"rendered":"Entra en vigencia la nueva canasta de Precios Cuidados con 660 art\u00edculos."},"content":{"rendered":"<p>La nueva canasta de art\u00edculos del programa Precios Cuidados entr\u00f3 hoy en vigencia y alcanza a 660 productos, el doble de los que tuvo hasta enero del a\u00f1o pasado, con la incorporaci\u00f3n de carnes y m\u00e1s art\u00edculos para cel\u00edacos e higiene femenina.<!--more--><br \/>\nEsta mayor cantidad de productos se da con dos objetivos: generar referencias de precios en g\u00f3ndolas que no ten\u00edan presencia dentro del programa y robustecer las referencias actuales, sobre todo en aquellas categor\u00edas donde se verifica una diferenciaci\u00f3n significativa en cuanto a variedad -fragancias, sabores- y presentaciones -tama\u00f1o, empaque-.<\/p>\n<p>La resoluci\u00f3n 42\/2021 de la Secretar\u00eda de Comercio Interior, publicada hoy en el Bolet\u00edn Oficial, aprob\u00f3 los nuevos modelos de acuerdos con los supermercados mayoristas y minoristas que participan del programa.<\/p>\n<p>La renovaci\u00f3n del Precios Cuidados 2021 tiene como principal objetivo la incorporaci\u00f3n de nuevos productos de primeras y segundas marcas que act\u00faan como referencia para las y los consumidores, as\u00ed como una mayor diversidad de productos elaborados por pymes.<\/p>\n<p>De esta forma, Precios Cuidados ofrece el doble de productos que en enero de 2020, con una canasta compuesta por 660 art\u00edculos de alimentaci\u00f3n, bebidas e higiene personal y limpieza, entre otros rubros.<\/p>\n<p>A la nueva oferta se incorporaron m\u00e1s de 260 productos representativos del consumo de los argentinos.<\/p>\n<p>En lo que respecta a los precios, el aumento promedio para el trimestre ser\u00e1 de 5,6%.<\/p>\n<p>Desde la Secretar\u00eda de Comercio Interior subrayaron que se suman 38 nuevas primeras marcas y productos destacados. La titular del \u00e1rea, Paula Espa\u00f1ol, ofrecer\u00e1 hoy a las 10 una conferencia de prensa en Casa de Gobierno para dar detalles sobre el nuevo listado de Precios Cuidados.<\/p>\n<p>A esto se suma un incremento en la oferta de categor\u00edas de productos, con 13 nuevos rubros, con mayor variedad en marcas, sabores y fragancias de un mismo tipo de art\u00edculo.<\/p>\n<p>A modo de ejemplo, las autoridades adelantaron que se triplicar\u00e1 la oferta de leches larga vida, que pasar\u00e1 de 4 a 12 productos, al tiempo que el rubro l\u00e1cteo en general incrementar\u00e1 su presencia en el programa, al pasar de 58 a 82 art\u00edculos.<\/p>\n<p>Adem\u00e1s, en el nuevo Precios Cuidados se duplicar\u00e1 la cantidad de art\u00edculos esenciales Covid, con un total 59 productos frente a 30 que existen en la actualidad, entre los que se destacan lavandinas, alcoholes en gel, jabones, limpiadores antibacteriales, pa\u00f1os y guantes, entre otros.<\/p>\n<p>Por su parte, la canasta para personas cel\u00edacas alcanzar\u00e1 los 37 productos espec\u00edficos.<\/p>\n<p>Suma ocho nuevos art\u00edculos de premezclas, galletitas y alfajores, adem\u00e1s de los alimentos de Precios Cuidados que no contienen gluten.<\/p>\n<p>Tambi\u00e9n habr\u00e1 m\u00e1s productos de gesti\u00f3n menstrual como protectores diarios (marca Carefree) y toallas higi\u00e9nicas.<\/p>\n<p>Desde el Ministerio de Desarrollo Productivos subrayaron tambi\u00e9n que el nuevo programa duplicar\u00e1 la oferta de frutas y verduras, debido a que contar\u00e1 con dos variedades de frutas y ocho verduras de estaci\u00f3n, con un esquema de renovaci\u00f3n mensual.<\/p>\n<p>En carnes el acuerdo contempla la presencia de cortes populares como espinazo, carne picada, roast beef y tapa de asado.<\/p>\n","protected":false},"excerpt":{"rendered":"<p>La nueva canasta de art\u00edculos del programa Precios Cuidados entr\u00f3 hoy en vigencia y alcanza a 660 productos, el doble de los que tuvo hasta enero del a\u00f1o pasado, con la incorporaci\u00f3n de carnes y m\u00e1s art\u00edculos para cel\u00edacos e higiene femenina.<\/p>\n","protected":false},"author":3,"featured_media":0,"comment_status":"closed","ping_status":"open","sticky":false,"template":"","format":"standard","meta":{"footnotes":""},"categories":[36],"tags":[],"class_list":["post-51165","post","type-post","status-publish","format-standard","hentry","category-economia"],"yoast_head":"<!-- This site is optimized with the Yoast SEO plugin v25.9 - https:\/\/yoast.com\/wordpress\/plugins\/seo\/ -->\n<title>Entra en vigencia la nueva canasta de Precios Cuidados con 660 art\u00edculos. - Noticias Radio Reflejos<\/title>\n<meta name=\"robots\" content=\"index, follow, max-snippet:-1, max-image-preview:large, max-video-preview:-1\" \/>\n<link rel=\"canonical\" href=\"https:\/\/www.noticiasradioreflejos.com.ar\/2021\/entra-en-vigencia-la-nueva-canasta-de-precios-cuidados-con-660-articulos\/\" \/>\n<meta property=\"og:locale\" content=\"es_ES\" \/>\n<meta property=\"og:type\" content=\"article\" \/>\n<meta property=\"og:title\" content=\"Entra en vigencia la nueva canasta de Precios Cuidados con 660 art\u00edculos. - Noticias Radio Reflejos\" \/>\n<meta property=\"og:description\" content=\"La nueva canasta de art\u00edculos del programa Precios Cuidados entr\u00f3 hoy en vigencia y alcanza a 660 productos, el doble de los que tuvo hasta enero del a\u00f1o pasado, con la incorporaci\u00f3n de carnes y m\u00e1s art\u00edculos para cel\u00edacos e higiene femenina.\" \/>\n<meta property=\"og:url\" content=\"https:\/\/www.noticiasradioreflejos.com.ar\/2021\/entra-en-vigencia-la-nueva-canasta-de-precios-cuidados-con-660-articulos\/\" \/>\n<meta property=\"og:site_name\" content=\"Noticias Radio Reflejos\" \/>\n<meta property=\"article:published_time\" content=\"2021-01-12T11:43:46+00:00\" \/>\n<meta property=\"og:image\" content=\"https:\/\/www.noticiasradioreflejos.com.ar\/2021\/wp-content\/uploads\/2021\/07\/logosol300x200.png\" \/>\n\t<meta property=\"og:image:width\" content=\"300\" \/>\n\t<meta property=\"og:image:height\" content=\"200\" \/>\n\t<meta property=\"og:image:type\" content=\"image\/png\" \/>\n<meta name=\"author\" content=\"Arnaldo Botto\" \/>\n<meta name=\"twitter:card\" content=\"summary_large_image\" \/>\n<script type=\"application\/ld+json\" class=\"yoast-schema-graph\">{\"@context\":\"https:\/\/schema.org\",\"@graph\":[{\"@type\":\"WebPage\",\"@id\":\"https:\/\/www.noticiasradioreflejos.com.ar\/2021\/entra-en-vigencia-la-nueva-canasta-de-precios-cuidados-con-660-articulos\/\",\"url\":\"https:\/\/www.noticiasradioreflejos.com.ar\/2021\/entra-en-vigencia-la-nueva-canasta-de-precios-cuidados-con-660-articulos\/\",\"name\":\"Entra en vigencia la nueva canasta de Precios Cuidados con 660 art\u00edculos. - Noticias Radio Reflejos\",\"isPartOf\":{\"@id\":\"https:\/\/www.noticiasradioreflejos.com.ar\/2021\/#website\"},\"datePublished\":\"2021-01-12T11:43:46+00:00\",\"author\":{\"@id\":\"https:\/\/www.noticiasradioreflejos.com.ar\/2021\/#\/schema\/person\/ad82545263dcc5ec0996818884fd5fb1\"},\"breadcrumb\":{\"@id\":\"https:\/\/www.noticiasradioreflejos.com.ar\/2021\/entra-en-vigencia-la-nueva-canasta-de-precios-cuidados-con-660-articulos\/#breadcrumb\"},\"inLanguage\":\"es\",\"potentialAction\":[{\"@type\":\"ReadAction\",\"target\":[\"https:\/\/www.noticiasradioreflejos.com.ar\/2021\/entra-en-vigencia-la-nueva-canasta-de-precios-cuidados-con-660-articulos\/\"]}]},{\"@type\":\"BreadcrumbList\",\"@id\":\"https:\/\/www.noticiasradioreflejos.com.ar\/2021\/entra-en-vigencia-la-nueva-canasta-de-precios-cuidados-con-660-articulos\/#breadcrumb\",\"itemListElement\":[{\"@type\":\"ListItem\",\"position\":1,\"name\":\"Portada\",\"item\":\"https:\/\/www.noticiasradioreflejos.com.ar\/2021\/\"},{\"@type\":\"ListItem\",\"position\":2,\"name\":\"Entra en vigencia la nueva canasta de Precios Cuidados con 660 art\u00edculos.\"}]},{\"@type\":\"WebSite\",\"@id\":\"https:\/\/www.noticiasradioreflejos.com.ar\/2021\/#website\",\"url\":\"https:\/\/www.noticiasradioreflejos.com.ar\/2021\/\",\"name\":\"Noticias Radio Reflejos\",\"description\":\"Las noticias de mi comarca\",\"potentialAction\":[{\"@type\":\"SearchAction\",\"target\":{\"@type\":\"EntryPoint\",\"urlTemplate\":\"https:\/\/www.noticiasradioreflejos.com.ar\/2021\/?s={search_term_string}\"},\"query-input\":{\"@type\":\"PropertyValueSpecification\",\"valueRequired\":true,\"valueName\":\"search_term_string\"}}],\"inLanguage\":\"es\"},{\"@type\":\"Person\",\"@id\":\"https:\/\/www.noticiasradioreflejos.com.ar\/2021\/#\/schema\/person\/ad82545263dcc5ec0996818884fd5fb1\",\"name\":\"Arnaldo Botto\",\"image\":{\"@type\":\"ImageObject\",\"inLanguage\":\"es\",\"@id\":\"https:\/\/www.noticiasradioreflejos.com.ar\/2021\/#\/schema\/person\/image\/\",\"url\":\"https:\/\/secure.gravatar.com\/avatar\/55cb5e37c1efa326397366e6974cb338056df65cb50e7d64d1cf314e87504837?s=96&d=mm&r=g\",\"contentUrl\":\"https:\/\/secure.gravatar.com\/avatar\/55cb5e37c1efa326397366e6974cb338056df65cb50e7d64d1cf314e87504837?s=96&d=mm&r=g\",\"caption\":\"Arnaldo Botto\"},\"url\":\"https:\/\/www.noticiasradioreflejos.com.ar\/2021\/author\/arnaldo\/\"}]}<\/script>\n<!-- \/ Yoast SEO plugin. -->","yoast_head_json":{"title":"Entra en vigencia la nueva canasta de Precios Cuidados con 660 art\u00edculos. - Noticias Radio Reflejos","robots":{"index":"index","follow":"follow","max-snippet":"max-snippet:-1","max-image-preview":"max-image-preview:large","max-video-preview":"max-video-preview:-1"},"canonical":"https:\/\/www.noticiasradioreflejos.com.ar\/2021\/entra-en-vigencia-la-nueva-canasta-de-precios-cuidados-con-660-articulos\/","og_locale":"es_ES","og_type":"article","og_title":"Entra en vigencia la nueva canasta de Precios Cuidados con 660 art\u00edculos. - Noticias Radio Reflejos","og_description":"La nueva canasta de art\u00edculos del programa Precios Cuidados entr\u00f3 hoy en vigencia y alcanza a 660 productos, el doble de los que tuvo hasta enero del a\u00f1o pasado, con la incorporaci\u00f3n de carnes y m\u00e1s art\u00edculos para cel\u00edacos e higiene femenina.","og_url":"https:\/\/www.noticiasradioreflejos.com.ar\/2021\/entra-en-vigencia-la-nueva-canasta-de-precios-cuidados-con-660-articulos\/","og_site_name":"Noticias Radio Reflejos","article_published_time":"2021-01-12T11:43:46+00:00","og_image":[{"width":300,"height":200,"url":"https:\/\/www.noticiasradioreflejos.com.ar\/2021\/wp-content\/uploads\/2021\/07\/logosol300x200.png","type":"image\/png"}],"author":"Arnaldo Botto","twitter_card":"summary_large_image","schema":{"@context":"https:\/\/schema.org","@graph":[{"@type":"WebPage","@id":"https:\/\/www.noticiasradioreflejos.com.ar\/2021\/entra-en-vigencia-la-nueva-canasta-de-precios-cuidados-con-660-articulos\/","url":"https:\/\/www.noticiasradioreflejos.com.ar\/2021\/entra-en-vigencia-la-nueva-canasta-de-precios-cuidados-con-660-articulos\/","name":"Entra en vigencia la nueva canasta de Precios Cuidados con 660 art\u00edculos. - Noticias Radio Reflejos","isPartOf":{"@id":"https:\/\/www.noticiasradioreflejos.com.ar\/2021\/#website"},"datePublished":"2021-01-12T11:43:46+00:00","author":{"@id":"https:\/\/www.noticiasradioreflejos.com.ar\/2021\/#\/schema\/person\/ad82545263dcc5ec0996818884fd5fb1"},"breadcrumb":{"@id":"https:\/\/www.noticiasradioreflejos.com.ar\/2021\/entra-en-vigencia-la-nueva-canasta-de-precios-cuidados-con-660-articulos\/#breadcrumb"},"inLanguage":"es","potentialAction":[{"@type":"ReadAction","target":["https:\/\/www.noticiasradioreflejos.com.ar\/2021\/entra-en-vigencia-la-nueva-canasta-de-precios-cuidados-con-660-articulos\/"]}]},{"@type":"BreadcrumbList","@id":"https:\/\/www.noticiasradioreflejos.com.ar\/2021\/entra-en-vigencia-la-nueva-canasta-de-precios-cuidados-con-660-articulos\/#breadcrumb","itemListElement":[{"@type":"ListItem","position":1,"name":"Portada","item":"https:\/\/www.noticiasradioreflejos.com.ar\/2021\/"},{"@type":"ListItem","position":2,"name":"Entra en vigencia la nueva canasta de Precios Cuidados con 660 art\u00edculos."}]},{"@type":"WebSite","@id":"https:\/\/www.noticiasradioreflejos.com.ar\/2021\/#website","url":"https:\/\/www.noticiasradioreflejos.com.ar\/2021\/","name":"Noticias Radio Reflejos","description":"Las noticias de mi comarca","potentialAction":[{"@type":"SearchAction","target":{"@type":"EntryPoint","urlTemplate":"https:\/\/www.noticiasradioreflejos.com.ar\/2021\/?s={search_term_string}"},"query-input":{"@type":"PropertyValueSpecification","valueRequired":true,"valueName":"search_term_string"}}],"inLanguage":"es"},{"@type":"Person","@id":"https:\/\/www.noticiasradioreflejos.com.ar\/2021\/#\/schema\/person\/ad82545263dcc5ec0996818884fd5fb1","name":"Arnaldo Botto","image":{"@type":"ImageObject","inLanguage":"es","@id":"https:\/\/www.noticiasradioreflejos.com.ar\/2021\/#\/schema\/person\/image\/","url":"https:\/\/secure.gravatar.com\/avatar\/55cb5e37c1efa326397366e6974cb338056df65cb50e7d64d1cf314e87504837?s=96&d=mm&r=g","contentUrl":"https:\/\/secure.gravatar.com\/avatar\/55cb5e37c1efa326397366e6974cb338056df65cb50e7d64d1cf314e87504837?s=96&d=mm&r=g","caption":"Arnaldo Botto"},"url":"https:\/\/www.noticiasradioreflejos.com.ar\/2021\/author\/arnaldo\/"}]}},"_links":{"self":[{"href":"https:\/\/www.noticiasradioreflejos.com.ar\/2021\/wp-json\/wp\/v2\/posts\/51165","targetHints":{"allow":["GET"]}}],"collection":[{"href":"https:\/\/www.noticiasradioreflejos.com.ar\/2021\/wp-json\/wp\/v2\/posts"}],"about":[{"href":"https:\/\/www.noticiasradioreflejos.com.ar\/2021\/wp-json\/wp\/v2\/types\/post"}],"author":[{"embeddable":true,"href":"https:\/\/www.noticiasradioreflejos.com.ar\/2021\/wp-json\/wp\/v2\/users\/3"}],"replies":[{"embeddable":true,"href":"https:\/\/www.noticiasradioreflejos.com.ar\/2021\/wp-json\/wp\/v2\/comments?post=51165"}],"version-history":[{"count":0,"href":"https:\/\/www.noticiasradioreflejos.com.ar\/2021\/wp-json\/wp\/v2\/posts\/51165\/revisions"}],"wp:attachment":[{"href":"https:\/\/www.noticiasradioreflejos.com.ar\/2021\/wp-json\/wp\/v2\/media?parent=51165"}],"wp:term":[{"taxonomy":"category","embeddable":true,"href":"https:\/\/www.noticiasradioreflejos.com.ar\/2021\/wp-json\/wp\/v2\/categories?post=51165"},{"taxonomy":"post_tag","embeddable":true,"href":"https:\/\/www.noticiasradioreflejos.com.ar\/2021\/wp-json\/wp\/v2\/tags?post=51165"}],"curies":[{"name":"wp","href":"https:\/\/api.w.org\/{rel}","templated":true}]}}