{"id":51160,"date":"2021-01-12T08:15:41","date_gmt":"2021-01-12T11:15:41","guid":{"rendered":"http:\/\/www.noticiasradioreflejos.com.ar\/noticias\/?p=51160"},"modified":"2021-01-12T08:15:41","modified_gmt":"2021-01-12T11:15:41","slug":"kicillof-se-reune-con-intendentes-de-la-costa-en-mar-chiquita-para-analizar-situacion-epidemiologica","status":"publish","type":"post","link":"https:\/\/www.noticiasradioreflejos.com.ar\/2021\/kicillof-se-reune-con-intendentes-de-la-costa-en-mar-chiquita-para-analizar-situacion-epidemiologica\/","title":{"rendered":"Kicillof se re\u00fane con intendentes de la Costa en Mar Chiquita para analizar situaci\u00f3n epidemiol\u00f3gica"},"content":{"rendered":"<p>El gobernador de Buenos Aires, Axel Kicillof, mantendr\u00e1 hoy una reuni\u00f3n con intendentes bonaerenses en Mar Chiquita para analizar la situaci\u00f3n epidemiol\u00f3gica y la aplicaci\u00f3n de las nuevas medidas dispuestas para frenar los contagios de coronavirus.<!--more--><br \/>\nEl mandatario encabezar\u00e1 el encuentro con los jefes comunales de los municipios tur\u00edsticos en el que analizar\u00e1n la cantidad de casos de coronavirus, la ocupaci\u00f3n de camas en cada distrito y el modo en que se est\u00e1n aplicando las restricciones dispuestas el \u00faltimo fin de semana.<\/p>\n<p>Seg\u00fan informaron fuentes oficiales, tras esa reuni\u00f3n, Kicillof brindar\u00e1 a las 12.30 una conferencia de prensa en el Centro Cultural Santa Clara del Mar, junto al jefe de Gabinete, Carlos Bianco, y a los ministros de Salud, Daniel Gollan, y de Producci\u00f3n, Augusto Costa, en la que dar\u00e1n cuenta de la situaci\u00f3n sanitaria en territorio bonaerense.<\/p>\n","protected":false},"excerpt":{"rendered":"<p>El gobernador de Buenos Aires, Axel Kicillof, mantendr\u00e1 hoy una reuni\u00f3n con intendentes bonaerenses en Mar Chiquita para analizar la situaci\u00f3n epidemiol\u00f3gica y la aplicaci\u00f3n de las nuevas medidas dispuestas para frenar los contagios de coronavirus.<\/p>\n","protected":false},"author":3,"featured_media":0,"comment_status":"closed","ping_status":"open","sticky":false,"template":"","format":"standard","meta":{"footnotes":""},"categories":[24],"tags":[],"class_list":["post-51160","post","type-post","status-publish","format-standard","hentry","category-politica"],"yoast_head":"<!-- This site is optimized with the Yoast SEO plugin v25.9 - https:\/\/yoast.com\/wordpress\/plugins\/seo\/ -->\n<title>Kicillof se re\u00fane con intendentes de la Costa en Mar Chiquita para analizar situaci\u00f3n epidemiol\u00f3gica - Noticias Radio Reflejos<\/title>\n<meta name=\"robots\" content=\"index, follow, max-snippet:-1, max-image-preview:large, max-video-preview:-1\" \/>\n<link rel=\"canonical\" href=\"https:\/\/www.noticiasradioreflejos.com.ar\/2021\/kicillof-se-reune-con-intendentes-de-la-costa-en-mar-chiquita-para-analizar-situacion-epidemiologica\/\" \/>\n<meta property=\"og:locale\" content=\"es_ES\" \/>\n<meta property=\"og:type\" content=\"article\" \/>\n<meta property=\"og:title\" content=\"Kicillof se re\u00fane con intendentes de la Costa en Mar Chiquita para analizar situaci\u00f3n epidemiol\u00f3gica - Noticias Radio Reflejos\" \/>\n<meta property=\"og:description\" content=\"El gobernador de Buenos Aires, Axel Kicillof, mantendr\u00e1 hoy una reuni\u00f3n con intendentes bonaerenses en Mar Chiquita para analizar la situaci\u00f3n epidemiol\u00f3gica y la aplicaci\u00f3n de las nuevas medidas dispuestas para frenar los contagios de coronavirus.\" \/>\n<meta property=\"og:url\" content=\"https:\/\/www.noticiasradioreflejos.com.ar\/2021\/kicillof-se-reune-con-intendentes-de-la-costa-en-mar-chiquita-para-analizar-situacion-epidemiologica\/\" \/>\n<meta property=\"og:site_name\" content=\"Noticias Radio Reflejos\" \/>\n<meta property=\"article:published_time\" content=\"2021-01-12T11:15:41+00:00\" \/>\n<meta property=\"og:image\" content=\"https:\/\/www.noticiasradioreflejos.com.ar\/2021\/wp-content\/uploads\/2021\/07\/logosol300x200.png\" \/>\n\t<meta property=\"og:image:width\" content=\"300\" \/>\n\t<meta property=\"og:image:height\" content=\"200\" \/>\n\t<meta property=\"og:image:type\" content=\"image\/png\" \/>\n<meta name=\"author\" content=\"Arnaldo Botto\" \/>\n<meta name=\"twitter:card\" content=\"summary_large_image\" \/>\n<script type=\"application\/ld+json\" class=\"yoast-schema-graph\">{\"@context\":\"https:\/\/schema.org\",\"@graph\":[{\"@type\":\"WebPage\",\"@id\":\"https:\/\/www.noticiasradioreflejos.com.ar\/2021\/kicillof-se-reune-con-intendentes-de-la-costa-en-mar-chiquita-para-analizar-situacion-epidemiologica\/\",\"url\":\"https:\/\/www.noticiasradioreflejos.com.ar\/2021\/kicillof-se-reune-con-intendentes-de-la-costa-en-mar-chiquita-para-analizar-situacion-epidemiologica\/\",\"name\":\"Kicillof se re\u00fane con intendentes de la Costa en Mar Chiquita para analizar situaci\u00f3n epidemiol\u00f3gica - Noticias Radio Reflejos\",\"isPartOf\":{\"@id\":\"https:\/\/www.noticiasradioreflejos.com.ar\/2021\/#website\"},\"datePublished\":\"2021-01-12T11:15:41+00:00\",\"author\":{\"@id\":\"https:\/\/www.noticiasradioreflejos.com.ar\/2021\/#\/schema\/person\/ad82545263dcc5ec0996818884fd5fb1\"},\"breadcrumb\":{\"@id\":\"https:\/\/www.noticiasradioreflejos.com.ar\/2021\/kicillof-se-reune-con-intendentes-de-la-costa-en-mar-chiquita-para-analizar-situacion-epidemiologica\/#breadcrumb\"},\"inLanguage\":\"es\",\"potentialAction\":[{\"@type\":\"ReadAction\",\"target\":[\"https:\/\/www.noticiasradioreflejos.com.ar\/2021\/kicillof-se-reune-con-intendentes-de-la-costa-en-mar-chiquita-para-analizar-situacion-epidemiologica\/\"]}]},{\"@type\":\"BreadcrumbList\",\"@id\":\"https:\/\/www.noticiasradioreflejos.com.ar\/2021\/kicillof-se-reune-con-intendentes-de-la-costa-en-mar-chiquita-para-analizar-situacion-epidemiologica\/#breadcrumb\",\"itemListElement\":[{\"@type\":\"ListItem\",\"position\":1,\"name\":\"Portada\",\"item\":\"https:\/\/www.noticiasradioreflejos.com.ar\/2021\/\"},{\"@type\":\"ListItem\",\"position\":2,\"name\":\"Kicillof se re\u00fane con intendentes de la Costa en Mar Chiquita para analizar situaci\u00f3n epidemiol\u00f3gica\"}]},{\"@type\":\"WebSite\",\"@id\":\"https:\/\/www.noticiasradioreflejos.com.ar\/2021\/#website\",\"url\":\"https:\/\/www.noticiasradioreflejos.com.ar\/2021\/\",\"name\":\"Noticias Radio Reflejos\",\"description\":\"Las noticias de mi comarca\",\"potentialAction\":[{\"@type\":\"SearchAction\",\"target\":{\"@type\":\"EntryPoint\",\"urlTemplate\":\"https:\/\/www.noticiasradioreflejos.com.ar\/2021\/?s={search_term_string}\"},\"query-input\":{\"@type\":\"PropertyValueSpecification\",\"valueRequired\":true,\"valueName\":\"search_term_string\"}}],\"inLanguage\":\"es\"},{\"@type\":\"Person\",\"@id\":\"https:\/\/www.noticiasradioreflejos.com.ar\/2021\/#\/schema\/person\/ad82545263dcc5ec0996818884fd5fb1\",\"name\":\"Arnaldo Botto\",\"image\":{\"@type\":\"ImageObject\",\"inLanguage\":\"es\",\"@id\":\"https:\/\/www.noticiasradioreflejos.com.ar\/2021\/#\/schema\/person\/image\/\",\"url\":\"https:\/\/secure.gravatar.com\/avatar\/55cb5e37c1efa326397366e6974cb338056df65cb50e7d64d1cf314e87504837?s=96&d=mm&r=g\",\"contentUrl\":\"https:\/\/secure.gravatar.com\/avatar\/55cb5e37c1efa326397366e6974cb338056df65cb50e7d64d1cf314e87504837?s=96&d=mm&r=g\",\"caption\":\"Arnaldo Botto\"},\"url\":\"https:\/\/www.noticiasradioreflejos.com.ar\/2021\/author\/arnaldo\/\"}]}<\/script>\n<!-- \/ Yoast SEO plugin. -->","yoast_head_json":{"title":"Kicillof se re\u00fane con intendentes de la Costa en Mar Chiquita para analizar situaci\u00f3n epidemiol\u00f3gica - Noticias Radio Reflejos","robots":{"index":"index","follow":"follow","max-snippet":"max-snippet:-1","max-image-preview":"max-image-preview:large","max-video-preview":"max-video-preview:-1"},"canonical":"https:\/\/www.noticiasradioreflejos.com.ar\/2021\/kicillof-se-reune-con-intendentes-de-la-costa-en-mar-chiquita-para-analizar-situacion-epidemiologica\/","og_locale":"es_ES","og_type":"article","og_title":"Kicillof se re\u00fane con intendentes de la Costa en Mar Chiquita para analizar situaci\u00f3n epidemiol\u00f3gica - Noticias Radio Reflejos","og_description":"El gobernador de Buenos Aires, Axel Kicillof, mantendr\u00e1 hoy una reuni\u00f3n con intendentes bonaerenses en Mar Chiquita para analizar la situaci\u00f3n epidemiol\u00f3gica y la aplicaci\u00f3n de las nuevas medidas dispuestas para frenar los contagios de coronavirus.","og_url":"https:\/\/www.noticiasradioreflejos.com.ar\/2021\/kicillof-se-reune-con-intendentes-de-la-costa-en-mar-chiquita-para-analizar-situacion-epidemiologica\/","og_site_name":"Noticias Radio Reflejos","article_published_time":"2021-01-12T11:15:41+00:00","og_image":[{"width":300,"height":200,"url":"https:\/\/www.noticiasradioreflejos.com.ar\/2021\/wp-content\/uploads\/2021\/07\/logosol300x200.png","type":"image\/png"}],"author":"Arnaldo Botto","twitter_card":"summary_large_image","schema":{"@context":"https:\/\/schema.org","@graph":[{"@type":"WebPage","@id":"https:\/\/www.noticiasradioreflejos.com.ar\/2021\/kicillof-se-reune-con-intendentes-de-la-costa-en-mar-chiquita-para-analizar-situacion-epidemiologica\/","url":"https:\/\/www.noticiasradioreflejos.com.ar\/2021\/kicillof-se-reune-con-intendentes-de-la-costa-en-mar-chiquita-para-analizar-situacion-epidemiologica\/","name":"Kicillof se re\u00fane con intendentes de la Costa en Mar Chiquita para analizar situaci\u00f3n epidemiol\u00f3gica - Noticias Radio Reflejos","isPartOf":{"@id":"https:\/\/www.noticiasradioreflejos.com.ar\/2021\/#website"},"datePublished":"2021-01-12T11:15:41+00:00","author":{"@id":"https:\/\/www.noticiasradioreflejos.com.ar\/2021\/#\/schema\/person\/ad82545263dcc5ec0996818884fd5fb1"},"breadcrumb":{"@id":"https:\/\/www.noticiasradioreflejos.com.ar\/2021\/kicillof-se-reune-con-intendentes-de-la-costa-en-mar-chiquita-para-analizar-situacion-epidemiologica\/#breadcrumb"},"inLanguage":"es","potentialAction":[{"@type":"ReadAction","target":["https:\/\/www.noticiasradioreflejos.com.ar\/2021\/kicillof-se-reune-con-intendentes-de-la-costa-en-mar-chiquita-para-analizar-situacion-epidemiologica\/"]}]},{"@type":"BreadcrumbList","@id":"https:\/\/www.noticiasradioreflejos.com.ar\/2021\/kicillof-se-reune-con-intendentes-de-la-costa-en-mar-chiquita-para-analizar-situacion-epidemiologica\/#breadcrumb","itemListElement":[{"@type":"ListItem","position":1,"name":"Portada","item":"https:\/\/www.noticiasradioreflejos.com.ar\/2021\/"},{"@type":"ListItem","position":2,"name":"Kicillof se re\u00fane con intendentes de la Costa en Mar Chiquita para analizar situaci\u00f3n epidemiol\u00f3gica"}]},{"@type":"WebSite","@id":"https:\/\/www.noticiasradioreflejos.com.ar\/2021\/#website","url":"https:\/\/www.noticiasradioreflejos.com.ar\/2021\/","name":"Noticias Radio Reflejos","description":"Las noticias de mi comarca","potentialAction":[{"@type":"SearchAction","target":{"@type":"EntryPoint","urlTemplate":"https:\/\/www.noticiasradioreflejos.com.ar\/2021\/?s={search_term_string}"},"query-input":{"@type":"PropertyValueSpecification","valueRequired":true,"valueName":"search_term_string"}}],"inLanguage":"es"},{"@type":"Person","@id":"https:\/\/www.noticiasradioreflejos.com.ar\/2021\/#\/schema\/person\/ad82545263dcc5ec0996818884fd5fb1","name":"Arnaldo Botto","image":{"@type":"ImageObject","inLanguage":"es","@id":"https:\/\/www.noticiasradioreflejos.com.ar\/2021\/#\/schema\/person\/image\/","url":"https:\/\/secure.gravatar.com\/avatar\/55cb5e37c1efa326397366e6974cb338056df65cb50e7d64d1cf314e87504837?s=96&d=mm&r=g","contentUrl":"https:\/\/secure.gravatar.com\/avatar\/55cb5e37c1efa326397366e6974cb338056df65cb50e7d64d1cf314e87504837?s=96&d=mm&r=g","caption":"Arnaldo Botto"},"url":"https:\/\/www.noticiasradioreflejos.com.ar\/2021\/author\/arnaldo\/"}]}},"_links":{"self":[{"href":"https:\/\/www.noticiasradioreflejos.com.ar\/2021\/wp-json\/wp\/v2\/posts\/51160","targetHints":{"allow":["GET"]}}],"collection":[{"href":"https:\/\/www.noticiasradioreflejos.com.ar\/2021\/wp-json\/wp\/v2\/posts"}],"about":[{"href":"https:\/\/www.noticiasradioreflejos.com.ar\/2021\/wp-json\/wp\/v2\/types\/post"}],"author":[{"embeddable":true,"href":"https:\/\/www.noticiasradioreflejos.com.ar\/2021\/wp-json\/wp\/v2\/users\/3"}],"replies":[{"embeddable":true,"href":"https:\/\/www.noticiasradioreflejos.com.ar\/2021\/wp-json\/wp\/v2\/comments?post=51160"}],"version-history":[{"count":0,"href":"https:\/\/www.noticiasradioreflejos.com.ar\/2021\/wp-json\/wp\/v2\/posts\/51160\/revisions"}],"wp:attachment":[{"href":"https:\/\/www.noticiasradioreflejos.com.ar\/2021\/wp-json\/wp\/v2\/media?parent=51160"}],"wp:term":[{"taxonomy":"category","embeddable":true,"href":"https:\/\/www.noticiasradioreflejos.com.ar\/2021\/wp-json\/wp\/v2\/categories?post=51160"},{"taxonomy":"post_tag","embeddable":true,"href":"https:\/\/www.noticiasradioreflejos.com.ar\/2021\/wp-json\/wp\/v2\/tags?post=51160"}],"curies":[{"name":"wp","href":"https:\/\/api.w.org\/{rel}","templated":true}]}}