{"id":51157,"date":"2021-01-12T08:12:42","date_gmt":"2021-01-12T11:12:42","guid":{"rendered":"http:\/\/www.noticiasradioreflejos.com.ar\/noticias\/?p=51157"},"modified":"2021-01-12T08:12:42","modified_gmt":"2021-01-12T11:12:42","slug":"coronavirus-murio-el-paciente-al-que-ordenaron-suministrarle-dioxido-de-cloro","status":"publish","type":"post","link":"https:\/\/www.noticiasradioreflejos.com.ar\/2021\/coronavirus-murio-el-paciente-al-que-ordenaron-suministrarle-dioxido-de-cloro\/","title":{"rendered":"Coronavirus: muri\u00f3 el paciente al que ordenaron suministrarle di\u00f3xido de cloro"},"content":{"rendered":"<p>Oscar Jorge Garc\u00eda R\u00faa falleci\u00f3 en la tarde del lunes luego de contraer coronavirus. D\u00edas atr\u00e1s, la Justicia Federal hab\u00eda ordenado al Sanatorio Otamendi suministrarle di\u00f3xido de cloro intravenoso, luego de la medida cautelar presentada por la familia del enfermo. A\u00fan no se sabe si el paciente recibi\u00f3 la sustancia antes de su muerte.<!--more--><\/p>\n<p>El fallo caus\u00f3 conmoci\u00f3n entre la comunidad m\u00e9dica porque se trata de una sustancia potencialmente t\u00f3xica, peligrosa para la salud, que no tiene eficacia demostrada en el tratamiento de covid-19 y que no cuenta con la autorizaci\u00f3n de la Anmat.<\/p>\n<p>El juez federal Javier Pico Terrero determin\u00f3 que el paciente Oscar Jorge Garc\u00eda R\u00faa deb\u00eda ser tratado con nebulizaciones de ibuprofeno de sodio y de di\u00f3xido de cloro, indicaci\u00f3n que hab\u00eda dado el neurocirujano personal del hombre, Dante Convert. Fue el hijastro del paciente quien present\u00f3 la medida judicial y pidi\u00f3 una resoluci\u00f3n urgente.<\/p>\n<p>El magistrado consider\u00f3 que la cobertura de los tratamientos indicados \u201cno ocasionar\u00eda un grave perjuicio para la demandada, pero evita, en cambio, el agravamiento de las condiciones de vida de la actora\u201d y por lo tanto hizo lugar a la demanda de los familiares del paciente.<\/p>\n<p>En este sentido, el fallo indic\u00f3 que el Otamend\u00ed debe \u201cgarantizar la implementaci\u00f3n de los tratamientos prescriptos por su m\u00e9dico tratante\u201d.<\/p>\n<p>La ingesta de di\u00f3xido de cloro, una sustancia utilizada como desinfectante de superficies y blanqueador de materiales org\u00e1nicos, ya hab\u00eda sido rechazada por la Asociaci\u00f3n Toxicol\u00f3gica Argentina, la Asociaci\u00f3n Argentina de Medicina Respiratoria, la Sociedad de Toxicolog\u00eda y Ambiente C\u00f3rdoba y la Sociedad Iberoamericana de Salud Ambiental, entre otras.<\/p>\n<p>En un comunicado que emitieron a mediados del a\u00f1o pasado cuando comenz\u00f3 a difundirse su uso desde las redes sociales y portales pseudocient\u00edficos, recordaron que no existe \u00abninguna evidencia cient\u00edfica que apoye su seguridad o eficacia\u00bb y que adem\u00e1s su ingesta puede provocar \u00abcuadros digestivos irritatorios severos\u00bb que pueden desencadenar \u00abtrastornos hematol\u00f3gicos, cardiovasculares y renales\u00bb o neumonitis qu\u00edmica y edema de glotis cuando se aplica a trav\u00e9s de nebulizaciones.<\/p>\n<p>Desde las sociedades cient\u00edficas la indicaci\u00f3n fue taxativa: \u201cRecomendamos NO consumir di\u00f3xido de cloro ni clorito de sodio como tratamiento o profilaxis de la covid-19\u201d. Tambi\u00e9n aclararon que las concentraciones permitidas de di\u00f3xido de cloro para usos relacionados con agua o bebidas \u201cson miles de veces menores a las recomendadas como terap\u00e9uticas o profil\u00e1cticas de la covid-19\u201d.<\/p>\n<p>En agosto, un ni\u00f1o de 5 a\u00f1os de Neuqu\u00e9n muri\u00f3 luego de que sus padres se la suministraran.<\/p>\n<p><strong>Una sustancia c\u00e1ustica sin evidencia cient\u00edfica<\/strong><br \/>\nTras conocerse el fallo, un grupo de personas se concentr\u00f3 en la puerta del Sanatorio Otamendi con pancartas y carteles alusivos a favor del di\u00f3xido de cloro. \u201cDi\u00f3xido de cloro previene\u201d, \u201cDi\u00f3xido de cloro, cura para todos\u201d, \u201cNo es t\u00f3xico, aprueben ya\u201d, fueron algunos de los mensajes.<\/p>\n<p>El fallo sacudi\u00f3 a toda la comunidad cient\u00edfica. \u201cMe preocupa que un juez ordene un tratamiento m\u00e9dico y que adem\u00e1s ese tratamiento no est\u00e9 autorizado por el Ministerio de Salud de la naci\u00f3n, ni por ning\u00fan Ministerio de Salud del mundo, me parece mucho m\u00e1s preocupante\u201d, le dijo a P\u00e1gina\/12 Carlos Damin, jefe de Toxicolog\u00eda del Hospital Fern\u00e1ndez.<\/p>\n<p>El m\u00e9dico explic\u00f3 que muchas veces los fallos judiciales son necesarios cuando una instituci\u00f3n se niega a aplicar un tratamiento porque se trata de un medicamento costoso. \u201cPero de ah\u00ed a que se ordene utilizar algo que no es un medicamento es realmente grave\u201d, remarc\u00f3 el toxic\u00f3logo.<\/p>\n<p>Damin record\u00f3, adem\u00e1s, que el di\u00f3xido de cloro es una sustancia vieja y ya muy conocida, como estudiada. \u00abUn producto industrial que puede resultar muy bueno para lo que se utiliza, pero no como un medicamento\u00bb. \u201cMuchas veces la sociedad le atribuye factores m\u00e1gicos a algunas sustancias, cuando toda la evidencia cient\u00edfica dice lo contrario. No hay evidencia de que sea efectivo como medicamento. Al rev\u00e9s, tenemos evidencia de lo peligroso que es utilizar esta sustancia c\u00e1ustica\u201d, explic\u00f3.<\/p>\n<p>El toxic\u00f3logo explic\u00f3 que el uso de di\u00f3xido de cloro provoca alteraciones digestivas, \u00falceras, gastritis, v\u00f3mitos, diarreas y todo tipo de alteraciones del tracto digestivo. \u201cPor v\u00eda intravenosa, como se indica en este caso, es mucho m\u00e1s grave; es agregar un c\u00e1ustico en sangre\u201d, opin\u00f3<\/p>\n<p>Por \u00faltimo, el m\u00e9dico remarc\u00f3 que el hecho de que un m\u00e9dico recomiende su uso, en este caso el neurocirujano del paciente, \u201ces irresponsable y algo por lo que deber\u00eda dar cuenta\u201d.<br \/>\n<span style=\"color: #0000ff;\"><strong>Por Alejandra Hayon<\/strong><\/span><\/p>\n<p><span style=\"color: #0000ff;\"><strong>P\u00e1gina12<\/strong><\/span><\/p>\n","protected":false},"excerpt":{"rendered":"<p>Oscar Jorge Garc\u00eda R\u00faa falleci\u00f3 en la tarde del lunes luego de contraer coronavirus. D\u00edas atr\u00e1s, la Justicia Federal hab\u00eda ordenado al Sanatorio Otamendi suministrarle di\u00f3xido de cloro intravenoso, luego de la medida cautelar presentada por la familia del enfermo. A\u00fan no se sabe si el paciente recibi\u00f3 la sustancia antes de su muerte.<\/p>\n","protected":false},"author":3,"featured_media":51158,"comment_status":"closed","ping_status":"open","sticky":false,"template":"","format":"standard","meta":{"footnotes":""},"categories":[30],"tags":[],"class_list":["post-51157","post","type-post","status-publish","format-standard","has-post-thumbnail","hentry","category-salud"],"yoast_head":"<!-- This site is optimized with the Yoast SEO plugin v25.9 - https:\/\/yoast.com\/wordpress\/plugins\/seo\/ -->\n<title>Coronavirus: muri\u00f3 el paciente al que ordenaron suministrarle di\u00f3xido de cloro - Noticias Radio Reflejos<\/title>\n<meta name=\"robots\" content=\"index, follow, max-snippet:-1, max-image-preview:large, max-video-preview:-1\" \/>\n<link rel=\"canonical\" href=\"https:\/\/www.noticiasradioreflejos.com.ar\/2021\/coronavirus-murio-el-paciente-al-que-ordenaron-suministrarle-dioxido-de-cloro\/\" \/>\n<meta property=\"og:locale\" content=\"es_ES\" \/>\n<meta property=\"og:type\" content=\"article\" \/>\n<meta property=\"og:title\" content=\"Coronavirus: muri\u00f3 el paciente al que ordenaron suministrarle di\u00f3xido de cloro - Noticias Radio Reflejos\" \/>\n<meta property=\"og:description\" content=\"Oscar Jorge Garc\u00eda R\u00faa falleci\u00f3 en la tarde del lunes luego de contraer coronavirus. D\u00edas atr\u00e1s, la Justicia Federal hab\u00eda ordenado al Sanatorio Otamendi suministrarle di\u00f3xido de cloro intravenoso, luego de la medida cautelar presentada por la familia del enfermo. A\u00fan no se sabe si el paciente recibi\u00f3 la sustancia antes de su muerte.\" \/>\n<meta property=\"og:url\" content=\"https:\/\/www.noticiasradioreflejos.com.ar\/2021\/coronavirus-murio-el-paciente-al-que-ordenaron-suministrarle-dioxido-de-cloro\/\" \/>\n<meta property=\"og:site_name\" content=\"Noticias Radio Reflejos\" \/>\n<meta property=\"article:published_time\" content=\"2021-01-12T11:12:42+00:00\" \/>\n<meta property=\"og:image\" content=\"https:\/\/www.noticiasradioreflejos.com.ar\/2021\/wp-content\/uploads\/2021\/07\/logosol300x200.png\" \/>\n\t<meta property=\"og:image:width\" content=\"300\" \/>\n\t<meta property=\"og:image:height\" content=\"200\" \/>\n\t<meta property=\"og:image:type\" content=\"image\/png\" \/>\n<meta name=\"author\" content=\"Arnaldo Botto\" \/>\n<meta name=\"twitter:card\" content=\"summary_large_image\" \/>\n<script type=\"application\/ld+json\" class=\"yoast-schema-graph\">{\"@context\":\"https:\/\/schema.org\",\"@graph\":[{\"@type\":\"WebPage\",\"@id\":\"https:\/\/www.noticiasradioreflejos.com.ar\/2021\/coronavirus-murio-el-paciente-al-que-ordenaron-suministrarle-dioxido-de-cloro\/\",\"url\":\"https:\/\/www.noticiasradioreflejos.com.ar\/2021\/coronavirus-murio-el-paciente-al-que-ordenaron-suministrarle-dioxido-de-cloro\/\",\"name\":\"Coronavirus: muri\u00f3 el paciente al que ordenaron suministrarle di\u00f3xido de cloro - Noticias Radio Reflejos\",\"isPartOf\":{\"@id\":\"https:\/\/www.noticiasradioreflejos.com.ar\/2021\/#website\"},\"primaryImageOfPage\":{\"@id\":\"https:\/\/www.noticiasradioreflejos.com.ar\/2021\/coronavirus-murio-el-paciente-al-que-ordenaron-suministrarle-dioxido-de-cloro\/#primaryimage\"},\"image\":{\"@id\":\"https:\/\/www.noticiasradioreflejos.com.ar\/2021\/coronavirus-murio-el-paciente-al-que-ordenaron-suministrarle-dioxido-de-cloro\/#primaryimage\"},\"thumbnailUrl\":\"\",\"datePublished\":\"2021-01-12T11:12:42+00:00\",\"author\":{\"@id\":\"https:\/\/www.noticiasradioreflejos.com.ar\/2021\/#\/schema\/person\/ad82545263dcc5ec0996818884fd5fb1\"},\"breadcrumb\":{\"@id\":\"https:\/\/www.noticiasradioreflejos.com.ar\/2021\/coronavirus-murio-el-paciente-al-que-ordenaron-suministrarle-dioxido-de-cloro\/#breadcrumb\"},\"inLanguage\":\"es\",\"potentialAction\":[{\"@type\":\"ReadAction\",\"target\":[\"https:\/\/www.noticiasradioreflejos.com.ar\/2021\/coronavirus-murio-el-paciente-al-que-ordenaron-suministrarle-dioxido-de-cloro\/\"]}]},{\"@type\":\"ImageObject\",\"inLanguage\":\"es\",\"@id\":\"https:\/\/www.noticiasradioreflejos.com.ar\/2021\/coronavirus-murio-el-paciente-al-que-ordenaron-suministrarle-dioxido-de-cloro\/#primaryimage\",\"url\":\"\",\"contentUrl\":\"\"},{\"@type\":\"BreadcrumbList\",\"@id\":\"https:\/\/www.noticiasradioreflejos.com.ar\/2021\/coronavirus-murio-el-paciente-al-que-ordenaron-suministrarle-dioxido-de-cloro\/#breadcrumb\",\"itemListElement\":[{\"@type\":\"ListItem\",\"position\":1,\"name\":\"Portada\",\"item\":\"https:\/\/www.noticiasradioreflejos.com.ar\/2021\/\"},{\"@type\":\"ListItem\",\"position\":2,\"name\":\"Coronavirus: muri\u00f3 el paciente al que ordenaron suministrarle di\u00f3xido de cloro\"}]},{\"@type\":\"WebSite\",\"@id\":\"https:\/\/www.noticiasradioreflejos.com.ar\/2021\/#website\",\"url\":\"https:\/\/www.noticiasradioreflejos.com.ar\/2021\/\",\"name\":\"Noticias Radio Reflejos\",\"description\":\"Las noticias de mi comarca\",\"potentialAction\":[{\"@type\":\"SearchAction\",\"target\":{\"@type\":\"EntryPoint\",\"urlTemplate\":\"https:\/\/www.noticiasradioreflejos.com.ar\/2021\/?s={search_term_string}\"},\"query-input\":{\"@type\":\"PropertyValueSpecification\",\"valueRequired\":true,\"valueName\":\"search_term_string\"}}],\"inLanguage\":\"es\"},{\"@type\":\"Person\",\"@id\":\"https:\/\/www.noticiasradioreflejos.com.ar\/2021\/#\/schema\/person\/ad82545263dcc5ec0996818884fd5fb1\",\"name\":\"Arnaldo Botto\",\"image\":{\"@type\":\"ImageObject\",\"inLanguage\":\"es\",\"@id\":\"https:\/\/www.noticiasradioreflejos.com.ar\/2021\/#\/schema\/person\/image\/\",\"url\":\"https:\/\/secure.gravatar.com\/avatar\/55cb5e37c1efa326397366e6974cb338056df65cb50e7d64d1cf314e87504837?s=96&d=mm&r=g\",\"contentUrl\":\"https:\/\/secure.gravatar.com\/avatar\/55cb5e37c1efa326397366e6974cb338056df65cb50e7d64d1cf314e87504837?s=96&d=mm&r=g\",\"caption\":\"Arnaldo Botto\"},\"url\":\"https:\/\/www.noticiasradioreflejos.com.ar\/2021\/author\/arnaldo\/\"}]}<\/script>\n<!-- \/ Yoast SEO plugin. -->","yoast_head_json":{"title":"Coronavirus: muri\u00f3 el paciente al que ordenaron suministrarle di\u00f3xido de cloro - Noticias Radio Reflejos","robots":{"index":"index","follow":"follow","max-snippet":"max-snippet:-1","max-image-preview":"max-image-preview:large","max-video-preview":"max-video-preview:-1"},"canonical":"https:\/\/www.noticiasradioreflejos.com.ar\/2021\/coronavirus-murio-el-paciente-al-que-ordenaron-suministrarle-dioxido-de-cloro\/","og_locale":"es_ES","og_type":"article","og_title":"Coronavirus: muri\u00f3 el paciente al que ordenaron suministrarle di\u00f3xido de cloro - Noticias Radio Reflejos","og_description":"Oscar Jorge Garc\u00eda R\u00faa falleci\u00f3 en la tarde del lunes luego de contraer coronavirus. D\u00edas atr\u00e1s, la Justicia Federal hab\u00eda ordenado al Sanatorio Otamendi suministrarle di\u00f3xido de cloro intravenoso, luego de la medida cautelar presentada por la familia del enfermo. A\u00fan no se sabe si el paciente recibi\u00f3 la sustancia antes de su muerte.","og_url":"https:\/\/www.noticiasradioreflejos.com.ar\/2021\/coronavirus-murio-el-paciente-al-que-ordenaron-suministrarle-dioxido-de-cloro\/","og_site_name":"Noticias Radio Reflejos","article_published_time":"2021-01-12T11:12:42+00:00","og_image":[{"width":300,"height":200,"url":"https:\/\/www.noticiasradioreflejos.com.ar\/2021\/wp-content\/uploads\/2021\/07\/logosol300x200.png","type":"image\/png"}],"author":"Arnaldo Botto","twitter_card":"summary_large_image","schema":{"@context":"https:\/\/schema.org","@graph":[{"@type":"WebPage","@id":"https:\/\/www.noticiasradioreflejos.com.ar\/2021\/coronavirus-murio-el-paciente-al-que-ordenaron-suministrarle-dioxido-de-cloro\/","url":"https:\/\/www.noticiasradioreflejos.com.ar\/2021\/coronavirus-murio-el-paciente-al-que-ordenaron-suministrarle-dioxido-de-cloro\/","name":"Coronavirus: muri\u00f3 el paciente al que ordenaron suministrarle di\u00f3xido de cloro - Noticias Radio Reflejos","isPartOf":{"@id":"https:\/\/www.noticiasradioreflejos.com.ar\/2021\/#website"},"primaryImageOfPage":{"@id":"https:\/\/www.noticiasradioreflejos.com.ar\/2021\/coronavirus-murio-el-paciente-al-que-ordenaron-suministrarle-dioxido-de-cloro\/#primaryimage"},"image":{"@id":"https:\/\/www.noticiasradioreflejos.com.ar\/2021\/coronavirus-murio-el-paciente-al-que-ordenaron-suministrarle-dioxido-de-cloro\/#primaryimage"},"thumbnailUrl":"","datePublished":"2021-01-12T11:12:42+00:00","author":{"@id":"https:\/\/www.noticiasradioreflejos.com.ar\/2021\/#\/schema\/person\/ad82545263dcc5ec0996818884fd5fb1"},"breadcrumb":{"@id":"https:\/\/www.noticiasradioreflejos.com.ar\/2021\/coronavirus-murio-el-paciente-al-que-ordenaron-suministrarle-dioxido-de-cloro\/#breadcrumb"},"inLanguage":"es","potentialAction":[{"@type":"ReadAction","target":["https:\/\/www.noticiasradioreflejos.com.ar\/2021\/coronavirus-murio-el-paciente-al-que-ordenaron-suministrarle-dioxido-de-cloro\/"]}]},{"@type":"ImageObject","inLanguage":"es","@id":"https:\/\/www.noticiasradioreflejos.com.ar\/2021\/coronavirus-murio-el-paciente-al-que-ordenaron-suministrarle-dioxido-de-cloro\/#primaryimage","url":"","contentUrl":""},{"@type":"BreadcrumbList","@id":"https:\/\/www.noticiasradioreflejos.com.ar\/2021\/coronavirus-murio-el-paciente-al-que-ordenaron-suministrarle-dioxido-de-cloro\/#breadcrumb","itemListElement":[{"@type":"ListItem","position":1,"name":"Portada","item":"https:\/\/www.noticiasradioreflejos.com.ar\/2021\/"},{"@type":"ListItem","position":2,"name":"Coronavirus: muri\u00f3 el paciente al que ordenaron suministrarle di\u00f3xido de cloro"}]},{"@type":"WebSite","@id":"https:\/\/www.noticiasradioreflejos.com.ar\/2021\/#website","url":"https:\/\/www.noticiasradioreflejos.com.ar\/2021\/","name":"Noticias Radio Reflejos","description":"Las noticias de mi comarca","potentialAction":[{"@type":"SearchAction","target":{"@type":"EntryPoint","urlTemplate":"https:\/\/www.noticiasradioreflejos.com.ar\/2021\/?s={search_term_string}"},"query-input":{"@type":"PropertyValueSpecification","valueRequired":true,"valueName":"search_term_string"}}],"inLanguage":"es"},{"@type":"Person","@id":"https:\/\/www.noticiasradioreflejos.com.ar\/2021\/#\/schema\/person\/ad82545263dcc5ec0996818884fd5fb1","name":"Arnaldo Botto","image":{"@type":"ImageObject","inLanguage":"es","@id":"https:\/\/www.noticiasradioreflejos.com.ar\/2021\/#\/schema\/person\/image\/","url":"https:\/\/secure.gravatar.com\/avatar\/55cb5e37c1efa326397366e6974cb338056df65cb50e7d64d1cf314e87504837?s=96&d=mm&r=g","contentUrl":"https:\/\/secure.gravatar.com\/avatar\/55cb5e37c1efa326397366e6974cb338056df65cb50e7d64d1cf314e87504837?s=96&d=mm&r=g","caption":"Arnaldo Botto"},"url":"https:\/\/www.noticiasradioreflejos.com.ar\/2021\/author\/arnaldo\/"}]}},"_links":{"self":[{"href":"https:\/\/www.noticiasradioreflejos.com.ar\/2021\/wp-json\/wp\/v2\/posts\/51157","targetHints":{"allow":["GET"]}}],"collection":[{"href":"https:\/\/www.noticiasradioreflejos.com.ar\/2021\/wp-json\/wp\/v2\/posts"}],"about":[{"href":"https:\/\/www.noticiasradioreflejos.com.ar\/2021\/wp-json\/wp\/v2\/types\/post"}],"author":[{"embeddable":true,"href":"https:\/\/www.noticiasradioreflejos.com.ar\/2021\/wp-json\/wp\/v2\/users\/3"}],"replies":[{"embeddable":true,"href":"https:\/\/www.noticiasradioreflejos.com.ar\/2021\/wp-json\/wp\/v2\/comments?post=51157"}],"version-history":[{"count":0,"href":"https:\/\/www.noticiasradioreflejos.com.ar\/2021\/wp-json\/wp\/v2\/posts\/51157\/revisions"}],"wp:featuredmedia":[{"embeddable":true,"href":"https:\/\/www.noticiasradioreflejos.com.ar\/2021\/wp-json\/"}],"wp:attachment":[{"href":"https:\/\/www.noticiasradioreflejos.com.ar\/2021\/wp-json\/wp\/v2\/media?parent=51157"}],"wp:term":[{"taxonomy":"category","embeddable":true,"href":"https:\/\/www.noticiasradioreflejos.com.ar\/2021\/wp-json\/wp\/v2\/categories?post=51157"},{"taxonomy":"post_tag","embeddable":true,"href":"https:\/\/www.noticiasradioreflejos.com.ar\/2021\/wp-json\/wp\/v2\/tags?post=51157"}],"curies":[{"name":"wp","href":"https:\/\/api.w.org\/{rel}","templated":true}]}}