{"id":51155,"date":"2021-01-12T07:55:07","date_gmt":"2021-01-12T10:55:07","guid":{"rendered":"http:\/\/www.noticiasradioreflejos.com.ar\/noticias\/?p=51155"},"modified":"2021-01-12T07:55:07","modified_gmt":"2021-01-12T10:55:07","slug":"asociacion-de-turismo-camaras-de-comercio-y-otras-instituciones-del-distrito-rechazan-las-restricciones-gubernamentales","status":"publish","type":"post","link":"https:\/\/www.noticiasradioreflejos.com.ar\/2021\/asociacion-de-turismo-camaras-de-comercio-y-otras-instituciones-del-distrito-rechazan-las-restricciones-gubernamentales\/","title":{"rendered":"Asociaci\u00f3n de Turismo, C\u00e1maras de comercio y otras instituciones del distrito rechazan las restricciones gubernamentales."},"content":{"rendered":"<p>La Asociaci\u00f3n para el Desarrollo Tur\u00edstico de la Comarca de Sierras de la Ventana, junto a las instituciones que la componen: <!--more--><\/p>\n<p>(C\u00e1mara de Comercio, Industria y Turismo Ernesto Tornquist; C\u00e1mara de Comercio de Sierra de la Ventana; Villa La Arcadia y Saldungaray; C\u00e1mara de Comercio de Villa Ventana; Asociaci\u00f3n de Prestadores Tur\u00edsticos de Villa Ventana; Asociaci\u00f3n de Turismo Comunitario Saldungaray \u201cATUCOS\u201d; Laguna y Club de Pesca Tornquist; Sociedad de Fomento y Turismo de Villa Serrana La Gruta; representantes del Colegio de Profesionales en Turismo PBA); hace saber a prestadores, autoridades y p\u00fablico en general, que si bien se entiende el fin perseguido que en definitiva es el cuidado de la salud p\u00fablica, no compartimos la forma en que se han planteado las acciones restrictivas de la actividad Comercial y Tur\u00edstica, dictadas por las autoridades entorno al rebrote de Covid-19, ya que entendemos que la g\u00e9nesis de dicho rebrote no tiene vinculaci\u00f3n directa o indirecta con la actividad tur\u00edstica o comercial en este distrito, sino que responde a encuentros masivos de personas que nada tienen que ver con los prestadores, pese a lo cual, este es el segmento que finalmente termina perjudicado, lo que redunda directamente en la ca\u00edda del poder adquisitivo y la p\u00e9rdida de puestos de trabajo, sector que adem\u00e1s viene siendo castigado desde hace unos 9 meses a la fecha. Instamos a las autoridades a que se nos permita ejercer nuestros leg\u00edtimos derechos de libertad, locomoci\u00f3n y trabajo establecidos en nuestra Constituci\u00f3n Nacional.<\/p>\n<p>El cierre de 01 a 06, afecta directamente al sector gastron\u00f3mico y m\u00e1s incisivamente a pubs y cervecer\u00edas, por lo que ser\u00eda imperioso rever esta postura, procurar ampliar el cierre a fin de minimizar efectos perjudiciales sobre la econom\u00eda de esas unidades comerciales. Asimismo los instamos reconocer la importancia de la actividad tur\u00edstica en el entramado econ\u00f3mico de nuestro distrito, la que nosotros consideramos actividad esencial, ya que es la que nos brinda los ingresos necesarios para poder subsistir y dar trabajo, solicit\u00e1ndose por ello poner \u00e9nfasis en el control de las actividades que est\u00e1n agravando el cuadro sanitario, procur\u00e1ndose garantizar la continuidad de la temporada estival con el m\u00ednimo perjuicio al Comercio y al prestador Tur\u00edstico, los que con gran esfuerzo durante el transcurso de esta pandemia, hemos hecho lo necesario para subsistir en principio, mantener los puestos de trabajo y adaptar nuestras unidades de negocio a los protocolos establecidos para minimizar las posibilidades de contagio.<\/p>\n","protected":false},"excerpt":{"rendered":"<p>La Asociaci\u00f3n para el Desarrollo Tur\u00edstico de la Comarca de Sierras de la Ventana, junto a las instituciones que la componen:<\/p>\n","protected":false},"author":3,"featured_media":33609,"comment_status":"closed","ping_status":"open","sticky":false,"template":"","format":"standard","meta":{"footnotes":""},"categories":[26],"tags":[],"class_list":["post-51155","post","type-post","status-publish","format-standard","has-post-thumbnail","hentry","category-sociedad"],"yoast_head":"<!-- This site is optimized with the Yoast SEO plugin v25.9 - https:\/\/yoast.com\/wordpress\/plugins\/seo\/ -->\n<title>Asociaci\u00f3n de Turismo, C\u00e1maras de comercio y otras instituciones del distrito rechazan las restricciones gubernamentales. - Noticias Radio Reflejos<\/title>\n<meta name=\"robots\" content=\"index, follow, max-snippet:-1, max-image-preview:large, max-video-preview:-1\" \/>\n<link rel=\"canonical\" href=\"https:\/\/www.noticiasradioreflejos.com.ar\/2021\/asociacion-de-turismo-camaras-de-comercio-y-otras-instituciones-del-distrito-rechazan-las-restricciones-gubernamentales\/\" \/>\n<meta property=\"og:locale\" content=\"es_ES\" \/>\n<meta property=\"og:type\" content=\"article\" \/>\n<meta property=\"og:title\" content=\"Asociaci\u00f3n de Turismo, C\u00e1maras de comercio y otras instituciones del distrito rechazan las restricciones gubernamentales. - Noticias Radio Reflejos\" \/>\n<meta property=\"og:description\" content=\"La Asociaci\u00f3n para el Desarrollo Tur\u00edstico de la Comarca de Sierras de la Ventana, junto a las instituciones que la componen:\" \/>\n<meta property=\"og:url\" content=\"https:\/\/www.noticiasradioreflejos.com.ar\/2021\/asociacion-de-turismo-camaras-de-comercio-y-otras-instituciones-del-distrito-rechazan-las-restricciones-gubernamentales\/\" \/>\n<meta property=\"og:site_name\" content=\"Noticias Radio Reflejos\" \/>\n<meta property=\"article:published_time\" content=\"2021-01-12T10:55:07+00:00\" \/>\n<meta property=\"og:image\" content=\"https:\/\/www.noticiasradioreflejos.com.ar\/2021\/wp-content\/uploads\/2019\/08\/Comunicado-de-Prensa.jpg\" \/>\n\t<meta property=\"og:image:width\" content=\"1696\" \/>\n\t<meta property=\"og:image:height\" content=\"1061\" \/>\n\t<meta property=\"og:image:type\" content=\"image\/jpeg\" \/>\n<meta name=\"author\" content=\"Arnaldo Botto\" \/>\n<meta name=\"twitter:card\" content=\"summary_large_image\" \/>\n<script type=\"application\/ld+json\" class=\"yoast-schema-graph\">{\"@context\":\"https:\/\/schema.org\",\"@graph\":[{\"@type\":\"WebPage\",\"@id\":\"https:\/\/www.noticiasradioreflejos.com.ar\/2021\/asociacion-de-turismo-camaras-de-comercio-y-otras-instituciones-del-distrito-rechazan-las-restricciones-gubernamentales\/\",\"url\":\"https:\/\/www.noticiasradioreflejos.com.ar\/2021\/asociacion-de-turismo-camaras-de-comercio-y-otras-instituciones-del-distrito-rechazan-las-restricciones-gubernamentales\/\",\"name\":\"Asociaci\u00f3n de Turismo, C\u00e1maras de comercio y otras instituciones del distrito rechazan las restricciones gubernamentales. - Noticias Radio Reflejos\",\"isPartOf\":{\"@id\":\"https:\/\/www.noticiasradioreflejos.com.ar\/2021\/#website\"},\"primaryImageOfPage\":{\"@id\":\"https:\/\/www.noticiasradioreflejos.com.ar\/2021\/asociacion-de-turismo-camaras-de-comercio-y-otras-instituciones-del-distrito-rechazan-las-restricciones-gubernamentales\/#primaryimage\"},\"image\":{\"@id\":\"https:\/\/www.noticiasradioreflejos.com.ar\/2021\/asociacion-de-turismo-camaras-de-comercio-y-otras-instituciones-del-distrito-rechazan-las-restricciones-gubernamentales\/#primaryimage\"},\"thumbnailUrl\":\"https:\/\/www.noticiasradioreflejos.com.ar\/2021\/wp-content\/uploads\/2019\/08\/Comunicado-de-Prensa.jpg\",\"datePublished\":\"2021-01-12T10:55:07+00:00\",\"author\":{\"@id\":\"https:\/\/www.noticiasradioreflejos.com.ar\/2021\/#\/schema\/person\/ad82545263dcc5ec0996818884fd5fb1\"},\"breadcrumb\":{\"@id\":\"https:\/\/www.noticiasradioreflejos.com.ar\/2021\/asociacion-de-turismo-camaras-de-comercio-y-otras-instituciones-del-distrito-rechazan-las-restricciones-gubernamentales\/#breadcrumb\"},\"inLanguage\":\"es\",\"potentialAction\":[{\"@type\":\"ReadAction\",\"target\":[\"https:\/\/www.noticiasradioreflejos.com.ar\/2021\/asociacion-de-turismo-camaras-de-comercio-y-otras-instituciones-del-distrito-rechazan-las-restricciones-gubernamentales\/\"]}]},{\"@type\":\"ImageObject\",\"inLanguage\":\"es\",\"@id\":\"https:\/\/www.noticiasradioreflejos.com.ar\/2021\/asociacion-de-turismo-camaras-de-comercio-y-otras-instituciones-del-distrito-rechazan-las-restricciones-gubernamentales\/#primaryimage\",\"url\":\"https:\/\/www.noticiasradioreflejos.com.ar\/2021\/wp-content\/uploads\/2019\/08\/Comunicado-de-Prensa.jpg\",\"contentUrl\":\"https:\/\/www.noticiasradioreflejos.com.ar\/2021\/wp-content\/uploads\/2019\/08\/Comunicado-de-Prensa.jpg\",\"width\":1696,\"height\":1061},{\"@type\":\"BreadcrumbList\",\"@id\":\"https:\/\/www.noticiasradioreflejos.com.ar\/2021\/asociacion-de-turismo-camaras-de-comercio-y-otras-instituciones-del-distrito-rechazan-las-restricciones-gubernamentales\/#breadcrumb\",\"itemListElement\":[{\"@type\":\"ListItem\",\"position\":1,\"name\":\"Portada\",\"item\":\"https:\/\/www.noticiasradioreflejos.com.ar\/2021\/\"},{\"@type\":\"ListItem\",\"position\":2,\"name\":\"Asociaci\u00f3n de Turismo, C\u00e1maras de comercio y otras instituciones del distrito rechazan las restricciones gubernamentales.\"}]},{\"@type\":\"WebSite\",\"@id\":\"https:\/\/www.noticiasradioreflejos.com.ar\/2021\/#website\",\"url\":\"https:\/\/www.noticiasradioreflejos.com.ar\/2021\/\",\"name\":\"Noticias Radio Reflejos\",\"description\":\"Las noticias de mi comarca\",\"potentialAction\":[{\"@type\":\"SearchAction\",\"target\":{\"@type\":\"EntryPoint\",\"urlTemplate\":\"https:\/\/www.noticiasradioreflejos.com.ar\/2021\/?s={search_term_string}\"},\"query-input\":{\"@type\":\"PropertyValueSpecification\",\"valueRequired\":true,\"valueName\":\"search_term_string\"}}],\"inLanguage\":\"es\"},{\"@type\":\"Person\",\"@id\":\"https:\/\/www.noticiasradioreflejos.com.ar\/2021\/#\/schema\/person\/ad82545263dcc5ec0996818884fd5fb1\",\"name\":\"Arnaldo Botto\",\"image\":{\"@type\":\"ImageObject\",\"inLanguage\":\"es\",\"@id\":\"https:\/\/www.noticiasradioreflejos.com.ar\/2021\/#\/schema\/person\/image\/\",\"url\":\"https:\/\/secure.gravatar.com\/avatar\/55cb5e37c1efa326397366e6974cb338056df65cb50e7d64d1cf314e87504837?s=96&d=mm&r=g\",\"contentUrl\":\"https:\/\/secure.gravatar.com\/avatar\/55cb5e37c1efa326397366e6974cb338056df65cb50e7d64d1cf314e87504837?s=96&d=mm&r=g\",\"caption\":\"Arnaldo Botto\"},\"url\":\"https:\/\/www.noticiasradioreflejos.com.ar\/2021\/author\/arnaldo\/\"}]}<\/script>\n<!-- \/ Yoast SEO plugin. -->","yoast_head_json":{"title":"Asociaci\u00f3n de Turismo, C\u00e1maras de comercio y otras instituciones del distrito rechazan las restricciones gubernamentales. - Noticias Radio Reflejos","robots":{"index":"index","follow":"follow","max-snippet":"max-snippet:-1","max-image-preview":"max-image-preview:large","max-video-preview":"max-video-preview:-1"},"canonical":"https:\/\/www.noticiasradioreflejos.com.ar\/2021\/asociacion-de-turismo-camaras-de-comercio-y-otras-instituciones-del-distrito-rechazan-las-restricciones-gubernamentales\/","og_locale":"es_ES","og_type":"article","og_title":"Asociaci\u00f3n de Turismo, C\u00e1maras de comercio y otras instituciones del distrito rechazan las restricciones gubernamentales. - Noticias Radio Reflejos","og_description":"La Asociaci\u00f3n para el Desarrollo Tur\u00edstico de la Comarca de Sierras de la Ventana, junto a las instituciones que la componen:","og_url":"https:\/\/www.noticiasradioreflejos.com.ar\/2021\/asociacion-de-turismo-camaras-de-comercio-y-otras-instituciones-del-distrito-rechazan-las-restricciones-gubernamentales\/","og_site_name":"Noticias Radio Reflejos","article_published_time":"2021-01-12T10:55:07+00:00","og_image":[{"width":1696,"height":1061,"url":"https:\/\/www.noticiasradioreflejos.com.ar\/2021\/wp-content\/uploads\/2019\/08\/Comunicado-de-Prensa.jpg","type":"image\/jpeg"}],"author":"Arnaldo Botto","twitter_card":"summary_large_image","schema":{"@context":"https:\/\/schema.org","@graph":[{"@type":"WebPage","@id":"https:\/\/www.noticiasradioreflejos.com.ar\/2021\/asociacion-de-turismo-camaras-de-comercio-y-otras-instituciones-del-distrito-rechazan-las-restricciones-gubernamentales\/","url":"https:\/\/www.noticiasradioreflejos.com.ar\/2021\/asociacion-de-turismo-camaras-de-comercio-y-otras-instituciones-del-distrito-rechazan-las-restricciones-gubernamentales\/","name":"Asociaci\u00f3n de Turismo, C\u00e1maras de comercio y otras instituciones del distrito rechazan las restricciones gubernamentales. - Noticias Radio Reflejos","isPartOf":{"@id":"https:\/\/www.noticiasradioreflejos.com.ar\/2021\/#website"},"primaryImageOfPage":{"@id":"https:\/\/www.noticiasradioreflejos.com.ar\/2021\/asociacion-de-turismo-camaras-de-comercio-y-otras-instituciones-del-distrito-rechazan-las-restricciones-gubernamentales\/#primaryimage"},"image":{"@id":"https:\/\/www.noticiasradioreflejos.com.ar\/2021\/asociacion-de-turismo-camaras-de-comercio-y-otras-instituciones-del-distrito-rechazan-las-restricciones-gubernamentales\/#primaryimage"},"thumbnailUrl":"https:\/\/www.noticiasradioreflejos.com.ar\/2021\/wp-content\/uploads\/2019\/08\/Comunicado-de-Prensa.jpg","datePublished":"2021-01-12T10:55:07+00:00","author":{"@id":"https:\/\/www.noticiasradioreflejos.com.ar\/2021\/#\/schema\/person\/ad82545263dcc5ec0996818884fd5fb1"},"breadcrumb":{"@id":"https:\/\/www.noticiasradioreflejos.com.ar\/2021\/asociacion-de-turismo-camaras-de-comercio-y-otras-instituciones-del-distrito-rechazan-las-restricciones-gubernamentales\/#breadcrumb"},"inLanguage":"es","potentialAction":[{"@type":"ReadAction","target":["https:\/\/www.noticiasradioreflejos.com.ar\/2021\/asociacion-de-turismo-camaras-de-comercio-y-otras-instituciones-del-distrito-rechazan-las-restricciones-gubernamentales\/"]}]},{"@type":"ImageObject","inLanguage":"es","@id":"https:\/\/www.noticiasradioreflejos.com.ar\/2021\/asociacion-de-turismo-camaras-de-comercio-y-otras-instituciones-del-distrito-rechazan-las-restricciones-gubernamentales\/#primaryimage","url":"https:\/\/www.noticiasradioreflejos.com.ar\/2021\/wp-content\/uploads\/2019\/08\/Comunicado-de-Prensa.jpg","contentUrl":"https:\/\/www.noticiasradioreflejos.com.ar\/2021\/wp-content\/uploads\/2019\/08\/Comunicado-de-Prensa.jpg","width":1696,"height":1061},{"@type":"BreadcrumbList","@id":"https:\/\/www.noticiasradioreflejos.com.ar\/2021\/asociacion-de-turismo-camaras-de-comercio-y-otras-instituciones-del-distrito-rechazan-las-restricciones-gubernamentales\/#breadcrumb","itemListElement":[{"@type":"ListItem","position":1,"name":"Portada","item":"https:\/\/www.noticiasradioreflejos.com.ar\/2021\/"},{"@type":"ListItem","position":2,"name":"Asociaci\u00f3n de Turismo, C\u00e1maras de comercio y otras instituciones del distrito rechazan las restricciones gubernamentales."}]},{"@type":"WebSite","@id":"https:\/\/www.noticiasradioreflejos.com.ar\/2021\/#website","url":"https:\/\/www.noticiasradioreflejos.com.ar\/2021\/","name":"Noticias Radio Reflejos","description":"Las noticias de mi comarca","potentialAction":[{"@type":"SearchAction","target":{"@type":"EntryPoint","urlTemplate":"https:\/\/www.noticiasradioreflejos.com.ar\/2021\/?s={search_term_string}"},"query-input":{"@type":"PropertyValueSpecification","valueRequired":true,"valueName":"search_term_string"}}],"inLanguage":"es"},{"@type":"Person","@id":"https:\/\/www.noticiasradioreflejos.com.ar\/2021\/#\/schema\/person\/ad82545263dcc5ec0996818884fd5fb1","name":"Arnaldo Botto","image":{"@type":"ImageObject","inLanguage":"es","@id":"https:\/\/www.noticiasradioreflejos.com.ar\/2021\/#\/schema\/person\/image\/","url":"https:\/\/secure.gravatar.com\/avatar\/55cb5e37c1efa326397366e6974cb338056df65cb50e7d64d1cf314e87504837?s=96&d=mm&r=g","contentUrl":"https:\/\/secure.gravatar.com\/avatar\/55cb5e37c1efa326397366e6974cb338056df65cb50e7d64d1cf314e87504837?s=96&d=mm&r=g","caption":"Arnaldo Botto"},"url":"https:\/\/www.noticiasradioreflejos.com.ar\/2021\/author\/arnaldo\/"}]}},"_links":{"self":[{"href":"https:\/\/www.noticiasradioreflejos.com.ar\/2021\/wp-json\/wp\/v2\/posts\/51155","targetHints":{"allow":["GET"]}}],"collection":[{"href":"https:\/\/www.noticiasradioreflejos.com.ar\/2021\/wp-json\/wp\/v2\/posts"}],"about":[{"href":"https:\/\/www.noticiasradioreflejos.com.ar\/2021\/wp-json\/wp\/v2\/types\/post"}],"author":[{"embeddable":true,"href":"https:\/\/www.noticiasradioreflejos.com.ar\/2021\/wp-json\/wp\/v2\/users\/3"}],"replies":[{"embeddable":true,"href":"https:\/\/www.noticiasradioreflejos.com.ar\/2021\/wp-json\/wp\/v2\/comments?post=51155"}],"version-history":[{"count":0,"href":"https:\/\/www.noticiasradioreflejos.com.ar\/2021\/wp-json\/wp\/v2\/posts\/51155\/revisions"}],"wp:featuredmedia":[{"embeddable":true,"href":"https:\/\/www.noticiasradioreflejos.com.ar\/2021\/wp-json\/wp\/v2\/media\/33609"}],"wp:attachment":[{"href":"https:\/\/www.noticiasradioreflejos.com.ar\/2021\/wp-json\/wp\/v2\/media?parent=51155"}],"wp:term":[{"taxonomy":"category","embeddable":true,"href":"https:\/\/www.noticiasradioreflejos.com.ar\/2021\/wp-json\/wp\/v2\/categories?post=51155"},{"taxonomy":"post_tag","embeddable":true,"href":"https:\/\/www.noticiasradioreflejos.com.ar\/2021\/wp-json\/wp\/v2\/tags?post=51155"}],"curies":[{"name":"wp","href":"https:\/\/api.w.org\/{rel}","templated":true}]}}