{"id":51149,"date":"2021-01-11T17:16:20","date_gmt":"2021-01-11T20:16:20","guid":{"rendered":"http:\/\/www.noticiasradioreflejos.com.ar\/noticias\/?p=51149"},"modified":"2021-01-11T17:16:20","modified_gmt":"2021-01-11T20:16:20","slug":"no-se-limita-la-circulacion-pero-si-el-horario-comercial-ezequiel-gabella","status":"publish","type":"post","link":"https:\/\/www.noticiasradioreflejos.com.ar\/2021\/no-se-limita-la-circulacion-pero-si-el-horario-comercial-ezequiel-gabella\/","title":{"rendered":"\u201cNo se limita la circulaci\u00f3n, pero s\u00ed el horario comercial\u201d &#8211; Ezequiel Gabella"},"content":{"rendered":"<p>El Secretario de Seguridad y Gobierno de Tornquist Municipio se refiri\u00f3 a las nuevas medidas restrictivas dispuestas por el Gobierno Nacional ante la suba de casos de Covid-19.<!--more--><br \/>\nEste martes se llevar\u00e1 a cabo una nueva reuni\u00f3n convocada por el Gobernador de la Provincia de Buenos Aires, Axel Kicillof, hacia intendentes de distintas localidades en donde se pedir\u00e1 reforzar los controles.<\/p>\n<p>En dialogo con este medio, el Secretario de Seguridad y Gobierno, Ezequiel Gabella, brind\u00f3 detalles sobre el alcance de las medidas en nuestro distrito.<\/p>\n<p>Ante la inminente suba de casos y el auge de las fiestas clandestinas, Naci\u00f3n y Provincia han determinado que se deja por fuera del margen de acci\u00f3n a las intendencias y, bajo el Decreto nacional y la Resoluci\u00f3n provincial, las medidas con respeto a la restricci\u00f3n horaria nocturna deben ser acatadas en nuestro distrito.<\/p>\n<p>Aclarando que \u201cno se limita la circulaci\u00f3n, pero s\u00ed el horario comercial\u201d, Gabella afirma que \u201cdurante esta semana se va a analizar la situaci\u00f3n local, aunque el comunicado aclara su adhesi\u00f3n a la normativa\u201d.<\/p>\n<p>A partir de la 1 hasta las 6 hs se encontrar\u00e1 restringida toda actividad comercial. La situaci\u00f3n excede al movimiento interno de cada localidad, ya que es casi una obligaci\u00f3n prestar atenci\u00f3n a la situaci\u00f3n epidemiol\u00f3gica de la ciudad de Bah\u00eda Blanca y Coronel Suarez dado que, en el caso de que se complique la cuesti\u00f3n sanitaria y alg\u00fan vecino necesite atenci\u00f3n m\u00e9dica, \u00e9ste tendr\u00e1 que ser trasladado a las urbes pr\u00f3ximas.<\/p>\n<p>\u201cEn Bah\u00eda Blanca pude observar el fin de semana que, entrada a la noche, el mismo intendente estaba buscando una cama disponible para una persona que hab\u00eda sido de alta y tuvo complicaciones\u201d, afirm\u00f3.<\/p>\n<p>Con respecto a la circulaci\u00f3n y el decreto pr\u00f3ximo a salir, el Secretario de Seguridad y Gobierno adelanta que \u201clas juntadas en el \u00e1mbito familiar pueden ser llevadas a cabo al aire libre con un total de 10 personas sin inconveniente horario, pero que la medida apunta a evitar fiestas clandestinas y grandes conglomerados de personas en cervecer\u00edas y pubs\u201d.<\/p>\n<p>No se descarta, en tanto, que la situaci\u00f3n logre alcanzar una estabilidad si se llega a dar una \u201cmeseta\u201d de contagios y que, \u201cpuertas para adentro se logre dialogar con los due\u00f1os de las actividades restringidas para una posible apertura\u201d. La medida, que al momento es distrital, no repercute en la temporada de verano 20-21, en donde se invita a la gente a vacacionar en las distintas localidades y no cancelar sus reservas.<\/p>\n<p>\u201cEs momento m\u00e1s que nunca de pedir la colaboraci\u00f3n de la gente, cuidando la salud de los vecinos y de la actividad econ\u00f3mica. La gente de Sierra y Villa est\u00e1 muy contenta con la temporada que est\u00e1n teniendo\u201d, concluy\u00f3.<\/p>\n<p><iframe loading=\"lazy\" src=\"https:\/\/w.soundcloud.com\/player\/?url=https%3A\/\/api.soundcloud.com\/tracks\/963717583&amp;color=%23ff5500&amp;auto_play=false&amp;hide_related=false&amp;show_comments=true&amp;show_user=true&amp;show_reposts=false&amp;show_teaser=true&amp;visual=true\" width=\"100%\" height=\"300\" frameborder=\"no\" scrolling=\"no\"><\/iframe><\/p>\n<div style=\"font-size: 10px; color: #cccccc; line-break: anywhere; word-break: normal; overflow: hidden; white-space: nowrap; text-overflow: ellipsis; font-family: Interstate,Lucida Grande,Lucida Sans Unicode,Lucida Sans,Garuda,Verdana,Tahoma,sans-serif; font-weight: 100;\"><a style=\"color: #cccccc; text-decoration: none;\" title=\"fmreflejos 103.7\" href=\"https:\/\/soundcloud.com\/fmreflejos-103-7\" target=\"_blank\" rel=\"noopener\">fmreflejos 103.7<\/a> \u00b7 <a style=\"color: #cccccc; text-decoration: none;\" title=\"Nota Ezequiel Gabella 11 Enero\" href=\"https:\/\/soundcloud.com\/fmreflejos-103-7\/nota-ezequiel-gabella-11-enero\" target=\"_blank\" rel=\"noopener\">Nota Ezequiel Gabella 11 Enero<\/a><\/div>\n","protected":false},"excerpt":{"rendered":"<p>El Secretario de Seguridad y Gobierno de Tornquist Municipio se refiri\u00f3 a las nuevas medidas restrictivas dispuestas por el Gobierno Nacional ante la suba de casos de Covid-19.<\/p>\n","protected":false},"author":3,"featured_media":0,"comment_status":"closed","ping_status":"open","sticky":false,"template":"","format":"standard","meta":{"footnotes":""},"categories":[28],"tags":[],"class_list":["post-51149","post","type-post","status-publish","format-standard","hentry","category-municipales"],"yoast_head":"<!-- This site is optimized with the Yoast SEO plugin v25.9 - https:\/\/yoast.com\/wordpress\/plugins\/seo\/ -->\n<title>\u201cNo se limita la circulaci\u00f3n, pero s\u00ed el horario comercial\u201d - Ezequiel Gabella - Noticias Radio Reflejos<\/title>\n<meta name=\"robots\" content=\"index, follow, max-snippet:-1, max-image-preview:large, max-video-preview:-1\" \/>\n<link rel=\"canonical\" href=\"https:\/\/www.noticiasradioreflejos.com.ar\/2021\/no-se-limita-la-circulacion-pero-si-el-horario-comercial-ezequiel-gabella\/\" \/>\n<meta property=\"og:locale\" content=\"es_ES\" \/>\n<meta property=\"og:type\" content=\"article\" \/>\n<meta property=\"og:title\" content=\"\u201cNo se limita la circulaci\u00f3n, pero s\u00ed el horario comercial\u201d - Ezequiel Gabella - Noticias Radio Reflejos\" \/>\n<meta property=\"og:description\" content=\"El Secretario de Seguridad y Gobierno de Tornquist Municipio se refiri\u00f3 a las nuevas medidas restrictivas dispuestas por el Gobierno Nacional ante la suba de casos de Covid-19.\" \/>\n<meta property=\"og:url\" content=\"https:\/\/www.noticiasradioreflejos.com.ar\/2021\/no-se-limita-la-circulacion-pero-si-el-horario-comercial-ezequiel-gabella\/\" \/>\n<meta property=\"og:site_name\" content=\"Noticias Radio Reflejos\" \/>\n<meta property=\"article:published_time\" content=\"2021-01-11T20:16:20+00:00\" \/>\n<meta property=\"og:image\" content=\"https:\/\/www.noticiasradioreflejos.com.ar\/2021\/wp-content\/uploads\/2021\/07\/logosol300x200.png\" \/>\n\t<meta property=\"og:image:width\" content=\"300\" \/>\n\t<meta property=\"og:image:height\" content=\"200\" \/>\n\t<meta property=\"og:image:type\" content=\"image\/png\" \/>\n<meta name=\"author\" content=\"Arnaldo Botto\" \/>\n<meta name=\"twitter:card\" content=\"summary_large_image\" \/>\n<script type=\"application\/ld+json\" class=\"yoast-schema-graph\">{\"@context\":\"https:\/\/schema.org\",\"@graph\":[{\"@type\":\"WebPage\",\"@id\":\"https:\/\/www.noticiasradioreflejos.com.ar\/2021\/no-se-limita-la-circulacion-pero-si-el-horario-comercial-ezequiel-gabella\/\",\"url\":\"https:\/\/www.noticiasradioreflejos.com.ar\/2021\/no-se-limita-la-circulacion-pero-si-el-horario-comercial-ezequiel-gabella\/\",\"name\":\"\u201cNo se limita la circulaci\u00f3n, pero s\u00ed el horario comercial\u201d - Ezequiel Gabella - Noticias Radio Reflejos\",\"isPartOf\":{\"@id\":\"https:\/\/www.noticiasradioreflejos.com.ar\/2021\/#website\"},\"datePublished\":\"2021-01-11T20:16:20+00:00\",\"author\":{\"@id\":\"https:\/\/www.noticiasradioreflejos.com.ar\/2021\/#\/schema\/person\/ad82545263dcc5ec0996818884fd5fb1\"},\"breadcrumb\":{\"@id\":\"https:\/\/www.noticiasradioreflejos.com.ar\/2021\/no-se-limita-la-circulacion-pero-si-el-horario-comercial-ezequiel-gabella\/#breadcrumb\"},\"inLanguage\":\"es\",\"potentialAction\":[{\"@type\":\"ReadAction\",\"target\":[\"https:\/\/www.noticiasradioreflejos.com.ar\/2021\/no-se-limita-la-circulacion-pero-si-el-horario-comercial-ezequiel-gabella\/\"]}]},{\"@type\":\"BreadcrumbList\",\"@id\":\"https:\/\/www.noticiasradioreflejos.com.ar\/2021\/no-se-limita-la-circulacion-pero-si-el-horario-comercial-ezequiel-gabella\/#breadcrumb\",\"itemListElement\":[{\"@type\":\"ListItem\",\"position\":1,\"name\":\"Portada\",\"item\":\"https:\/\/www.noticiasradioreflejos.com.ar\/2021\/\"},{\"@type\":\"ListItem\",\"position\":2,\"name\":\"\u201cNo se limita la circulaci\u00f3n, pero s\u00ed el horario comercial\u201d &#8211; Ezequiel Gabella\"}]},{\"@type\":\"WebSite\",\"@id\":\"https:\/\/www.noticiasradioreflejos.com.ar\/2021\/#website\",\"url\":\"https:\/\/www.noticiasradioreflejos.com.ar\/2021\/\",\"name\":\"Noticias Radio Reflejos\",\"description\":\"Las noticias de mi comarca\",\"potentialAction\":[{\"@type\":\"SearchAction\",\"target\":{\"@type\":\"EntryPoint\",\"urlTemplate\":\"https:\/\/www.noticiasradioreflejos.com.ar\/2021\/?s={search_term_string}\"},\"query-input\":{\"@type\":\"PropertyValueSpecification\",\"valueRequired\":true,\"valueName\":\"search_term_string\"}}],\"inLanguage\":\"es\"},{\"@type\":\"Person\",\"@id\":\"https:\/\/www.noticiasradioreflejos.com.ar\/2021\/#\/schema\/person\/ad82545263dcc5ec0996818884fd5fb1\",\"name\":\"Arnaldo Botto\",\"image\":{\"@type\":\"ImageObject\",\"inLanguage\":\"es\",\"@id\":\"https:\/\/www.noticiasradioreflejos.com.ar\/2021\/#\/schema\/person\/image\/\",\"url\":\"https:\/\/secure.gravatar.com\/avatar\/55cb5e37c1efa326397366e6974cb338056df65cb50e7d64d1cf314e87504837?s=96&d=mm&r=g\",\"contentUrl\":\"https:\/\/secure.gravatar.com\/avatar\/55cb5e37c1efa326397366e6974cb338056df65cb50e7d64d1cf314e87504837?s=96&d=mm&r=g\",\"caption\":\"Arnaldo Botto\"},\"url\":\"https:\/\/www.noticiasradioreflejos.com.ar\/2021\/author\/arnaldo\/\"}]}<\/script>\n<!-- \/ Yoast SEO plugin. -->","yoast_head_json":{"title":"\u201cNo se limita la circulaci\u00f3n, pero s\u00ed el horario comercial\u201d - Ezequiel Gabella - Noticias Radio Reflejos","robots":{"index":"index","follow":"follow","max-snippet":"max-snippet:-1","max-image-preview":"max-image-preview:large","max-video-preview":"max-video-preview:-1"},"canonical":"https:\/\/www.noticiasradioreflejos.com.ar\/2021\/no-se-limita-la-circulacion-pero-si-el-horario-comercial-ezequiel-gabella\/","og_locale":"es_ES","og_type":"article","og_title":"\u201cNo se limita la circulaci\u00f3n, pero s\u00ed el horario comercial\u201d - Ezequiel Gabella - Noticias Radio Reflejos","og_description":"El Secretario de Seguridad y Gobierno de Tornquist Municipio se refiri\u00f3 a las nuevas medidas restrictivas dispuestas por el Gobierno Nacional ante la suba de casos de Covid-19.","og_url":"https:\/\/www.noticiasradioreflejos.com.ar\/2021\/no-se-limita-la-circulacion-pero-si-el-horario-comercial-ezequiel-gabella\/","og_site_name":"Noticias Radio Reflejos","article_published_time":"2021-01-11T20:16:20+00:00","og_image":[{"width":300,"height":200,"url":"https:\/\/www.noticiasradioreflejos.com.ar\/2021\/wp-content\/uploads\/2021\/07\/logosol300x200.png","type":"image\/png"}],"author":"Arnaldo Botto","twitter_card":"summary_large_image","schema":{"@context":"https:\/\/schema.org","@graph":[{"@type":"WebPage","@id":"https:\/\/www.noticiasradioreflejos.com.ar\/2021\/no-se-limita-la-circulacion-pero-si-el-horario-comercial-ezequiel-gabella\/","url":"https:\/\/www.noticiasradioreflejos.com.ar\/2021\/no-se-limita-la-circulacion-pero-si-el-horario-comercial-ezequiel-gabella\/","name":"\u201cNo se limita la circulaci\u00f3n, pero s\u00ed el horario comercial\u201d - Ezequiel Gabella - Noticias Radio Reflejos","isPartOf":{"@id":"https:\/\/www.noticiasradioreflejos.com.ar\/2021\/#website"},"datePublished":"2021-01-11T20:16:20+00:00","author":{"@id":"https:\/\/www.noticiasradioreflejos.com.ar\/2021\/#\/schema\/person\/ad82545263dcc5ec0996818884fd5fb1"},"breadcrumb":{"@id":"https:\/\/www.noticiasradioreflejos.com.ar\/2021\/no-se-limita-la-circulacion-pero-si-el-horario-comercial-ezequiel-gabella\/#breadcrumb"},"inLanguage":"es","potentialAction":[{"@type":"ReadAction","target":["https:\/\/www.noticiasradioreflejos.com.ar\/2021\/no-se-limita-la-circulacion-pero-si-el-horario-comercial-ezequiel-gabella\/"]}]},{"@type":"BreadcrumbList","@id":"https:\/\/www.noticiasradioreflejos.com.ar\/2021\/no-se-limita-la-circulacion-pero-si-el-horario-comercial-ezequiel-gabella\/#breadcrumb","itemListElement":[{"@type":"ListItem","position":1,"name":"Portada","item":"https:\/\/www.noticiasradioreflejos.com.ar\/2021\/"},{"@type":"ListItem","position":2,"name":"\u201cNo se limita la circulaci\u00f3n, pero s\u00ed el horario comercial\u201d &#8211; Ezequiel Gabella"}]},{"@type":"WebSite","@id":"https:\/\/www.noticiasradioreflejos.com.ar\/2021\/#website","url":"https:\/\/www.noticiasradioreflejos.com.ar\/2021\/","name":"Noticias Radio Reflejos","description":"Las noticias de mi comarca","potentialAction":[{"@type":"SearchAction","target":{"@type":"EntryPoint","urlTemplate":"https:\/\/www.noticiasradioreflejos.com.ar\/2021\/?s={search_term_string}"},"query-input":{"@type":"PropertyValueSpecification","valueRequired":true,"valueName":"search_term_string"}}],"inLanguage":"es"},{"@type":"Person","@id":"https:\/\/www.noticiasradioreflejos.com.ar\/2021\/#\/schema\/person\/ad82545263dcc5ec0996818884fd5fb1","name":"Arnaldo Botto","image":{"@type":"ImageObject","inLanguage":"es","@id":"https:\/\/www.noticiasradioreflejos.com.ar\/2021\/#\/schema\/person\/image\/","url":"https:\/\/secure.gravatar.com\/avatar\/55cb5e37c1efa326397366e6974cb338056df65cb50e7d64d1cf314e87504837?s=96&d=mm&r=g","contentUrl":"https:\/\/secure.gravatar.com\/avatar\/55cb5e37c1efa326397366e6974cb338056df65cb50e7d64d1cf314e87504837?s=96&d=mm&r=g","caption":"Arnaldo Botto"},"url":"https:\/\/www.noticiasradioreflejos.com.ar\/2021\/author\/arnaldo\/"}]}},"_links":{"self":[{"href":"https:\/\/www.noticiasradioreflejos.com.ar\/2021\/wp-json\/wp\/v2\/posts\/51149","targetHints":{"allow":["GET"]}}],"collection":[{"href":"https:\/\/www.noticiasradioreflejos.com.ar\/2021\/wp-json\/wp\/v2\/posts"}],"about":[{"href":"https:\/\/www.noticiasradioreflejos.com.ar\/2021\/wp-json\/wp\/v2\/types\/post"}],"author":[{"embeddable":true,"href":"https:\/\/www.noticiasradioreflejos.com.ar\/2021\/wp-json\/wp\/v2\/users\/3"}],"replies":[{"embeddable":true,"href":"https:\/\/www.noticiasradioreflejos.com.ar\/2021\/wp-json\/wp\/v2\/comments?post=51149"}],"version-history":[{"count":0,"href":"https:\/\/www.noticiasradioreflejos.com.ar\/2021\/wp-json\/wp\/v2\/posts\/51149\/revisions"}],"wp:attachment":[{"href":"https:\/\/www.noticiasradioreflejos.com.ar\/2021\/wp-json\/wp\/v2\/media?parent=51149"}],"wp:term":[{"taxonomy":"category","embeddable":true,"href":"https:\/\/www.noticiasradioreflejos.com.ar\/2021\/wp-json\/wp\/v2\/categories?post=51149"},{"taxonomy":"post_tag","embeddable":true,"href":"https:\/\/www.noticiasradioreflejos.com.ar\/2021\/wp-json\/wp\/v2\/tags?post=51149"}],"curies":[{"name":"wp","href":"https:\/\/api.w.org\/{rel}","templated":true}]}}