{"id":51106,"date":"2021-01-09T17:56:34","date_gmt":"2021-01-09T20:56:34","guid":{"rendered":"http:\/\/www.noticiasradioreflejos.com.ar\/noticias\/?p=51106"},"modified":"2021-01-09T17:56:34","modified_gmt":"2021-01-09T20:56:34","slug":"la-provincia-de-buenos-aires-suspendera-las-actividades-de-1-a-6-de-la-madrugada-en-118-municipios-incluidos-los-de-la-costa-atlantica","status":"publish","type":"post","link":"https:\/\/www.noticiasradioreflejos.com.ar\/2021\/la-provincia-de-buenos-aires-suspendera-las-actividades-de-1-a-6-de-la-madrugada-en-118-municipios-incluidos-los-de-la-costa-atlantica\/","title":{"rendered":"La provincia de Buenos Aires suspender\u00e1 las actividades de 1 a 6 de la madrugada en 118 municipios, incluidos los de la Costa Atl\u00e1ntica."},"content":{"rendered":"<p style=\"text-align: left;\">Habr\u00e1 multas de m\u00e1s de $ 3 millones para quienes organicen o participen de fiestas clandestinas. La restricci\u00f3n nocturna comenzar\u00e1 el lunes<!--more--><\/p>\n<p>El gobierno de la provincia de Buenos Aires finalmente<mark class=\"hl_yellow\">\u00a0<b>suspender\u00e1 las actividades comerciales, culturales y deportivas entre la 1 y las 6 de la madrugada en los 118 municipios (de un total de 135) que actualmente est\u00e1n en fases 3 y 4 dentro del territorio bonaerense.<\/b><\/mark>\u00a0Las medidas entrar\u00e1n en vigencia el<mark class=\"hl_yellow\"><b>\u00a0lunes 11\u00a0<\/b><\/mark>y\u00a0<a href=\"https:\/\/www.infobae.com\/politica\/2021\/01\/09\/cuales-son-los-municipios-que-deberan-aplicar-restricciones-nocturnas-en-la-provincia-de-buenos-aires\/\" target=\"_blank\" rel=\"noopener\"><b>s\u00f3lo 17 ciudades quedar\u00e1n excluidas de esta restricci\u00f3n<\/b><\/a>, que ser\u00e1\u00a0<mark class=\"hl_yellow\"><b>din\u00e1mica\u00a0<\/b><\/mark>y depender\u00e1 de la tasa de incidencia de casos activos de COVID-19.<\/p>\n<article class=\"article | col widescreen-8 desktop-8 tablet-12 width_full\">\n<p class=\"paragraph\"><a href=\"https:\/\/www.infobae.com\/politica\/2021\/01\/08\/nuevas-restricciones-a-la-circulacion-el-gobierno-bonaerense-se-reunira-con-intendentes-de-la-costa-para-definir-como-sigue-la-temporada\/\" target=\"_blank\" rel=\"noopener\"><b>Tal como hab\u00eda adelantado Infobae ayer<\/b><\/a>, provincia de Buenos Aires continuar\u00e1 con el\u00a0<b>sistema de fases\u00a0<\/b>para la habilitaci\u00f3n de actividades y servicios en todos los distritos, de acuerdo con su situaci\u00f3n epidemiol\u00f3gica y sanitaria.\u00a0<b>En la actualidad 17 municipios se encuentran en Fase 5, 109 en Fase 4 y 9 en Fase 3.<\/b><\/p>\n<p class=\"paragraph\">\u201c<mark class=\"hl_yellow\"><b>En los municipios que se encuentran en fases 3 y 4 se suspender\u00e1 entre las 01.00 y las 06.00 horas toda actividad comercial, art\u00edstica, deportiva, cultural, social y recreativa, exceptuando las actividades productivas manufactureras, agropecuarias y todas aquellas definidas como esenciales de acuerdo a la normativa vigente<\/b><\/mark>\u201d, se\u00f1al\u00f3 un comunicado oficial.<\/p>\n<p class=\"paragraph\">Adem\u00e1s, se plantea que\u00a0<mark class=\"hl_yellow\"><b>a partir del lunes 11 se reducir\u00e1n las actividades sociales, recreativas y familiares a grupos de hasta 10 personas en espacios cerrados y abiertos.<\/b><\/mark>\u00a0Se restringir\u00e1 el uso de transporte de pasajeros urbano a personas alcanzadas por las actividades y servicios definidos como esenciales.<\/p>\n<p class=\"paragraph\">Por otro lado, se reforzar\u00e1n todos los controles, tanto provinciales como municipales,\u00a0<b>\u201cpara disminuir la circulaci\u00f3n de personas en horarios nocturnos y evitar la realizaci\u00f3n de actividades no permitidas\u201d.<\/b><\/p>\n<p class=\"paragraph\">Las denuncias de\u00a0<b>fiestas clandestinas\u00a0<\/b>se reciben a trav\u00e9s del 911 y de la l\u00ednea (221) 429-3386, dispuesta por el Ministerio de Seguridad, que funciona viernes, s\u00e1bados y domingos de 22 a 6, exclusivamente para este tipo de delitos.<\/p>\n<picture class=\"visual__image\"><img loading=\"lazy\" decoding=\"async\" src=\"https:\/\/www.infobae.com\/new-resizer\/zF5AsgrGsEe1_QwdoxiflR_9NVw=\/420x236\/filters:format(jpg):quality(85)\/\/cloudfront-us-east-1.images.arcpublishing.com\/infobae\/6TZFASNLO5EFPCJU4UW6QJI6K4.jpg\" alt=\"Habr\u00e1 multas de m\u00e1s de $ 3 millones para quienes organicen o participen de fiestas clandestinas\" width=\"5760\" height=\"3240\" \/>Habr\u00e1 multas de m\u00e1s de $ 3 millones para quienes organicen o participen de fiestas clandestinas<\/picture> &gt;En el caso de fiestas o reuniones que vulneren lo permitido legalmente en el marco de las medidas de \u201caislamiento social preventivo y obligatorio\u201d y de \u201cdistanciamiento social preventivo y obligatorio\u201d en el \u00e1mbito de la provincia de Buenos Aires, adem\u00e1s de las sanciones previstas en el art. 205 del C\u00f3digo Penal, podr\u00e1n aplicarse\u00a0<mark class=\"hl_yellow\"><b>multas de hasta $3.364.000<\/b><\/mark><b>, tanto a los asistentes, organizadores como a los propietarios de los inmuebles donde se realicen.<\/b><\/p>\n<p class=\"paragraph\">Adem\u00e1s, se habilita a las autoridades municipales al control del cumplimiento de la obligaci\u00f3n de utilizar\u00a0<b>tapabocas\u00a0<\/b>y la aplicaci\u00f3n de las\u00a0<b>multas\u00a0<\/b>correspondientes. Desde el gobierno bonaerense adelantaron tambi\u00e9n que el\u00a0<b>12 de enero se actualizar\u00e1n las disposiciones en base a la nueva situaci\u00f3n epidemiol\u00f3gica y sanitaria de la provincia y sus 135 distritos.<\/b><\/p>\n<\/article>\n<article class=\"article | col widescreen-8 desktop-8 tablet-12 width_full\">\n<p class=\"paragraph\"><mark class=\"hl_yellow\"><b>Mar del Plata y Pinamar<\/b><\/mark>, por caso, est\u00e1n actualmente en Fase 4. Pero no descartan retroceder a Fase 3 si contin\u00faa el incremento de casos.<\/p>\n<picture class=\"visual__image\"><img loading=\"lazy\" decoding=\"async\" src=\"https:\/\/www.infobae.com\/new-resizer\/dyzKRRCO3MD7MfBQa8A8SUFaipc=\/420x236\/filters:format(jpg):quality(85)\/\/cloudfront-us-east-1.images.arcpublishing.com\/infobae\/CFUSCV22YZG55CNGJ5D2BBYNIM.jpg\" alt=\"Mar del Plata y Pinamar, por caso, est\u00e1n actualmente en fase 4 (foto: Christian Heit)\" width=\"626\" height=\"352\" \/><\/picture>\n<picture class=\"visual__image\">Mar del Plata y Pinamar, por caso, est\u00e1n actualmente en fase 4 (foto: Christian Heit)<\/picture>\n<p class=\"paragraph\"><b>La provincia de Buenos Aires defini\u00f3 como criterio para categorizar a sus Municipios en fases, los siguientes par\u00e1metros<\/b>.\u00a0<b>Fase 5<\/b>, hasta 10 nuevos casos semanales cada 100 mil habitantes en las \u00faltimas dos semanas o hasta 5 nuevos casos totales semanales en las \u00faltimas dos semanas;<b>\u00a0Fase 4<\/b>, entre 10 y 400 nuevos casos semanales cada 100 mil habitantes en al menos una de las \u00faltimas dos semanas;<b>\u00a0Fase 3<\/b>, m\u00e1s de 400 nuevos casos semanales cada 100.000 habitantes en al menos una de las \u00faltimas dos semanas o que genere alerta sanitario.\u00a0<b>Y un criterio adicional de medici\u00f3n quincenal, que ser\u00e1 el monitoreo de la ocupaci\u00f3n de camas de cuidados Intensivos en cada municipio.<\/b><\/p>\n<p class=\"paragraph\"><span style=\"color: #ff6600;\"><strong>Fuente Infobae<\/strong><\/span><\/p>\n<\/article>\n","protected":false},"excerpt":{"rendered":"<p>Habr\u00e1 multas de m\u00e1s de $ 3 millones para quienes organicen o participen de fiestas clandestinas. La restricci\u00f3n nocturna comenzar\u00e1 el lunes<\/p>\n","protected":false},"author":3,"featured_media":0,"comment_status":"closed","ping_status":"open","sticky":false,"template":"","format":"standard","meta":{"footnotes":""},"categories":[24,26],"tags":[],"class_list":["post-51106","post","type-post","status-publish","format-standard","hentry","category-politica","category-sociedad"],"yoast_head":"<!-- This site is optimized with the Yoast SEO plugin v25.9 - https:\/\/yoast.com\/wordpress\/plugins\/seo\/ -->\n<title>La provincia de Buenos Aires suspender\u00e1 las actividades de 1 a 6 de la madrugada en 118 municipios, incluidos los de la Costa Atl\u00e1ntica. - Noticias Radio Reflejos<\/title>\n<meta name=\"robots\" content=\"index, follow, max-snippet:-1, max-image-preview:large, max-video-preview:-1\" \/>\n<link rel=\"canonical\" href=\"https:\/\/www.noticiasradioreflejos.com.ar\/2021\/la-provincia-de-buenos-aires-suspendera-las-actividades-de-1-a-6-de-la-madrugada-en-118-municipios-incluidos-los-de-la-costa-atlantica\/\" \/>\n<meta property=\"og:locale\" content=\"es_ES\" \/>\n<meta property=\"og:type\" content=\"article\" \/>\n<meta property=\"og:title\" content=\"La provincia de Buenos Aires suspender\u00e1 las actividades de 1 a 6 de la madrugada en 118 municipios, incluidos los de la Costa Atl\u00e1ntica. - Noticias Radio Reflejos\" \/>\n<meta property=\"og:description\" content=\"Habr\u00e1 multas de m\u00e1s de $ 3 millones para quienes organicen o participen de fiestas clandestinas. La restricci\u00f3n nocturna comenzar\u00e1 el lunes\" \/>\n<meta property=\"og:url\" content=\"https:\/\/www.noticiasradioreflejos.com.ar\/2021\/la-provincia-de-buenos-aires-suspendera-las-actividades-de-1-a-6-de-la-madrugada-en-118-municipios-incluidos-los-de-la-costa-atlantica\/\" \/>\n<meta property=\"og:site_name\" content=\"Noticias Radio Reflejos\" \/>\n<meta property=\"article:published_time\" content=\"2021-01-09T20:56:34+00:00\" \/>\n<meta property=\"og:image\" content=\"https:\/\/www.infobae.com\/new-resizer\/zF5AsgrGsEe1_QwdoxiflR_9NVw=\/420x236\/filters:format(jpg):quality(85)\/\/cloudfront-us-east-1.images.arcpublishing.com\/infobae\/6TZFASNLO5EFPCJU4UW6QJI6K4.jpg\" \/>\n<meta name=\"author\" content=\"Arnaldo Botto\" \/>\n<meta name=\"twitter:card\" content=\"summary_large_image\" \/>\n<script type=\"application\/ld+json\" class=\"yoast-schema-graph\">{\"@context\":\"https:\/\/schema.org\",\"@graph\":[{\"@type\":\"WebPage\",\"@id\":\"https:\/\/www.noticiasradioreflejos.com.ar\/2021\/la-provincia-de-buenos-aires-suspendera-las-actividades-de-1-a-6-de-la-madrugada-en-118-municipios-incluidos-los-de-la-costa-atlantica\/\",\"url\":\"https:\/\/www.noticiasradioreflejos.com.ar\/2021\/la-provincia-de-buenos-aires-suspendera-las-actividades-de-1-a-6-de-la-madrugada-en-118-municipios-incluidos-los-de-la-costa-atlantica\/\",\"name\":\"La provincia de Buenos Aires suspender\u00e1 las actividades de 1 a 6 de la madrugada en 118 municipios, incluidos los de la Costa Atl\u00e1ntica. - Noticias Radio Reflejos\",\"isPartOf\":{\"@id\":\"https:\/\/www.noticiasradioreflejos.com.ar\/2021\/#website\"},\"primaryImageOfPage\":{\"@id\":\"https:\/\/www.noticiasradioreflejos.com.ar\/2021\/la-provincia-de-buenos-aires-suspendera-las-actividades-de-1-a-6-de-la-madrugada-en-118-municipios-incluidos-los-de-la-costa-atlantica\/#primaryimage\"},\"image\":{\"@id\":\"https:\/\/www.noticiasradioreflejos.com.ar\/2021\/la-provincia-de-buenos-aires-suspendera-las-actividades-de-1-a-6-de-la-madrugada-en-118-municipios-incluidos-los-de-la-costa-atlantica\/#primaryimage\"},\"thumbnailUrl\":\"https:\/\/www.infobae.com\/new-resizer\/zF5AsgrGsEe1_QwdoxiflR_9NVw=\/420x236\/filters:format(jpg):quality(85)\/\/cloudfront-us-east-1.images.arcpublishing.com\/infobae\/6TZFASNLO5EFPCJU4UW6QJI6K4.jpg\",\"datePublished\":\"2021-01-09T20:56:34+00:00\",\"author\":{\"@id\":\"https:\/\/www.noticiasradioreflejos.com.ar\/2021\/#\/schema\/person\/ad82545263dcc5ec0996818884fd5fb1\"},\"breadcrumb\":{\"@id\":\"https:\/\/www.noticiasradioreflejos.com.ar\/2021\/la-provincia-de-buenos-aires-suspendera-las-actividades-de-1-a-6-de-la-madrugada-en-118-municipios-incluidos-los-de-la-costa-atlantica\/#breadcrumb\"},\"inLanguage\":\"es\",\"potentialAction\":[{\"@type\":\"ReadAction\",\"target\":[\"https:\/\/www.noticiasradioreflejos.com.ar\/2021\/la-provincia-de-buenos-aires-suspendera-las-actividades-de-1-a-6-de-la-madrugada-en-118-municipios-incluidos-los-de-la-costa-atlantica\/\"]}]},{\"@type\":\"ImageObject\",\"inLanguage\":\"es\",\"@id\":\"https:\/\/www.noticiasradioreflejos.com.ar\/2021\/la-provincia-de-buenos-aires-suspendera-las-actividades-de-1-a-6-de-la-madrugada-en-118-municipios-incluidos-los-de-la-costa-atlantica\/#primaryimage\",\"url\":\"https:\/\/www.infobae.com\/new-resizer\/zF5AsgrGsEe1_QwdoxiflR_9NVw=\/420x236\/filters:format(jpg):quality(85)\/\/cloudfront-us-east-1.images.arcpublishing.com\/infobae\/6TZFASNLO5EFPCJU4UW6QJI6K4.jpg\",\"contentUrl\":\"https:\/\/www.infobae.com\/new-resizer\/zF5AsgrGsEe1_QwdoxiflR_9NVw=\/420x236\/filters:format(jpg):quality(85)\/\/cloudfront-us-east-1.images.arcpublishing.com\/infobae\/6TZFASNLO5EFPCJU4UW6QJI6K4.jpg\"},{\"@type\":\"BreadcrumbList\",\"@id\":\"https:\/\/www.noticiasradioreflejos.com.ar\/2021\/la-provincia-de-buenos-aires-suspendera-las-actividades-de-1-a-6-de-la-madrugada-en-118-municipios-incluidos-los-de-la-costa-atlantica\/#breadcrumb\",\"itemListElement\":[{\"@type\":\"ListItem\",\"position\":1,\"name\":\"Portada\",\"item\":\"https:\/\/www.noticiasradioreflejos.com.ar\/2021\/\"},{\"@type\":\"ListItem\",\"position\":2,\"name\":\"La provincia de Buenos Aires suspender\u00e1 las actividades de 1 a 6 de la madrugada en 118 municipios, incluidos los de la Costa Atl\u00e1ntica.\"}]},{\"@type\":\"WebSite\",\"@id\":\"https:\/\/www.noticiasradioreflejos.com.ar\/2021\/#website\",\"url\":\"https:\/\/www.noticiasradioreflejos.com.ar\/2021\/\",\"name\":\"Noticias Radio Reflejos\",\"description\":\"Las noticias de mi comarca\",\"potentialAction\":[{\"@type\":\"SearchAction\",\"target\":{\"@type\":\"EntryPoint\",\"urlTemplate\":\"https:\/\/www.noticiasradioreflejos.com.ar\/2021\/?s={search_term_string}\"},\"query-input\":{\"@type\":\"PropertyValueSpecification\",\"valueRequired\":true,\"valueName\":\"search_term_string\"}}],\"inLanguage\":\"es\"},{\"@type\":\"Person\",\"@id\":\"https:\/\/www.noticiasradioreflejos.com.ar\/2021\/#\/schema\/person\/ad82545263dcc5ec0996818884fd5fb1\",\"name\":\"Arnaldo Botto\",\"image\":{\"@type\":\"ImageObject\",\"inLanguage\":\"es\",\"@id\":\"https:\/\/www.noticiasradioreflejos.com.ar\/2021\/#\/schema\/person\/image\/\",\"url\":\"https:\/\/secure.gravatar.com\/avatar\/55cb5e37c1efa326397366e6974cb338056df65cb50e7d64d1cf314e87504837?s=96&d=mm&r=g\",\"contentUrl\":\"https:\/\/secure.gravatar.com\/avatar\/55cb5e37c1efa326397366e6974cb338056df65cb50e7d64d1cf314e87504837?s=96&d=mm&r=g\",\"caption\":\"Arnaldo Botto\"},\"url\":\"https:\/\/www.noticiasradioreflejos.com.ar\/2021\/author\/arnaldo\/\"}]}<\/script>\n<!-- \/ Yoast SEO plugin. -->","yoast_head_json":{"title":"La provincia de Buenos Aires suspender\u00e1 las actividades de 1 a 6 de la madrugada en 118 municipios, incluidos los de la Costa Atl\u00e1ntica. - Noticias Radio Reflejos","robots":{"index":"index","follow":"follow","max-snippet":"max-snippet:-1","max-image-preview":"max-image-preview:large","max-video-preview":"max-video-preview:-1"},"canonical":"https:\/\/www.noticiasradioreflejos.com.ar\/2021\/la-provincia-de-buenos-aires-suspendera-las-actividades-de-1-a-6-de-la-madrugada-en-118-municipios-incluidos-los-de-la-costa-atlantica\/","og_locale":"es_ES","og_type":"article","og_title":"La provincia de Buenos Aires suspender\u00e1 las actividades de 1 a 6 de la madrugada en 118 municipios, incluidos los de la Costa Atl\u00e1ntica. - Noticias Radio Reflejos","og_description":"Habr\u00e1 multas de m\u00e1s de $ 3 millones para quienes organicen o participen de fiestas clandestinas. La restricci\u00f3n nocturna comenzar\u00e1 el lunes","og_url":"https:\/\/www.noticiasradioreflejos.com.ar\/2021\/la-provincia-de-buenos-aires-suspendera-las-actividades-de-1-a-6-de-la-madrugada-en-118-municipios-incluidos-los-de-la-costa-atlantica\/","og_site_name":"Noticias Radio Reflejos","article_published_time":"2021-01-09T20:56:34+00:00","og_image":[{"url":"https:\/\/www.infobae.com\/new-resizer\/zF5AsgrGsEe1_QwdoxiflR_9NVw=\/420x236\/filters:format(jpg):quality(85)\/\/cloudfront-us-east-1.images.arcpublishing.com\/infobae\/6TZFASNLO5EFPCJU4UW6QJI6K4.jpg","type":"","width":"","height":""}],"author":"Arnaldo Botto","twitter_card":"summary_large_image","schema":{"@context":"https:\/\/schema.org","@graph":[{"@type":"WebPage","@id":"https:\/\/www.noticiasradioreflejos.com.ar\/2021\/la-provincia-de-buenos-aires-suspendera-las-actividades-de-1-a-6-de-la-madrugada-en-118-municipios-incluidos-los-de-la-costa-atlantica\/","url":"https:\/\/www.noticiasradioreflejos.com.ar\/2021\/la-provincia-de-buenos-aires-suspendera-las-actividades-de-1-a-6-de-la-madrugada-en-118-municipios-incluidos-los-de-la-costa-atlantica\/","name":"La provincia de Buenos Aires suspender\u00e1 las actividades de 1 a 6 de la madrugada en 118 municipios, incluidos los de la Costa Atl\u00e1ntica. - Noticias Radio Reflejos","isPartOf":{"@id":"https:\/\/www.noticiasradioreflejos.com.ar\/2021\/#website"},"primaryImageOfPage":{"@id":"https:\/\/www.noticiasradioreflejos.com.ar\/2021\/la-provincia-de-buenos-aires-suspendera-las-actividades-de-1-a-6-de-la-madrugada-en-118-municipios-incluidos-los-de-la-costa-atlantica\/#primaryimage"},"image":{"@id":"https:\/\/www.noticiasradioreflejos.com.ar\/2021\/la-provincia-de-buenos-aires-suspendera-las-actividades-de-1-a-6-de-la-madrugada-en-118-municipios-incluidos-los-de-la-costa-atlantica\/#primaryimage"},"thumbnailUrl":"https:\/\/www.infobae.com\/new-resizer\/zF5AsgrGsEe1_QwdoxiflR_9NVw=\/420x236\/filters:format(jpg):quality(85)\/\/cloudfront-us-east-1.images.arcpublishing.com\/infobae\/6TZFASNLO5EFPCJU4UW6QJI6K4.jpg","datePublished":"2021-01-09T20:56:34+00:00","author":{"@id":"https:\/\/www.noticiasradioreflejos.com.ar\/2021\/#\/schema\/person\/ad82545263dcc5ec0996818884fd5fb1"},"breadcrumb":{"@id":"https:\/\/www.noticiasradioreflejos.com.ar\/2021\/la-provincia-de-buenos-aires-suspendera-las-actividades-de-1-a-6-de-la-madrugada-en-118-municipios-incluidos-los-de-la-costa-atlantica\/#breadcrumb"},"inLanguage":"es","potentialAction":[{"@type":"ReadAction","target":["https:\/\/www.noticiasradioreflejos.com.ar\/2021\/la-provincia-de-buenos-aires-suspendera-las-actividades-de-1-a-6-de-la-madrugada-en-118-municipios-incluidos-los-de-la-costa-atlantica\/"]}]},{"@type":"ImageObject","inLanguage":"es","@id":"https:\/\/www.noticiasradioreflejos.com.ar\/2021\/la-provincia-de-buenos-aires-suspendera-las-actividades-de-1-a-6-de-la-madrugada-en-118-municipios-incluidos-los-de-la-costa-atlantica\/#primaryimage","url":"https:\/\/www.infobae.com\/new-resizer\/zF5AsgrGsEe1_QwdoxiflR_9NVw=\/420x236\/filters:format(jpg):quality(85)\/\/cloudfront-us-east-1.images.arcpublishing.com\/infobae\/6TZFASNLO5EFPCJU4UW6QJI6K4.jpg","contentUrl":"https:\/\/www.infobae.com\/new-resizer\/zF5AsgrGsEe1_QwdoxiflR_9NVw=\/420x236\/filters:format(jpg):quality(85)\/\/cloudfront-us-east-1.images.arcpublishing.com\/infobae\/6TZFASNLO5EFPCJU4UW6QJI6K4.jpg"},{"@type":"BreadcrumbList","@id":"https:\/\/www.noticiasradioreflejos.com.ar\/2021\/la-provincia-de-buenos-aires-suspendera-las-actividades-de-1-a-6-de-la-madrugada-en-118-municipios-incluidos-los-de-la-costa-atlantica\/#breadcrumb","itemListElement":[{"@type":"ListItem","position":1,"name":"Portada","item":"https:\/\/www.noticiasradioreflejos.com.ar\/2021\/"},{"@type":"ListItem","position":2,"name":"La provincia de Buenos Aires suspender\u00e1 las actividades de 1 a 6 de la madrugada en 118 municipios, incluidos los de la Costa Atl\u00e1ntica."}]},{"@type":"WebSite","@id":"https:\/\/www.noticiasradioreflejos.com.ar\/2021\/#website","url":"https:\/\/www.noticiasradioreflejos.com.ar\/2021\/","name":"Noticias Radio Reflejos","description":"Las noticias de mi comarca","potentialAction":[{"@type":"SearchAction","target":{"@type":"EntryPoint","urlTemplate":"https:\/\/www.noticiasradioreflejos.com.ar\/2021\/?s={search_term_string}"},"query-input":{"@type":"PropertyValueSpecification","valueRequired":true,"valueName":"search_term_string"}}],"inLanguage":"es"},{"@type":"Person","@id":"https:\/\/www.noticiasradioreflejos.com.ar\/2021\/#\/schema\/person\/ad82545263dcc5ec0996818884fd5fb1","name":"Arnaldo Botto","image":{"@type":"ImageObject","inLanguage":"es","@id":"https:\/\/www.noticiasradioreflejos.com.ar\/2021\/#\/schema\/person\/image\/","url":"https:\/\/secure.gravatar.com\/avatar\/55cb5e37c1efa326397366e6974cb338056df65cb50e7d64d1cf314e87504837?s=96&d=mm&r=g","contentUrl":"https:\/\/secure.gravatar.com\/avatar\/55cb5e37c1efa326397366e6974cb338056df65cb50e7d64d1cf314e87504837?s=96&d=mm&r=g","caption":"Arnaldo Botto"},"url":"https:\/\/www.noticiasradioreflejos.com.ar\/2021\/author\/arnaldo\/"}]}},"_links":{"self":[{"href":"https:\/\/www.noticiasradioreflejos.com.ar\/2021\/wp-json\/wp\/v2\/posts\/51106","targetHints":{"allow":["GET"]}}],"collection":[{"href":"https:\/\/www.noticiasradioreflejos.com.ar\/2021\/wp-json\/wp\/v2\/posts"}],"about":[{"href":"https:\/\/www.noticiasradioreflejos.com.ar\/2021\/wp-json\/wp\/v2\/types\/post"}],"author":[{"embeddable":true,"href":"https:\/\/www.noticiasradioreflejos.com.ar\/2021\/wp-json\/wp\/v2\/users\/3"}],"replies":[{"embeddable":true,"href":"https:\/\/www.noticiasradioreflejos.com.ar\/2021\/wp-json\/wp\/v2\/comments?post=51106"}],"version-history":[{"count":0,"href":"https:\/\/www.noticiasradioreflejos.com.ar\/2021\/wp-json\/wp\/v2\/posts\/51106\/revisions"}],"wp:attachment":[{"href":"https:\/\/www.noticiasradioreflejos.com.ar\/2021\/wp-json\/wp\/v2\/media?parent=51106"}],"wp:term":[{"taxonomy":"category","embeddable":true,"href":"https:\/\/www.noticiasradioreflejos.com.ar\/2021\/wp-json\/wp\/v2\/categories?post=51106"},{"taxonomy":"post_tag","embeddable":true,"href":"https:\/\/www.noticiasradioreflejos.com.ar\/2021\/wp-json\/wp\/v2\/tags?post=51106"}],"curies":[{"name":"wp","href":"https:\/\/api.w.org\/{rel}","templated":true}]}}