{"id":51101,"date":"2021-01-08T17:52:20","date_gmt":"2021-01-08T20:52:20","guid":{"rendered":"http:\/\/www.noticiasradioreflejos.com.ar\/noticias\/?p=51101"},"modified":"2021-01-08T17:52:20","modified_gmt":"2021-01-08T20:52:20","slug":"afirman-que-el-ano-2020-fue-el-mas-calido-junto-al-2016-en-la-ultima-decada","status":"publish","type":"post","link":"https:\/\/www.noticiasradioreflejos.com.ar\/2021\/afirman-que-el-ano-2020-fue-el-mas-calido-junto-al-2016-en-la-ultima-decada\/","title":{"rendered":"Afirman que el a\u00f1o 2020 fue el m\u00e1s c\u00e1lido junto al 2016 en la \u00faltima d\u00e9cada"},"content":{"rendered":"<p>Investigadores del servicio europeo Copernicus, sobre cambio clim\u00e1tico, afirmaron hoy que el a\u00f1o 2020 fue el a\u00f1o m\u00e1s c\u00e1lido en el mundo junto a 2016, al t\u00e9rmino de una d\u00e9cada de temperaturas r\u00e9cord que evidencian la \u00aburgencia\u00bb de actuar contra el calentamiento global.<!--more--><\/p>\n<p>El a\u00f1o pasado registr\u00f3 un aumento de la temperatura media de +1,25 grados respecto a la era preindustrial, pero afirmaron que \u00abel 2020 iguala el r\u00e9cord de 2016 pese a un enfriamiento de La Ni\u00f1a\u00bb, seg\u00fan el servicio.<\/p>\n<p>El 2016 estuvo marcado por un fuerte episodio de El Ni\u00f1o, un fen\u00f3meno oce\u00e1nico natural inverso que provoca un alza de las temperaturas.<\/p>\n<p>Seg\u00fan la NASA y la Organizaci\u00f3n Meteorol\u00f3gica Mundial (OMM), El Ni\u00f1o contribuy\u00f3 entre 0,1 y 0,2 grados en el aumento de la temperatura de 2016.<\/p>\n<p>\u00abEst\u00e1 claro que sin los impactos de El Ni\u00f1o y La Ni\u00f1a sobre las temperaturas\u00bb de 2016 y 2020, este a\u00f1o \u00abhabr\u00eda sido el m\u00e1s c\u00e1lido jam\u00e1s registrado\u00bb, dijo a la agencia AFP Zeke Hausfather, climat\u00f3logo del Breakthrough Institute.<\/p>\n<p>La OMM, que publicar\u00e1 sus datos combinando los de varias agencias oficiales, ya hab\u00eda indicado en diciembre que 2020 se situar\u00eda entre los tres a\u00f1os m\u00e1s calientes, que el periodo 2015-2020 fue el m\u00e1s c\u00e1lido jam\u00e1s registrado y que la \u00faltima d\u00e9cada (2011-2020) fue la m\u00e1s c\u00e1lida desde el inicio de la era industrial.<\/p>\n<p>Este \u00faltimo dato \u00abno es sorprendente\u00bb y \u00abnos recuerda la urgencia de reducir las emisiones de manera ambiciosa para prevenir los efectos nefastos sobre el clima en el futuro\u00bb, subray\u00f3 en un comunicado Carlo Buontemmpo, director de Copernicus.<\/p>\n<p>Estos efectos ya son visibles en todo el planeta, por ejemplo con el deshielo de los casquetes glaciares, las can\u00edculas excepcionales, las precipitaciones diluvianas y las temporadas r\u00e9cord de huracanes, como la \u00faltima en el Caribe.<\/p>\n<p>Sin embargo, los cient\u00edficos afirmaron que lo peor est\u00e1 por llegar.<\/p>\n<p>El planeta gan\u00f3 al menos 1,1 grados respecto a la era preindustrial, con una multiplicaci\u00f3n de las cat\u00e1strofes clim\u00e1ticas.<\/p>\n<p>Y aunque el Acuerdo de Par\u00eds prev\u00e9 mantener el calentamiento por debajo de un aumento del +2 grados, y de ser posible +1,5, los compromisos nacionales de reducci\u00f3n de emisiones est\u00e1n lejos de ser suficientes.<\/p>\n<p>Copernicus inform\u00f3 que la concentraci\u00f3n de CO2 no dej\u00f3 de aumentar en la atm\u00f3sfera en 2020, alcanzando un \u00abnivel m\u00e1ximo sin precedentes\u00bb de 413 ppm (partes por mill\u00f3n) en mayo de 2020, pese a que la pandemia y la paralizaci\u00f3n econ\u00f3mica mundial provocaron una ca\u00edda r\u00e9cord de las emisiones de CO2, de 7%, seg\u00fan el Global Carbon Project.<\/p>\n<p>\u00abSi bien las concentraciones de di\u00f3xido de carbono aumentaron ligeramente menos en 2020 que en 2019, no podemos dormirnos en los laureles. Mientras las emisiones mundiales netas no se reduzcan a cero, el CO2 continuar\u00e1 acumul\u00e1ndose en la atm\u00f3sfera y provocando m\u00e1s cambio clim\u00e1tico\u00bb, advirti\u00f3 Vincent-Henri Peuch, responsable del servicio de vigilancia de la atm\u00f3sfera de Copernicus.<\/p>\n<p>\u00abEl CO2 se acumula en la atm\u00f3sfera como el agua en una ba\u00f1era. Si se reduce el flujo de la canilla en un 7%, el nivel aumenta m\u00e1s lentamente, pero sigue subiendo. Debemos cerrar el grifo para estabilizar el clima\u00bb, dijo Stefan Ramstorf, del Potsdam Institute for Climate Impact Research.<\/p>\n","protected":false},"excerpt":{"rendered":"<p>Investigadores del servicio europeo Copernicus, sobre cambio clim\u00e1tico, afirmaron hoy que el a\u00f1o 2020 fue el a\u00f1o m\u00e1s c\u00e1lido en el mundo junto a 2016, al t\u00e9rmino de una d\u00e9cada de temperaturas r\u00e9cord que evidencian la \u00aburgencia\u00bb de actuar contra el calentamiento global.<\/p>\n","protected":false},"author":3,"featured_media":0,"comment_status":"closed","ping_status":"open","sticky":false,"template":"","format":"standard","meta":{"footnotes":""},"categories":[26],"tags":[],"class_list":["post-51101","post","type-post","status-publish","format-standard","hentry","category-sociedad"],"yoast_head":"<!-- This site is optimized with the Yoast SEO plugin v25.9 - https:\/\/yoast.com\/wordpress\/plugins\/seo\/ -->\n<title>Afirman que el a\u00f1o 2020 fue el m\u00e1s c\u00e1lido junto al 2016 en la \u00faltima d\u00e9cada - Noticias Radio Reflejos<\/title>\n<meta name=\"robots\" content=\"index, follow, max-snippet:-1, max-image-preview:large, max-video-preview:-1\" \/>\n<link rel=\"canonical\" href=\"https:\/\/www.noticiasradioreflejos.com.ar\/2021\/afirman-que-el-ano-2020-fue-el-mas-calido-junto-al-2016-en-la-ultima-decada\/\" \/>\n<meta property=\"og:locale\" content=\"es_ES\" \/>\n<meta property=\"og:type\" content=\"article\" \/>\n<meta property=\"og:title\" content=\"Afirman que el a\u00f1o 2020 fue el m\u00e1s c\u00e1lido junto al 2016 en la \u00faltima d\u00e9cada - Noticias Radio Reflejos\" \/>\n<meta property=\"og:description\" content=\"Investigadores del servicio europeo Copernicus, sobre cambio clim\u00e1tico, afirmaron hoy que el a\u00f1o 2020 fue el a\u00f1o m\u00e1s c\u00e1lido en el mundo junto a 2016, al t\u00e9rmino de una d\u00e9cada de temperaturas r\u00e9cord que evidencian la \u00aburgencia\u00bb de actuar contra el calentamiento global.\" \/>\n<meta property=\"og:url\" content=\"https:\/\/www.noticiasradioreflejos.com.ar\/2021\/afirman-que-el-ano-2020-fue-el-mas-calido-junto-al-2016-en-la-ultima-decada\/\" \/>\n<meta property=\"og:site_name\" content=\"Noticias Radio Reflejos\" \/>\n<meta property=\"article:published_time\" content=\"2021-01-08T20:52:20+00:00\" \/>\n<meta property=\"og:image\" content=\"https:\/\/www.noticiasradioreflejos.com.ar\/2021\/wp-content\/uploads\/2021\/07\/logosol300x200.png\" \/>\n\t<meta property=\"og:image:width\" content=\"300\" \/>\n\t<meta property=\"og:image:height\" content=\"200\" \/>\n\t<meta property=\"og:image:type\" content=\"image\/png\" \/>\n<meta name=\"author\" content=\"Arnaldo Botto\" \/>\n<meta name=\"twitter:card\" content=\"summary_large_image\" \/>\n<script type=\"application\/ld+json\" class=\"yoast-schema-graph\">{\"@context\":\"https:\/\/schema.org\",\"@graph\":[{\"@type\":\"WebPage\",\"@id\":\"https:\/\/www.noticiasradioreflejos.com.ar\/2021\/afirman-que-el-ano-2020-fue-el-mas-calido-junto-al-2016-en-la-ultima-decada\/\",\"url\":\"https:\/\/www.noticiasradioreflejos.com.ar\/2021\/afirman-que-el-ano-2020-fue-el-mas-calido-junto-al-2016-en-la-ultima-decada\/\",\"name\":\"Afirman que el a\u00f1o 2020 fue el m\u00e1s c\u00e1lido junto al 2016 en la \u00faltima d\u00e9cada - Noticias Radio Reflejos\",\"isPartOf\":{\"@id\":\"https:\/\/www.noticiasradioreflejos.com.ar\/2021\/#website\"},\"datePublished\":\"2021-01-08T20:52:20+00:00\",\"author\":{\"@id\":\"https:\/\/www.noticiasradioreflejos.com.ar\/2021\/#\/schema\/person\/ad82545263dcc5ec0996818884fd5fb1\"},\"breadcrumb\":{\"@id\":\"https:\/\/www.noticiasradioreflejos.com.ar\/2021\/afirman-que-el-ano-2020-fue-el-mas-calido-junto-al-2016-en-la-ultima-decada\/#breadcrumb\"},\"inLanguage\":\"es\",\"potentialAction\":[{\"@type\":\"ReadAction\",\"target\":[\"https:\/\/www.noticiasradioreflejos.com.ar\/2021\/afirman-que-el-ano-2020-fue-el-mas-calido-junto-al-2016-en-la-ultima-decada\/\"]}]},{\"@type\":\"BreadcrumbList\",\"@id\":\"https:\/\/www.noticiasradioreflejos.com.ar\/2021\/afirman-que-el-ano-2020-fue-el-mas-calido-junto-al-2016-en-la-ultima-decada\/#breadcrumb\",\"itemListElement\":[{\"@type\":\"ListItem\",\"position\":1,\"name\":\"Portada\",\"item\":\"https:\/\/www.noticiasradioreflejos.com.ar\/2021\/\"},{\"@type\":\"ListItem\",\"position\":2,\"name\":\"Afirman que el a\u00f1o 2020 fue el m\u00e1s c\u00e1lido junto al 2016 en la \u00faltima d\u00e9cada\"}]},{\"@type\":\"WebSite\",\"@id\":\"https:\/\/www.noticiasradioreflejos.com.ar\/2021\/#website\",\"url\":\"https:\/\/www.noticiasradioreflejos.com.ar\/2021\/\",\"name\":\"Noticias Radio Reflejos\",\"description\":\"Las noticias de mi comarca\",\"potentialAction\":[{\"@type\":\"SearchAction\",\"target\":{\"@type\":\"EntryPoint\",\"urlTemplate\":\"https:\/\/www.noticiasradioreflejos.com.ar\/2021\/?s={search_term_string}\"},\"query-input\":{\"@type\":\"PropertyValueSpecification\",\"valueRequired\":true,\"valueName\":\"search_term_string\"}}],\"inLanguage\":\"es\"},{\"@type\":\"Person\",\"@id\":\"https:\/\/www.noticiasradioreflejos.com.ar\/2021\/#\/schema\/person\/ad82545263dcc5ec0996818884fd5fb1\",\"name\":\"Arnaldo Botto\",\"image\":{\"@type\":\"ImageObject\",\"inLanguage\":\"es\",\"@id\":\"https:\/\/www.noticiasradioreflejos.com.ar\/2021\/#\/schema\/person\/image\/\",\"url\":\"https:\/\/secure.gravatar.com\/avatar\/55cb5e37c1efa326397366e6974cb338056df65cb50e7d64d1cf314e87504837?s=96&d=mm&r=g\",\"contentUrl\":\"https:\/\/secure.gravatar.com\/avatar\/55cb5e37c1efa326397366e6974cb338056df65cb50e7d64d1cf314e87504837?s=96&d=mm&r=g\",\"caption\":\"Arnaldo Botto\"},\"url\":\"https:\/\/www.noticiasradioreflejos.com.ar\/2021\/author\/arnaldo\/\"}]}<\/script>\n<!-- \/ Yoast SEO plugin. -->","yoast_head_json":{"title":"Afirman que el a\u00f1o 2020 fue el m\u00e1s c\u00e1lido junto al 2016 en la \u00faltima d\u00e9cada - Noticias Radio Reflejos","robots":{"index":"index","follow":"follow","max-snippet":"max-snippet:-1","max-image-preview":"max-image-preview:large","max-video-preview":"max-video-preview:-1"},"canonical":"https:\/\/www.noticiasradioreflejos.com.ar\/2021\/afirman-que-el-ano-2020-fue-el-mas-calido-junto-al-2016-en-la-ultima-decada\/","og_locale":"es_ES","og_type":"article","og_title":"Afirman que el a\u00f1o 2020 fue el m\u00e1s c\u00e1lido junto al 2016 en la \u00faltima d\u00e9cada - Noticias Radio Reflejos","og_description":"Investigadores del servicio europeo Copernicus, sobre cambio clim\u00e1tico, afirmaron hoy que el a\u00f1o 2020 fue el a\u00f1o m\u00e1s c\u00e1lido en el mundo junto a 2016, al t\u00e9rmino de una d\u00e9cada de temperaturas r\u00e9cord que evidencian la \u00aburgencia\u00bb de actuar contra el calentamiento global.","og_url":"https:\/\/www.noticiasradioreflejos.com.ar\/2021\/afirman-que-el-ano-2020-fue-el-mas-calido-junto-al-2016-en-la-ultima-decada\/","og_site_name":"Noticias Radio Reflejos","article_published_time":"2021-01-08T20:52:20+00:00","og_image":[{"width":300,"height":200,"url":"https:\/\/www.noticiasradioreflejos.com.ar\/2021\/wp-content\/uploads\/2021\/07\/logosol300x200.png","type":"image\/png"}],"author":"Arnaldo Botto","twitter_card":"summary_large_image","schema":{"@context":"https:\/\/schema.org","@graph":[{"@type":"WebPage","@id":"https:\/\/www.noticiasradioreflejos.com.ar\/2021\/afirman-que-el-ano-2020-fue-el-mas-calido-junto-al-2016-en-la-ultima-decada\/","url":"https:\/\/www.noticiasradioreflejos.com.ar\/2021\/afirman-que-el-ano-2020-fue-el-mas-calido-junto-al-2016-en-la-ultima-decada\/","name":"Afirman que el a\u00f1o 2020 fue el m\u00e1s c\u00e1lido junto al 2016 en la \u00faltima d\u00e9cada - Noticias Radio Reflejos","isPartOf":{"@id":"https:\/\/www.noticiasradioreflejos.com.ar\/2021\/#website"},"datePublished":"2021-01-08T20:52:20+00:00","author":{"@id":"https:\/\/www.noticiasradioreflejos.com.ar\/2021\/#\/schema\/person\/ad82545263dcc5ec0996818884fd5fb1"},"breadcrumb":{"@id":"https:\/\/www.noticiasradioreflejos.com.ar\/2021\/afirman-que-el-ano-2020-fue-el-mas-calido-junto-al-2016-en-la-ultima-decada\/#breadcrumb"},"inLanguage":"es","potentialAction":[{"@type":"ReadAction","target":["https:\/\/www.noticiasradioreflejos.com.ar\/2021\/afirman-que-el-ano-2020-fue-el-mas-calido-junto-al-2016-en-la-ultima-decada\/"]}]},{"@type":"BreadcrumbList","@id":"https:\/\/www.noticiasradioreflejos.com.ar\/2021\/afirman-que-el-ano-2020-fue-el-mas-calido-junto-al-2016-en-la-ultima-decada\/#breadcrumb","itemListElement":[{"@type":"ListItem","position":1,"name":"Portada","item":"https:\/\/www.noticiasradioreflejos.com.ar\/2021\/"},{"@type":"ListItem","position":2,"name":"Afirman que el a\u00f1o 2020 fue el m\u00e1s c\u00e1lido junto al 2016 en la \u00faltima d\u00e9cada"}]},{"@type":"WebSite","@id":"https:\/\/www.noticiasradioreflejos.com.ar\/2021\/#website","url":"https:\/\/www.noticiasradioreflejos.com.ar\/2021\/","name":"Noticias Radio Reflejos","description":"Las noticias de mi comarca","potentialAction":[{"@type":"SearchAction","target":{"@type":"EntryPoint","urlTemplate":"https:\/\/www.noticiasradioreflejos.com.ar\/2021\/?s={search_term_string}"},"query-input":{"@type":"PropertyValueSpecification","valueRequired":true,"valueName":"search_term_string"}}],"inLanguage":"es"},{"@type":"Person","@id":"https:\/\/www.noticiasradioreflejos.com.ar\/2021\/#\/schema\/person\/ad82545263dcc5ec0996818884fd5fb1","name":"Arnaldo Botto","image":{"@type":"ImageObject","inLanguage":"es","@id":"https:\/\/www.noticiasradioreflejos.com.ar\/2021\/#\/schema\/person\/image\/","url":"https:\/\/secure.gravatar.com\/avatar\/55cb5e37c1efa326397366e6974cb338056df65cb50e7d64d1cf314e87504837?s=96&d=mm&r=g","contentUrl":"https:\/\/secure.gravatar.com\/avatar\/55cb5e37c1efa326397366e6974cb338056df65cb50e7d64d1cf314e87504837?s=96&d=mm&r=g","caption":"Arnaldo Botto"},"url":"https:\/\/www.noticiasradioreflejos.com.ar\/2021\/author\/arnaldo\/"}]}},"_links":{"self":[{"href":"https:\/\/www.noticiasradioreflejos.com.ar\/2021\/wp-json\/wp\/v2\/posts\/51101","targetHints":{"allow":["GET"]}}],"collection":[{"href":"https:\/\/www.noticiasradioreflejos.com.ar\/2021\/wp-json\/wp\/v2\/posts"}],"about":[{"href":"https:\/\/www.noticiasradioreflejos.com.ar\/2021\/wp-json\/wp\/v2\/types\/post"}],"author":[{"embeddable":true,"href":"https:\/\/www.noticiasradioreflejos.com.ar\/2021\/wp-json\/wp\/v2\/users\/3"}],"replies":[{"embeddable":true,"href":"https:\/\/www.noticiasradioreflejos.com.ar\/2021\/wp-json\/wp\/v2\/comments?post=51101"}],"version-history":[{"count":0,"href":"https:\/\/www.noticiasradioreflejos.com.ar\/2021\/wp-json\/wp\/v2\/posts\/51101\/revisions"}],"wp:attachment":[{"href":"https:\/\/www.noticiasradioreflejos.com.ar\/2021\/wp-json\/wp\/v2\/media?parent=51101"}],"wp:term":[{"taxonomy":"category","embeddable":true,"href":"https:\/\/www.noticiasradioreflejos.com.ar\/2021\/wp-json\/wp\/v2\/categories?post=51101"},{"taxonomy":"post_tag","embeddable":true,"href":"https:\/\/www.noticiasradioreflejos.com.ar\/2021\/wp-json\/wp\/v2\/tags?post=51101"}],"curies":[{"name":"wp","href":"https:\/\/api.w.org\/{rel}","templated":true}]}}