{"id":51094,"date":"2021-01-08T14:01:00","date_gmt":"2021-01-08T17:01:00","guid":{"rendered":"http:\/\/www.noticiasradioreflejos.com.ar\/noticias\/?p=51094"},"modified":"2021-01-08T14:01:00","modified_gmt":"2021-01-08T17:01:00","slug":"el-municipio-firmo-un-convenio-para-que-ninos-del-distrito-reciban-tratamientos-gratuitos-de-equinoterapia","status":"publish","type":"post","link":"https:\/\/www.noticiasradioreflejos.com.ar\/2021\/el-municipio-firmo-un-convenio-para-que-ninos-del-distrito-reciban-tratamientos-gratuitos-de-equinoterapia\/","title":{"rendered":"El municipio firm\u00f3 un convenio para que ni\u00f1os del distrito reciban tratamientos gratuitos de Equinoterapia"},"content":{"rendered":"<p>Tornquist Municipio firm\u00f3 un convenio con el Centro Ecuestre \u2018La Ib\u00e9rica\u2019 que permitir\u00e1 que ni\u00f1as, ni\u00f1os y j\u00f3venes del distrito con vulnerabilidad econ\u00f3mica y\/o social, como as\u00ed tambi\u00e9n con discapacidad, reciban gratuitamente tratamientos de Equinoterapia.<!--more--><br \/>\n<a title=\"Convenio Equinoterapia (1)\" href=\"http:\/\/live.staticflickr.com\/65535\/50813562798_05191f9b0e_s.jpg\" rel=\"\"><img loading=\"lazy\" decoding=\"async\" class=\"aligncenter\" title=\"Convenio Equinoterapia (1)\" src=\"http:\/\/live.staticflickr.com\/65535\/50813562798_05191f9b0e_z.jpg\" alt=\"Convenio Equinoterapia (1)\" width=\"640\" height=\"427\" \/><\/a><br \/>\nLa r\u00fabrica fue efectuada este jueves en el propio complejo, con la presencia del intendente Sergio Bordoni y del titular del Centro Ecuestre, Fernando Miras. Tambi\u00e9n estuvieron presentes el Secretario de Desarrollo, Dr. Gonzalo Iparraguirre; el Director de Juventud, Lic. Bruno Zacconi; y la Subdirectora de Discapacidad y Tercera Edad, Liliana Lugones.<\/p>\n<p><a title=\"Convenio Equinoterapia (3)\" href=\"http:\/\/live.staticflickr.com\/65535\/50814311251_5b7c908bdf_s.jpg\" rel=\"\"><img loading=\"lazy\" decoding=\"async\" class=\"aligncenter\" title=\"Convenio Equinoterapia (3)\" src=\"http:\/\/live.staticflickr.com\/65535\/50814311251_5b7c908bdf_c.jpg\" alt=\"Convenio Equinoterapia (3)\" width=\"800\" height=\"534\" \/><\/a><br \/>\nEl servicio se suma a la atenci\u00f3n que brinda el equipo interdisciplinario del \u00e1rea de Discapacidad y Tercera Edad, conformado por una psic\u00f3loga especialista en discapacidad, una trabajadora social, una fonoaudi\u00f3loga, una terapista ocupacional y una psicopedagoga.<\/p>\n<p><a title=\"Convenio Equinoterapia (6)\" href=\"http:\/\/live.staticflickr.com\/65535\/50814414872_161403fe30_s.jpg\" rel=\"\"><img loading=\"lazy\" decoding=\"async\" class=\"aligncenter\" title=\"Convenio Equinoterapia (6)\" src=\"http:\/\/live.staticflickr.com\/65535\/50814414872_161403fe30_c.jpg\" alt=\"Convenio Equinoterapia (6)\" width=\"800\" height=\"534\" \/><\/a><br \/>\nLa Equinoterapia permitir\u00e1 a los ni\u00f1os 30 abordados recibir un servicio alternativo, educativo y l\u00fadico, generando procesos de socializaci\u00f3n y buscando, entre otros fines, revertir dificultades sensorio-motoras, favorecer la autoestima, facilitar herramientas para el desarrollo social y mejorar la comunicaci\u00f3n, el lenguaje y la integraci\u00f3n en grupos de pares.<br \/>\nEl convenio alcanzado permitir\u00e1 dar un paso m\u00e1s para la contenci\u00f3n de los ni\u00f1os, las ni\u00f1as y j\u00f3venes del distrito, destacando adem\u00e1s que es uno de los \u00fanicos en la Provincia de Buenos Aires (donde no hay una alianza p\u00fablico \u2013 privada para equinoterapia), lo que lo convierte en un modelo de pol\u00edtica p\u00fablica inclusiva y de justicia social.<\/p>\n<p><a title=\"Convenio Equinoterapia (9)\" href=\"http:\/\/live.staticflickr.com\/65535\/50814414277_90060053b3_s.jpg\" rel=\"\"><img loading=\"lazy\" decoding=\"async\" class=\"aligncenter\" title=\"Convenio Equinoterapia (9)\" src=\"http:\/\/live.staticflickr.com\/65535\/50814414277_90060053b3_c.jpg\" alt=\"Convenio Equinoterapia (9)\" width=\"800\" height=\"534\" \/><\/a><\/p>\n<p>&nbsp;<\/p>\n<p><a title=\"Convenio Equinoterapia (2)\" href=\"http:\/\/live.staticflickr.com\/65535\/50814311061_7c64da597a_s.jpg\" rel=\"\"><img loading=\"lazy\" decoding=\"async\" class=\"aligncenter\" title=\"Convenio Equinoterapia (2)\" src=\"http:\/\/live.staticflickr.com\/65535\/50814311061_7c64da597a_c.jpg\" alt=\"Convenio Equinoterapia (2)\" width=\"800\" height=\"534\" \/><\/a><\/p>\n","protected":false},"excerpt":{"rendered":"<p>Tornquist Municipio firm\u00f3 un convenio con el Centro Ecuestre \u2018La Ib\u00e9rica\u2019 que permitir\u00e1 que ni\u00f1as, ni\u00f1os y j\u00f3venes del distrito con vulnerabilidad econ\u00f3mica y\/o social, como as\u00ed tambi\u00e9n con discapacidad, reciban gratuitamente tratamientos de Equinoterapia.<\/p>\n","protected":false},"author":3,"featured_media":0,"comment_status":"closed","ping_status":"open","sticky":false,"template":"","format":"standard","meta":{"footnotes":""},"categories":[25],"tags":[],"class_list":["post-51094","post","type-post","status-publish","format-standard","hentry","category-uncategorized"],"yoast_head":"<!-- This site is optimized with the Yoast SEO plugin v25.9 - https:\/\/yoast.com\/wordpress\/plugins\/seo\/ -->\n<title>El municipio firm\u00f3 un convenio para que ni\u00f1os del distrito reciban tratamientos gratuitos de Equinoterapia - Noticias Radio Reflejos<\/title>\n<meta name=\"robots\" content=\"index, follow, max-snippet:-1, max-image-preview:large, max-video-preview:-1\" \/>\n<link rel=\"canonical\" href=\"https:\/\/www.noticiasradioreflejos.com.ar\/2021\/el-municipio-firmo-un-convenio-para-que-ninos-del-distrito-reciban-tratamientos-gratuitos-de-equinoterapia\/\" \/>\n<meta property=\"og:locale\" content=\"es_ES\" \/>\n<meta property=\"og:type\" content=\"article\" \/>\n<meta property=\"og:title\" content=\"El municipio firm\u00f3 un convenio para que ni\u00f1os del distrito reciban tratamientos gratuitos de Equinoterapia - Noticias Radio Reflejos\" \/>\n<meta property=\"og:description\" content=\"Tornquist Municipio firm\u00f3 un convenio con el Centro Ecuestre \u2018La Ib\u00e9rica\u2019 que permitir\u00e1 que ni\u00f1as, ni\u00f1os y j\u00f3venes del distrito con vulnerabilidad econ\u00f3mica y\/o social, como as\u00ed tambi\u00e9n con discapacidad, reciban gratuitamente tratamientos de Equinoterapia.\" \/>\n<meta property=\"og:url\" content=\"https:\/\/www.noticiasradioreflejos.com.ar\/2021\/el-municipio-firmo-un-convenio-para-que-ninos-del-distrito-reciban-tratamientos-gratuitos-de-equinoterapia\/\" \/>\n<meta property=\"og:site_name\" content=\"Noticias Radio Reflejos\" \/>\n<meta property=\"article:published_time\" content=\"2021-01-08T17:01:00+00:00\" \/>\n<meta property=\"og:image\" content=\"http:\/\/live.staticflickr.com\/65535\/50813562798_05191f9b0e_z.jpg\" \/>\n<meta name=\"author\" content=\"Arnaldo Botto\" \/>\n<meta name=\"twitter:card\" content=\"summary_large_image\" \/>\n<script type=\"application\/ld+json\" class=\"yoast-schema-graph\">{\"@context\":\"https:\/\/schema.org\",\"@graph\":[{\"@type\":\"WebPage\",\"@id\":\"https:\/\/www.noticiasradioreflejos.com.ar\/2021\/el-municipio-firmo-un-convenio-para-que-ninos-del-distrito-reciban-tratamientos-gratuitos-de-equinoterapia\/\",\"url\":\"https:\/\/www.noticiasradioreflejos.com.ar\/2021\/el-municipio-firmo-un-convenio-para-que-ninos-del-distrito-reciban-tratamientos-gratuitos-de-equinoterapia\/\",\"name\":\"El municipio firm\u00f3 un convenio para que ni\u00f1os del distrito reciban tratamientos gratuitos de Equinoterapia - Noticias Radio Reflejos\",\"isPartOf\":{\"@id\":\"https:\/\/www.noticiasradioreflejos.com.ar\/2021\/#website\"},\"primaryImageOfPage\":{\"@id\":\"https:\/\/www.noticiasradioreflejos.com.ar\/2021\/el-municipio-firmo-un-convenio-para-que-ninos-del-distrito-reciban-tratamientos-gratuitos-de-equinoterapia\/#primaryimage\"},\"image\":{\"@id\":\"https:\/\/www.noticiasradioreflejos.com.ar\/2021\/el-municipio-firmo-un-convenio-para-que-ninos-del-distrito-reciban-tratamientos-gratuitos-de-equinoterapia\/#primaryimage\"},\"thumbnailUrl\":\"http:\/\/live.staticflickr.com\/65535\/50813562798_05191f9b0e_z.jpg\",\"datePublished\":\"2021-01-08T17:01:00+00:00\",\"author\":{\"@id\":\"https:\/\/www.noticiasradioreflejos.com.ar\/2021\/#\/schema\/person\/ad82545263dcc5ec0996818884fd5fb1\"},\"breadcrumb\":{\"@id\":\"https:\/\/www.noticiasradioreflejos.com.ar\/2021\/el-municipio-firmo-un-convenio-para-que-ninos-del-distrito-reciban-tratamientos-gratuitos-de-equinoterapia\/#breadcrumb\"},\"inLanguage\":\"es\",\"potentialAction\":[{\"@type\":\"ReadAction\",\"target\":[\"https:\/\/www.noticiasradioreflejos.com.ar\/2021\/el-municipio-firmo-un-convenio-para-que-ninos-del-distrito-reciban-tratamientos-gratuitos-de-equinoterapia\/\"]}]},{\"@type\":\"ImageObject\",\"inLanguage\":\"es\",\"@id\":\"https:\/\/www.noticiasradioreflejos.com.ar\/2021\/el-municipio-firmo-un-convenio-para-que-ninos-del-distrito-reciban-tratamientos-gratuitos-de-equinoterapia\/#primaryimage\",\"url\":\"http:\/\/live.staticflickr.com\/65535\/50813562798_05191f9b0e_z.jpg\",\"contentUrl\":\"http:\/\/live.staticflickr.com\/65535\/50813562798_05191f9b0e_z.jpg\"},{\"@type\":\"BreadcrumbList\",\"@id\":\"https:\/\/www.noticiasradioreflejos.com.ar\/2021\/el-municipio-firmo-un-convenio-para-que-ninos-del-distrito-reciban-tratamientos-gratuitos-de-equinoterapia\/#breadcrumb\",\"itemListElement\":[{\"@type\":\"ListItem\",\"position\":1,\"name\":\"Portada\",\"item\":\"https:\/\/www.noticiasradioreflejos.com.ar\/2021\/\"},{\"@type\":\"ListItem\",\"position\":2,\"name\":\"El municipio firm\u00f3 un convenio para que ni\u00f1os del distrito reciban tratamientos gratuitos de Equinoterapia\"}]},{\"@type\":\"WebSite\",\"@id\":\"https:\/\/www.noticiasradioreflejos.com.ar\/2021\/#website\",\"url\":\"https:\/\/www.noticiasradioreflejos.com.ar\/2021\/\",\"name\":\"Noticias Radio Reflejos\",\"description\":\"Las noticias de mi comarca\",\"potentialAction\":[{\"@type\":\"SearchAction\",\"target\":{\"@type\":\"EntryPoint\",\"urlTemplate\":\"https:\/\/www.noticiasradioreflejos.com.ar\/2021\/?s={search_term_string}\"},\"query-input\":{\"@type\":\"PropertyValueSpecification\",\"valueRequired\":true,\"valueName\":\"search_term_string\"}}],\"inLanguage\":\"es\"},{\"@type\":\"Person\",\"@id\":\"https:\/\/www.noticiasradioreflejos.com.ar\/2021\/#\/schema\/person\/ad82545263dcc5ec0996818884fd5fb1\",\"name\":\"Arnaldo Botto\",\"image\":{\"@type\":\"ImageObject\",\"inLanguage\":\"es\",\"@id\":\"https:\/\/www.noticiasradioreflejos.com.ar\/2021\/#\/schema\/person\/image\/\",\"url\":\"https:\/\/secure.gravatar.com\/avatar\/55cb5e37c1efa326397366e6974cb338056df65cb50e7d64d1cf314e87504837?s=96&d=mm&r=g\",\"contentUrl\":\"https:\/\/secure.gravatar.com\/avatar\/55cb5e37c1efa326397366e6974cb338056df65cb50e7d64d1cf314e87504837?s=96&d=mm&r=g\",\"caption\":\"Arnaldo Botto\"},\"url\":\"https:\/\/www.noticiasradioreflejos.com.ar\/2021\/author\/arnaldo\/\"}]}<\/script>\n<!-- \/ Yoast SEO plugin. -->","yoast_head_json":{"title":"El municipio firm\u00f3 un convenio para que ni\u00f1os del distrito reciban tratamientos gratuitos de Equinoterapia - Noticias Radio Reflejos","robots":{"index":"index","follow":"follow","max-snippet":"max-snippet:-1","max-image-preview":"max-image-preview:large","max-video-preview":"max-video-preview:-1"},"canonical":"https:\/\/www.noticiasradioreflejos.com.ar\/2021\/el-municipio-firmo-un-convenio-para-que-ninos-del-distrito-reciban-tratamientos-gratuitos-de-equinoterapia\/","og_locale":"es_ES","og_type":"article","og_title":"El municipio firm\u00f3 un convenio para que ni\u00f1os del distrito reciban tratamientos gratuitos de Equinoterapia - Noticias Radio Reflejos","og_description":"Tornquist Municipio firm\u00f3 un convenio con el Centro Ecuestre \u2018La Ib\u00e9rica\u2019 que permitir\u00e1 que ni\u00f1as, ni\u00f1os y j\u00f3venes del distrito con vulnerabilidad econ\u00f3mica y\/o social, como as\u00ed tambi\u00e9n con discapacidad, reciban gratuitamente tratamientos de Equinoterapia.","og_url":"https:\/\/www.noticiasradioreflejos.com.ar\/2021\/el-municipio-firmo-un-convenio-para-que-ninos-del-distrito-reciban-tratamientos-gratuitos-de-equinoterapia\/","og_site_name":"Noticias Radio Reflejos","article_published_time":"2021-01-08T17:01:00+00:00","og_image":[{"url":"http:\/\/live.staticflickr.com\/65535\/50813562798_05191f9b0e_z.jpg","type":"","width":"","height":""}],"author":"Arnaldo Botto","twitter_card":"summary_large_image","schema":{"@context":"https:\/\/schema.org","@graph":[{"@type":"WebPage","@id":"https:\/\/www.noticiasradioreflejos.com.ar\/2021\/el-municipio-firmo-un-convenio-para-que-ninos-del-distrito-reciban-tratamientos-gratuitos-de-equinoterapia\/","url":"https:\/\/www.noticiasradioreflejos.com.ar\/2021\/el-municipio-firmo-un-convenio-para-que-ninos-del-distrito-reciban-tratamientos-gratuitos-de-equinoterapia\/","name":"El municipio firm\u00f3 un convenio para que ni\u00f1os del distrito reciban tratamientos gratuitos de Equinoterapia - Noticias Radio Reflejos","isPartOf":{"@id":"https:\/\/www.noticiasradioreflejos.com.ar\/2021\/#website"},"primaryImageOfPage":{"@id":"https:\/\/www.noticiasradioreflejos.com.ar\/2021\/el-municipio-firmo-un-convenio-para-que-ninos-del-distrito-reciban-tratamientos-gratuitos-de-equinoterapia\/#primaryimage"},"image":{"@id":"https:\/\/www.noticiasradioreflejos.com.ar\/2021\/el-municipio-firmo-un-convenio-para-que-ninos-del-distrito-reciban-tratamientos-gratuitos-de-equinoterapia\/#primaryimage"},"thumbnailUrl":"http:\/\/live.staticflickr.com\/65535\/50813562798_05191f9b0e_z.jpg","datePublished":"2021-01-08T17:01:00+00:00","author":{"@id":"https:\/\/www.noticiasradioreflejos.com.ar\/2021\/#\/schema\/person\/ad82545263dcc5ec0996818884fd5fb1"},"breadcrumb":{"@id":"https:\/\/www.noticiasradioreflejos.com.ar\/2021\/el-municipio-firmo-un-convenio-para-que-ninos-del-distrito-reciban-tratamientos-gratuitos-de-equinoterapia\/#breadcrumb"},"inLanguage":"es","potentialAction":[{"@type":"ReadAction","target":["https:\/\/www.noticiasradioreflejos.com.ar\/2021\/el-municipio-firmo-un-convenio-para-que-ninos-del-distrito-reciban-tratamientos-gratuitos-de-equinoterapia\/"]}]},{"@type":"ImageObject","inLanguage":"es","@id":"https:\/\/www.noticiasradioreflejos.com.ar\/2021\/el-municipio-firmo-un-convenio-para-que-ninos-del-distrito-reciban-tratamientos-gratuitos-de-equinoterapia\/#primaryimage","url":"http:\/\/live.staticflickr.com\/65535\/50813562798_05191f9b0e_z.jpg","contentUrl":"http:\/\/live.staticflickr.com\/65535\/50813562798_05191f9b0e_z.jpg"},{"@type":"BreadcrumbList","@id":"https:\/\/www.noticiasradioreflejos.com.ar\/2021\/el-municipio-firmo-un-convenio-para-que-ninos-del-distrito-reciban-tratamientos-gratuitos-de-equinoterapia\/#breadcrumb","itemListElement":[{"@type":"ListItem","position":1,"name":"Portada","item":"https:\/\/www.noticiasradioreflejos.com.ar\/2021\/"},{"@type":"ListItem","position":2,"name":"El municipio firm\u00f3 un convenio para que ni\u00f1os del distrito reciban tratamientos gratuitos de Equinoterapia"}]},{"@type":"WebSite","@id":"https:\/\/www.noticiasradioreflejos.com.ar\/2021\/#website","url":"https:\/\/www.noticiasradioreflejos.com.ar\/2021\/","name":"Noticias Radio Reflejos","description":"Las noticias de mi comarca","potentialAction":[{"@type":"SearchAction","target":{"@type":"EntryPoint","urlTemplate":"https:\/\/www.noticiasradioreflejos.com.ar\/2021\/?s={search_term_string}"},"query-input":{"@type":"PropertyValueSpecification","valueRequired":true,"valueName":"search_term_string"}}],"inLanguage":"es"},{"@type":"Person","@id":"https:\/\/www.noticiasradioreflejos.com.ar\/2021\/#\/schema\/person\/ad82545263dcc5ec0996818884fd5fb1","name":"Arnaldo Botto","image":{"@type":"ImageObject","inLanguage":"es","@id":"https:\/\/www.noticiasradioreflejos.com.ar\/2021\/#\/schema\/person\/image\/","url":"https:\/\/secure.gravatar.com\/avatar\/55cb5e37c1efa326397366e6974cb338056df65cb50e7d64d1cf314e87504837?s=96&d=mm&r=g","contentUrl":"https:\/\/secure.gravatar.com\/avatar\/55cb5e37c1efa326397366e6974cb338056df65cb50e7d64d1cf314e87504837?s=96&d=mm&r=g","caption":"Arnaldo Botto"},"url":"https:\/\/www.noticiasradioreflejos.com.ar\/2021\/author\/arnaldo\/"}]}},"_links":{"self":[{"href":"https:\/\/www.noticiasradioreflejos.com.ar\/2021\/wp-json\/wp\/v2\/posts\/51094","targetHints":{"allow":["GET"]}}],"collection":[{"href":"https:\/\/www.noticiasradioreflejos.com.ar\/2021\/wp-json\/wp\/v2\/posts"}],"about":[{"href":"https:\/\/www.noticiasradioreflejos.com.ar\/2021\/wp-json\/wp\/v2\/types\/post"}],"author":[{"embeddable":true,"href":"https:\/\/www.noticiasradioreflejos.com.ar\/2021\/wp-json\/wp\/v2\/users\/3"}],"replies":[{"embeddable":true,"href":"https:\/\/www.noticiasradioreflejos.com.ar\/2021\/wp-json\/wp\/v2\/comments?post=51094"}],"version-history":[{"count":0,"href":"https:\/\/www.noticiasradioreflejos.com.ar\/2021\/wp-json\/wp\/v2\/posts\/51094\/revisions"}],"wp:attachment":[{"href":"https:\/\/www.noticiasradioreflejos.com.ar\/2021\/wp-json\/wp\/v2\/media?parent=51094"}],"wp:term":[{"taxonomy":"category","embeddable":true,"href":"https:\/\/www.noticiasradioreflejos.com.ar\/2021\/wp-json\/wp\/v2\/categories?post=51094"},{"taxonomy":"post_tag","embeddable":true,"href":"https:\/\/www.noticiasradioreflejos.com.ar\/2021\/wp-json\/wp\/v2\/tags?post=51094"}],"curies":[{"name":"wp","href":"https:\/\/api.w.org\/{rel}","templated":true}]}}