{"id":51090,"date":"2021-01-08T11:50:50","date_gmt":"2021-01-08T14:50:50","guid":{"rendered":"http:\/\/www.noticiasradioreflejos.com.ar\/noticias\/?p=51090"},"modified":"2021-01-08T11:50:50","modified_gmt":"2021-01-08T14:50:50","slug":"como-se-aplicaran-las-restricciones-a-la-circulacion-en-las-distintas-provincias","status":"publish","type":"post","link":"https:\/\/www.noticiasradioreflejos.com.ar\/2021\/como-se-aplicaran-las-restricciones-a-la-circulacion-en-las-distintas-provincias\/","title":{"rendered":"\u00bfC\u00f3mo se aplicar\u00e1n las restricciones a la circulaci\u00f3n en las distintas provincias?"},"content":{"rendered":"<p>La gran mayor\u00eda de los distritos apoya la medida para enfrentar al coronavirus<\/p>\n<p>Casi todos los gobernadores respaldaron la decisi\u00f3n del gobierno nacional de restringir la movilidad nocturna. En algunos distritos ya se dispusieron medidas similares. Las autoridades de C\u00f3rdoba y de Mendoza anunciaron que no aplicar\u00e1n las restricciones, aunque desde Naci\u00f3n resaltaron que eso est\u00e1 previsto en la norma.<!--more--><\/p>\n<div class=\"article-main-media-image\">\n<div class=\"article-main-media-image__container object-fit-block--contain intrinsic-container intrinsic-container-3x2\"><img decoding=\"async\" class=\"show-for-xlarge lazyloaded\" src=\"https:\/\/images.pagina12.com.ar\/styles\/focal_3_2_960x640\/public\/2021-01\/132239-4-a-telam.jpg?itok=IJ6nPD3E\" alt=\"Los controles de tr\u00e1nsito se contin\u00faan realizando en rutas de todo el pa\u00eds.\" data-src=\"https:\/\/images.pagina12.com.ar\/styles\/focal_3_2_960x640\/public\/2021-01\/132239-4-a-telam.jpg?itok=IJ6nPD3E\" \/><\/div>\n<div class=\"article-main-media-text\">\n<p><span class=\"article-main-media-text-image\">Los controles de tr\u00e1nsito se contin\u00faan realizando en rutas de todo el pa\u00eds.\u00a0<\/span><\/p>\n<hr \/>\n<p><span class=\"article-main-media-text-image-source\">Imagen: T\u00e9lam<\/span><\/p>\n<\/div>\n<\/div>\n<div class=\"article-body diario\">\n<div class=\"article-text\">\n<p>El gobierno nacional confirm\u00f3 la implementaci\u00f3n de\u00a0<b>una restricci\u00f3n a la circulaci\u00f3n nocturna<\/b>\u00a0para intentar contener el aumento de casos de covid-19 en el pa\u00eds.\u00a0El \u201ctoque de queda sanitario\u201d se extender\u00e1 desde las 23 hasta las 6 de la ma\u00f1ana y, seg\u00fan destac\u00f3 el jefe de Gabinete, Santiago Cafiero, se resolvi\u00f3 en acuerdo entre el Presidente y los mandatarios provinciales, quienes podr\u00e1n tomar sus propias decisiones en sus distritos.\u00a0 Si bien\u00a0<b>la mayor\u00eda de los gobernadores confirmaron su apoyo a la medida<\/b>, las autoridades de al menos dos provincias,\u00a0<b>C\u00f3rdoba y Mendoza, adelantaron que no la aplicar\u00e1n<\/b>.\u00a0Desde el gobierno nacional resaltaron que, en verdad, la medida prev\u00e9 que cada provincia la instrumente de la manera que considere m\u00e1s conveniente. Y recordaron que, de hecho, en C\u00f3rdoba ya rigen l\u00edmites a la actividad nocturna.<\/p>\n<p>La potestad de cada provincia para resolver c\u00f3mo instrumentar o no la restricci\u00f3n a la circulaci\u00f3n fue algo solicitado expresamente por el gobernador radical de\u00a0<b>Mendoza<\/b>,\u00a0<b>Rodolfo Su\u00e1rez<\/b>, durante la reuni\u00f3n que los mandatarios mantuvieron con Alberto Fern\u00e1ndez el mi\u00e9rcoles. De hecho, Su\u00e1rez remarc\u00f3 que por el momento su provincia no adherir\u00e1 al \u00abtoque de queda\u00bb nocturno dispuesto desde el Poder Ejecutivo Nacional. S\u00ed aclar\u00f3 que, si la situaci\u00f3n se complica en territorio mendocino, se tomar\u00e1n las medidas necesarias. \u201cLas medidas que buscan imponer, en Mendoza ya fueron aplicadas en un momento que lo ameritaba y funcion\u00f3. Aplicarlas hoy no tiene ning\u00fan sentido\u201d, remarcaron desde la gobernaci\u00f3n cuyana. En el mismo sentido, pero con mayor dureza, se expres\u00f3 el diputado\u00a0<b>Alfredo Cornejo<\/b>, ex gobernador mendocino y actual presidente del Comit\u00e9 Nacional de la Uni\u00f3n C\u00edvica Radical (UCR), quien cuestion\u00f3 directamente al Presidente: dijo que las medidas anunciadas \u201cson la clara demostraci\u00f3n del fracaso de la estrategia sanitaria\u201d, y suponen \u201cel tiro de gracia a la econom\u00eda de los argentinos\u201d, pese a que el gobierno nacional remarc\u00f3, justamente, que la restricci\u00f3n nocturna busca obtener resultados sanitarios limitando el impacto econ\u00f3mico.<\/p>\n<div id=\"talkFireEvent\"><\/div>\n<p>La otra provincia que anunci\u00f3 que\u00a0<a href=\"https:\/\/www.pagina12.com.ar\/315963-coronavirus-cordoba-no-adherira-al-cierre-sanitario-nocturno\">no implementar\u00e1 el \u201ctoque de queda\u00bb<\/a>\u00a0es\u00a0<b>C\u00f3rdoba<\/b>, seg\u00fan dijo el gobernador\u00a0<b>Juan Schiaretti<\/b>.De acuerdo con sus dichos, buscar\u00e1n contener el alza de contagios intensificando las medidas de prevenci\u00f3n y control actuales a partir del fin de semana, para evitar acciones pol\u00edticas m\u00e1s restrictivas que afecten la actividad industrial, comercial y gastron\u00f3mica. Para ello, la gobernaci\u00f3n asegur\u00f3 que aumentar\u00e1n el n\u00famero de testeos hasta llegar a los 15 mil diarios, e invertir\u00e1n 450 millones de pesos para incrementar el total de camas para pacientes cr\u00edticos de coronavirus en hospitales provinciales y municipales.<\/p>\n<p>\u201cTodos estamos viendo un aumento de casos en Am\u00e9rica Latina, en Argentina y en C\u00f3rdoba. C\u00f3rdoba act\u00faa siempre frente a la pandemia con responsabilidad y diciendo la verdad\u201d, dijo el gobernador Schiaretti, y pidi\u00f3 seguir aplicando y respetando los protocolos.<\/p>\n<p>En la\u00a0<b>Ciudad de Buenos Aires<\/b>, las posibles medidas fueron analizadas durante una reuni\u00f3n por videoconferencia de los funcionarios porte\u00f1os, encabezada por el titular del gobierno local,\u00a0<b>Horacio Rodr\u00edguez Larreta<\/b>, contagiado de coronavirus y aislado en su domicilio. All\u00ed se habl\u00f3 de \u201cesperar lo que Naci\u00f3n disponga por decreto\u201d. Una vez que esto ocurra, lo que se decida \u201cva a ser acompa\u00f1ado por la Ciudad\u201d, dijeron fuentes del gobierno porte\u00f1o, aunque tambi\u00e9n dejaron trascender que la estrategia en CABA buscar\u00e1 diferenciarse y centrarse en \u201crecuperar la responsabilidad social y c\u00edvica que supimos tener\u201d en los primeros meses del aislamiento, mientras que, a la vez, se reforzar\u00e1n las tareas de testeo y rastreo de personas contagiadas.<\/p>\n<p><b>La mayor\u00eda de los gobernadores provinciales se mostraron de acuerdo en implementar el \u201ctoque de queda sanitario\u201d\u00a0<\/b>conversado en la reuni\u00f3n con el Presidente. De hecho, algunas provincias y municipios ya est\u00e1n poniendo en pr\u00e1ctica restricciones horarias con el objetivo de disminuir la circulaci\u00f3n.<\/p>\n<p>En\u00a0<b>Santa Fe,<\/b>\u00a0el gobierno de\u00a0<b>Omar Perotti<\/b>\u00a0se aline\u00f3 con el mensaje presidencial y eval\u00faa las formas de aplicar las medidas. En la provincia ya hay limitaciones en vigencia desde el 27 de noviembre de 2020, en todas las localidades de los departamentos de Rosario, Caseros, Constituci\u00f3n, General L\u00f3pez, San Lorenzo, La Capital, Castellanos y Las Colonias, donde la actividad mayorista y minorista de venta de mercader\u00edas de rubros no esenciales, con atenci\u00f3n al p\u00fablico en los locales, no puede extenderse m\u00e1s all\u00e1 de las 21.<\/p>\n<p>En el\u00a0<b>Chaco<\/b>, Jorge Capitanich ya decret\u00f3 la \u201calarma sanitaria\u201d hasta el 21 de enero, y desde el mi\u00e9rcoles no se puede circular entre las 0 y las 6, a excepci\u00f3n de quienes tengan motivos de salud, seguridad o un permiso para circular. Asimismo, la permanencia y circulaci\u00f3n en espacios p\u00fablicos, espect\u00e1culos o actividades recreativas est\u00e1n autorizadas hasta las 22. De\u200c \u200cjueves\u200c \u200ca\u200c \u200cdomingos,\u200c los \u200cbares\u200c \u200cy\u200c los \u200crestaurantes\u200c \u200cpueden \u200cfuncionar\u200c \u200chasta\u200c \u200clas\u200c \u200c2.\u200c \u200c<\/p>\n<p>En\u200c \u200cuna\u200c \u200cmedida\u200c \u200csimilar,\u200c \u200cel\u200c \u200cgobernador\u200c \u200cde\u200c\u00a0<b>\u200cLa\u200c \u200cPampa<\/b>,\u200c \u200cSergio\u200c \u200cZiliotto,\u200c \u200crestringi\u00f3\u200c \u200cdesde\u200c \u200cel\u200c \u200clunes\u200c \u200c4\u200c \u200cy\u200c \u200chasta\u200c \u200cel\u200c \u200c18\u200c \u200cde\u200c \u200cenero\u200c \u200cla\u200c \u200ccirculaci\u00f3n\u200c \u200cde\u200c \u200cpersonas\u200c \u200centre\u200c \u200cla\u200c \u200c1\u200c \u200cy\u200c \u200clas\u200c \u200c6.30,\u200c \u200ccon\u200c \u200cla\u200c \u200cexcepci\u00f3n\u200c \u200cde\u200c \u200ctrabajadores\u200c \u200cesenciales. Les concedi\u00f3 media hora de tolerancia a los locales gastron\u00f3micos.<\/p>\n<p>Tambi\u00e9n a nivel municipal diversos distritos del pa\u00eds ya pusieron en marcha limitaciones a la movilidad. Por ejemplo, en Rojas, provincia de Buenos Aires, se dispuso\u200c \u200cuna\u200c \u200crestricci\u00f3n\u200c \u200cpara\u200c \u200ccircular\u200c \u200cdesde\u200c \u200clas\u200c \u200c0\u200c \u200chasta\u200c \u200clas\u200c \u200c6,\u200c salvo\u200c los \u200cviernes\u200c \u200cy\u200c los \u200cs\u00e1bados,\u200c \u200ccuando\u200c \u200cse\u200c \u200cpodr\u00e1\u200c \u200chacerlo\u200c \u200chasta\u200c \u200clas\u200c \u200c2 de la madrugada.\u200c Otro caso es el de la ciudad de Mercedes, en Corrientes, que cerr\u00f3 sus accesos por una semana en el horario de 23 a 6, para evitar aglomeraciones y disminuir la circulaci\u00f3n en contexto de la celebraci\u00f3n del Gauchito Gil.<\/p>\n<\/div>\n<div id=\"ventas-article-end\" class=\"ventas-article-end\"><\/div>\n<\/div>\n","protected":false},"excerpt":{"rendered":"<p>La gran mayor\u00eda de los distritos apoya la medida para enfrentar al coronavirus Casi todos los gobernadores respaldaron la decisi\u00f3n del gobierno nacional de restringir la movilidad nocturna. En algunos distritos ya se dispusieron medidas similares. Las autoridades de C\u00f3rdoba y de Mendoza anunciaron que no aplicar\u00e1n las restricciones, aunque desde Naci\u00f3n resaltaron que eso [&hellip;]<\/p>\n","protected":false},"author":3,"featured_media":0,"comment_status":"closed","ping_status":"open","sticky":false,"template":"","format":"standard","meta":{"footnotes":""},"categories":[29,26],"tags":[],"class_list":["post-51090","post","type-post","status-publish","format-standard","hentry","category-policiales","category-sociedad"],"yoast_head":"<!-- This site is optimized with the Yoast SEO plugin v25.9 - https:\/\/yoast.com\/wordpress\/plugins\/seo\/ -->\n<title>\u00bfC\u00f3mo se aplicar\u00e1n las restricciones a la circulaci\u00f3n en las distintas provincias? - Noticias Radio Reflejos<\/title>\n<meta name=\"robots\" content=\"index, follow, max-snippet:-1, max-image-preview:large, max-video-preview:-1\" \/>\n<link rel=\"canonical\" href=\"https:\/\/www.noticiasradioreflejos.com.ar\/2021\/como-se-aplicaran-las-restricciones-a-la-circulacion-en-las-distintas-provincias\/\" \/>\n<meta property=\"og:locale\" content=\"es_ES\" \/>\n<meta property=\"og:type\" content=\"article\" \/>\n<meta property=\"og:title\" content=\"\u00bfC\u00f3mo se aplicar\u00e1n las restricciones a la circulaci\u00f3n en las distintas provincias? - Noticias Radio Reflejos\" \/>\n<meta property=\"og:description\" content=\"La gran mayor\u00eda de los distritos apoya la medida para enfrentar al coronavirus Casi todos los gobernadores respaldaron la decisi\u00f3n del gobierno nacional de restringir la movilidad nocturna. En algunos distritos ya se dispusieron medidas similares. Las autoridades de C\u00f3rdoba y de Mendoza anunciaron que no aplicar\u00e1n las restricciones, aunque desde Naci\u00f3n resaltaron que eso [&hellip;]\" \/>\n<meta property=\"og:url\" content=\"https:\/\/www.noticiasradioreflejos.com.ar\/2021\/como-se-aplicaran-las-restricciones-a-la-circulacion-en-las-distintas-provincias\/\" \/>\n<meta property=\"og:site_name\" content=\"Noticias Radio Reflejos\" \/>\n<meta property=\"article:published_time\" content=\"2021-01-08T14:50:50+00:00\" \/>\n<meta property=\"og:image\" content=\"https:\/\/images.pagina12.com.ar\/styles\/focal_3_2_960x640\/public\/2021-01\/132239-4-a-telam.jpg?itok=IJ6nPD3E\" \/>\n<meta name=\"author\" content=\"Arnaldo Botto\" \/>\n<meta name=\"twitter:card\" content=\"summary_large_image\" \/>\n<script type=\"application\/ld+json\" class=\"yoast-schema-graph\">{\"@context\":\"https:\/\/schema.org\",\"@graph\":[{\"@type\":\"WebPage\",\"@id\":\"https:\/\/www.noticiasradioreflejos.com.ar\/2021\/como-se-aplicaran-las-restricciones-a-la-circulacion-en-las-distintas-provincias\/\",\"url\":\"https:\/\/www.noticiasradioreflejos.com.ar\/2021\/como-se-aplicaran-las-restricciones-a-la-circulacion-en-las-distintas-provincias\/\",\"name\":\"\u00bfC\u00f3mo se aplicar\u00e1n las restricciones a la circulaci\u00f3n en las distintas provincias? - Noticias Radio Reflejos\",\"isPartOf\":{\"@id\":\"https:\/\/www.noticiasradioreflejos.com.ar\/2021\/#website\"},\"primaryImageOfPage\":{\"@id\":\"https:\/\/www.noticiasradioreflejos.com.ar\/2021\/como-se-aplicaran-las-restricciones-a-la-circulacion-en-las-distintas-provincias\/#primaryimage\"},\"image\":{\"@id\":\"https:\/\/www.noticiasradioreflejos.com.ar\/2021\/como-se-aplicaran-las-restricciones-a-la-circulacion-en-las-distintas-provincias\/#primaryimage\"},\"thumbnailUrl\":\"https:\/\/images.pagina12.com.ar\/styles\/focal_3_2_960x640\/public\/2021-01\/132239-4-a-telam.jpg?itok=IJ6nPD3E\",\"datePublished\":\"2021-01-08T14:50:50+00:00\",\"author\":{\"@id\":\"https:\/\/www.noticiasradioreflejos.com.ar\/2021\/#\/schema\/person\/ad82545263dcc5ec0996818884fd5fb1\"},\"breadcrumb\":{\"@id\":\"https:\/\/www.noticiasradioreflejos.com.ar\/2021\/como-se-aplicaran-las-restricciones-a-la-circulacion-en-las-distintas-provincias\/#breadcrumb\"},\"inLanguage\":\"es\",\"potentialAction\":[{\"@type\":\"ReadAction\",\"target\":[\"https:\/\/www.noticiasradioreflejos.com.ar\/2021\/como-se-aplicaran-las-restricciones-a-la-circulacion-en-las-distintas-provincias\/\"]}]},{\"@type\":\"ImageObject\",\"inLanguage\":\"es\",\"@id\":\"https:\/\/www.noticiasradioreflejos.com.ar\/2021\/como-se-aplicaran-las-restricciones-a-la-circulacion-en-las-distintas-provincias\/#primaryimage\",\"url\":\"https:\/\/images.pagina12.com.ar\/styles\/focal_3_2_960x640\/public\/2021-01\/132239-4-a-telam.jpg?itok=IJ6nPD3E\",\"contentUrl\":\"https:\/\/images.pagina12.com.ar\/styles\/focal_3_2_960x640\/public\/2021-01\/132239-4-a-telam.jpg?itok=IJ6nPD3E\"},{\"@type\":\"BreadcrumbList\",\"@id\":\"https:\/\/www.noticiasradioreflejos.com.ar\/2021\/como-se-aplicaran-las-restricciones-a-la-circulacion-en-las-distintas-provincias\/#breadcrumb\",\"itemListElement\":[{\"@type\":\"ListItem\",\"position\":1,\"name\":\"Portada\",\"item\":\"https:\/\/www.noticiasradioreflejos.com.ar\/2021\/\"},{\"@type\":\"ListItem\",\"position\":2,\"name\":\"\u00bfC\u00f3mo se aplicar\u00e1n las restricciones a la circulaci\u00f3n en las distintas provincias?\"}]},{\"@type\":\"WebSite\",\"@id\":\"https:\/\/www.noticiasradioreflejos.com.ar\/2021\/#website\",\"url\":\"https:\/\/www.noticiasradioreflejos.com.ar\/2021\/\",\"name\":\"Noticias Radio Reflejos\",\"description\":\"Las noticias de mi comarca\",\"potentialAction\":[{\"@type\":\"SearchAction\",\"target\":{\"@type\":\"EntryPoint\",\"urlTemplate\":\"https:\/\/www.noticiasradioreflejos.com.ar\/2021\/?s={search_term_string}\"},\"query-input\":{\"@type\":\"PropertyValueSpecification\",\"valueRequired\":true,\"valueName\":\"search_term_string\"}}],\"inLanguage\":\"es\"},{\"@type\":\"Person\",\"@id\":\"https:\/\/www.noticiasradioreflejos.com.ar\/2021\/#\/schema\/person\/ad82545263dcc5ec0996818884fd5fb1\",\"name\":\"Arnaldo Botto\",\"image\":{\"@type\":\"ImageObject\",\"inLanguage\":\"es\",\"@id\":\"https:\/\/www.noticiasradioreflejos.com.ar\/2021\/#\/schema\/person\/image\/\",\"url\":\"https:\/\/secure.gravatar.com\/avatar\/55cb5e37c1efa326397366e6974cb338056df65cb50e7d64d1cf314e87504837?s=96&d=mm&r=g\",\"contentUrl\":\"https:\/\/secure.gravatar.com\/avatar\/55cb5e37c1efa326397366e6974cb338056df65cb50e7d64d1cf314e87504837?s=96&d=mm&r=g\",\"caption\":\"Arnaldo Botto\"},\"url\":\"https:\/\/www.noticiasradioreflejos.com.ar\/2021\/author\/arnaldo\/\"}]}<\/script>\n<!-- \/ Yoast SEO plugin. -->","yoast_head_json":{"title":"\u00bfC\u00f3mo se aplicar\u00e1n las restricciones a la circulaci\u00f3n en las distintas provincias? - Noticias Radio Reflejos","robots":{"index":"index","follow":"follow","max-snippet":"max-snippet:-1","max-image-preview":"max-image-preview:large","max-video-preview":"max-video-preview:-1"},"canonical":"https:\/\/www.noticiasradioreflejos.com.ar\/2021\/como-se-aplicaran-las-restricciones-a-la-circulacion-en-las-distintas-provincias\/","og_locale":"es_ES","og_type":"article","og_title":"\u00bfC\u00f3mo se aplicar\u00e1n las restricciones a la circulaci\u00f3n en las distintas provincias? - Noticias Radio Reflejos","og_description":"La gran mayor\u00eda de los distritos apoya la medida para enfrentar al coronavirus Casi todos los gobernadores respaldaron la decisi\u00f3n del gobierno nacional de restringir la movilidad nocturna. En algunos distritos ya se dispusieron medidas similares. Las autoridades de C\u00f3rdoba y de Mendoza anunciaron que no aplicar\u00e1n las restricciones, aunque desde Naci\u00f3n resaltaron que eso [&hellip;]","og_url":"https:\/\/www.noticiasradioreflejos.com.ar\/2021\/como-se-aplicaran-las-restricciones-a-la-circulacion-en-las-distintas-provincias\/","og_site_name":"Noticias Radio Reflejos","article_published_time":"2021-01-08T14:50:50+00:00","og_image":[{"url":"https:\/\/images.pagina12.com.ar\/styles\/focal_3_2_960x640\/public\/2021-01\/132239-4-a-telam.jpg?itok=IJ6nPD3E","type":"","width":"","height":""}],"author":"Arnaldo Botto","twitter_card":"summary_large_image","schema":{"@context":"https:\/\/schema.org","@graph":[{"@type":"WebPage","@id":"https:\/\/www.noticiasradioreflejos.com.ar\/2021\/como-se-aplicaran-las-restricciones-a-la-circulacion-en-las-distintas-provincias\/","url":"https:\/\/www.noticiasradioreflejos.com.ar\/2021\/como-se-aplicaran-las-restricciones-a-la-circulacion-en-las-distintas-provincias\/","name":"\u00bfC\u00f3mo se aplicar\u00e1n las restricciones a la circulaci\u00f3n en las distintas provincias? - Noticias Radio Reflejos","isPartOf":{"@id":"https:\/\/www.noticiasradioreflejos.com.ar\/2021\/#website"},"primaryImageOfPage":{"@id":"https:\/\/www.noticiasradioreflejos.com.ar\/2021\/como-se-aplicaran-las-restricciones-a-la-circulacion-en-las-distintas-provincias\/#primaryimage"},"image":{"@id":"https:\/\/www.noticiasradioreflejos.com.ar\/2021\/como-se-aplicaran-las-restricciones-a-la-circulacion-en-las-distintas-provincias\/#primaryimage"},"thumbnailUrl":"https:\/\/images.pagina12.com.ar\/styles\/focal_3_2_960x640\/public\/2021-01\/132239-4-a-telam.jpg?itok=IJ6nPD3E","datePublished":"2021-01-08T14:50:50+00:00","author":{"@id":"https:\/\/www.noticiasradioreflejos.com.ar\/2021\/#\/schema\/person\/ad82545263dcc5ec0996818884fd5fb1"},"breadcrumb":{"@id":"https:\/\/www.noticiasradioreflejos.com.ar\/2021\/como-se-aplicaran-las-restricciones-a-la-circulacion-en-las-distintas-provincias\/#breadcrumb"},"inLanguage":"es","potentialAction":[{"@type":"ReadAction","target":["https:\/\/www.noticiasradioreflejos.com.ar\/2021\/como-se-aplicaran-las-restricciones-a-la-circulacion-en-las-distintas-provincias\/"]}]},{"@type":"ImageObject","inLanguage":"es","@id":"https:\/\/www.noticiasradioreflejos.com.ar\/2021\/como-se-aplicaran-las-restricciones-a-la-circulacion-en-las-distintas-provincias\/#primaryimage","url":"https:\/\/images.pagina12.com.ar\/styles\/focal_3_2_960x640\/public\/2021-01\/132239-4-a-telam.jpg?itok=IJ6nPD3E","contentUrl":"https:\/\/images.pagina12.com.ar\/styles\/focal_3_2_960x640\/public\/2021-01\/132239-4-a-telam.jpg?itok=IJ6nPD3E"},{"@type":"BreadcrumbList","@id":"https:\/\/www.noticiasradioreflejos.com.ar\/2021\/como-se-aplicaran-las-restricciones-a-la-circulacion-en-las-distintas-provincias\/#breadcrumb","itemListElement":[{"@type":"ListItem","position":1,"name":"Portada","item":"https:\/\/www.noticiasradioreflejos.com.ar\/2021\/"},{"@type":"ListItem","position":2,"name":"\u00bfC\u00f3mo se aplicar\u00e1n las restricciones a la circulaci\u00f3n en las distintas provincias?"}]},{"@type":"WebSite","@id":"https:\/\/www.noticiasradioreflejos.com.ar\/2021\/#website","url":"https:\/\/www.noticiasradioreflejos.com.ar\/2021\/","name":"Noticias Radio Reflejos","description":"Las noticias de mi comarca","potentialAction":[{"@type":"SearchAction","target":{"@type":"EntryPoint","urlTemplate":"https:\/\/www.noticiasradioreflejos.com.ar\/2021\/?s={search_term_string}"},"query-input":{"@type":"PropertyValueSpecification","valueRequired":true,"valueName":"search_term_string"}}],"inLanguage":"es"},{"@type":"Person","@id":"https:\/\/www.noticiasradioreflejos.com.ar\/2021\/#\/schema\/person\/ad82545263dcc5ec0996818884fd5fb1","name":"Arnaldo Botto","image":{"@type":"ImageObject","inLanguage":"es","@id":"https:\/\/www.noticiasradioreflejos.com.ar\/2021\/#\/schema\/person\/image\/","url":"https:\/\/secure.gravatar.com\/avatar\/55cb5e37c1efa326397366e6974cb338056df65cb50e7d64d1cf314e87504837?s=96&d=mm&r=g","contentUrl":"https:\/\/secure.gravatar.com\/avatar\/55cb5e37c1efa326397366e6974cb338056df65cb50e7d64d1cf314e87504837?s=96&d=mm&r=g","caption":"Arnaldo Botto"},"url":"https:\/\/www.noticiasradioreflejos.com.ar\/2021\/author\/arnaldo\/"}]}},"_links":{"self":[{"href":"https:\/\/www.noticiasradioreflejos.com.ar\/2021\/wp-json\/wp\/v2\/posts\/51090","targetHints":{"allow":["GET"]}}],"collection":[{"href":"https:\/\/www.noticiasradioreflejos.com.ar\/2021\/wp-json\/wp\/v2\/posts"}],"about":[{"href":"https:\/\/www.noticiasradioreflejos.com.ar\/2021\/wp-json\/wp\/v2\/types\/post"}],"author":[{"embeddable":true,"href":"https:\/\/www.noticiasradioreflejos.com.ar\/2021\/wp-json\/wp\/v2\/users\/3"}],"replies":[{"embeddable":true,"href":"https:\/\/www.noticiasradioreflejos.com.ar\/2021\/wp-json\/wp\/v2\/comments?post=51090"}],"version-history":[{"count":0,"href":"https:\/\/www.noticiasradioreflejos.com.ar\/2021\/wp-json\/wp\/v2\/posts\/51090\/revisions"}],"wp:attachment":[{"href":"https:\/\/www.noticiasradioreflejos.com.ar\/2021\/wp-json\/wp\/v2\/media?parent=51090"}],"wp:term":[{"taxonomy":"category","embeddable":true,"href":"https:\/\/www.noticiasradioreflejos.com.ar\/2021\/wp-json\/wp\/v2\/categories?post=51090"},{"taxonomy":"post_tag","embeddable":true,"href":"https:\/\/www.noticiasradioreflejos.com.ar\/2021\/wp-json\/wp\/v2\/tags?post=51090"}],"curies":[{"name":"wp","href":"https:\/\/api.w.org\/{rel}","templated":true}]}}