{"id":50949,"date":"2021-01-05T10:13:46","date_gmt":"2021-01-05T13:13:46","guid":{"rendered":"http:\/\/www.noticiasradioreflejos.com.ar\/noticias\/?p=50949"},"modified":"2021-01-05T10:13:46","modified_gmt":"2021-01-05T13:13:46","slug":"sergio-bordoni-no-esta-de-acuerdo-con-aplicar-toque-de-queda-en-el-distrito","status":"publish","type":"post","link":"https:\/\/www.noticiasradioreflejos.com.ar\/2021\/sergio-bordoni-no-esta-de-acuerdo-con-aplicar-toque-de-queda-en-el-distrito\/","title":{"rendered":"Sergio Bordoni no esta de acuerdo con aplicar toque de queda en el distrito"},"content":{"rendered":"<p>Ante el aumento de casos, se reunir\u00e1n intendentes y gobernadores de la costa atl\u00e1ntica en busca de medidas para afrontar el rebrote.<!--more--><br \/>\nEn una entrevista brindada para Luis Cano en su programa matutino, el intendente de nuestro distrito, Sergio Bordoni, dialog\u00f3 sobre la reuni\u00f3n prevista en el d\u00eda de hoy con los intendentes de la costa atl\u00e1ntica, donde se tratar\u00e1 de buscar una soluci\u00f3n ante el aumento de casos en los \u00faltimos d\u00edas en las localidades tur\u00edsticas implementando un toque de queda sanitario en la franja horaria de las 22 P.M hasta las 6 A.M.<\/p>\n<p>Con un total de 32 casos activos en el distrito de Tornquist, la preocupaci\u00f3n por el aumento de casos en los distintos puntos tur\u00edsticos de la costa atl\u00e1ntica y la imposibilidad de poner un freno a las juntadas masivas en espacios p\u00fablicos y privados, junto con las fiestas clandestinas a las que concurren en su mayor\u00eda j\u00f3venes, se encienden las alarmas en el sector pol\u00edtico que buscar\u00e1 proponer una soluci\u00f3n en una reuni\u00f3n pactada para esta ma\u00f1ana.<\/p>\n<p>\u201cEvidentemente es una situaci\u00f3n que ten\u00edamos que haber previsto antes porque era algo clavado que iba a pasar, lo ven\u00edamos viendo a nivel mundial lo que suced\u00eda en las playas\u201d, afirm\u00f3 Bordoni y sostuvo que \u201ccreo que cada intendente tendr\u00eda que fijarse en su distrito y tomar ah\u00ed la decisi\u00f3n sobre el toque de queda, es dif\u00edcil la situaci\u00f3n epidemiol\u00f3gica pero tambi\u00e9n es dif\u00edcil la situaci\u00f3n econ\u00f3mica\u201d.<\/p>\n<p>No estando a favor de la implementaci\u00f3n de la restricci\u00f3n horaria en la circulaci\u00f3n nocturna, \u201cuna medida de 22 a 6 am no significa nada porque a la tarde la gente se junta igual, el contagio ser\u00e1 igual. Hay cosas que con los protocolos se pueden corregir\u201d, sostuvo que \u201cpara cortar con el virus es necesario cortar los contagios con un cierre total, pero hay que tener dinero para bancarlo\u201d.<\/p>\n<p>En un momento clave en la temporada de verano, el rebrote inicia nuevamente la alarma sanitaria que parec\u00eda haber descendido a fines del 2020. Las medidas que se tomar\u00edan en el distrito de la comarca ser\u00edan las que se vienen implementando: distanciamiento para la prevenci\u00f3n y consciencia social sobre la posibilidad de contagio, \u201csi se cierra, se cierra completamente\u201d. Remarc\u00f3.<\/p>\n<p>Hasta el momento, la comarca no ver\u00eda afectado su horario comercial nocturno: \u201cEs dif\u00edcil la situaci\u00f3n epidemiol\u00f3gica pero tambi\u00e9n es dif\u00edcil la situaci\u00f3n econ\u00f3mica. No estoy a favor del toque de queda, me inclino a que cada intendente tome la decisi\u00f3n en su distrito, y si tomo la decisi\u00f3n es porque me obligan desde provincia\u201d, concluy\u00f3.<br \/>\n<iframe loading=\"lazy\" width=\"100%\" height=\"166\" scrolling=\"no\" frameborder=\"no\" allow=\"autoplay\" src=\"https:\/\/w.soundcloud.com\/player\/?url=https%3A\/\/api.soundcloud.com\/tracks\/959721280&#038;color=%23ff5500&#038;auto_play=false&#038;hide_related=false&#038;show_comments=true&#038;show_user=true&#038;show_reposts=false&#038;show_teaser=true\"><\/iframe><\/p>\n<div style=\"font-size: 10px; color: #cccccc;line-break: anywhere;word-break: normal;overflow: hidden;white-space: nowrap;text-overflow: ellipsis; font-family: Interstate,Lucida Grande,Lucida Sans Unicode,Lucida Sans,Garuda,Verdana,Tahoma,sans-serif;font-weight: 100;\"><a href=\"https:\/\/soundcloud.com\/fmreflejos-103-7\" title=\"fmreflejos 103.7\" target=\"_blank\" style=\"color: #cccccc; text-decoration: none;\" rel=\"noopener\">fmreflejos 103.7<\/a> \u00b7 <a href=\"https:\/\/soundcloud.com\/fmreflejos-103-7\/nota-sergio-bordoni-05-01-21\" title=\"NOTA SERGIO BORDONI  05 - 01 - 21\" target=\"_blank\" style=\"color: #cccccc; text-decoration: none;\" rel=\"noopener\">NOTA SERGIO BORDONI  05 &#8211; 01 &#8211; 21<\/a><\/div>\n","protected":false},"excerpt":{"rendered":"<p>Ante el aumento de casos, se reunir\u00e1n intendentes y gobernadores de la costa atl\u00e1ntica en busca de medidas para afrontar el rebrote.<\/p>\n","protected":false},"author":3,"featured_media":0,"comment_status":"closed","ping_status":"open","sticky":false,"template":"","format":"standard","meta":{"footnotes":""},"categories":[24],"tags":[],"class_list":["post-50949","post","type-post","status-publish","format-standard","hentry","category-politica"],"yoast_head":"<!-- This site is optimized with the Yoast SEO plugin v25.9 - https:\/\/yoast.com\/wordpress\/plugins\/seo\/ -->\n<title>Sergio Bordoni no esta de acuerdo con aplicar toque de queda en el distrito - Noticias Radio Reflejos<\/title>\n<meta name=\"robots\" content=\"index, follow, max-snippet:-1, max-image-preview:large, max-video-preview:-1\" \/>\n<link rel=\"canonical\" href=\"https:\/\/www.noticiasradioreflejos.com.ar\/2021\/sergio-bordoni-no-esta-de-acuerdo-con-aplicar-toque-de-queda-en-el-distrito\/\" \/>\n<meta property=\"og:locale\" content=\"es_ES\" \/>\n<meta property=\"og:type\" content=\"article\" \/>\n<meta property=\"og:title\" content=\"Sergio Bordoni no esta de acuerdo con aplicar toque de queda en el distrito - Noticias Radio Reflejos\" \/>\n<meta property=\"og:description\" content=\"Ante el aumento de casos, se reunir\u00e1n intendentes y gobernadores de la costa atl\u00e1ntica en busca de medidas para afrontar el rebrote.\" \/>\n<meta property=\"og:url\" content=\"https:\/\/www.noticiasradioreflejos.com.ar\/2021\/sergio-bordoni-no-esta-de-acuerdo-con-aplicar-toque-de-queda-en-el-distrito\/\" \/>\n<meta property=\"og:site_name\" content=\"Noticias Radio Reflejos\" \/>\n<meta property=\"article:published_time\" content=\"2021-01-05T13:13:46+00:00\" \/>\n<meta property=\"og:image\" content=\"https:\/\/www.noticiasradioreflejos.com.ar\/2021\/wp-content\/uploads\/2021\/07\/logosol300x200.png\" \/>\n\t<meta property=\"og:image:width\" content=\"300\" \/>\n\t<meta property=\"og:image:height\" content=\"200\" \/>\n\t<meta property=\"og:image:type\" content=\"image\/png\" \/>\n<meta name=\"author\" content=\"Arnaldo Botto\" \/>\n<meta name=\"twitter:card\" content=\"summary_large_image\" \/>\n<script type=\"application\/ld+json\" class=\"yoast-schema-graph\">{\"@context\":\"https:\/\/schema.org\",\"@graph\":[{\"@type\":\"WebPage\",\"@id\":\"https:\/\/www.noticiasradioreflejos.com.ar\/2021\/sergio-bordoni-no-esta-de-acuerdo-con-aplicar-toque-de-queda-en-el-distrito\/\",\"url\":\"https:\/\/www.noticiasradioreflejos.com.ar\/2021\/sergio-bordoni-no-esta-de-acuerdo-con-aplicar-toque-de-queda-en-el-distrito\/\",\"name\":\"Sergio Bordoni no esta de acuerdo con aplicar toque de queda en el distrito - Noticias Radio Reflejos\",\"isPartOf\":{\"@id\":\"https:\/\/www.noticiasradioreflejos.com.ar\/2021\/#website\"},\"datePublished\":\"2021-01-05T13:13:46+00:00\",\"author\":{\"@id\":\"https:\/\/www.noticiasradioreflejos.com.ar\/2021\/#\/schema\/person\/ad82545263dcc5ec0996818884fd5fb1\"},\"breadcrumb\":{\"@id\":\"https:\/\/www.noticiasradioreflejos.com.ar\/2021\/sergio-bordoni-no-esta-de-acuerdo-con-aplicar-toque-de-queda-en-el-distrito\/#breadcrumb\"},\"inLanguage\":\"es\",\"potentialAction\":[{\"@type\":\"ReadAction\",\"target\":[\"https:\/\/www.noticiasradioreflejos.com.ar\/2021\/sergio-bordoni-no-esta-de-acuerdo-con-aplicar-toque-de-queda-en-el-distrito\/\"]}]},{\"@type\":\"BreadcrumbList\",\"@id\":\"https:\/\/www.noticiasradioreflejos.com.ar\/2021\/sergio-bordoni-no-esta-de-acuerdo-con-aplicar-toque-de-queda-en-el-distrito\/#breadcrumb\",\"itemListElement\":[{\"@type\":\"ListItem\",\"position\":1,\"name\":\"Portada\",\"item\":\"https:\/\/www.noticiasradioreflejos.com.ar\/2021\/\"},{\"@type\":\"ListItem\",\"position\":2,\"name\":\"Sergio Bordoni no esta de acuerdo con aplicar toque de queda en el distrito\"}]},{\"@type\":\"WebSite\",\"@id\":\"https:\/\/www.noticiasradioreflejos.com.ar\/2021\/#website\",\"url\":\"https:\/\/www.noticiasradioreflejos.com.ar\/2021\/\",\"name\":\"Noticias Radio Reflejos\",\"description\":\"Las noticias de mi comarca\",\"potentialAction\":[{\"@type\":\"SearchAction\",\"target\":{\"@type\":\"EntryPoint\",\"urlTemplate\":\"https:\/\/www.noticiasradioreflejos.com.ar\/2021\/?s={search_term_string}\"},\"query-input\":{\"@type\":\"PropertyValueSpecification\",\"valueRequired\":true,\"valueName\":\"search_term_string\"}}],\"inLanguage\":\"es\"},{\"@type\":\"Person\",\"@id\":\"https:\/\/www.noticiasradioreflejos.com.ar\/2021\/#\/schema\/person\/ad82545263dcc5ec0996818884fd5fb1\",\"name\":\"Arnaldo Botto\",\"image\":{\"@type\":\"ImageObject\",\"inLanguage\":\"es\",\"@id\":\"https:\/\/www.noticiasradioreflejos.com.ar\/2021\/#\/schema\/person\/image\/\",\"url\":\"https:\/\/secure.gravatar.com\/avatar\/55cb5e37c1efa326397366e6974cb338056df65cb50e7d64d1cf314e87504837?s=96&d=mm&r=g\",\"contentUrl\":\"https:\/\/secure.gravatar.com\/avatar\/55cb5e37c1efa326397366e6974cb338056df65cb50e7d64d1cf314e87504837?s=96&d=mm&r=g\",\"caption\":\"Arnaldo Botto\"},\"url\":\"https:\/\/www.noticiasradioreflejos.com.ar\/2021\/author\/arnaldo\/\"}]}<\/script>\n<!-- \/ Yoast SEO plugin. -->","yoast_head_json":{"title":"Sergio Bordoni no esta de acuerdo con aplicar toque de queda en el distrito - Noticias Radio Reflejos","robots":{"index":"index","follow":"follow","max-snippet":"max-snippet:-1","max-image-preview":"max-image-preview:large","max-video-preview":"max-video-preview:-1"},"canonical":"https:\/\/www.noticiasradioreflejos.com.ar\/2021\/sergio-bordoni-no-esta-de-acuerdo-con-aplicar-toque-de-queda-en-el-distrito\/","og_locale":"es_ES","og_type":"article","og_title":"Sergio Bordoni no esta de acuerdo con aplicar toque de queda en el distrito - Noticias Radio Reflejos","og_description":"Ante el aumento de casos, se reunir\u00e1n intendentes y gobernadores de la costa atl\u00e1ntica en busca de medidas para afrontar el rebrote.","og_url":"https:\/\/www.noticiasradioreflejos.com.ar\/2021\/sergio-bordoni-no-esta-de-acuerdo-con-aplicar-toque-de-queda-en-el-distrito\/","og_site_name":"Noticias Radio Reflejos","article_published_time":"2021-01-05T13:13:46+00:00","og_image":[{"width":300,"height":200,"url":"https:\/\/www.noticiasradioreflejos.com.ar\/2021\/wp-content\/uploads\/2021\/07\/logosol300x200.png","type":"image\/png"}],"author":"Arnaldo Botto","twitter_card":"summary_large_image","schema":{"@context":"https:\/\/schema.org","@graph":[{"@type":"WebPage","@id":"https:\/\/www.noticiasradioreflejos.com.ar\/2021\/sergio-bordoni-no-esta-de-acuerdo-con-aplicar-toque-de-queda-en-el-distrito\/","url":"https:\/\/www.noticiasradioreflejos.com.ar\/2021\/sergio-bordoni-no-esta-de-acuerdo-con-aplicar-toque-de-queda-en-el-distrito\/","name":"Sergio Bordoni no esta de acuerdo con aplicar toque de queda en el distrito - Noticias Radio Reflejos","isPartOf":{"@id":"https:\/\/www.noticiasradioreflejos.com.ar\/2021\/#website"},"datePublished":"2021-01-05T13:13:46+00:00","author":{"@id":"https:\/\/www.noticiasradioreflejos.com.ar\/2021\/#\/schema\/person\/ad82545263dcc5ec0996818884fd5fb1"},"breadcrumb":{"@id":"https:\/\/www.noticiasradioreflejos.com.ar\/2021\/sergio-bordoni-no-esta-de-acuerdo-con-aplicar-toque-de-queda-en-el-distrito\/#breadcrumb"},"inLanguage":"es","potentialAction":[{"@type":"ReadAction","target":["https:\/\/www.noticiasradioreflejos.com.ar\/2021\/sergio-bordoni-no-esta-de-acuerdo-con-aplicar-toque-de-queda-en-el-distrito\/"]}]},{"@type":"BreadcrumbList","@id":"https:\/\/www.noticiasradioreflejos.com.ar\/2021\/sergio-bordoni-no-esta-de-acuerdo-con-aplicar-toque-de-queda-en-el-distrito\/#breadcrumb","itemListElement":[{"@type":"ListItem","position":1,"name":"Portada","item":"https:\/\/www.noticiasradioreflejos.com.ar\/2021\/"},{"@type":"ListItem","position":2,"name":"Sergio Bordoni no esta de acuerdo con aplicar toque de queda en el distrito"}]},{"@type":"WebSite","@id":"https:\/\/www.noticiasradioreflejos.com.ar\/2021\/#website","url":"https:\/\/www.noticiasradioreflejos.com.ar\/2021\/","name":"Noticias Radio Reflejos","description":"Las noticias de mi comarca","potentialAction":[{"@type":"SearchAction","target":{"@type":"EntryPoint","urlTemplate":"https:\/\/www.noticiasradioreflejos.com.ar\/2021\/?s={search_term_string}"},"query-input":{"@type":"PropertyValueSpecification","valueRequired":true,"valueName":"search_term_string"}}],"inLanguage":"es"},{"@type":"Person","@id":"https:\/\/www.noticiasradioreflejos.com.ar\/2021\/#\/schema\/person\/ad82545263dcc5ec0996818884fd5fb1","name":"Arnaldo Botto","image":{"@type":"ImageObject","inLanguage":"es","@id":"https:\/\/www.noticiasradioreflejos.com.ar\/2021\/#\/schema\/person\/image\/","url":"https:\/\/secure.gravatar.com\/avatar\/55cb5e37c1efa326397366e6974cb338056df65cb50e7d64d1cf314e87504837?s=96&d=mm&r=g","contentUrl":"https:\/\/secure.gravatar.com\/avatar\/55cb5e37c1efa326397366e6974cb338056df65cb50e7d64d1cf314e87504837?s=96&d=mm&r=g","caption":"Arnaldo Botto"},"url":"https:\/\/www.noticiasradioreflejos.com.ar\/2021\/author\/arnaldo\/"}]}},"_links":{"self":[{"href":"https:\/\/www.noticiasradioreflejos.com.ar\/2021\/wp-json\/wp\/v2\/posts\/50949","targetHints":{"allow":["GET"]}}],"collection":[{"href":"https:\/\/www.noticiasradioreflejos.com.ar\/2021\/wp-json\/wp\/v2\/posts"}],"about":[{"href":"https:\/\/www.noticiasradioreflejos.com.ar\/2021\/wp-json\/wp\/v2\/types\/post"}],"author":[{"embeddable":true,"href":"https:\/\/www.noticiasradioreflejos.com.ar\/2021\/wp-json\/wp\/v2\/users\/3"}],"replies":[{"embeddable":true,"href":"https:\/\/www.noticiasradioreflejos.com.ar\/2021\/wp-json\/wp\/v2\/comments?post=50949"}],"version-history":[{"count":0,"href":"https:\/\/www.noticiasradioreflejos.com.ar\/2021\/wp-json\/wp\/v2\/posts\/50949\/revisions"}],"wp:attachment":[{"href":"https:\/\/www.noticiasradioreflejos.com.ar\/2021\/wp-json\/wp\/v2\/media?parent=50949"}],"wp:term":[{"taxonomy":"category","embeddable":true,"href":"https:\/\/www.noticiasradioreflejos.com.ar\/2021\/wp-json\/wp\/v2\/categories?post=50949"},{"taxonomy":"post_tag","embeddable":true,"href":"https:\/\/www.noticiasradioreflejos.com.ar\/2021\/wp-json\/wp\/v2\/tags?post=50949"}],"curies":[{"name":"wp","href":"https:\/\/api.w.org\/{rel}","templated":true}]}}