{"id":50924,"date":"2021-01-04T19:14:32","date_gmt":"2021-01-04T22:14:32","guid":{"rendered":"http:\/\/www.noticiasradioreflejos.com.ar\/noticias\/?p=50924"},"modified":"2021-01-04T19:14:32","modified_gmt":"2021-01-04T22:14:32","slug":"axel-kicillof-convoco-a-los-intendentes-bonaerenses-para-analizar-nuevas-medidas-sanitarias-ante-el-aumento-de-contagios-de-coronavirus","status":"publish","type":"post","link":"https:\/\/www.noticiasradioreflejos.com.ar\/2021\/axel-kicillof-convoco-a-los-intendentes-bonaerenses-para-analizar-nuevas-medidas-sanitarias-ante-el-aumento-de-contagios-de-coronavirus\/","title":{"rendered":"Axel Kicillof convoc\u00f3 a los intendentes bonaerenses para analizar nuevas medidas sanitarias ante el aumento de contagios de coronavirus"},"content":{"rendered":"<p>El encuentro ser\u00e1 este martes en San Bernardo. Los jefes comunales estar\u00e1n en forma presencial, mientras que los del conurbano participar\u00e1n a trav\u00e9s de una videoconferencia. Estudian tomar medidas restrictivas en los pr\u00f3ximos d\u00edas. El intendente <em><strong><span style=\"color: #0000ff;\">Sergio Bordoni<\/span><\/strong><\/em> estar\u00e1 presente.<!--more--><br \/>\nEste martes al mediod\u00eda el gobernador de Buenos Aires,\u00a0<b>Axel Kicillof<\/b>, se sentar\u00e1 con<b>\u00a0los intendentes de los municipios de la Costa<\/b>\u00a0para evaluar y comenzar a definir qu\u00e9 medidas restrictivas se pueden tomar para evitar que los casos de coronavirus sigan creciendo. La preocupaci\u00f3n est\u00e1 instalada en el gobierno bonaerense y aumenta a la par de los contagios.\u00a0<b>El rebrote parece ser un hecho que se est\u00e1 visibilizando en la temporada de verano.<\/b><\/p>\n<p class=\"paragraph\">En el encuentro, que se llevar\u00e1 a cabo en\u00a0<b>San Bernardo a partir de las 12<\/b>, tambi\u00e9n estar\u00e1n los intendentes del conurbano. Pero ellos asistir\u00e1n a trav\u00e9s de una videoconferencia.\u00a0<mark class=\"hl_yellow\">Si bien el foco de preocupaci\u00f3n est\u00e1 en el desarrollo de la temporada de verano en la costa<\/mark>, la curva de contagios de COVID-19 tambi\u00e9n empez\u00f3 a crecer en las localidades m\u00e1s pobladas del conurbano. Por eso todos los intendentes de la provincia fueron invitados.<\/p>\n<p class=\"paragraph\">Por parte del Ejecutivo bonaerense estar\u00e1n el ministro de Salud,<b>\u00a0Daniel Gollan<\/b>; el viceministro de esa cartera,\u00a0<b>Nicol\u00e1s Kreplak,\u00a0<\/b>el jefe de Gabinete,\u00a0<b>Carlos Bianco\u00a0<\/b>y la ministra de Comunicaci\u00f3n,<b>\u00a0Jesica Rey.\u00a0<\/b>Los jefes comunales de la costa a\u00fan no confirmaron presencia, pero en el Gobierno estiman que estar\u00e1n todos. La gravedad que implica el aumento de contagios amerita una resoluci\u00f3n conjunta.<\/p>\n<p class=\"paragraph\">La principal opci\u00f3n que se baraja en el gobierno de Kicillof es la implementaci\u00f3n de un\u00a0<a href=\"https:\/\/www.infobae.com\/politica\/2021\/01\/04\/el-gobierno-bonaerense-reitero-que-evalua-tomar-medidas-fuertes-ante-la-suba-de-contagios-de-coronavirus\/\" target=\"_blank\" rel=\"noopener\"><b>toque de queda nocturno<\/b><\/a><b>.<\/b>\u00a0Es decir, cortar el movimiento durante la noche, cuando la gente se re\u00fane en fiestas privadas y lugares gastron\u00f3micos, con el fin de cortar la circulaci\u00f3n del virus. As\u00ed lo reconoci\u00f3 el jefe de asesores de la cartera bonaerense,<b>\u00a0Enio Jos\u00e9 Garc\u00eda<\/b>, quien advirti\u00f3 que la medida\u00a0<b>\u201ces una opci\u00f3n\u201d.<\/b><\/p>\n<picture class=\"visual__image\"><source srcset=\"https:\/\/www.infobae.com\/new-resizer\/9emNB-n_pqbAFSZ2c54Jkxx3UB4=\/768x432\/filters:format(jpg):quality(85)\/cloudfront-us-east-1.images.arcpublishing.com\/infobae\/3OBT4OTPI5CVFA42FALZX6WEL4.jpg 1200w\" type=\"image\/jpg\" \/><source srcset=\"https:\/\/www.infobae.com\/new-resizer\/9emNB-n_pqbAFSZ2c54Jkxx3UB4=\/768x432\/filters:format(jpg):quality(85)\/cloudfront-us-east-1.images.arcpublishing.com\/infobae\/3OBT4OTPI5CVFA42FALZX6WEL4.jpg 992w\" type=\"image\/jpg\" \/><source srcset=\"https:\/\/www.infobae.com\/new-resizer\/9emNB-n_pqbAFSZ2c54Jkxx3UB4=\/768x432\/filters:format(jpg):quality(85)\/cloudfront-us-east-1.images.arcpublishing.com\/infobae\/3OBT4OTPI5CVFA42FALZX6WEL4.jpg 768w\" type=\"image\/jpg\" \/><source srcset=\"https:\/\/www.infobae.com\/new-resizer\/S5BRRuaf74VjwIh8RqMlgg8r5Ao=\/420x236\/filters:format(jpg):quality(85)\/cloudfront-us-east-1.images.arcpublishing.com\/infobae\/3OBT4OTPI5CVFA42FALZX6WEL4.jpg 420w\" type=\"image\/jpg\" \/><img loading=\"lazy\" decoding=\"async\" src=\"https:\/\/www.infobae.com\/new-resizer\/S5BRRuaf74VjwIh8RqMlgg8r5Ao=\/420x236\/filters:format(jpg):quality(85)\/\/cloudfront-us-east-1.images.arcpublishing.com\/infobae\/3OBT4OTPI5CVFA42FALZX6WEL4.jpg\" alt=\"Axel Kicillof durante una de las \u00faltimas reuniones con los intendentes de la costa\" width=\"1920\" height=\"1080\" \/>Axel Kicillof durante una de las \u00faltimas reuniones con los intendentes de la costa<\/picture>\n<p class=\"paragraph\"><b>En la provincia descartan la posibilidad de cerrar completamente la temporada<\/b>.<b>\u00a0<\/b><mark class=\"hl_yellow\"><b>\u201cHay cero chances de que eso suceda<\/b><\/mark><b>\u201d<\/b>, graficaron cerca del gobernador. Esa misma idea expuso el ministro de Turismo,\u00a0<b>Mat\u00edas Lammens<\/b>, durante su visita a Villa Gesell en la ma\u00f1ana de este lunes, aunque aclar\u00f3 que la continuidad de las vacaciones depender\u00e1 del comportamiento de la gente en la Costa.<\/p>\n<p class=\"paragraph\"><mark class=\"hl_yellow\"><b>\u201cLa idea nuestra no es cerrar la temporada, pero s\u00ed seguir insistiendo con la responsabilidad individual.<\/b>\u00a0<\/mark>Cuando esto no alcance, garantizar que haya una presencia del Estado que le diga al ciudadano c\u00f3mo tiene que actuar\u201d, explic\u00f3 durante una recorrida con el intendente local, Gustavo Barrera. Adem\u00e1s, asegur\u00f3 que las restricciones que\u00a0<b>\u201ceventualmente se tomen\u201d<\/b>\u00a0van a tener que ver con reducir el riesgo de las grandes aglomeraciones, pero no con la suspensi\u00f3n de la temporada. \u201cEstas medidas van a ser para aquellos lugares donde no se est\u00e1n cumpliendo algunos protocolos\u201d, aclar\u00f3.<\/p>\n<p class=\"paragraph\">Kicillof quiere evaluar en forma pormenorizada los datos de cada municipio y el comportamiento de la gente en los puntos tur\u00edsticos. Tambi\u00e9n lograr un acuerdo con los intendentes para que la medida que se tome sea conjunta.<b>\u00a0\u201cSi los intendentes no est\u00e1n dispuestos a hacer cumplir la medida que se implemente, no tiene sentido que la tomemos\u201d<\/b>, advierten en La Plata.\u00a0<mark class=\"hl_yellow\">La responsabilidad y el costo de la decisi\u00f3n ser\u00e1 compartido.<\/mark><\/p>\n<picture class=\"visual__image\"><source srcset=\"https:\/\/www.infobae.com\/new-resizer\/BKXL4YXj8nxy3cRR-gza3I1Bdz4=\/768x432\/filters:format(jpg):quality(85)\/cloudfront-us-east-1.images.arcpublishing.com\/infobae\/VDVCJHZKFNBTTNGNMC5FWDPRIU.jpg 1200w\" type=\"image\/jpg\" \/><source srcset=\"https:\/\/www.infobae.com\/new-resizer\/BKXL4YXj8nxy3cRR-gza3I1Bdz4=\/768x432\/filters:format(jpg):quality(85)\/cloudfront-us-east-1.images.arcpublishing.com\/infobae\/VDVCJHZKFNBTTNGNMC5FWDPRIU.jpg 992w\" type=\"image\/jpg\" \/><source srcset=\"https:\/\/www.infobae.com\/new-resizer\/BKXL4YXj8nxy3cRR-gza3I1Bdz4=\/768x432\/filters:format(jpg):quality(85)\/cloudfront-us-east-1.images.arcpublishing.com\/infobae\/VDVCJHZKFNBTTNGNMC5FWDPRIU.jpg 768w\" type=\"image\/jpg\" \/><source srcset=\"https:\/\/www.infobae.com\/new-resizer\/jHUbg8yHc8Tl8ryciG2g9H-XsrU=\/420x236\/filters:format(jpg):quality(85)\/cloudfront-us-east-1.images.arcpublishing.com\/infobae\/VDVCJHZKFNBTTNGNMC5FWDPRIU.jpg 420w\" type=\"image\/jpg\" \/><img loading=\"lazy\" decoding=\"async\" src=\"https:\/\/www.infobae.com\/new-resizer\/jHUbg8yHc8Tl8ryciG2g9H-XsrU=\/420x236\/filters:format(jpg):quality(85)\/\/cloudfront-us-east-1.images.arcpublishing.com\/infobae\/VDVCJHZKFNBTTNGNMC5FWDPRIU.jpg\" alt=\"Una de las \u00faltimas im\u00e1genes de Pinamar, donde los j\u00f3venes se concentraron en las playas y no cumplieron con los protocolos b\u00e1sicos \" width=\"960\" height=\"540\" \/>Una de las \u00faltimas im\u00e1genes de Pinamar, donde los j\u00f3venes se concentraron en las playas y no cumplieron con los protocolos b\u00e1sicos<\/picture>\n<p class=\"paragraph\">En el gobierno bonaerense ya saben que los jefes comunales de Juntos por el Cambio no est\u00e1n de acuerdo con una posible medida que restrinja la circulaci\u00f3n durante la noche. En un principio una opci\u00f3n era que<b>\u00a0el horario de cumplimiento sea entre las 22 y las 6.<\/b>\u00a0Los jefes comunales entienden que perjudicar\u00e1 la actividad comercial, una de las m\u00e1s afectadas durante la pandemia. Por eso se resisten a que se aplique ese tipo de restricciones en el medio de la temporada.<\/p>\n<p class=\"paragraph\">En una\u00a0<a href=\"https:\/\/www.infobae.com\/sociedad\/2021\/01\/03\/guillermo-montenegro-no-veo-posible-generar-algun-tipo-de-cierre-violento-y-terminar-la-temporada-de-verano\/\" target=\"_blank\" rel=\"noopener\">entrevista con<b>\u00a0Infobae<\/b><\/a>, el intendente de Mar del Plata,\u00a0<b>Guillermo Montenegro,<\/b>\u00a0sent\u00f3 una postura.<b>\u00a0\u201cNo veo posible generar alg\u00fan tipo de cierre violento y terminar la temporada de verano.\u00a0<\/b>No creo que se pueda cerrar ninguna actividad. Pero no es que no se pueda, creo que no se deber\u00eda. Hay muchas alternativas previas para llegar al cierre\u201d, explic\u00f3.<\/p>\n<p class=\"paragraph\"><b>Mart\u00edn Yeza<\/b>, el jefe comunal de Pinamar, se mostr\u00f3 en la misma l\u00ednea. En di\u00e1logo con este medio asegur\u00f3 que \u201cun toque de queda ser\u00eda una decisi\u00f3n no comprendida por los comerciantes que la han remado y que hoy son los grandes socios del Estado para tener actividades con protocolos\u201d. El intendente considera que prohibir la salida de la gente a la calle no se va frenar el contagio.\u00a0<b>\u201cAnular a los comerciantes va a traer consecuencias econ\u00f3micas y laborales y no va a disminuir la curva de contagios porque aumentar\u00eda la clandestinidad\u201d<\/b>, sostuvo.<\/p>\n<picture class=\"visual__image\"><source srcset=\"https:\/\/www.infobae.com\/new-resizer\/4GIvTv6ZopLGBivyTk1ij9C0v14=\/768x432\/filters:format(jpg):quality(85)\/cloudfront-us-east-1.images.arcpublishing.com\/infobae\/SAXAIUVVIFGP7OVWKL5BVXVGWE.jpg 1200w\" type=\"image\/jpg\" \/><source srcset=\"https:\/\/www.infobae.com\/new-resizer\/4GIvTv6ZopLGBivyTk1ij9C0v14=\/768x432\/filters:format(jpg):quality(85)\/cloudfront-us-east-1.images.arcpublishing.com\/infobae\/SAXAIUVVIFGP7OVWKL5BVXVGWE.jpg 992w\" type=\"image\/jpg\" \/><source srcset=\"https:\/\/www.infobae.com\/new-resizer\/4GIvTv6ZopLGBivyTk1ij9C0v14=\/768x432\/filters:format(jpg):quality(85)\/cloudfront-us-east-1.images.arcpublishing.com\/infobae\/SAXAIUVVIFGP7OVWKL5BVXVGWE.jpg 768w\" type=\"image\/jpg\" \/><source srcset=\"https:\/\/www.infobae.com\/new-resizer\/944519sfdFH5tRC6x2Gw_RPH20k=\/420x236\/filters:format(jpg):quality(85)\/cloudfront-us-east-1.images.arcpublishing.com\/infobae\/SAXAIUVVIFGP7OVWKL5BVXVGWE.jpg 420w\" type=\"image\/jpg\" \/><img loading=\"lazy\" decoding=\"async\" src=\"https:\/\/www.infobae.com\/new-resizer\/944519sfdFH5tRC6x2Gw_RPH20k=\/420x236\/filters:format(jpg):quality(85)\/\/cloudfront-us-east-1.images.arcpublishing.com\/infobae\/SAXAIUVVIFGP7OVWKL5BVXVGWE.jpg\" alt=\"La mayor\u00eda de la gente cumple con las medidas sanitarias en las calles, pero no en las playas (Christian Heit)\" width=\"1920\" height=\"1080\" \/>La mayor\u00eda de la gente cumple con las medidas sanitarias en las calles, pero no en las playas (Christian Heit)<\/picture>\n<p class=\"paragraph\">Tambi\u00e9n en contacto con este medio, el intendente peronista de Villa Gesell,\u00a0<b>Gustavo Barrera<\/b>, anticip\u00f3 que van<mark class=\"hl_yellow\">\u00a0\u201ca apoyar las medidas sanitarias que tengan que ver con evitar las aglomeraciones, prevenir los contagios y evitar una suspensi\u00f3n de la temporada\u201d<\/mark>. Y agreg\u00f3: \u201cEn Gesell tenemos relativamente pocos casos, pero el cuidado sabemos que debe ser regional.<b>\u00a0Estamos interconectados, el virus no conoce fronteras. Ning\u00fan municipio se salva solo\u201d.<\/b><\/p>\n<p class=\"paragraph\"><b>A partir del 15 de diciembre las autoridades sanitarias de la provincia comenzaron a ver que la curva de contagios crec\u00eda nuevamente.<\/b>\u00a0Los casos aumentaron d\u00eda a d\u00eda hasta llegar, el 29 de diciembre, a<b>\u00a04.417 casos<\/b>, el pico del \u00faltimo mes. Antes de ese d\u00eda, tanto desde el gobierno bonaerense como de los municipios anticiparon que el principal problema eran las fiestas y reuniones clandestinas, adem\u00e1s del relajamiento de la gente con los cuidados b\u00e1sicos.<\/p>\n<p class=\"paragraph\"><mark class=\"hl_yellow\">\u201cPor ahora no est\u00e1 en riesgo de saturaci\u00f3n pero cada d\u00eda se ocupan m\u00e1s camas de las que se liberan\u201d,<\/mark>\u00a0indicaron desde la gobernaci\u00f3n. Esta semana los ministros, las autoridades sanitarias y los intendentes cruzar\u00e1n mensajes en m\u00e1s de una oportunidad.\u00a0<b>Ser\u00e1 una semana de definiciones. As\u00ed lo asimilan en La Plata.\u00a0<\/b>El encuentro de ma\u00f1ana servir\u00e1 para hacer un diagn\u00f3stico m\u00e1s preciso y evaluar qu\u00e9 medidas se pueden tomar. Si no es el toque de queda, cu\u00e1les son las opciones.<\/p>\n<p class=\"paragraph\">Al d\u00eda de hoy en el\u00a0<b>AMBA<\/b>\u00a0hay un<b>\u00a055%<\/b>\u00a0de camas de terapia intensiva que est\u00e1n ocupadas, mientras que en el interior es del\u00a0<b>38%<\/b>. Hay disponibilidad pero deben tener en cuenta el delay de los casos. Los resultados de los contagios de esta semana reci\u00e9n se ver\u00e1n en quince d\u00edas. Ese es el motivo por el que en el gobierno de la provincia apuran la decisi\u00f3n. Hay que tomarla ahora para que tenga impacto en el corto plazo y el virus no siga corriendo.<\/p>\n<p class=\"paragraph\"><b>El viceministro de Salud, Nicol\u00e1s Kreplak,\u00a0<\/b>dio un anticipo de la marcha atr\u00e1s que el gobierno de Kicillof planea llevar a cabo.\u00a0<a href=\"https:\/\/www.infobae.com\/politica\/2021\/01\/04\/el-gobierno-bonaerense-reitero-que-evalua-tomar-medidas-fuertes-ante-la-suba-de-contagios-de-coronavirus\/\" target=\"_blank\" rel=\"noopener\"><b>\u201cNo nos gusta tomar medidas antip\u00e1ticas, pero hay que tomar medidas fuertes y efectivas\u201d<\/b><\/a>, sentenci\u00f3. Lo que empezar\u00e1 a definirse ma\u00f1ana es cu\u00e1les son esas medidas y qu\u00e9 consenso tienen.<\/p>\n<p><span style=\"color: #ff6600;\"><strong>Fuente Infobae<\/strong><\/span><\/p>\n","protected":false},"excerpt":{"rendered":"<p>El encuentro ser\u00e1 este martes en San Bernardo. Los jefes comunales estar\u00e1n en forma presencial, mientras que los del conurbano participar\u00e1n a trav\u00e9s de una videoconferencia. Estudian tomar medidas restrictivas en los pr\u00f3ximos d\u00edas. El intendente Sergio Bordoni estar\u00e1 presente.<\/p>\n","protected":false},"author":3,"featured_media":0,"comment_status":"closed","ping_status":"open","sticky":false,"template":"","format":"standard","meta":{"footnotes":""},"categories":[24,30],"tags":[],"class_list":["post-50924","post","type-post","status-publish","format-standard","hentry","category-politica","category-salud"],"yoast_head":"<!-- This site is optimized with the Yoast SEO plugin v25.9 - https:\/\/yoast.com\/wordpress\/plugins\/seo\/ -->\n<title>Axel Kicillof convoc\u00f3 a los intendentes bonaerenses para analizar nuevas medidas sanitarias ante el aumento de contagios de coronavirus - Noticias Radio Reflejos<\/title>\n<meta name=\"robots\" content=\"index, follow, max-snippet:-1, max-image-preview:large, max-video-preview:-1\" \/>\n<link rel=\"canonical\" href=\"https:\/\/www.noticiasradioreflejos.com.ar\/2021\/axel-kicillof-convoco-a-los-intendentes-bonaerenses-para-analizar-nuevas-medidas-sanitarias-ante-el-aumento-de-contagios-de-coronavirus\/\" \/>\n<meta property=\"og:locale\" content=\"es_ES\" \/>\n<meta property=\"og:type\" content=\"article\" \/>\n<meta property=\"og:title\" content=\"Axel Kicillof convoc\u00f3 a los intendentes bonaerenses para analizar nuevas medidas sanitarias ante el aumento de contagios de coronavirus - Noticias Radio Reflejos\" \/>\n<meta property=\"og:description\" content=\"El encuentro ser\u00e1 este martes en San Bernardo. Los jefes comunales estar\u00e1n en forma presencial, mientras que los del conurbano participar\u00e1n a trav\u00e9s de una videoconferencia. Estudian tomar medidas restrictivas en los pr\u00f3ximos d\u00edas. El intendente Sergio Bordoni estar\u00e1 presente.\" \/>\n<meta property=\"og:url\" content=\"https:\/\/www.noticiasradioreflejos.com.ar\/2021\/axel-kicillof-convoco-a-los-intendentes-bonaerenses-para-analizar-nuevas-medidas-sanitarias-ante-el-aumento-de-contagios-de-coronavirus\/\" \/>\n<meta property=\"og:site_name\" content=\"Noticias Radio Reflejos\" \/>\n<meta property=\"article:published_time\" content=\"2021-01-04T22:14:32+00:00\" \/>\n<meta property=\"og:image\" content=\"https:\/\/www.infobae.com\/new-resizer\/S5BRRuaf74VjwIh8RqMlgg8r5Ao=\/420x236\/filters:format(jpg):quality(85)\/\/cloudfront-us-east-1.images.arcpublishing.com\/infobae\/3OBT4OTPI5CVFA42FALZX6WEL4.jpg\" \/>\n<meta name=\"author\" content=\"Arnaldo Botto\" \/>\n<meta name=\"twitter:card\" content=\"summary_large_image\" \/>\n<script type=\"application\/ld+json\" class=\"yoast-schema-graph\">{\"@context\":\"https:\/\/schema.org\",\"@graph\":[{\"@type\":\"WebPage\",\"@id\":\"https:\/\/www.noticiasradioreflejos.com.ar\/2021\/axel-kicillof-convoco-a-los-intendentes-bonaerenses-para-analizar-nuevas-medidas-sanitarias-ante-el-aumento-de-contagios-de-coronavirus\/\",\"url\":\"https:\/\/www.noticiasradioreflejos.com.ar\/2021\/axel-kicillof-convoco-a-los-intendentes-bonaerenses-para-analizar-nuevas-medidas-sanitarias-ante-el-aumento-de-contagios-de-coronavirus\/\",\"name\":\"Axel Kicillof convoc\u00f3 a los intendentes bonaerenses para analizar nuevas medidas sanitarias ante el aumento de contagios de coronavirus - Noticias Radio Reflejos\",\"isPartOf\":{\"@id\":\"https:\/\/www.noticiasradioreflejos.com.ar\/2021\/#website\"},\"primaryImageOfPage\":{\"@id\":\"https:\/\/www.noticiasradioreflejos.com.ar\/2021\/axel-kicillof-convoco-a-los-intendentes-bonaerenses-para-analizar-nuevas-medidas-sanitarias-ante-el-aumento-de-contagios-de-coronavirus\/#primaryimage\"},\"image\":{\"@id\":\"https:\/\/www.noticiasradioreflejos.com.ar\/2021\/axel-kicillof-convoco-a-los-intendentes-bonaerenses-para-analizar-nuevas-medidas-sanitarias-ante-el-aumento-de-contagios-de-coronavirus\/#primaryimage\"},\"thumbnailUrl\":\"https:\/\/www.infobae.com\/new-resizer\/S5BRRuaf74VjwIh8RqMlgg8r5Ao=\/420x236\/filters:format(jpg):quality(85)\/\/cloudfront-us-east-1.images.arcpublishing.com\/infobae\/3OBT4OTPI5CVFA42FALZX6WEL4.jpg\",\"datePublished\":\"2021-01-04T22:14:32+00:00\",\"author\":{\"@id\":\"https:\/\/www.noticiasradioreflejos.com.ar\/2021\/#\/schema\/person\/ad82545263dcc5ec0996818884fd5fb1\"},\"breadcrumb\":{\"@id\":\"https:\/\/www.noticiasradioreflejos.com.ar\/2021\/axel-kicillof-convoco-a-los-intendentes-bonaerenses-para-analizar-nuevas-medidas-sanitarias-ante-el-aumento-de-contagios-de-coronavirus\/#breadcrumb\"},\"inLanguage\":\"es\",\"potentialAction\":[{\"@type\":\"ReadAction\",\"target\":[\"https:\/\/www.noticiasradioreflejos.com.ar\/2021\/axel-kicillof-convoco-a-los-intendentes-bonaerenses-para-analizar-nuevas-medidas-sanitarias-ante-el-aumento-de-contagios-de-coronavirus\/\"]}]},{\"@type\":\"ImageObject\",\"inLanguage\":\"es\",\"@id\":\"https:\/\/www.noticiasradioreflejos.com.ar\/2021\/axel-kicillof-convoco-a-los-intendentes-bonaerenses-para-analizar-nuevas-medidas-sanitarias-ante-el-aumento-de-contagios-de-coronavirus\/#primaryimage\",\"url\":\"https:\/\/www.infobae.com\/new-resizer\/S5BRRuaf74VjwIh8RqMlgg8r5Ao=\/420x236\/filters:format(jpg):quality(85)\/\/cloudfront-us-east-1.images.arcpublishing.com\/infobae\/3OBT4OTPI5CVFA42FALZX6WEL4.jpg\",\"contentUrl\":\"https:\/\/www.infobae.com\/new-resizer\/S5BRRuaf74VjwIh8RqMlgg8r5Ao=\/420x236\/filters:format(jpg):quality(85)\/\/cloudfront-us-east-1.images.arcpublishing.com\/infobae\/3OBT4OTPI5CVFA42FALZX6WEL4.jpg\"},{\"@type\":\"BreadcrumbList\",\"@id\":\"https:\/\/www.noticiasradioreflejos.com.ar\/2021\/axel-kicillof-convoco-a-los-intendentes-bonaerenses-para-analizar-nuevas-medidas-sanitarias-ante-el-aumento-de-contagios-de-coronavirus\/#breadcrumb\",\"itemListElement\":[{\"@type\":\"ListItem\",\"position\":1,\"name\":\"Portada\",\"item\":\"https:\/\/www.noticiasradioreflejos.com.ar\/2021\/\"},{\"@type\":\"ListItem\",\"position\":2,\"name\":\"Axel Kicillof convoc\u00f3 a los intendentes bonaerenses para analizar nuevas medidas sanitarias ante el aumento de contagios de coronavirus\"}]},{\"@type\":\"WebSite\",\"@id\":\"https:\/\/www.noticiasradioreflejos.com.ar\/2021\/#website\",\"url\":\"https:\/\/www.noticiasradioreflejos.com.ar\/2021\/\",\"name\":\"Noticias Radio Reflejos\",\"description\":\"Las noticias de mi comarca\",\"potentialAction\":[{\"@type\":\"SearchAction\",\"target\":{\"@type\":\"EntryPoint\",\"urlTemplate\":\"https:\/\/www.noticiasradioreflejos.com.ar\/2021\/?s={search_term_string}\"},\"query-input\":{\"@type\":\"PropertyValueSpecification\",\"valueRequired\":true,\"valueName\":\"search_term_string\"}}],\"inLanguage\":\"es\"},{\"@type\":\"Person\",\"@id\":\"https:\/\/www.noticiasradioreflejos.com.ar\/2021\/#\/schema\/person\/ad82545263dcc5ec0996818884fd5fb1\",\"name\":\"Arnaldo Botto\",\"image\":{\"@type\":\"ImageObject\",\"inLanguage\":\"es\",\"@id\":\"https:\/\/www.noticiasradioreflejos.com.ar\/2021\/#\/schema\/person\/image\/\",\"url\":\"https:\/\/secure.gravatar.com\/avatar\/55cb5e37c1efa326397366e6974cb338056df65cb50e7d64d1cf314e87504837?s=96&d=mm&r=g\",\"contentUrl\":\"https:\/\/secure.gravatar.com\/avatar\/55cb5e37c1efa326397366e6974cb338056df65cb50e7d64d1cf314e87504837?s=96&d=mm&r=g\",\"caption\":\"Arnaldo Botto\"},\"url\":\"https:\/\/www.noticiasradioreflejos.com.ar\/2021\/author\/arnaldo\/\"}]}<\/script>\n<!-- \/ Yoast SEO plugin. -->","yoast_head_json":{"title":"Axel Kicillof convoc\u00f3 a los intendentes bonaerenses para analizar nuevas medidas sanitarias ante el aumento de contagios de coronavirus - Noticias Radio Reflejos","robots":{"index":"index","follow":"follow","max-snippet":"max-snippet:-1","max-image-preview":"max-image-preview:large","max-video-preview":"max-video-preview:-1"},"canonical":"https:\/\/www.noticiasradioreflejos.com.ar\/2021\/axel-kicillof-convoco-a-los-intendentes-bonaerenses-para-analizar-nuevas-medidas-sanitarias-ante-el-aumento-de-contagios-de-coronavirus\/","og_locale":"es_ES","og_type":"article","og_title":"Axel Kicillof convoc\u00f3 a los intendentes bonaerenses para analizar nuevas medidas sanitarias ante el aumento de contagios de coronavirus - Noticias Radio Reflejos","og_description":"El encuentro ser\u00e1 este martes en San Bernardo. Los jefes comunales estar\u00e1n en forma presencial, mientras que los del conurbano participar\u00e1n a trav\u00e9s de una videoconferencia. Estudian tomar medidas restrictivas en los pr\u00f3ximos d\u00edas. El intendente Sergio Bordoni estar\u00e1 presente.","og_url":"https:\/\/www.noticiasradioreflejos.com.ar\/2021\/axel-kicillof-convoco-a-los-intendentes-bonaerenses-para-analizar-nuevas-medidas-sanitarias-ante-el-aumento-de-contagios-de-coronavirus\/","og_site_name":"Noticias Radio Reflejos","article_published_time":"2021-01-04T22:14:32+00:00","og_image":[{"url":"https:\/\/www.infobae.com\/new-resizer\/S5BRRuaf74VjwIh8RqMlgg8r5Ao=\/420x236\/filters:format(jpg):quality(85)\/\/cloudfront-us-east-1.images.arcpublishing.com\/infobae\/3OBT4OTPI5CVFA42FALZX6WEL4.jpg","type":"","width":"","height":""}],"author":"Arnaldo Botto","twitter_card":"summary_large_image","schema":{"@context":"https:\/\/schema.org","@graph":[{"@type":"WebPage","@id":"https:\/\/www.noticiasradioreflejos.com.ar\/2021\/axel-kicillof-convoco-a-los-intendentes-bonaerenses-para-analizar-nuevas-medidas-sanitarias-ante-el-aumento-de-contagios-de-coronavirus\/","url":"https:\/\/www.noticiasradioreflejos.com.ar\/2021\/axel-kicillof-convoco-a-los-intendentes-bonaerenses-para-analizar-nuevas-medidas-sanitarias-ante-el-aumento-de-contagios-de-coronavirus\/","name":"Axel Kicillof convoc\u00f3 a los intendentes bonaerenses para analizar nuevas medidas sanitarias ante el aumento de contagios de coronavirus - Noticias Radio Reflejos","isPartOf":{"@id":"https:\/\/www.noticiasradioreflejos.com.ar\/2021\/#website"},"primaryImageOfPage":{"@id":"https:\/\/www.noticiasradioreflejos.com.ar\/2021\/axel-kicillof-convoco-a-los-intendentes-bonaerenses-para-analizar-nuevas-medidas-sanitarias-ante-el-aumento-de-contagios-de-coronavirus\/#primaryimage"},"image":{"@id":"https:\/\/www.noticiasradioreflejos.com.ar\/2021\/axel-kicillof-convoco-a-los-intendentes-bonaerenses-para-analizar-nuevas-medidas-sanitarias-ante-el-aumento-de-contagios-de-coronavirus\/#primaryimage"},"thumbnailUrl":"https:\/\/www.infobae.com\/new-resizer\/S5BRRuaf74VjwIh8RqMlgg8r5Ao=\/420x236\/filters:format(jpg):quality(85)\/\/cloudfront-us-east-1.images.arcpublishing.com\/infobae\/3OBT4OTPI5CVFA42FALZX6WEL4.jpg","datePublished":"2021-01-04T22:14:32+00:00","author":{"@id":"https:\/\/www.noticiasradioreflejos.com.ar\/2021\/#\/schema\/person\/ad82545263dcc5ec0996818884fd5fb1"},"breadcrumb":{"@id":"https:\/\/www.noticiasradioreflejos.com.ar\/2021\/axel-kicillof-convoco-a-los-intendentes-bonaerenses-para-analizar-nuevas-medidas-sanitarias-ante-el-aumento-de-contagios-de-coronavirus\/#breadcrumb"},"inLanguage":"es","potentialAction":[{"@type":"ReadAction","target":["https:\/\/www.noticiasradioreflejos.com.ar\/2021\/axel-kicillof-convoco-a-los-intendentes-bonaerenses-para-analizar-nuevas-medidas-sanitarias-ante-el-aumento-de-contagios-de-coronavirus\/"]}]},{"@type":"ImageObject","inLanguage":"es","@id":"https:\/\/www.noticiasradioreflejos.com.ar\/2021\/axel-kicillof-convoco-a-los-intendentes-bonaerenses-para-analizar-nuevas-medidas-sanitarias-ante-el-aumento-de-contagios-de-coronavirus\/#primaryimage","url":"https:\/\/www.infobae.com\/new-resizer\/S5BRRuaf74VjwIh8RqMlgg8r5Ao=\/420x236\/filters:format(jpg):quality(85)\/\/cloudfront-us-east-1.images.arcpublishing.com\/infobae\/3OBT4OTPI5CVFA42FALZX6WEL4.jpg","contentUrl":"https:\/\/www.infobae.com\/new-resizer\/S5BRRuaf74VjwIh8RqMlgg8r5Ao=\/420x236\/filters:format(jpg):quality(85)\/\/cloudfront-us-east-1.images.arcpublishing.com\/infobae\/3OBT4OTPI5CVFA42FALZX6WEL4.jpg"},{"@type":"BreadcrumbList","@id":"https:\/\/www.noticiasradioreflejos.com.ar\/2021\/axel-kicillof-convoco-a-los-intendentes-bonaerenses-para-analizar-nuevas-medidas-sanitarias-ante-el-aumento-de-contagios-de-coronavirus\/#breadcrumb","itemListElement":[{"@type":"ListItem","position":1,"name":"Portada","item":"https:\/\/www.noticiasradioreflejos.com.ar\/2021\/"},{"@type":"ListItem","position":2,"name":"Axel Kicillof convoc\u00f3 a los intendentes bonaerenses para analizar nuevas medidas sanitarias ante el aumento de contagios de coronavirus"}]},{"@type":"WebSite","@id":"https:\/\/www.noticiasradioreflejos.com.ar\/2021\/#website","url":"https:\/\/www.noticiasradioreflejos.com.ar\/2021\/","name":"Noticias Radio Reflejos","description":"Las noticias de mi comarca","potentialAction":[{"@type":"SearchAction","target":{"@type":"EntryPoint","urlTemplate":"https:\/\/www.noticiasradioreflejos.com.ar\/2021\/?s={search_term_string}"},"query-input":{"@type":"PropertyValueSpecification","valueRequired":true,"valueName":"search_term_string"}}],"inLanguage":"es"},{"@type":"Person","@id":"https:\/\/www.noticiasradioreflejos.com.ar\/2021\/#\/schema\/person\/ad82545263dcc5ec0996818884fd5fb1","name":"Arnaldo Botto","image":{"@type":"ImageObject","inLanguage":"es","@id":"https:\/\/www.noticiasradioreflejos.com.ar\/2021\/#\/schema\/person\/image\/","url":"https:\/\/secure.gravatar.com\/avatar\/55cb5e37c1efa326397366e6974cb338056df65cb50e7d64d1cf314e87504837?s=96&d=mm&r=g","contentUrl":"https:\/\/secure.gravatar.com\/avatar\/55cb5e37c1efa326397366e6974cb338056df65cb50e7d64d1cf314e87504837?s=96&d=mm&r=g","caption":"Arnaldo Botto"},"url":"https:\/\/www.noticiasradioreflejos.com.ar\/2021\/author\/arnaldo\/"}]}},"_links":{"self":[{"href":"https:\/\/www.noticiasradioreflejos.com.ar\/2021\/wp-json\/wp\/v2\/posts\/50924","targetHints":{"allow":["GET"]}}],"collection":[{"href":"https:\/\/www.noticiasradioreflejos.com.ar\/2021\/wp-json\/wp\/v2\/posts"}],"about":[{"href":"https:\/\/www.noticiasradioreflejos.com.ar\/2021\/wp-json\/wp\/v2\/types\/post"}],"author":[{"embeddable":true,"href":"https:\/\/www.noticiasradioreflejos.com.ar\/2021\/wp-json\/wp\/v2\/users\/3"}],"replies":[{"embeddable":true,"href":"https:\/\/www.noticiasradioreflejos.com.ar\/2021\/wp-json\/wp\/v2\/comments?post=50924"}],"version-history":[{"count":0,"href":"https:\/\/www.noticiasradioreflejos.com.ar\/2021\/wp-json\/wp\/v2\/posts\/50924\/revisions"}],"wp:attachment":[{"href":"https:\/\/www.noticiasradioreflejos.com.ar\/2021\/wp-json\/wp\/v2\/media?parent=50924"}],"wp:term":[{"taxonomy":"category","embeddable":true,"href":"https:\/\/www.noticiasradioreflejos.com.ar\/2021\/wp-json\/wp\/v2\/categories?post=50924"},{"taxonomy":"post_tag","embeddable":true,"href":"https:\/\/www.noticiasradioreflejos.com.ar\/2021\/wp-json\/wp\/v2\/tags?post=50924"}],"curies":[{"name":"wp","href":"https:\/\/api.w.org\/{rel}","templated":true}]}}