{"id":50919,"date":"2021-01-04T18:35:07","date_gmt":"2021-01-04T21:35:07","guid":{"rendered":"http:\/\/www.noticiasradioreflejos.com.ar\/noticias\/?p=50919"},"modified":"2021-01-04T18:35:07","modified_gmt":"2021-01-04T21:35:07","slug":"anses-anuncio-250-mil-millones-de-pesos-en-creditos-para-jubilados-y-pensionados","status":"publish","type":"post","link":"https:\/\/www.noticiasradioreflejos.com.ar\/2021\/anses-anuncio-250-mil-millones-de-pesos-en-creditos-para-jubilados-y-pensionados\/","title":{"rendered":"ANSES anunci\u00f3 250 mil millones de pesos en cr\u00e9ditos para jubilados y pensionados."},"content":{"rendered":"<p>La directora ejecutiva de la ANSES, Fernanda Raverta, anunci\u00f3 hoy en la delegaci\u00f3n N\u00e9stor Kirchner Puerto de Mar del Plata el relanzamiento del Programa de Cr\u00e9ditos ANSES para el cual se destinar\u00e1n m\u00e1s de 250 mil millones de pesos.<!--more--><br \/>\nEn ese marco, Raverta afirm\u00f3: \u201cEstamos asistiendo a Estela, la primera jubilada que vino a sacar los nuevos cr\u00e9ditos de ANSES. Ella nos contaba que el cr\u00e9dito anterior que hab\u00eda sacado ten\u00eda una tasa de inter\u00e9s del 42 por ciento. Nuestro cr\u00e9dito tiene una tasa de inter\u00e9s del 29. Nos coment\u00f3 que el cr\u00e9dito anterior, del que debe m\u00e1s de veinte cuotas, era para pagar los servicios p\u00fablicos. Este cr\u00e9dito lo quiere para conocer Salta con su prima\u201d. Y agreg\u00f3: \u201cEsto es en lo que venimos trabajando: pol\u00edticas p\u00fablicas que nos permiten so\u00f1ar y hacer posibles sue\u00f1os. Pero tambi\u00e9n prestaciones que nos dan herramientas para poder desarrollar nuestros proyectos\u201d.<\/p>\n<p>Por su parte, Estela L\u00f3pez Merino, dijo: \u201cVine a cumplir un sue\u00f1o, que es un viaje que vengo planeando con una prima hermana, ella desde Buenos Aires y yo desde ac\u00e1, Mar del Plata, pensando en el PreViaje. Vine a averiguar y fue posible. Bajaron un mont\u00f3n las tasas de inter\u00e9s y eso me permite llegar a cumplir el sue\u00f1o, as\u00ed que estoy emocionada, feliz. Adem\u00e1s, me encuentro a Fernanda Raverta y es una sorpresa, una emoci\u00f3n saber de ella y de su funci\u00f3n\u201d.<\/p>\n<p>Con este anuncio, ya se encuentra habilitada la solicitud de turnos para la gesti\u00f3n de los nuevos cr\u00e9ditos solo de manera presencial en las oficinas para los titulares de jubilaciones y pensiones del SIPA, PNC y PUAM.<\/p>\n<p>Caracter\u00edsticas de los nuevos pr\u00e9stamos<\/p>\n<p>En el caso de los jubilados y pensionados (SIPA), el monto a solicitar podr\u00e1 variar entre 5.000 a 200.000 pesos, los plazos para el pago pueden ser entre 24, 36, 48 o 60 cuotas, y deber\u00e1n tener menos de 90 a\u00f1os al momento de finalizarlo.<\/p>\n<p>Con respecto a las PNC por Invalidez y madre de 7 hijos, el monto a solicitar podr\u00e1 ser de entre 5.000 a 70.000 pesos, los plazos tambi\u00e9n podr\u00e1n ser de 24, 36, 48 o 60 cuotas y deber\u00e1 tener menos de 75 a\u00f1os al momento de finalizarlo.<\/p>\n<p>En cuanto a los beneficiarios de PUAM y PNC\u2013Vejez el monto y los plazos son similares a las PNC Invalidez y madre de 7 hijos y deber\u00e1 tener menos de 90 a\u00f1os al momento de finalizarlo.<\/p>\n<p>Cabe recordar que actualmente existen 6.985.126 cr\u00e9ditos vigentes, que por la emergencia sanitaria del COVID 19 tuvieron una suspensi\u00f3n en el cobro de las cuotas desde diciembre de 2019 hasta noviembre de 2020, cuyos intereses generados en ese per\u00edodo no se capitalizaron.<\/p>\n<p><a href=\"http:\/\/www.anses.gob.ar\"><span style=\"color: #3366ff;\"><strong>www.anses.gob.ar<\/strong><\/span><\/a><\/p>\n","protected":false},"excerpt":{"rendered":"<p>La directora ejecutiva de la ANSES, Fernanda Raverta, anunci\u00f3 hoy en la delegaci\u00f3n N\u00e9stor Kirchner Puerto de Mar del Plata el relanzamiento del Programa de Cr\u00e9ditos ANSES para el cual se destinar\u00e1n m\u00e1s de 250 mil millones de pesos.<\/p>\n","protected":false},"author":3,"featured_media":0,"comment_status":"closed","ping_status":"open","sticky":false,"template":"","format":"standard","meta":{"footnotes":""},"categories":[24],"tags":[],"class_list":["post-50919","post","type-post","status-publish","format-standard","hentry","category-politica"],"yoast_head":"<!-- This site is optimized with the Yoast SEO plugin v25.9 - https:\/\/yoast.com\/wordpress\/plugins\/seo\/ -->\n<title>ANSES anunci\u00f3 250 mil millones de pesos en cr\u00e9ditos para jubilados y pensionados. - Noticias Radio Reflejos<\/title>\n<meta name=\"robots\" content=\"index, follow, max-snippet:-1, max-image-preview:large, max-video-preview:-1\" \/>\n<link rel=\"canonical\" href=\"https:\/\/www.noticiasradioreflejos.com.ar\/2021\/anses-anuncio-250-mil-millones-de-pesos-en-creditos-para-jubilados-y-pensionados\/\" \/>\n<meta property=\"og:locale\" content=\"es_ES\" \/>\n<meta property=\"og:type\" content=\"article\" \/>\n<meta property=\"og:title\" content=\"ANSES anunci\u00f3 250 mil millones de pesos en cr\u00e9ditos para jubilados y pensionados. - Noticias Radio Reflejos\" \/>\n<meta property=\"og:description\" content=\"La directora ejecutiva de la ANSES, Fernanda Raverta, anunci\u00f3 hoy en la delegaci\u00f3n N\u00e9stor Kirchner Puerto de Mar del Plata el relanzamiento del Programa de Cr\u00e9ditos ANSES para el cual se destinar\u00e1n m\u00e1s de 250 mil millones de pesos.\" \/>\n<meta property=\"og:url\" content=\"https:\/\/www.noticiasradioreflejos.com.ar\/2021\/anses-anuncio-250-mil-millones-de-pesos-en-creditos-para-jubilados-y-pensionados\/\" \/>\n<meta property=\"og:site_name\" content=\"Noticias Radio Reflejos\" \/>\n<meta property=\"article:published_time\" content=\"2021-01-04T21:35:07+00:00\" \/>\n<meta property=\"og:image\" content=\"https:\/\/www.noticiasradioreflejos.com.ar\/2021\/wp-content\/uploads\/2021\/07\/logosol300x200.png\" \/>\n\t<meta property=\"og:image:width\" content=\"300\" \/>\n\t<meta property=\"og:image:height\" content=\"200\" \/>\n\t<meta property=\"og:image:type\" content=\"image\/png\" \/>\n<meta name=\"author\" content=\"Arnaldo Botto\" \/>\n<meta name=\"twitter:card\" content=\"summary_large_image\" \/>\n<script type=\"application\/ld+json\" class=\"yoast-schema-graph\">{\"@context\":\"https:\/\/schema.org\",\"@graph\":[{\"@type\":\"WebPage\",\"@id\":\"https:\/\/www.noticiasradioreflejos.com.ar\/2021\/anses-anuncio-250-mil-millones-de-pesos-en-creditos-para-jubilados-y-pensionados\/\",\"url\":\"https:\/\/www.noticiasradioreflejos.com.ar\/2021\/anses-anuncio-250-mil-millones-de-pesos-en-creditos-para-jubilados-y-pensionados\/\",\"name\":\"ANSES anunci\u00f3 250 mil millones de pesos en cr\u00e9ditos para jubilados y pensionados. - Noticias Radio Reflejos\",\"isPartOf\":{\"@id\":\"https:\/\/www.noticiasradioreflejos.com.ar\/2021\/#website\"},\"datePublished\":\"2021-01-04T21:35:07+00:00\",\"author\":{\"@id\":\"https:\/\/www.noticiasradioreflejos.com.ar\/2021\/#\/schema\/person\/ad82545263dcc5ec0996818884fd5fb1\"},\"breadcrumb\":{\"@id\":\"https:\/\/www.noticiasradioreflejos.com.ar\/2021\/anses-anuncio-250-mil-millones-de-pesos-en-creditos-para-jubilados-y-pensionados\/#breadcrumb\"},\"inLanguage\":\"es\",\"potentialAction\":[{\"@type\":\"ReadAction\",\"target\":[\"https:\/\/www.noticiasradioreflejos.com.ar\/2021\/anses-anuncio-250-mil-millones-de-pesos-en-creditos-para-jubilados-y-pensionados\/\"]}]},{\"@type\":\"BreadcrumbList\",\"@id\":\"https:\/\/www.noticiasradioreflejos.com.ar\/2021\/anses-anuncio-250-mil-millones-de-pesos-en-creditos-para-jubilados-y-pensionados\/#breadcrumb\",\"itemListElement\":[{\"@type\":\"ListItem\",\"position\":1,\"name\":\"Portada\",\"item\":\"https:\/\/www.noticiasradioreflejos.com.ar\/2021\/\"},{\"@type\":\"ListItem\",\"position\":2,\"name\":\"ANSES anunci\u00f3 250 mil millones de pesos en cr\u00e9ditos para jubilados y pensionados.\"}]},{\"@type\":\"WebSite\",\"@id\":\"https:\/\/www.noticiasradioreflejos.com.ar\/2021\/#website\",\"url\":\"https:\/\/www.noticiasradioreflejos.com.ar\/2021\/\",\"name\":\"Noticias Radio Reflejos\",\"description\":\"Las noticias de mi comarca\",\"potentialAction\":[{\"@type\":\"SearchAction\",\"target\":{\"@type\":\"EntryPoint\",\"urlTemplate\":\"https:\/\/www.noticiasradioreflejos.com.ar\/2021\/?s={search_term_string}\"},\"query-input\":{\"@type\":\"PropertyValueSpecification\",\"valueRequired\":true,\"valueName\":\"search_term_string\"}}],\"inLanguage\":\"es\"},{\"@type\":\"Person\",\"@id\":\"https:\/\/www.noticiasradioreflejos.com.ar\/2021\/#\/schema\/person\/ad82545263dcc5ec0996818884fd5fb1\",\"name\":\"Arnaldo Botto\",\"image\":{\"@type\":\"ImageObject\",\"inLanguage\":\"es\",\"@id\":\"https:\/\/www.noticiasradioreflejos.com.ar\/2021\/#\/schema\/person\/image\/\",\"url\":\"https:\/\/secure.gravatar.com\/avatar\/55cb5e37c1efa326397366e6974cb338056df65cb50e7d64d1cf314e87504837?s=96&d=mm&r=g\",\"contentUrl\":\"https:\/\/secure.gravatar.com\/avatar\/55cb5e37c1efa326397366e6974cb338056df65cb50e7d64d1cf314e87504837?s=96&d=mm&r=g\",\"caption\":\"Arnaldo Botto\"},\"url\":\"https:\/\/www.noticiasradioreflejos.com.ar\/2021\/author\/arnaldo\/\"}]}<\/script>\n<!-- \/ Yoast SEO plugin. -->","yoast_head_json":{"title":"ANSES anunci\u00f3 250 mil millones de pesos en cr\u00e9ditos para jubilados y pensionados. - Noticias Radio Reflejos","robots":{"index":"index","follow":"follow","max-snippet":"max-snippet:-1","max-image-preview":"max-image-preview:large","max-video-preview":"max-video-preview:-1"},"canonical":"https:\/\/www.noticiasradioreflejos.com.ar\/2021\/anses-anuncio-250-mil-millones-de-pesos-en-creditos-para-jubilados-y-pensionados\/","og_locale":"es_ES","og_type":"article","og_title":"ANSES anunci\u00f3 250 mil millones de pesos en cr\u00e9ditos para jubilados y pensionados. - Noticias Radio Reflejos","og_description":"La directora ejecutiva de la ANSES, Fernanda Raverta, anunci\u00f3 hoy en la delegaci\u00f3n N\u00e9stor Kirchner Puerto de Mar del Plata el relanzamiento del Programa de Cr\u00e9ditos ANSES para el cual se destinar\u00e1n m\u00e1s de 250 mil millones de pesos.","og_url":"https:\/\/www.noticiasradioreflejos.com.ar\/2021\/anses-anuncio-250-mil-millones-de-pesos-en-creditos-para-jubilados-y-pensionados\/","og_site_name":"Noticias Radio Reflejos","article_published_time":"2021-01-04T21:35:07+00:00","og_image":[{"width":300,"height":200,"url":"https:\/\/www.noticiasradioreflejos.com.ar\/2021\/wp-content\/uploads\/2021\/07\/logosol300x200.png","type":"image\/png"}],"author":"Arnaldo Botto","twitter_card":"summary_large_image","schema":{"@context":"https:\/\/schema.org","@graph":[{"@type":"WebPage","@id":"https:\/\/www.noticiasradioreflejos.com.ar\/2021\/anses-anuncio-250-mil-millones-de-pesos-en-creditos-para-jubilados-y-pensionados\/","url":"https:\/\/www.noticiasradioreflejos.com.ar\/2021\/anses-anuncio-250-mil-millones-de-pesos-en-creditos-para-jubilados-y-pensionados\/","name":"ANSES anunci\u00f3 250 mil millones de pesos en cr\u00e9ditos para jubilados y pensionados. - Noticias Radio Reflejos","isPartOf":{"@id":"https:\/\/www.noticiasradioreflejos.com.ar\/2021\/#website"},"datePublished":"2021-01-04T21:35:07+00:00","author":{"@id":"https:\/\/www.noticiasradioreflejos.com.ar\/2021\/#\/schema\/person\/ad82545263dcc5ec0996818884fd5fb1"},"breadcrumb":{"@id":"https:\/\/www.noticiasradioreflejos.com.ar\/2021\/anses-anuncio-250-mil-millones-de-pesos-en-creditos-para-jubilados-y-pensionados\/#breadcrumb"},"inLanguage":"es","potentialAction":[{"@type":"ReadAction","target":["https:\/\/www.noticiasradioreflejos.com.ar\/2021\/anses-anuncio-250-mil-millones-de-pesos-en-creditos-para-jubilados-y-pensionados\/"]}]},{"@type":"BreadcrumbList","@id":"https:\/\/www.noticiasradioreflejos.com.ar\/2021\/anses-anuncio-250-mil-millones-de-pesos-en-creditos-para-jubilados-y-pensionados\/#breadcrumb","itemListElement":[{"@type":"ListItem","position":1,"name":"Portada","item":"https:\/\/www.noticiasradioreflejos.com.ar\/2021\/"},{"@type":"ListItem","position":2,"name":"ANSES anunci\u00f3 250 mil millones de pesos en cr\u00e9ditos para jubilados y pensionados."}]},{"@type":"WebSite","@id":"https:\/\/www.noticiasradioreflejos.com.ar\/2021\/#website","url":"https:\/\/www.noticiasradioreflejos.com.ar\/2021\/","name":"Noticias Radio Reflejos","description":"Las noticias de mi comarca","potentialAction":[{"@type":"SearchAction","target":{"@type":"EntryPoint","urlTemplate":"https:\/\/www.noticiasradioreflejos.com.ar\/2021\/?s={search_term_string}"},"query-input":{"@type":"PropertyValueSpecification","valueRequired":true,"valueName":"search_term_string"}}],"inLanguage":"es"},{"@type":"Person","@id":"https:\/\/www.noticiasradioreflejos.com.ar\/2021\/#\/schema\/person\/ad82545263dcc5ec0996818884fd5fb1","name":"Arnaldo Botto","image":{"@type":"ImageObject","inLanguage":"es","@id":"https:\/\/www.noticiasradioreflejos.com.ar\/2021\/#\/schema\/person\/image\/","url":"https:\/\/secure.gravatar.com\/avatar\/55cb5e37c1efa326397366e6974cb338056df65cb50e7d64d1cf314e87504837?s=96&d=mm&r=g","contentUrl":"https:\/\/secure.gravatar.com\/avatar\/55cb5e37c1efa326397366e6974cb338056df65cb50e7d64d1cf314e87504837?s=96&d=mm&r=g","caption":"Arnaldo Botto"},"url":"https:\/\/www.noticiasradioreflejos.com.ar\/2021\/author\/arnaldo\/"}]}},"_links":{"self":[{"href":"https:\/\/www.noticiasradioreflejos.com.ar\/2021\/wp-json\/wp\/v2\/posts\/50919","targetHints":{"allow":["GET"]}}],"collection":[{"href":"https:\/\/www.noticiasradioreflejos.com.ar\/2021\/wp-json\/wp\/v2\/posts"}],"about":[{"href":"https:\/\/www.noticiasradioreflejos.com.ar\/2021\/wp-json\/wp\/v2\/types\/post"}],"author":[{"embeddable":true,"href":"https:\/\/www.noticiasradioreflejos.com.ar\/2021\/wp-json\/wp\/v2\/users\/3"}],"replies":[{"embeddable":true,"href":"https:\/\/www.noticiasradioreflejos.com.ar\/2021\/wp-json\/wp\/v2\/comments?post=50919"}],"version-history":[{"count":0,"href":"https:\/\/www.noticiasradioreflejos.com.ar\/2021\/wp-json\/wp\/v2\/posts\/50919\/revisions"}],"wp:attachment":[{"href":"https:\/\/www.noticiasradioreflejos.com.ar\/2021\/wp-json\/wp\/v2\/media?parent=50919"}],"wp:term":[{"taxonomy":"category","embeddable":true,"href":"https:\/\/www.noticiasradioreflejos.com.ar\/2021\/wp-json\/wp\/v2\/categories?post=50919"},{"taxonomy":"post_tag","embeddable":true,"href":"https:\/\/www.noticiasradioreflejos.com.ar\/2021\/wp-json\/wp\/v2\/tags?post=50919"}],"curies":[{"name":"wp","href":"https:\/\/api.w.org\/{rel}","templated":true}]}}