{"id":50913,"date":"2021-01-04T18:38:49","date_gmt":"2021-01-04T21:38:49","guid":{"rendered":"http:\/\/www.noticiasradioreflejos.com.ar\/noticias\/?p=50913"},"modified":"2021-01-04T18:38:49","modified_gmt":"2021-01-04T21:38:49","slug":"la-cena-dura-como-2hs-como-minimo-para-poder-relajarse-y-disfrutar-bien-cada-plato-esteban-di-paola","status":"publish","type":"post","link":"https:\/\/www.noticiasradioreflejos.com.ar\/2021\/la-cena-dura-como-2hs-como-minimo-para-poder-relajarse-y-disfrutar-bien-cada-plato-esteban-di-paola\/","title":{"rendered":"\u00abLa cena dura como 2hs como m\u00ednimo, para poder relajarse y disfrutar bien cada plato\u00bb &#8211; Esteban Di Paola."},"content":{"rendered":"<p>A partir de la inauguraci\u00f3n de su restaurante \u00abLes Amis\u00bb, el reconocido chef Esteban Di Paola nos informa sobre c\u00f3mo ser\u00e1 visitar su local para disfrutar de una rica cena y su novedoso \u00abbrunch\u00bb en Sierra de la Ventana.<!--more--><\/p>\n<p>\u00abTodav\u00eda tenemos capacidad para ma\u00f1ana, las vamos acomodando por el tema del distanciamiento en la semana\u00bb mencion\u00f3 Esteban al recordar por la radio que, a pesar que ya tiene algunas reservas, a\u00fan se puede conseguir lugar para esta semana.<\/p>\n<p>Adem\u00e1s, retomando lo informado en la nota pasada, Esteban comunica que este Domingo estar\u00e1n sirviendo un \u00abbrunch\u00bb, una mezcla entre desayuno y almuerzo. Como este Domingo se pronostican altas temperaturas, estar\u00e1n a disposici\u00f3n platos frescos llenos de frutas acompa\u00f1ados de jugos y limonadas.<\/p>\n<p>A partir de ma\u00f1ana hasta marzo, estar\u00e1 disponible la opci\u00f3n de comer vac\u00edo en Les Amis. \u00abEl vac\u00edo es de cocci\u00f3n lenta, de 4 hs. Va acompa\u00f1ado con unos vegetales tambi\u00e9n al horno de barro, envueltos en papel aluminio\u00bb explic\u00f3 el chef. Tambi\u00e9n servir\u00e1n sorrentinos de centolla con una salsa muy liviana de manteca, lim\u00f3n y almendras, entre otros platos para degustar por las noches.<\/p>\n<p>Esteban recuerda que les dar\u00e1n la bienvenida con una copa de vino y la panera de maza madre. \u00abLa cena dura como 2hs como m\u00ednimo, para poder relajarse y disfrutar bien cada plato\u00bb explic\u00f3.<\/p>\n<p>Contacto con Les Amis para reservas y consultas:<br \/>\nTel\u00e9fono 1133821488<br \/>\nInstagram @lesamiscocina<\/p>\n<p>Nota completa a continuaci\u00f3n:<br \/>\n<iframe loading=\"lazy\" src=\"https:\/\/w.soundcloud.com\/player\/?url=https%3A\/\/api.soundcloud.com\/tracks\/959146948&amp;color=%23ff5500&amp;auto_play=false&amp;hide_related=false&amp;show_comments=true&amp;show_user=true&amp;show_reposts=false&amp;show_teaser=true\" width=\"100%\" height=\"166\" frameborder=\"no\" scrolling=\"no\"><\/iframe><\/p>\n<div style=\"font-size: 10px; color: #cccccc; line-break: anywhere; word-break: normal; overflow: hidden; white-space: nowrap; text-overflow: ellipsis; font-family: Interstate,Lucida Grande,Lucida Sans Unicode,Lucida Sans,Garuda,Verdana,Tahoma,sans-serif; font-weight: 100;\"><a style=\"color: #cccccc; text-decoration: none;\" title=\"fmreflejos 103.7\" href=\"https:\/\/soundcloud.com\/fmreflejos-103-7\" target=\"_blank\" rel=\"noopener\">fmreflejos 103.7<\/a> \u00b7 <a style=\"color: #cccccc; text-decoration: none;\" title=\"Nota Esteban Di Paola\" href=\"https:\/\/soundcloud.com\/fmreflejos-103-7\/nota-esteban-di-paola-1\" target=\"_blank\" rel=\"noopener\">Nota Esteban Di Paola<\/a><\/div>\n","protected":false},"excerpt":{"rendered":"<p>A partir de la inauguraci\u00f3n de su restaurante \u00abLes Amis\u00bb, el reconocido chef Esteban Di Paola nos informa sobre c\u00f3mo ser\u00e1 visitar su local para disfrutar de una rica cena y su novedoso \u00abbrunch\u00bb en Sierra de la Ventana.<\/p>\n","protected":false},"author":3,"featured_media":0,"comment_status":"closed","ping_status":"open","sticky":false,"template":"","format":"standard","meta":{"footnotes":""},"categories":[26,33],"tags":[],"class_list":["post-50913","post","type-post","status-publish","format-standard","hentry","category-sociedad","category-turismo"],"yoast_head":"<!-- This site is optimized with the Yoast SEO plugin v25.9 - https:\/\/yoast.com\/wordpress\/plugins\/seo\/ -->\n<title>&quot;La cena dura como 2hs como m\u00ednimo, para poder relajarse y disfrutar bien cada plato&quot; - Esteban Di Paola. - Noticias Radio Reflejos<\/title>\n<meta name=\"robots\" content=\"index, follow, max-snippet:-1, max-image-preview:large, max-video-preview:-1\" \/>\n<link rel=\"canonical\" href=\"https:\/\/www.noticiasradioreflejos.com.ar\/2021\/la-cena-dura-como-2hs-como-minimo-para-poder-relajarse-y-disfrutar-bien-cada-plato-esteban-di-paola\/\" \/>\n<meta property=\"og:locale\" content=\"es_ES\" \/>\n<meta property=\"og:type\" content=\"article\" \/>\n<meta property=\"og:title\" content=\"&quot;La cena dura como 2hs como m\u00ednimo, para poder relajarse y disfrutar bien cada plato&quot; - Esteban Di Paola. - Noticias Radio Reflejos\" \/>\n<meta property=\"og:description\" content=\"A partir de la inauguraci\u00f3n de su restaurante \u00abLes Amis\u00bb, el reconocido chef Esteban Di Paola nos informa sobre c\u00f3mo ser\u00e1 visitar su local para disfrutar de una rica cena y su novedoso \u00abbrunch\u00bb en Sierra de la Ventana.\" \/>\n<meta property=\"og:url\" content=\"https:\/\/www.noticiasradioreflejos.com.ar\/2021\/la-cena-dura-como-2hs-como-minimo-para-poder-relajarse-y-disfrutar-bien-cada-plato-esteban-di-paola\/\" \/>\n<meta property=\"og:site_name\" content=\"Noticias Radio Reflejos\" \/>\n<meta property=\"article:published_time\" content=\"2021-01-04T21:38:49+00:00\" \/>\n<meta property=\"og:image\" content=\"https:\/\/www.noticiasradioreflejos.com.ar\/2021\/wp-content\/uploads\/2021\/07\/logosol300x200.png\" \/>\n\t<meta property=\"og:image:width\" content=\"300\" \/>\n\t<meta property=\"og:image:height\" content=\"200\" \/>\n\t<meta property=\"og:image:type\" content=\"image\/png\" \/>\n<meta name=\"author\" content=\"Arnaldo Botto\" \/>\n<meta name=\"twitter:card\" content=\"summary_large_image\" \/>\n<script type=\"application\/ld+json\" class=\"yoast-schema-graph\">{\"@context\":\"https:\/\/schema.org\",\"@graph\":[{\"@type\":\"WebPage\",\"@id\":\"https:\/\/www.noticiasradioreflejos.com.ar\/2021\/la-cena-dura-como-2hs-como-minimo-para-poder-relajarse-y-disfrutar-bien-cada-plato-esteban-di-paola\/\",\"url\":\"https:\/\/www.noticiasradioreflejos.com.ar\/2021\/la-cena-dura-como-2hs-como-minimo-para-poder-relajarse-y-disfrutar-bien-cada-plato-esteban-di-paola\/\",\"name\":\"\\\"La cena dura como 2hs como m\u00ednimo, para poder relajarse y disfrutar bien cada plato\\\" - Esteban Di Paola. - Noticias Radio Reflejos\",\"isPartOf\":{\"@id\":\"https:\/\/www.noticiasradioreflejos.com.ar\/2021\/#website\"},\"datePublished\":\"2021-01-04T21:38:49+00:00\",\"author\":{\"@id\":\"https:\/\/www.noticiasradioreflejos.com.ar\/2021\/#\/schema\/person\/ad82545263dcc5ec0996818884fd5fb1\"},\"breadcrumb\":{\"@id\":\"https:\/\/www.noticiasradioreflejos.com.ar\/2021\/la-cena-dura-como-2hs-como-minimo-para-poder-relajarse-y-disfrutar-bien-cada-plato-esteban-di-paola\/#breadcrumb\"},\"inLanguage\":\"es\",\"potentialAction\":[{\"@type\":\"ReadAction\",\"target\":[\"https:\/\/www.noticiasradioreflejos.com.ar\/2021\/la-cena-dura-como-2hs-como-minimo-para-poder-relajarse-y-disfrutar-bien-cada-plato-esteban-di-paola\/\"]}]},{\"@type\":\"BreadcrumbList\",\"@id\":\"https:\/\/www.noticiasradioreflejos.com.ar\/2021\/la-cena-dura-como-2hs-como-minimo-para-poder-relajarse-y-disfrutar-bien-cada-plato-esteban-di-paola\/#breadcrumb\",\"itemListElement\":[{\"@type\":\"ListItem\",\"position\":1,\"name\":\"Portada\",\"item\":\"https:\/\/www.noticiasradioreflejos.com.ar\/2021\/\"},{\"@type\":\"ListItem\",\"position\":2,\"name\":\"\u00abLa cena dura como 2hs como m\u00ednimo, para poder relajarse y disfrutar bien cada plato\u00bb &#8211; Esteban Di Paola.\"}]},{\"@type\":\"WebSite\",\"@id\":\"https:\/\/www.noticiasradioreflejos.com.ar\/2021\/#website\",\"url\":\"https:\/\/www.noticiasradioreflejos.com.ar\/2021\/\",\"name\":\"Noticias Radio Reflejos\",\"description\":\"Las noticias de mi comarca\",\"potentialAction\":[{\"@type\":\"SearchAction\",\"target\":{\"@type\":\"EntryPoint\",\"urlTemplate\":\"https:\/\/www.noticiasradioreflejos.com.ar\/2021\/?s={search_term_string}\"},\"query-input\":{\"@type\":\"PropertyValueSpecification\",\"valueRequired\":true,\"valueName\":\"search_term_string\"}}],\"inLanguage\":\"es\"},{\"@type\":\"Person\",\"@id\":\"https:\/\/www.noticiasradioreflejos.com.ar\/2021\/#\/schema\/person\/ad82545263dcc5ec0996818884fd5fb1\",\"name\":\"Arnaldo Botto\",\"image\":{\"@type\":\"ImageObject\",\"inLanguage\":\"es\",\"@id\":\"https:\/\/www.noticiasradioreflejos.com.ar\/2021\/#\/schema\/person\/image\/\",\"url\":\"https:\/\/secure.gravatar.com\/avatar\/55cb5e37c1efa326397366e6974cb338056df65cb50e7d64d1cf314e87504837?s=96&d=mm&r=g\",\"contentUrl\":\"https:\/\/secure.gravatar.com\/avatar\/55cb5e37c1efa326397366e6974cb338056df65cb50e7d64d1cf314e87504837?s=96&d=mm&r=g\",\"caption\":\"Arnaldo Botto\"},\"url\":\"https:\/\/www.noticiasradioreflejos.com.ar\/2021\/author\/arnaldo\/\"}]}<\/script>\n<!-- \/ Yoast SEO plugin. -->","yoast_head_json":{"title":"\"La cena dura como 2hs como m\u00ednimo, para poder relajarse y disfrutar bien cada plato\" - Esteban Di Paola. - Noticias Radio Reflejos","robots":{"index":"index","follow":"follow","max-snippet":"max-snippet:-1","max-image-preview":"max-image-preview:large","max-video-preview":"max-video-preview:-1"},"canonical":"https:\/\/www.noticiasradioreflejos.com.ar\/2021\/la-cena-dura-como-2hs-como-minimo-para-poder-relajarse-y-disfrutar-bien-cada-plato-esteban-di-paola\/","og_locale":"es_ES","og_type":"article","og_title":"\"La cena dura como 2hs como m\u00ednimo, para poder relajarse y disfrutar bien cada plato\" - Esteban Di Paola. - Noticias Radio Reflejos","og_description":"A partir de la inauguraci\u00f3n de su restaurante \u00abLes Amis\u00bb, el reconocido chef Esteban Di Paola nos informa sobre c\u00f3mo ser\u00e1 visitar su local para disfrutar de una rica cena y su novedoso \u00abbrunch\u00bb en Sierra de la Ventana.","og_url":"https:\/\/www.noticiasradioreflejos.com.ar\/2021\/la-cena-dura-como-2hs-como-minimo-para-poder-relajarse-y-disfrutar-bien-cada-plato-esteban-di-paola\/","og_site_name":"Noticias Radio Reflejos","article_published_time":"2021-01-04T21:38:49+00:00","og_image":[{"width":300,"height":200,"url":"https:\/\/www.noticiasradioreflejos.com.ar\/2021\/wp-content\/uploads\/2021\/07\/logosol300x200.png","type":"image\/png"}],"author":"Arnaldo Botto","twitter_card":"summary_large_image","schema":{"@context":"https:\/\/schema.org","@graph":[{"@type":"WebPage","@id":"https:\/\/www.noticiasradioreflejos.com.ar\/2021\/la-cena-dura-como-2hs-como-minimo-para-poder-relajarse-y-disfrutar-bien-cada-plato-esteban-di-paola\/","url":"https:\/\/www.noticiasradioreflejos.com.ar\/2021\/la-cena-dura-como-2hs-como-minimo-para-poder-relajarse-y-disfrutar-bien-cada-plato-esteban-di-paola\/","name":"\"La cena dura como 2hs como m\u00ednimo, para poder relajarse y disfrutar bien cada plato\" - Esteban Di Paola. - Noticias Radio Reflejos","isPartOf":{"@id":"https:\/\/www.noticiasradioreflejos.com.ar\/2021\/#website"},"datePublished":"2021-01-04T21:38:49+00:00","author":{"@id":"https:\/\/www.noticiasradioreflejos.com.ar\/2021\/#\/schema\/person\/ad82545263dcc5ec0996818884fd5fb1"},"breadcrumb":{"@id":"https:\/\/www.noticiasradioreflejos.com.ar\/2021\/la-cena-dura-como-2hs-como-minimo-para-poder-relajarse-y-disfrutar-bien-cada-plato-esteban-di-paola\/#breadcrumb"},"inLanguage":"es","potentialAction":[{"@type":"ReadAction","target":["https:\/\/www.noticiasradioreflejos.com.ar\/2021\/la-cena-dura-como-2hs-como-minimo-para-poder-relajarse-y-disfrutar-bien-cada-plato-esteban-di-paola\/"]}]},{"@type":"BreadcrumbList","@id":"https:\/\/www.noticiasradioreflejos.com.ar\/2021\/la-cena-dura-como-2hs-como-minimo-para-poder-relajarse-y-disfrutar-bien-cada-plato-esteban-di-paola\/#breadcrumb","itemListElement":[{"@type":"ListItem","position":1,"name":"Portada","item":"https:\/\/www.noticiasradioreflejos.com.ar\/2021\/"},{"@type":"ListItem","position":2,"name":"\u00abLa cena dura como 2hs como m\u00ednimo, para poder relajarse y disfrutar bien cada plato\u00bb &#8211; Esteban Di Paola."}]},{"@type":"WebSite","@id":"https:\/\/www.noticiasradioreflejos.com.ar\/2021\/#website","url":"https:\/\/www.noticiasradioreflejos.com.ar\/2021\/","name":"Noticias Radio Reflejos","description":"Las noticias de mi comarca","potentialAction":[{"@type":"SearchAction","target":{"@type":"EntryPoint","urlTemplate":"https:\/\/www.noticiasradioreflejos.com.ar\/2021\/?s={search_term_string}"},"query-input":{"@type":"PropertyValueSpecification","valueRequired":true,"valueName":"search_term_string"}}],"inLanguage":"es"},{"@type":"Person","@id":"https:\/\/www.noticiasradioreflejos.com.ar\/2021\/#\/schema\/person\/ad82545263dcc5ec0996818884fd5fb1","name":"Arnaldo Botto","image":{"@type":"ImageObject","inLanguage":"es","@id":"https:\/\/www.noticiasradioreflejos.com.ar\/2021\/#\/schema\/person\/image\/","url":"https:\/\/secure.gravatar.com\/avatar\/55cb5e37c1efa326397366e6974cb338056df65cb50e7d64d1cf314e87504837?s=96&d=mm&r=g","contentUrl":"https:\/\/secure.gravatar.com\/avatar\/55cb5e37c1efa326397366e6974cb338056df65cb50e7d64d1cf314e87504837?s=96&d=mm&r=g","caption":"Arnaldo Botto"},"url":"https:\/\/www.noticiasradioreflejos.com.ar\/2021\/author\/arnaldo\/"}]}},"_links":{"self":[{"href":"https:\/\/www.noticiasradioreflejos.com.ar\/2021\/wp-json\/wp\/v2\/posts\/50913","targetHints":{"allow":["GET"]}}],"collection":[{"href":"https:\/\/www.noticiasradioreflejos.com.ar\/2021\/wp-json\/wp\/v2\/posts"}],"about":[{"href":"https:\/\/www.noticiasradioreflejos.com.ar\/2021\/wp-json\/wp\/v2\/types\/post"}],"author":[{"embeddable":true,"href":"https:\/\/www.noticiasradioreflejos.com.ar\/2021\/wp-json\/wp\/v2\/users\/3"}],"replies":[{"embeddable":true,"href":"https:\/\/www.noticiasradioreflejos.com.ar\/2021\/wp-json\/wp\/v2\/comments?post=50913"}],"version-history":[{"count":0,"href":"https:\/\/www.noticiasradioreflejos.com.ar\/2021\/wp-json\/wp\/v2\/posts\/50913\/revisions"}],"wp:attachment":[{"href":"https:\/\/www.noticiasradioreflejos.com.ar\/2021\/wp-json\/wp\/v2\/media?parent=50913"}],"wp:term":[{"taxonomy":"category","embeddable":true,"href":"https:\/\/www.noticiasradioreflejos.com.ar\/2021\/wp-json\/wp\/v2\/categories?post=50913"},{"taxonomy":"post_tag","embeddable":true,"href":"https:\/\/www.noticiasradioreflejos.com.ar\/2021\/wp-json\/wp\/v2\/tags?post=50913"}],"curies":[{"name":"wp","href":"https:\/\/api.w.org\/{rel}","templated":true}]}}