{"id":50882,"date":"2021-01-03T11:11:53","date_gmt":"2021-01-03T14:11:53","guid":{"rendered":"http:\/\/www.noticiasradioreflejos.com.ar\/noticias\/?p=50882"},"modified":"2021-01-03T11:11:53","modified_gmt":"2021-01-03T14:11:53","slug":"nacio-el-primer-bebe-del-ano-del-distrito-se-llama-noa-nicolas","status":"publish","type":"post","link":"https:\/\/www.noticiasradioreflejos.com.ar\/2021\/nacio-el-primer-bebe-del-ano-del-distrito-se-llama-noa-nicolas\/","title":{"rendered":"Naci\u00f3 el primer beb\u00e9 del a\u00f1o del distrito, se llama Noa Nicol\u00e1s."},"content":{"rendered":"<p><a title=\"imagen (1)\" href=\"http:\/\/live.staticflickr.com\/65535\/50794748423_5d11964afb_s.jpg\" rel=\"\"><img loading=\"lazy\" decoding=\"async\" class=\"alignleft\" style=\"float: left;\" title=\"imagen (1)\" src=\"http:\/\/live.staticflickr.com\/65535\/50794748423_5d11964afb.jpg\" alt=\"imagen (1)\" width=\"281\" height=\"500\" \/><\/a>Naci\u00f3 este S\u00e1bado 2 de enero en el Hospital Municipal \u00abDr. Alberto Castro\u00bb de Tornquist.<!--more--><br \/>\nEl Director del Hospital Municipal Dr.. Diego Herrera nos regal\u00f3 la noticia que Noa Nicol\u00e1s se convirti\u00f3 en el primer beb\u00e9 del a\u00f1o con su nacimiento en el Hospital Municipal de Tornquist, este s\u00e1bado 2 de enero a la hora 12.48.<\/p>\n<p>Noa pes\u00f3 3,240 Kg y es hijo de Pablo Vazquez y Yesica Roige y fue recibido adem\u00e1s por un gran grupo humano del hospital encabezado por el Ginecologo-obstetra: Dr. Eduardo Liberatore junto a la Obst\u00e9trica: Lic. Cristina Schamberger, adem\u00e1s de la M\u00e9dica Pediatra: Dra. Geraldina Gribaldo y las Enfermeras: Luciana C\u00f3ceres y Vanesa Herrera.<\/p>\n<p>Noa, es un ni\u00f1o saludable y simboliza sin lugar a dudas la esperanza en un a\u00f1o que so\u00f1amos sea diferente al que se fue, rumbo a los 90 a\u00f1os que cumplir\u00e1 nuestro Hospital Municipal, el 9 de Julio de 2022.<\/p>\n<p><a title=\"imagen\" href=\"http:\/\/live.staticflickr.com\/65535\/50795619207_f439c5f94f_s.jpg\" rel=\"\"><img loading=\"lazy\" decoding=\"async\" class=\"aligncenter\" title=\"imagen\" src=\"http:\/\/live.staticflickr.com\/65535\/50795619207_f439c5f94f_z.jpg\" alt=\"imagen\" width=\"640\" height=\"360\" \/><\/a><\/p>\n<p>Felicidades!<\/p>\n","protected":false},"excerpt":{"rendered":"<p>Naci\u00f3 este S\u00e1bado 2 de enero en el Hospital Municipal \u00abDr. Alberto Castro\u00bb de Tornquist.<\/p>\n","protected":false},"author":3,"featured_media":0,"comment_status":"closed","ping_status":"open","sticky":false,"template":"","format":"standard","meta":{"footnotes":""},"categories":[30,26],"tags":[],"class_list":["post-50882","post","type-post","status-publish","format-standard","hentry","category-salud","category-sociedad"],"yoast_head":"<!-- This site is optimized with the Yoast SEO plugin v25.9 - https:\/\/yoast.com\/wordpress\/plugins\/seo\/ -->\n<title>Naci\u00f3 el primer beb\u00e9 del a\u00f1o del distrito, se llama Noa Nicol\u00e1s. - Noticias Radio Reflejos<\/title>\n<meta name=\"robots\" content=\"index, follow, max-snippet:-1, max-image-preview:large, max-video-preview:-1\" \/>\n<link rel=\"canonical\" href=\"https:\/\/www.noticiasradioreflejos.com.ar\/2021\/nacio-el-primer-bebe-del-ano-del-distrito-se-llama-noa-nicolas\/\" \/>\n<meta property=\"og:locale\" content=\"es_ES\" \/>\n<meta property=\"og:type\" content=\"article\" \/>\n<meta property=\"og:title\" content=\"Naci\u00f3 el primer beb\u00e9 del a\u00f1o del distrito, se llama Noa Nicol\u00e1s. - Noticias Radio Reflejos\" \/>\n<meta property=\"og:description\" content=\"Naci\u00f3 este S\u00e1bado 2 de enero en el Hospital Municipal \u00abDr. Alberto Castro\u00bb de Tornquist.\" \/>\n<meta property=\"og:url\" content=\"https:\/\/www.noticiasradioreflejos.com.ar\/2021\/nacio-el-primer-bebe-del-ano-del-distrito-se-llama-noa-nicolas\/\" \/>\n<meta property=\"og:site_name\" content=\"Noticias Radio Reflejos\" \/>\n<meta property=\"article:published_time\" content=\"2021-01-03T14:11:53+00:00\" \/>\n<meta property=\"og:image\" content=\"http:\/\/live.staticflickr.com\/65535\/50794748423_5d11964afb.jpg\" \/>\n<meta name=\"author\" content=\"Arnaldo Botto\" \/>\n<meta name=\"twitter:card\" content=\"summary_large_image\" \/>\n<script type=\"application\/ld+json\" class=\"yoast-schema-graph\">{\"@context\":\"https:\/\/schema.org\",\"@graph\":[{\"@type\":\"WebPage\",\"@id\":\"https:\/\/www.noticiasradioreflejos.com.ar\/2021\/nacio-el-primer-bebe-del-ano-del-distrito-se-llama-noa-nicolas\/\",\"url\":\"https:\/\/www.noticiasradioreflejos.com.ar\/2021\/nacio-el-primer-bebe-del-ano-del-distrito-se-llama-noa-nicolas\/\",\"name\":\"Naci\u00f3 el primer beb\u00e9 del a\u00f1o del distrito, se llama Noa Nicol\u00e1s. - Noticias Radio Reflejos\",\"isPartOf\":{\"@id\":\"https:\/\/www.noticiasradioreflejos.com.ar\/2021\/#website\"},\"primaryImageOfPage\":{\"@id\":\"https:\/\/www.noticiasradioreflejos.com.ar\/2021\/nacio-el-primer-bebe-del-ano-del-distrito-se-llama-noa-nicolas\/#primaryimage\"},\"image\":{\"@id\":\"https:\/\/www.noticiasradioreflejos.com.ar\/2021\/nacio-el-primer-bebe-del-ano-del-distrito-se-llama-noa-nicolas\/#primaryimage\"},\"thumbnailUrl\":\"http:\/\/live.staticflickr.com\/65535\/50794748423_5d11964afb.jpg\",\"datePublished\":\"2021-01-03T14:11:53+00:00\",\"author\":{\"@id\":\"https:\/\/www.noticiasradioreflejos.com.ar\/2021\/#\/schema\/person\/ad82545263dcc5ec0996818884fd5fb1\"},\"breadcrumb\":{\"@id\":\"https:\/\/www.noticiasradioreflejos.com.ar\/2021\/nacio-el-primer-bebe-del-ano-del-distrito-se-llama-noa-nicolas\/#breadcrumb\"},\"inLanguage\":\"es\",\"potentialAction\":[{\"@type\":\"ReadAction\",\"target\":[\"https:\/\/www.noticiasradioreflejos.com.ar\/2021\/nacio-el-primer-bebe-del-ano-del-distrito-se-llama-noa-nicolas\/\"]}]},{\"@type\":\"ImageObject\",\"inLanguage\":\"es\",\"@id\":\"https:\/\/www.noticiasradioreflejos.com.ar\/2021\/nacio-el-primer-bebe-del-ano-del-distrito-se-llama-noa-nicolas\/#primaryimage\",\"url\":\"http:\/\/live.staticflickr.com\/65535\/50794748423_5d11964afb.jpg\",\"contentUrl\":\"http:\/\/live.staticflickr.com\/65535\/50794748423_5d11964afb.jpg\"},{\"@type\":\"BreadcrumbList\",\"@id\":\"https:\/\/www.noticiasradioreflejos.com.ar\/2021\/nacio-el-primer-bebe-del-ano-del-distrito-se-llama-noa-nicolas\/#breadcrumb\",\"itemListElement\":[{\"@type\":\"ListItem\",\"position\":1,\"name\":\"Portada\",\"item\":\"https:\/\/www.noticiasradioreflejos.com.ar\/2021\/\"},{\"@type\":\"ListItem\",\"position\":2,\"name\":\"Naci\u00f3 el primer beb\u00e9 del a\u00f1o del distrito, se llama Noa Nicol\u00e1s.\"}]},{\"@type\":\"WebSite\",\"@id\":\"https:\/\/www.noticiasradioreflejos.com.ar\/2021\/#website\",\"url\":\"https:\/\/www.noticiasradioreflejos.com.ar\/2021\/\",\"name\":\"Noticias Radio Reflejos\",\"description\":\"Las noticias de mi comarca\",\"potentialAction\":[{\"@type\":\"SearchAction\",\"target\":{\"@type\":\"EntryPoint\",\"urlTemplate\":\"https:\/\/www.noticiasradioreflejos.com.ar\/2021\/?s={search_term_string}\"},\"query-input\":{\"@type\":\"PropertyValueSpecification\",\"valueRequired\":true,\"valueName\":\"search_term_string\"}}],\"inLanguage\":\"es\"},{\"@type\":\"Person\",\"@id\":\"https:\/\/www.noticiasradioreflejos.com.ar\/2021\/#\/schema\/person\/ad82545263dcc5ec0996818884fd5fb1\",\"name\":\"Arnaldo Botto\",\"image\":{\"@type\":\"ImageObject\",\"inLanguage\":\"es\",\"@id\":\"https:\/\/www.noticiasradioreflejos.com.ar\/2021\/#\/schema\/person\/image\/\",\"url\":\"https:\/\/secure.gravatar.com\/avatar\/55cb5e37c1efa326397366e6974cb338056df65cb50e7d64d1cf314e87504837?s=96&d=mm&r=g\",\"contentUrl\":\"https:\/\/secure.gravatar.com\/avatar\/55cb5e37c1efa326397366e6974cb338056df65cb50e7d64d1cf314e87504837?s=96&d=mm&r=g\",\"caption\":\"Arnaldo Botto\"},\"url\":\"https:\/\/www.noticiasradioreflejos.com.ar\/2021\/author\/arnaldo\/\"}]}<\/script>\n<!-- \/ Yoast SEO plugin. -->","yoast_head_json":{"title":"Naci\u00f3 el primer beb\u00e9 del a\u00f1o del distrito, se llama Noa Nicol\u00e1s. - Noticias Radio Reflejos","robots":{"index":"index","follow":"follow","max-snippet":"max-snippet:-1","max-image-preview":"max-image-preview:large","max-video-preview":"max-video-preview:-1"},"canonical":"https:\/\/www.noticiasradioreflejos.com.ar\/2021\/nacio-el-primer-bebe-del-ano-del-distrito-se-llama-noa-nicolas\/","og_locale":"es_ES","og_type":"article","og_title":"Naci\u00f3 el primer beb\u00e9 del a\u00f1o del distrito, se llama Noa Nicol\u00e1s. - Noticias Radio Reflejos","og_description":"Naci\u00f3 este S\u00e1bado 2 de enero en el Hospital Municipal \u00abDr. Alberto Castro\u00bb de Tornquist.","og_url":"https:\/\/www.noticiasradioreflejos.com.ar\/2021\/nacio-el-primer-bebe-del-ano-del-distrito-se-llama-noa-nicolas\/","og_site_name":"Noticias Radio Reflejos","article_published_time":"2021-01-03T14:11:53+00:00","og_image":[{"url":"http:\/\/live.staticflickr.com\/65535\/50794748423_5d11964afb.jpg","type":"","width":"","height":""}],"author":"Arnaldo Botto","twitter_card":"summary_large_image","schema":{"@context":"https:\/\/schema.org","@graph":[{"@type":"WebPage","@id":"https:\/\/www.noticiasradioreflejos.com.ar\/2021\/nacio-el-primer-bebe-del-ano-del-distrito-se-llama-noa-nicolas\/","url":"https:\/\/www.noticiasradioreflejos.com.ar\/2021\/nacio-el-primer-bebe-del-ano-del-distrito-se-llama-noa-nicolas\/","name":"Naci\u00f3 el primer beb\u00e9 del a\u00f1o del distrito, se llama Noa Nicol\u00e1s. - Noticias Radio Reflejos","isPartOf":{"@id":"https:\/\/www.noticiasradioreflejos.com.ar\/2021\/#website"},"primaryImageOfPage":{"@id":"https:\/\/www.noticiasradioreflejos.com.ar\/2021\/nacio-el-primer-bebe-del-ano-del-distrito-se-llama-noa-nicolas\/#primaryimage"},"image":{"@id":"https:\/\/www.noticiasradioreflejos.com.ar\/2021\/nacio-el-primer-bebe-del-ano-del-distrito-se-llama-noa-nicolas\/#primaryimage"},"thumbnailUrl":"http:\/\/live.staticflickr.com\/65535\/50794748423_5d11964afb.jpg","datePublished":"2021-01-03T14:11:53+00:00","author":{"@id":"https:\/\/www.noticiasradioreflejos.com.ar\/2021\/#\/schema\/person\/ad82545263dcc5ec0996818884fd5fb1"},"breadcrumb":{"@id":"https:\/\/www.noticiasradioreflejos.com.ar\/2021\/nacio-el-primer-bebe-del-ano-del-distrito-se-llama-noa-nicolas\/#breadcrumb"},"inLanguage":"es","potentialAction":[{"@type":"ReadAction","target":["https:\/\/www.noticiasradioreflejos.com.ar\/2021\/nacio-el-primer-bebe-del-ano-del-distrito-se-llama-noa-nicolas\/"]}]},{"@type":"ImageObject","inLanguage":"es","@id":"https:\/\/www.noticiasradioreflejos.com.ar\/2021\/nacio-el-primer-bebe-del-ano-del-distrito-se-llama-noa-nicolas\/#primaryimage","url":"http:\/\/live.staticflickr.com\/65535\/50794748423_5d11964afb.jpg","contentUrl":"http:\/\/live.staticflickr.com\/65535\/50794748423_5d11964afb.jpg"},{"@type":"BreadcrumbList","@id":"https:\/\/www.noticiasradioreflejos.com.ar\/2021\/nacio-el-primer-bebe-del-ano-del-distrito-se-llama-noa-nicolas\/#breadcrumb","itemListElement":[{"@type":"ListItem","position":1,"name":"Portada","item":"https:\/\/www.noticiasradioreflejos.com.ar\/2021\/"},{"@type":"ListItem","position":2,"name":"Naci\u00f3 el primer beb\u00e9 del a\u00f1o del distrito, se llama Noa Nicol\u00e1s."}]},{"@type":"WebSite","@id":"https:\/\/www.noticiasradioreflejos.com.ar\/2021\/#website","url":"https:\/\/www.noticiasradioreflejos.com.ar\/2021\/","name":"Noticias Radio Reflejos","description":"Las noticias de mi comarca","potentialAction":[{"@type":"SearchAction","target":{"@type":"EntryPoint","urlTemplate":"https:\/\/www.noticiasradioreflejos.com.ar\/2021\/?s={search_term_string}"},"query-input":{"@type":"PropertyValueSpecification","valueRequired":true,"valueName":"search_term_string"}}],"inLanguage":"es"},{"@type":"Person","@id":"https:\/\/www.noticiasradioreflejos.com.ar\/2021\/#\/schema\/person\/ad82545263dcc5ec0996818884fd5fb1","name":"Arnaldo Botto","image":{"@type":"ImageObject","inLanguage":"es","@id":"https:\/\/www.noticiasradioreflejos.com.ar\/2021\/#\/schema\/person\/image\/","url":"https:\/\/secure.gravatar.com\/avatar\/55cb5e37c1efa326397366e6974cb338056df65cb50e7d64d1cf314e87504837?s=96&d=mm&r=g","contentUrl":"https:\/\/secure.gravatar.com\/avatar\/55cb5e37c1efa326397366e6974cb338056df65cb50e7d64d1cf314e87504837?s=96&d=mm&r=g","caption":"Arnaldo Botto"},"url":"https:\/\/www.noticiasradioreflejos.com.ar\/2021\/author\/arnaldo\/"}]}},"_links":{"self":[{"href":"https:\/\/www.noticiasradioreflejos.com.ar\/2021\/wp-json\/wp\/v2\/posts\/50882","targetHints":{"allow":["GET"]}}],"collection":[{"href":"https:\/\/www.noticiasradioreflejos.com.ar\/2021\/wp-json\/wp\/v2\/posts"}],"about":[{"href":"https:\/\/www.noticiasradioreflejos.com.ar\/2021\/wp-json\/wp\/v2\/types\/post"}],"author":[{"embeddable":true,"href":"https:\/\/www.noticiasradioreflejos.com.ar\/2021\/wp-json\/wp\/v2\/users\/3"}],"replies":[{"embeddable":true,"href":"https:\/\/www.noticiasradioreflejos.com.ar\/2021\/wp-json\/wp\/v2\/comments?post=50882"}],"version-history":[{"count":0,"href":"https:\/\/www.noticiasradioreflejos.com.ar\/2021\/wp-json\/wp\/v2\/posts\/50882\/revisions"}],"wp:attachment":[{"href":"https:\/\/www.noticiasradioreflejos.com.ar\/2021\/wp-json\/wp\/v2\/media?parent=50882"}],"wp:term":[{"taxonomy":"category","embeddable":true,"href":"https:\/\/www.noticiasradioreflejos.com.ar\/2021\/wp-json\/wp\/v2\/categories?post=50882"},{"taxonomy":"post_tag","embeddable":true,"href":"https:\/\/www.noticiasradioreflejos.com.ar\/2021\/wp-json\/wp\/v2\/tags?post=50882"}],"curies":[{"name":"wp","href":"https:\/\/api.w.org\/{rel}","templated":true}]}}