{"id":50849,"date":"2020-12-30T18:41:45","date_gmt":"2020-12-30T21:41:45","guid":{"rendered":"http:\/\/www.noticiasradioreflejos.com.ar\/noticias\/?p=50849"},"modified":"2020-12-30T18:41:45","modified_gmt":"2020-12-30T21:41:45","slug":"sputnik-v-ayer-me-puse-a-estudiar-y-me-di-cuenta-que-no-tiene-mas-riesgos-que-otra-vacuna-dr-mauricio-dos-santos","status":"publish","type":"post","link":"https:\/\/www.noticiasradioreflejos.com.ar\/2021\/sputnik-v-ayer-me-puse-a-estudiar-y-me-di-cuenta-que-no-tiene-mas-riesgos-que-otra-vacuna-dr-mauricio-dos-santos\/","title":{"rendered":"Sputnik V: \u00abAyer me puse a estudiar y me di cuenta que no tiene m\u00e1s riesgos que otra vacuna\u00bb &#8211; Dr. Mauricio Dos Santos."},"content":{"rendered":"<p><strong>Mauricio Dos Santos<\/strong>, profesional de la salud, nos cuenta c\u00f3mo vivi\u00f3 este a\u00f1o tan at\u00edpico en todos los aspectos, pero principalmente desde lo sanitario. Adem\u00e1s, opina sobre la vacuna que ya se est\u00e1 aplicando al personal esencial en nuestro distrito y hace algunas explicaciones.<!--more--><\/p>\n<p>Al comenzar la nota, Mauricio resumi\u00f3 en pocas palabras c\u00f3mo experiment\u00f3 la pandemia como m\u00e9dico. \u00abVivimos un a\u00f1o intenso y raro desde lo profesional. En marzo ten\u00edamos mucha incertidumbre y pensamos que no iba a llegar tan r\u00e1pido. Lo que es Sierra se vivi\u00f3 como m\u00e1s pausado. En Marzo atend\u00edamos lo m\u00ednimo indispensable y tuvimos que modificar c\u00f3mo atender a los pacientes y organizar los turnos. Despu\u00e9s tuvimos que agiornarnos con el tema, que si bien es parecido a una gripe, no ten\u00eda nada que ver con el manejo del resto de las patolog\u00edas\u00bb.<\/p>\n<p>Tambi\u00e9n estuvimos conversando sobre la vacuna, de la cuales ya se est\u00e1n aplicando dosis en toda la Provincia y tambi\u00e9n en nuestro distrito. \u00abLa vacuna la vas recomendando a medida que ves que es segura y eficaz, y cuando vez que el riesgo de tener un efecto adverso es menor que el de padecer la enfermedad\u00bb comparti\u00f3 su postura. Adem\u00e1s, explic\u00f3 un poco sobre la Sputnik V: \u00abEsta vacuna tiene una ingenier\u00eda distinta, se fabrica de una manera distinta a las otras. Tiene una innovaci\u00f3n tecnol\u00f3gica para una situaci\u00f3n del mundo que por ahora nunca se vivi\u00f3\u00bb.<\/p>\n<p>Mauricio explic\u00f3 que faltaba informaci\u00f3n sobre la vacuna. \u00abNo ten\u00eda toda la informaci\u00f3n necesaria, ayer me puse a estudiar y me di cuenta que no tiene m\u00e1s riesgos que otra vacuna\u00bb. Adem\u00e1s, agreg\u00f3 que despu\u00e9s de estudiar tuvo que tomar una decisi\u00f3n para \u00e9l y para sus pacientes, y, por lo tanto, se vacunar\u00e1. Aunque aclar\u00f3 que todo el personal de salud y toda la gente que reciba la vacuna tiene la opci\u00f3n de negarse si no quiere recibir la dosis.<\/p>\n<p>\u00abAparentemente esta vacuna ser\u00eda eficaz para las nuevas cepas de Coronavirus tambi\u00e9n\u00bb coment\u00f3 el m\u00e9dico. Tambi\u00e9n mencion\u00f3 que de todas maneras hay cosas que no est\u00e1n claras, como por ejemplo los casos de reinfecci\u00f3n de Coronavirus. \u00abSe habla de niveles bajos de anticuerpos, pero no est\u00e1 demostrado que una persona se pueda contagiar dos veces de la misma cepa de Covid\u00bb aclar\u00f3.<\/p>\n<p>El profesional resalta que la pandemia ha cambiado muchas cosas para mejor, como la valoraci\u00f3n de las cosas simples, la manera de contactarse con la gente y la forma en que se realizan las reuniones, adem\u00e1s de promover mucho m\u00e1s las conductas de higiene en los vecinos. \u00abCreo que algo de todo esto va a quedar\u00bb opin\u00f3.<\/p>\n<p>Finalmente, el m\u00e9dico tambi\u00e9n nos cont\u00f3 que not\u00f3 que al comenzar la pandemia, hubo algunas complicaciones para las personas que padec\u00edan enfermedades cr\u00f3nicas. \u00abMuchos pacientes que ten\u00edan que hacerse controles, de marzo a Junio\/Julio, les cost\u00f3 mucho m\u00e1s encontrar el turno con sus especialistas, o estudios en Bah\u00eda Blanca. Pero a tal punto de aumentar la mortalidad por otras patolog\u00edas que no son el virus, no. No pude visualizarlo en la zona\u00bb.<\/p>\n<p>Nota completa a continuaci\u00f3n:<br \/>\n<iframe loading=\"lazy\" src=\"https:\/\/w.soundcloud.com\/player\/?url=https%3A\/\/api.soundcloud.com\/tracks\/956472418&amp;color=%23ff5500&amp;auto_play=false&amp;hide_related=false&amp;show_comments=true&amp;show_user=true&amp;show_reposts=false&amp;show_teaser=true\" width=\"100%\" height=\"166\" frameborder=\"no\" scrolling=\"no\"><\/iframe><\/p>\n<div style=\"font-size: 10px; color: #cccccc; line-break: anywhere; word-break: normal; overflow: hidden; white-space: nowrap; text-overflow: ellipsis; font-family: Interstate,Lucida Grande,Lucida Sans Unicode,Lucida Sans,Garuda,Verdana,Tahoma,sans-serif; font-weight: 100;\"><a style=\"color: #cccccc; text-decoration: none;\" title=\"fmreflejos 103.7\" href=\"https:\/\/soundcloud.com\/fmreflejos-103-7\" target=\"_blank\" rel=\"noopener\">fmreflejos 103.7<\/a> \u00b7 <a style=\"color: #cccccc; text-decoration: none;\" title=\"Nota Mauricio Dos Santos\" href=\"https:\/\/soundcloud.com\/fmreflejos-103-7\/nota-mauricio-dos-santos\" target=\"_blank\" rel=\"noopener\">Nota Mauricio Dos Santos<\/a><\/div>\n","protected":false},"excerpt":{"rendered":"<p>Mauricio Dos Santos, profesional de la salud, nos cuenta c\u00f3mo vivi\u00f3 este a\u00f1o tan at\u00edpico en todos los aspectos, pero principalmente desde lo sanitario. Adem\u00e1s, opina sobre la vacuna que ya se est\u00e1 aplicando al personal esencial en nuestro distrito y hace algunas explicaciones.<\/p>\n","protected":false},"author":3,"featured_media":50856,"comment_status":"closed","ping_status":"open","sticky":false,"template":"","format":"standard","meta":{"footnotes":""},"categories":[30],"tags":[],"class_list":["post-50849","post","type-post","status-publish","format-standard","has-post-thumbnail","hentry","category-salud"],"yoast_head":"<!-- This site is optimized with the Yoast SEO plugin v25.9 - https:\/\/yoast.com\/wordpress\/plugins\/seo\/ -->\n<title>Sputnik V: &quot;Ayer me puse a estudiar y me di cuenta que no tiene m\u00e1s riesgos que otra vacuna&quot; - Dr. Mauricio Dos Santos. - Noticias Radio Reflejos<\/title>\n<meta name=\"robots\" content=\"index, follow, max-snippet:-1, max-image-preview:large, max-video-preview:-1\" \/>\n<link rel=\"canonical\" href=\"https:\/\/www.noticiasradioreflejos.com.ar\/2021\/sputnik-v-ayer-me-puse-a-estudiar-y-me-di-cuenta-que-no-tiene-mas-riesgos-que-otra-vacuna-dr-mauricio-dos-santos\/\" \/>\n<meta property=\"og:locale\" content=\"es_ES\" \/>\n<meta property=\"og:type\" content=\"article\" \/>\n<meta property=\"og:title\" content=\"Sputnik V: &quot;Ayer me puse a estudiar y me di cuenta que no tiene m\u00e1s riesgos que otra vacuna&quot; - Dr. Mauricio Dos Santos. - Noticias Radio Reflejos\" \/>\n<meta property=\"og:description\" content=\"Mauricio Dos Santos, profesional de la salud, nos cuenta c\u00f3mo vivi\u00f3 este a\u00f1o tan at\u00edpico en todos los aspectos, pero principalmente desde lo sanitario. Adem\u00e1s, opina sobre la vacuna que ya se est\u00e1 aplicando al personal esencial en nuestro distrito y hace algunas explicaciones.\" \/>\n<meta property=\"og:url\" content=\"https:\/\/www.noticiasradioreflejos.com.ar\/2021\/sputnik-v-ayer-me-puse-a-estudiar-y-me-di-cuenta-que-no-tiene-mas-riesgos-que-otra-vacuna-dr-mauricio-dos-santos\/\" \/>\n<meta property=\"og:site_name\" content=\"Noticias Radio Reflejos\" \/>\n<meta property=\"article:published_time\" content=\"2020-12-30T21:41:45+00:00\" \/>\n<meta property=\"og:image\" content=\"https:\/\/www.noticiasradioreflejos.com.ar\/2021\/wp-content\/uploads\/2021\/07\/logosol300x200.png\" \/>\n\t<meta property=\"og:image:width\" content=\"300\" \/>\n\t<meta property=\"og:image:height\" content=\"200\" \/>\n\t<meta property=\"og:image:type\" content=\"image\/png\" \/>\n<meta name=\"author\" content=\"Arnaldo Botto\" \/>\n<meta name=\"twitter:card\" content=\"summary_large_image\" \/>\n<script type=\"application\/ld+json\" class=\"yoast-schema-graph\">{\"@context\":\"https:\/\/schema.org\",\"@graph\":[{\"@type\":\"WebPage\",\"@id\":\"https:\/\/www.noticiasradioreflejos.com.ar\/2021\/sputnik-v-ayer-me-puse-a-estudiar-y-me-di-cuenta-que-no-tiene-mas-riesgos-que-otra-vacuna-dr-mauricio-dos-santos\/\",\"url\":\"https:\/\/www.noticiasradioreflejos.com.ar\/2021\/sputnik-v-ayer-me-puse-a-estudiar-y-me-di-cuenta-que-no-tiene-mas-riesgos-que-otra-vacuna-dr-mauricio-dos-santos\/\",\"name\":\"Sputnik V: \\\"Ayer me puse a estudiar y me di cuenta que no tiene m\u00e1s riesgos que otra vacuna\\\" - Dr. Mauricio Dos Santos. - Noticias Radio Reflejos\",\"isPartOf\":{\"@id\":\"https:\/\/www.noticiasradioreflejos.com.ar\/2021\/#website\"},\"primaryImageOfPage\":{\"@id\":\"https:\/\/www.noticiasradioreflejos.com.ar\/2021\/sputnik-v-ayer-me-puse-a-estudiar-y-me-di-cuenta-que-no-tiene-mas-riesgos-que-otra-vacuna-dr-mauricio-dos-santos\/#primaryimage\"},\"image\":{\"@id\":\"https:\/\/www.noticiasradioreflejos.com.ar\/2021\/sputnik-v-ayer-me-puse-a-estudiar-y-me-di-cuenta-que-no-tiene-mas-riesgos-que-otra-vacuna-dr-mauricio-dos-santos\/#primaryimage\"},\"thumbnailUrl\":\"\",\"datePublished\":\"2020-12-30T21:41:45+00:00\",\"author\":{\"@id\":\"https:\/\/www.noticiasradioreflejos.com.ar\/2021\/#\/schema\/person\/ad82545263dcc5ec0996818884fd5fb1\"},\"breadcrumb\":{\"@id\":\"https:\/\/www.noticiasradioreflejos.com.ar\/2021\/sputnik-v-ayer-me-puse-a-estudiar-y-me-di-cuenta-que-no-tiene-mas-riesgos-que-otra-vacuna-dr-mauricio-dos-santos\/#breadcrumb\"},\"inLanguage\":\"es\",\"potentialAction\":[{\"@type\":\"ReadAction\",\"target\":[\"https:\/\/www.noticiasradioreflejos.com.ar\/2021\/sputnik-v-ayer-me-puse-a-estudiar-y-me-di-cuenta-que-no-tiene-mas-riesgos-que-otra-vacuna-dr-mauricio-dos-santos\/\"]}]},{\"@type\":\"ImageObject\",\"inLanguage\":\"es\",\"@id\":\"https:\/\/www.noticiasradioreflejos.com.ar\/2021\/sputnik-v-ayer-me-puse-a-estudiar-y-me-di-cuenta-que-no-tiene-mas-riesgos-que-otra-vacuna-dr-mauricio-dos-santos\/#primaryimage\",\"url\":\"\",\"contentUrl\":\"\"},{\"@type\":\"BreadcrumbList\",\"@id\":\"https:\/\/www.noticiasradioreflejos.com.ar\/2021\/sputnik-v-ayer-me-puse-a-estudiar-y-me-di-cuenta-que-no-tiene-mas-riesgos-que-otra-vacuna-dr-mauricio-dos-santos\/#breadcrumb\",\"itemListElement\":[{\"@type\":\"ListItem\",\"position\":1,\"name\":\"Portada\",\"item\":\"https:\/\/www.noticiasradioreflejos.com.ar\/2021\/\"},{\"@type\":\"ListItem\",\"position\":2,\"name\":\"Sputnik V: \u00abAyer me puse a estudiar y me di cuenta que no tiene m\u00e1s riesgos que otra vacuna\u00bb &#8211; Dr. Mauricio Dos Santos.\"}]},{\"@type\":\"WebSite\",\"@id\":\"https:\/\/www.noticiasradioreflejos.com.ar\/2021\/#website\",\"url\":\"https:\/\/www.noticiasradioreflejos.com.ar\/2021\/\",\"name\":\"Noticias Radio Reflejos\",\"description\":\"Las noticias de mi comarca\",\"potentialAction\":[{\"@type\":\"SearchAction\",\"target\":{\"@type\":\"EntryPoint\",\"urlTemplate\":\"https:\/\/www.noticiasradioreflejos.com.ar\/2021\/?s={search_term_string}\"},\"query-input\":{\"@type\":\"PropertyValueSpecification\",\"valueRequired\":true,\"valueName\":\"search_term_string\"}}],\"inLanguage\":\"es\"},{\"@type\":\"Person\",\"@id\":\"https:\/\/www.noticiasradioreflejos.com.ar\/2021\/#\/schema\/person\/ad82545263dcc5ec0996818884fd5fb1\",\"name\":\"Arnaldo Botto\",\"image\":{\"@type\":\"ImageObject\",\"inLanguage\":\"es\",\"@id\":\"https:\/\/www.noticiasradioreflejos.com.ar\/2021\/#\/schema\/person\/image\/\",\"url\":\"https:\/\/secure.gravatar.com\/avatar\/55cb5e37c1efa326397366e6974cb338056df65cb50e7d64d1cf314e87504837?s=96&d=mm&r=g\",\"contentUrl\":\"https:\/\/secure.gravatar.com\/avatar\/55cb5e37c1efa326397366e6974cb338056df65cb50e7d64d1cf314e87504837?s=96&d=mm&r=g\",\"caption\":\"Arnaldo Botto\"},\"url\":\"https:\/\/www.noticiasradioreflejos.com.ar\/2021\/author\/arnaldo\/\"}]}<\/script>\n<!-- \/ Yoast SEO plugin. -->","yoast_head_json":{"title":"Sputnik V: \"Ayer me puse a estudiar y me di cuenta que no tiene m\u00e1s riesgos que otra vacuna\" - Dr. Mauricio Dos Santos. - Noticias Radio Reflejos","robots":{"index":"index","follow":"follow","max-snippet":"max-snippet:-1","max-image-preview":"max-image-preview:large","max-video-preview":"max-video-preview:-1"},"canonical":"https:\/\/www.noticiasradioreflejos.com.ar\/2021\/sputnik-v-ayer-me-puse-a-estudiar-y-me-di-cuenta-que-no-tiene-mas-riesgos-que-otra-vacuna-dr-mauricio-dos-santos\/","og_locale":"es_ES","og_type":"article","og_title":"Sputnik V: \"Ayer me puse a estudiar y me di cuenta que no tiene m\u00e1s riesgos que otra vacuna\" - Dr. Mauricio Dos Santos. - Noticias Radio Reflejos","og_description":"Mauricio Dos Santos, profesional de la salud, nos cuenta c\u00f3mo vivi\u00f3 este a\u00f1o tan at\u00edpico en todos los aspectos, pero principalmente desde lo sanitario. Adem\u00e1s, opina sobre la vacuna que ya se est\u00e1 aplicando al personal esencial en nuestro distrito y hace algunas explicaciones.","og_url":"https:\/\/www.noticiasradioreflejos.com.ar\/2021\/sputnik-v-ayer-me-puse-a-estudiar-y-me-di-cuenta-que-no-tiene-mas-riesgos-que-otra-vacuna-dr-mauricio-dos-santos\/","og_site_name":"Noticias Radio Reflejos","article_published_time":"2020-12-30T21:41:45+00:00","og_image":[{"width":300,"height":200,"url":"https:\/\/www.noticiasradioreflejos.com.ar\/2021\/wp-content\/uploads\/2021\/07\/logosol300x200.png","type":"image\/png"}],"author":"Arnaldo Botto","twitter_card":"summary_large_image","schema":{"@context":"https:\/\/schema.org","@graph":[{"@type":"WebPage","@id":"https:\/\/www.noticiasradioreflejos.com.ar\/2021\/sputnik-v-ayer-me-puse-a-estudiar-y-me-di-cuenta-que-no-tiene-mas-riesgos-que-otra-vacuna-dr-mauricio-dos-santos\/","url":"https:\/\/www.noticiasradioreflejos.com.ar\/2021\/sputnik-v-ayer-me-puse-a-estudiar-y-me-di-cuenta-que-no-tiene-mas-riesgos-que-otra-vacuna-dr-mauricio-dos-santos\/","name":"Sputnik V: \"Ayer me puse a estudiar y me di cuenta que no tiene m\u00e1s riesgos que otra vacuna\" - Dr. Mauricio Dos Santos. - Noticias Radio Reflejos","isPartOf":{"@id":"https:\/\/www.noticiasradioreflejos.com.ar\/2021\/#website"},"primaryImageOfPage":{"@id":"https:\/\/www.noticiasradioreflejos.com.ar\/2021\/sputnik-v-ayer-me-puse-a-estudiar-y-me-di-cuenta-que-no-tiene-mas-riesgos-que-otra-vacuna-dr-mauricio-dos-santos\/#primaryimage"},"image":{"@id":"https:\/\/www.noticiasradioreflejos.com.ar\/2021\/sputnik-v-ayer-me-puse-a-estudiar-y-me-di-cuenta-que-no-tiene-mas-riesgos-que-otra-vacuna-dr-mauricio-dos-santos\/#primaryimage"},"thumbnailUrl":"","datePublished":"2020-12-30T21:41:45+00:00","author":{"@id":"https:\/\/www.noticiasradioreflejos.com.ar\/2021\/#\/schema\/person\/ad82545263dcc5ec0996818884fd5fb1"},"breadcrumb":{"@id":"https:\/\/www.noticiasradioreflejos.com.ar\/2021\/sputnik-v-ayer-me-puse-a-estudiar-y-me-di-cuenta-que-no-tiene-mas-riesgos-que-otra-vacuna-dr-mauricio-dos-santos\/#breadcrumb"},"inLanguage":"es","potentialAction":[{"@type":"ReadAction","target":["https:\/\/www.noticiasradioreflejos.com.ar\/2021\/sputnik-v-ayer-me-puse-a-estudiar-y-me-di-cuenta-que-no-tiene-mas-riesgos-que-otra-vacuna-dr-mauricio-dos-santos\/"]}]},{"@type":"ImageObject","inLanguage":"es","@id":"https:\/\/www.noticiasradioreflejos.com.ar\/2021\/sputnik-v-ayer-me-puse-a-estudiar-y-me-di-cuenta-que-no-tiene-mas-riesgos-que-otra-vacuna-dr-mauricio-dos-santos\/#primaryimage","url":"","contentUrl":""},{"@type":"BreadcrumbList","@id":"https:\/\/www.noticiasradioreflejos.com.ar\/2021\/sputnik-v-ayer-me-puse-a-estudiar-y-me-di-cuenta-que-no-tiene-mas-riesgos-que-otra-vacuna-dr-mauricio-dos-santos\/#breadcrumb","itemListElement":[{"@type":"ListItem","position":1,"name":"Portada","item":"https:\/\/www.noticiasradioreflejos.com.ar\/2021\/"},{"@type":"ListItem","position":2,"name":"Sputnik V: \u00abAyer me puse a estudiar y me di cuenta que no tiene m\u00e1s riesgos que otra vacuna\u00bb &#8211; Dr. Mauricio Dos Santos."}]},{"@type":"WebSite","@id":"https:\/\/www.noticiasradioreflejos.com.ar\/2021\/#website","url":"https:\/\/www.noticiasradioreflejos.com.ar\/2021\/","name":"Noticias Radio Reflejos","description":"Las noticias de mi comarca","potentialAction":[{"@type":"SearchAction","target":{"@type":"EntryPoint","urlTemplate":"https:\/\/www.noticiasradioreflejos.com.ar\/2021\/?s={search_term_string}"},"query-input":{"@type":"PropertyValueSpecification","valueRequired":true,"valueName":"search_term_string"}}],"inLanguage":"es"},{"@type":"Person","@id":"https:\/\/www.noticiasradioreflejos.com.ar\/2021\/#\/schema\/person\/ad82545263dcc5ec0996818884fd5fb1","name":"Arnaldo Botto","image":{"@type":"ImageObject","inLanguage":"es","@id":"https:\/\/www.noticiasradioreflejos.com.ar\/2021\/#\/schema\/person\/image\/","url":"https:\/\/secure.gravatar.com\/avatar\/55cb5e37c1efa326397366e6974cb338056df65cb50e7d64d1cf314e87504837?s=96&d=mm&r=g","contentUrl":"https:\/\/secure.gravatar.com\/avatar\/55cb5e37c1efa326397366e6974cb338056df65cb50e7d64d1cf314e87504837?s=96&d=mm&r=g","caption":"Arnaldo Botto"},"url":"https:\/\/www.noticiasradioreflejos.com.ar\/2021\/author\/arnaldo\/"}]}},"_links":{"self":[{"href":"https:\/\/www.noticiasradioreflejos.com.ar\/2021\/wp-json\/wp\/v2\/posts\/50849","targetHints":{"allow":["GET"]}}],"collection":[{"href":"https:\/\/www.noticiasradioreflejos.com.ar\/2021\/wp-json\/wp\/v2\/posts"}],"about":[{"href":"https:\/\/www.noticiasradioreflejos.com.ar\/2021\/wp-json\/wp\/v2\/types\/post"}],"author":[{"embeddable":true,"href":"https:\/\/www.noticiasradioreflejos.com.ar\/2021\/wp-json\/wp\/v2\/users\/3"}],"replies":[{"embeddable":true,"href":"https:\/\/www.noticiasradioreflejos.com.ar\/2021\/wp-json\/wp\/v2\/comments?post=50849"}],"version-history":[{"count":0,"href":"https:\/\/www.noticiasradioreflejos.com.ar\/2021\/wp-json\/wp\/v2\/posts\/50849\/revisions"}],"wp:featuredmedia":[{"embeddable":true,"href":"https:\/\/www.noticiasradioreflejos.com.ar\/2021\/wp-json\/"}],"wp:attachment":[{"href":"https:\/\/www.noticiasradioreflejos.com.ar\/2021\/wp-json\/wp\/v2\/media?parent=50849"}],"wp:term":[{"taxonomy":"category","embeddable":true,"href":"https:\/\/www.noticiasradioreflejos.com.ar\/2021\/wp-json\/wp\/v2\/categories?post=50849"},{"taxonomy":"post_tag","embeddable":true,"href":"https:\/\/www.noticiasradioreflejos.com.ar\/2021\/wp-json\/wp\/v2\/tags?post=50849"}],"curies":[{"name":"wp","href":"https:\/\/api.w.org\/{rel}","templated":true}]}}