{"id":50782,"date":"2020-12-29T12:32:19","date_gmt":"2020-12-29T15:32:19","guid":{"rendered":"http:\/\/www.noticiasradioreflejos.com.ar\/noticias\/?p=50782"},"modified":"2020-12-29T12:32:19","modified_gmt":"2020-12-29T15:32:19","slug":"la-quema-de-munecos-el-ritual-platense-se-empieza-a-palpitar","status":"publish","type":"post","link":"https:\/\/www.noticiasradioreflejos.com.ar\/2021\/la-quema-de-munecos-el-ritual-platense-se-empieza-a-palpitar\/","title":{"rendered":"La quema de mu\u00f1ecos, el ritual platense se empieza a palpitar."},"content":{"rendered":"<p>En distintas esquinas de la capital bonaerense ya se pueden ver los mu\u00f1ecos que arder\u00e1n en las primeras de horas de 2021. Este rito es el sello distintivo de la ciudad de La Plata y los momos son la puesta en escena de personajes y hechos que marcaron el a\u00f1o que se va.<!--more--><br \/>\nLa n\u00f3mina de este 2020 es amplia y variada, ya que habr\u00e1 representaciones de Diego Maradona a trav\u00e9s \u201cBarrilete c\u00f3smico\u201d, \u201cCovid-19 Pandem\u00f3nium\u201d, \u201cHomero Simpson\u201d, \u201cLos tres chanchitos\u201d, \u201cToy Story\u201d, \u201cEl samurai y drag\u00f3n\u201d, \u201cLos ping\u00fcinos de Madagascar\u201d, \u201cEl encanto de la medusa\u201d y \u201cLos chicos de Villa Castells\u201d, entre otras obras inscriptas en el registro obligatorio de la comuna.<\/p>\n<p>De acuerdo con la normativa vigente los mu\u00f1ecos deber\u00e1n estar finalizados tres d\u00edas antes de la quema y no podr\u00e1n exceder los seis metros de alto. Adem\u00e1s, su emplazamiento tendr\u00e1 que contemplar un radio de seguridad de tres veces su altura.<\/p>\n<p> Cada espect\u00e1culo durar\u00e1 treinta minutos como m\u00e1ximo y la quema se realizar\u00e1 de 01:00 a 01:30 de manera simult\u00e1nea en toda la ciudad para evitar la circulaci\u00f3n masiva de personas, seg\u00fan informaron desde la web del Ente de Actividad Tur\u00edstica Municipal (EMATUR)<\/p>\n<p> Identidad platense<\/p>\n<p>\u201cSi bien hay muchas ciudades, tanto de Argentina como de otros pa\u00edses, donde se realiza una quema similar para recibir el A\u00f1o Nuevo, hay ciertas particularidades que destacan la producci\u00f3n de mu\u00f1ecos locales\u201d, explic\u00f3 Nicol\u00e1s Colombo, autor del libro \u201cLos Misterios de la Ciudad de La Plata\u201d.<\/p>\n<p>Los momos platenses se caracterizan por sus grandes dimensiones, mientras  en otros sitios se hacen a escala humana, y su construcci\u00f3n re\u00fane a los vecinos de un mismo barrio transform\u00e1ndola en una producci\u00f3n colectiva.<\/p>\n<p>Esta celebraci\u00f3n tiene fecha y lugar de nacimiento: la puerta del bar y almac\u00e9n ubicado en 10 y 40, de don Luis T\u00f3rtora, quien erigi\u00f3 un mu\u00f1eco de madera y papel para homenajear a un jugador del Club Defensores de Cambaceres del partido de Ensenada.<\/p>\n<p> \u201cDe all\u00ed en m\u00e1s la tradici\u00f3n se dispers\u00f3 por los diferentes barrios de la ciudad, donde comenzaron a realizarse mu\u00f1ecos que eran quemados durante los festejos del A\u00f1o Nuevo\u201d, relat\u00f3 Colombo.<\/p>\n<p>Durante las d\u00e9cadas del sesenta y setenta se perfeccionaron las t\u00e9cnicas de construcci\u00f3n de esas obras. En 1976, la dictadura c\u00edvico-militar prohibi\u00f3 esta celebraci\u00f3n que volvi\u00f3 a realizarse a mediados de los ochenta con el regreso de la democracia.<\/p>\n<p>En los noventa, se sumaron otros barrios a la confecci\u00f3n de mu\u00f1ecos. Los j\u00f3venes y adolescentes tomaron protagonismo y fueron quienes llevaron adelante la elecci\u00f3n de la tem\u00e1tica, el dise\u00f1o y armado.<\/p>\n<p>\u201cEsa \u00e9poca fue el momento de mayor auge, se estima que llegaron a hacerse m\u00e1s trescientos mu\u00f1ecos por a\u00f1o\u201d, precis\u00f3 Colombo, integrante de \u201cLa Plata, ciudad oculta\u201d, grupo que realiza recorridas hist\u00f3ricas por la capital bonaerense.<\/p>\n<p> En la quema de momos como en todo ritual cada acci\u00f3n tiene su momento y uno de los m\u00e1s esperados es cuando se dan a conocer los mu\u00f1ecos que  sorprenden por la perfecci\u00f3n y esfuerzo con los que se produjeron.<\/p>\n<p>Estos gigantes forman parte del acervo cultural y de la creatividad popular de la provincia de Buenos Aires.<\/p>\n","protected":false},"excerpt":{"rendered":"<p>En distintas esquinas de la capital bonaerense ya se pueden ver los mu\u00f1ecos que arder\u00e1n en las primeras de horas de 2021. Este rito es el sello distintivo de la ciudad de La Plata y los momos son la puesta en escena de personajes y hechos que marcaron el a\u00f1o que se va.<\/p>\n","protected":false},"author":3,"featured_media":0,"comment_status":"closed","ping_status":"open","sticky":false,"template":"","format":"standard","meta":{"footnotes":""},"categories":[33],"tags":[],"class_list":["post-50782","post","type-post","status-publish","format-standard","hentry","category-turismo"],"yoast_head":"<!-- This site is optimized with the Yoast SEO plugin v25.9 - https:\/\/yoast.com\/wordpress\/plugins\/seo\/ -->\n<title>La quema de mu\u00f1ecos, el ritual platense se empieza a palpitar. - Noticias Radio Reflejos<\/title>\n<meta name=\"robots\" content=\"index, follow, max-snippet:-1, max-image-preview:large, max-video-preview:-1\" \/>\n<link rel=\"canonical\" href=\"https:\/\/www.noticiasradioreflejos.com.ar\/2021\/la-quema-de-munecos-el-ritual-platense-se-empieza-a-palpitar\/\" \/>\n<meta property=\"og:locale\" content=\"es_ES\" \/>\n<meta property=\"og:type\" content=\"article\" \/>\n<meta property=\"og:title\" content=\"La quema de mu\u00f1ecos, el ritual platense se empieza a palpitar. - Noticias Radio Reflejos\" \/>\n<meta property=\"og:description\" content=\"En distintas esquinas de la capital bonaerense ya se pueden ver los mu\u00f1ecos que arder\u00e1n en las primeras de horas de 2021. Este rito es el sello distintivo de la ciudad de La Plata y los momos son la puesta en escena de personajes y hechos que marcaron el a\u00f1o que se va.\" \/>\n<meta property=\"og:url\" content=\"https:\/\/www.noticiasradioreflejos.com.ar\/2021\/la-quema-de-munecos-el-ritual-platense-se-empieza-a-palpitar\/\" \/>\n<meta property=\"og:site_name\" content=\"Noticias Radio Reflejos\" \/>\n<meta property=\"article:published_time\" content=\"2020-12-29T15:32:19+00:00\" \/>\n<meta property=\"og:image\" content=\"https:\/\/www.noticiasradioreflejos.com.ar\/2021\/wp-content\/uploads\/2021\/07\/logosol300x200.png\" \/>\n\t<meta property=\"og:image:width\" content=\"300\" \/>\n\t<meta property=\"og:image:height\" content=\"200\" \/>\n\t<meta property=\"og:image:type\" content=\"image\/png\" \/>\n<meta name=\"author\" content=\"Arnaldo Botto\" \/>\n<meta name=\"twitter:card\" content=\"summary_large_image\" \/>\n<script type=\"application\/ld+json\" class=\"yoast-schema-graph\">{\"@context\":\"https:\/\/schema.org\",\"@graph\":[{\"@type\":\"WebPage\",\"@id\":\"https:\/\/www.noticiasradioreflejos.com.ar\/2021\/la-quema-de-munecos-el-ritual-platense-se-empieza-a-palpitar\/\",\"url\":\"https:\/\/www.noticiasradioreflejos.com.ar\/2021\/la-quema-de-munecos-el-ritual-platense-se-empieza-a-palpitar\/\",\"name\":\"La quema de mu\u00f1ecos, el ritual platense se empieza a palpitar. - Noticias Radio Reflejos\",\"isPartOf\":{\"@id\":\"https:\/\/www.noticiasradioreflejos.com.ar\/2021\/#website\"},\"datePublished\":\"2020-12-29T15:32:19+00:00\",\"author\":{\"@id\":\"https:\/\/www.noticiasradioreflejos.com.ar\/2021\/#\/schema\/person\/ad82545263dcc5ec0996818884fd5fb1\"},\"breadcrumb\":{\"@id\":\"https:\/\/www.noticiasradioreflejos.com.ar\/2021\/la-quema-de-munecos-el-ritual-platense-se-empieza-a-palpitar\/#breadcrumb\"},\"inLanguage\":\"es\",\"potentialAction\":[{\"@type\":\"ReadAction\",\"target\":[\"https:\/\/www.noticiasradioreflejos.com.ar\/2021\/la-quema-de-munecos-el-ritual-platense-se-empieza-a-palpitar\/\"]}]},{\"@type\":\"BreadcrumbList\",\"@id\":\"https:\/\/www.noticiasradioreflejos.com.ar\/2021\/la-quema-de-munecos-el-ritual-platense-se-empieza-a-palpitar\/#breadcrumb\",\"itemListElement\":[{\"@type\":\"ListItem\",\"position\":1,\"name\":\"Portada\",\"item\":\"https:\/\/www.noticiasradioreflejos.com.ar\/2021\/\"},{\"@type\":\"ListItem\",\"position\":2,\"name\":\"La quema de mu\u00f1ecos, el ritual platense se empieza a palpitar.\"}]},{\"@type\":\"WebSite\",\"@id\":\"https:\/\/www.noticiasradioreflejos.com.ar\/2021\/#website\",\"url\":\"https:\/\/www.noticiasradioreflejos.com.ar\/2021\/\",\"name\":\"Noticias Radio Reflejos\",\"description\":\"Las noticias de mi comarca\",\"potentialAction\":[{\"@type\":\"SearchAction\",\"target\":{\"@type\":\"EntryPoint\",\"urlTemplate\":\"https:\/\/www.noticiasradioreflejos.com.ar\/2021\/?s={search_term_string}\"},\"query-input\":{\"@type\":\"PropertyValueSpecification\",\"valueRequired\":true,\"valueName\":\"search_term_string\"}}],\"inLanguage\":\"es\"},{\"@type\":\"Person\",\"@id\":\"https:\/\/www.noticiasradioreflejos.com.ar\/2021\/#\/schema\/person\/ad82545263dcc5ec0996818884fd5fb1\",\"name\":\"Arnaldo Botto\",\"image\":{\"@type\":\"ImageObject\",\"inLanguage\":\"es\",\"@id\":\"https:\/\/www.noticiasradioreflejos.com.ar\/2021\/#\/schema\/person\/image\/\",\"url\":\"https:\/\/secure.gravatar.com\/avatar\/55cb5e37c1efa326397366e6974cb338056df65cb50e7d64d1cf314e87504837?s=96&d=mm&r=g\",\"contentUrl\":\"https:\/\/secure.gravatar.com\/avatar\/55cb5e37c1efa326397366e6974cb338056df65cb50e7d64d1cf314e87504837?s=96&d=mm&r=g\",\"caption\":\"Arnaldo Botto\"},\"url\":\"https:\/\/www.noticiasradioreflejos.com.ar\/2021\/author\/arnaldo\/\"}]}<\/script>\n<!-- \/ Yoast SEO plugin. -->","yoast_head_json":{"title":"La quema de mu\u00f1ecos, el ritual platense se empieza a palpitar. - Noticias Radio Reflejos","robots":{"index":"index","follow":"follow","max-snippet":"max-snippet:-1","max-image-preview":"max-image-preview:large","max-video-preview":"max-video-preview:-1"},"canonical":"https:\/\/www.noticiasradioreflejos.com.ar\/2021\/la-quema-de-munecos-el-ritual-platense-se-empieza-a-palpitar\/","og_locale":"es_ES","og_type":"article","og_title":"La quema de mu\u00f1ecos, el ritual platense se empieza a palpitar. - Noticias Radio Reflejos","og_description":"En distintas esquinas de la capital bonaerense ya se pueden ver los mu\u00f1ecos que arder\u00e1n en las primeras de horas de 2021. Este rito es el sello distintivo de la ciudad de La Plata y los momos son la puesta en escena de personajes y hechos que marcaron el a\u00f1o que se va.","og_url":"https:\/\/www.noticiasradioreflejos.com.ar\/2021\/la-quema-de-munecos-el-ritual-platense-se-empieza-a-palpitar\/","og_site_name":"Noticias Radio Reflejos","article_published_time":"2020-12-29T15:32:19+00:00","og_image":[{"width":300,"height":200,"url":"https:\/\/www.noticiasradioreflejos.com.ar\/2021\/wp-content\/uploads\/2021\/07\/logosol300x200.png","type":"image\/png"}],"author":"Arnaldo Botto","twitter_card":"summary_large_image","schema":{"@context":"https:\/\/schema.org","@graph":[{"@type":"WebPage","@id":"https:\/\/www.noticiasradioreflejos.com.ar\/2021\/la-quema-de-munecos-el-ritual-platense-se-empieza-a-palpitar\/","url":"https:\/\/www.noticiasradioreflejos.com.ar\/2021\/la-quema-de-munecos-el-ritual-platense-se-empieza-a-palpitar\/","name":"La quema de mu\u00f1ecos, el ritual platense se empieza a palpitar. - Noticias Radio Reflejos","isPartOf":{"@id":"https:\/\/www.noticiasradioreflejos.com.ar\/2021\/#website"},"datePublished":"2020-12-29T15:32:19+00:00","author":{"@id":"https:\/\/www.noticiasradioreflejos.com.ar\/2021\/#\/schema\/person\/ad82545263dcc5ec0996818884fd5fb1"},"breadcrumb":{"@id":"https:\/\/www.noticiasradioreflejos.com.ar\/2021\/la-quema-de-munecos-el-ritual-platense-se-empieza-a-palpitar\/#breadcrumb"},"inLanguage":"es","potentialAction":[{"@type":"ReadAction","target":["https:\/\/www.noticiasradioreflejos.com.ar\/2021\/la-quema-de-munecos-el-ritual-platense-se-empieza-a-palpitar\/"]}]},{"@type":"BreadcrumbList","@id":"https:\/\/www.noticiasradioreflejos.com.ar\/2021\/la-quema-de-munecos-el-ritual-platense-se-empieza-a-palpitar\/#breadcrumb","itemListElement":[{"@type":"ListItem","position":1,"name":"Portada","item":"https:\/\/www.noticiasradioreflejos.com.ar\/2021\/"},{"@type":"ListItem","position":2,"name":"La quema de mu\u00f1ecos, el ritual platense se empieza a palpitar."}]},{"@type":"WebSite","@id":"https:\/\/www.noticiasradioreflejos.com.ar\/2021\/#website","url":"https:\/\/www.noticiasradioreflejos.com.ar\/2021\/","name":"Noticias Radio Reflejos","description":"Las noticias de mi comarca","potentialAction":[{"@type":"SearchAction","target":{"@type":"EntryPoint","urlTemplate":"https:\/\/www.noticiasradioreflejos.com.ar\/2021\/?s={search_term_string}"},"query-input":{"@type":"PropertyValueSpecification","valueRequired":true,"valueName":"search_term_string"}}],"inLanguage":"es"},{"@type":"Person","@id":"https:\/\/www.noticiasradioreflejos.com.ar\/2021\/#\/schema\/person\/ad82545263dcc5ec0996818884fd5fb1","name":"Arnaldo Botto","image":{"@type":"ImageObject","inLanguage":"es","@id":"https:\/\/www.noticiasradioreflejos.com.ar\/2021\/#\/schema\/person\/image\/","url":"https:\/\/secure.gravatar.com\/avatar\/55cb5e37c1efa326397366e6974cb338056df65cb50e7d64d1cf314e87504837?s=96&d=mm&r=g","contentUrl":"https:\/\/secure.gravatar.com\/avatar\/55cb5e37c1efa326397366e6974cb338056df65cb50e7d64d1cf314e87504837?s=96&d=mm&r=g","caption":"Arnaldo Botto"},"url":"https:\/\/www.noticiasradioreflejos.com.ar\/2021\/author\/arnaldo\/"}]}},"_links":{"self":[{"href":"https:\/\/www.noticiasradioreflejos.com.ar\/2021\/wp-json\/wp\/v2\/posts\/50782","targetHints":{"allow":["GET"]}}],"collection":[{"href":"https:\/\/www.noticiasradioreflejos.com.ar\/2021\/wp-json\/wp\/v2\/posts"}],"about":[{"href":"https:\/\/www.noticiasradioreflejos.com.ar\/2021\/wp-json\/wp\/v2\/types\/post"}],"author":[{"embeddable":true,"href":"https:\/\/www.noticiasradioreflejos.com.ar\/2021\/wp-json\/wp\/v2\/users\/3"}],"replies":[{"embeddable":true,"href":"https:\/\/www.noticiasradioreflejos.com.ar\/2021\/wp-json\/wp\/v2\/comments?post=50782"}],"version-history":[{"count":0,"href":"https:\/\/www.noticiasradioreflejos.com.ar\/2021\/wp-json\/wp\/v2\/posts\/50782\/revisions"}],"wp:attachment":[{"href":"https:\/\/www.noticiasradioreflejos.com.ar\/2021\/wp-json\/wp\/v2\/media?parent=50782"}],"wp:term":[{"taxonomy":"category","embeddable":true,"href":"https:\/\/www.noticiasradioreflejos.com.ar\/2021\/wp-json\/wp\/v2\/categories?post=50782"},{"taxonomy":"post_tag","embeddable":true,"href":"https:\/\/www.noticiasradioreflejos.com.ar\/2021\/wp-json\/wp\/v2\/tags?post=50782"}],"curies":[{"name":"wp","href":"https:\/\/api.w.org\/{rel}","templated":true}]}}