{"id":50663,"date":"2020-12-24T17:23:38","date_gmt":"2020-12-24T20:23:38","guid":{"rendered":"http:\/\/www.noticiasradioreflejos.com.ar\/noticias\/?p=50663"},"modified":"2020-12-24T17:23:38","modified_gmt":"2020-12-24T20:23:38","slug":"el-conductor-de-un-camion-con-un-acoplado-llevando-gasoil-se-despisto-en-la-ruta-76-frente-al-cerro-bahia-blanca","status":"publish","type":"post","link":"https:\/\/www.noticiasradioreflejos.com.ar\/2021\/el-conductor-de-un-camion-con-un-acoplado-llevando-gasoil-se-despisto-en-la-ruta-76-frente-al-cerro-bahia-blanca\/","title":{"rendered":"El conductor de un cami\u00f3n con un acoplado llevando gasoil se despist\u00f3 en la ruta 76 frente al cerro Bah\u00eda Blanca."},"content":{"rendered":"<p>El hecho se produjo a las 16,15 horas de este jueves 24 de diciembre a la altura del km 227<!--more--><br \/>\n<a title=\"WhatsApp Image 2020-12-24 at 16.57.49\" href=\"http:\/\/live.staticflickr.com\/65535\/50755941407_feabb5748f_s.jpg\" rel=\"\"><img loading=\"lazy\" decoding=\"async\" class=\"aligncenter\" title=\"WhatsApp Image 2020-12-24 at 16.57.49\" src=\"http:\/\/live.staticflickr.com\/65535\/50755941407_feabb5748f_c.jpg\" alt=\"WhatsApp Image 2020-12-24 at 16.57.49\" width=\"800\" height=\"600\" \/><\/a><br \/>\nEl chofer de un Cami\u00f3n Fiat 619 dominio VVC 503 llevando enganchado un carro de gasoil, se descompens\u00f3 en el momento que transitaba la ruta 76 a la altura del Km 226 en horas de la tarde de hoy, dentro de la jurisdicci\u00f3n del Parque Provincial Ernesto Tornquist, lo que ocasion\u00f3 que se despistara perdiendo el control del veh\u00edculo cayendo alcantarilla aproximadamente 30 mts de distancia cinta asf\u00e1ltica y terminando en medio de un zanj\u00f3n tapado casi en su totalidad por las retamas que abundan en el sector.<\/p>\n<p><a title=\"WhatsApp Image 2020-12-24 at 17.01.24\" href=\"http:\/\/live.staticflickr.com\/65535\/50755941357_29fe0b6595_s.jpg\" rel=\"\"><img loading=\"lazy\" decoding=\"async\" class=\"aligncenter\" title=\"WhatsApp Image 2020-12-24 at 17.01.24\" src=\"http:\/\/live.staticflickr.com\/65535\/50755941357_29fe0b6595_c.jpg\" alt=\"WhatsApp Image 2020-12-24 at 17.01.24\" width=\"800\" height=\"787\" \/><\/a><\/p>\n<p>La persona afectada es ROMERO OLINDO JAVIER 40 a\u00f1os, domiciliado en la provincia de San Luis.<br \/>\nAcudieron en auxilio del damnificado, Guardaparques, ambulancia del Hospital Municipal y bomberos voluntarios de\u00a0Villa Ventana y Sierra de la Ventana<br \/>\nRomero, que era el \u00fanico tripulante del rodado presenta lesiones car\u00e1cter leves y no corre peligro su vida.<br \/>\nNo hubo otro rodado interviniente en el accidente. Los bomberos lograron retirar el\u00a0 cami\u00f3n y el tanque de combustible.<br \/>\nLa Ruta se encuentra totalmente despejada .-<\/p>\n<p><a title=\"WhatsApp Image 2020-12-24 at 17.01.23\" href=\"http:\/\/live.staticflickr.com\/65535\/50755105483_bb0a0ee670_s.jpg\" rel=\"\"><img loading=\"lazy\" decoding=\"async\" class=\"aligncenter\" title=\"WhatsApp Image 2020-12-24 at 17.01.23\" src=\"http:\/\/live.staticflickr.com\/65535\/50755105483_bb0a0ee670_c.jpg\" alt=\"WhatsApp Image 2020-12-24 at 17.01.23\" width=\"800\" height=\"625\" \/><\/a><\/p>\n<p><a title=\"WhatsApp Image 2020-12-24 at 16.57.49 (2)\" href=\"http:\/\/live.staticflickr.com\/65535\/50755941317_1dc3b09e23_s.jpg\" rel=\"\"><img loading=\"lazy\" decoding=\"async\" class=\"aligncenter\" title=\"WhatsApp Image 2020-12-24 at 16.57.49 (2)\" src=\"http:\/\/live.staticflickr.com\/65535\/50755941317_1dc3b09e23_c.jpg\" alt=\"WhatsApp Image 2020-12-24 at 16.57.49 (2)\" width=\"800\" height=\"600\" \/><\/a><\/p>\n<p><a title=\"WhatsApp Image 2020-12-24 at 16.57.50\" href=\"http:\/\/live.staticflickr.com\/65535\/50755105438_b88aa24f66_s.jpg\" rel=\"\"><img loading=\"lazy\" decoding=\"async\" class=\"aligncenter\" title=\"WhatsApp Image 2020-12-24 at 16.57.50\" src=\"http:\/\/live.staticflickr.com\/65535\/50755105438_b88aa24f66_c.jpg\" alt=\"WhatsApp Image 2020-12-24 at 16.57.50\" width=\"800\" height=\"600\" \/><\/a><\/p>\n","protected":false},"excerpt":{"rendered":"<p>El hecho se produjo a las 16,15 horas de este jueves 24 de diciembre a la altura del km 227<\/p>\n","protected":false},"author":3,"featured_media":0,"comment_status":"closed","ping_status":"open","sticky":false,"template":"","format":"standard","meta":{"footnotes":""},"categories":[29],"tags":[],"class_list":["post-50663","post","type-post","status-publish","format-standard","hentry","category-policiales"],"yoast_head":"<!-- This site is optimized with the Yoast SEO plugin v25.9 - https:\/\/yoast.com\/wordpress\/plugins\/seo\/ -->\n<title>El conductor de un cami\u00f3n con un acoplado llevando gasoil se despist\u00f3 en la ruta 76 frente al cerro Bah\u00eda Blanca. - Noticias Radio Reflejos<\/title>\n<meta name=\"robots\" content=\"index, follow, max-snippet:-1, max-image-preview:large, max-video-preview:-1\" \/>\n<link rel=\"canonical\" href=\"https:\/\/www.noticiasradioreflejos.com.ar\/2021\/el-conductor-de-un-camion-con-un-acoplado-llevando-gasoil-se-despisto-en-la-ruta-76-frente-al-cerro-bahia-blanca\/\" \/>\n<meta property=\"og:locale\" content=\"es_ES\" \/>\n<meta property=\"og:type\" content=\"article\" \/>\n<meta property=\"og:title\" content=\"El conductor de un cami\u00f3n con un acoplado llevando gasoil se despist\u00f3 en la ruta 76 frente al cerro Bah\u00eda Blanca. - Noticias Radio Reflejos\" \/>\n<meta property=\"og:description\" content=\"El hecho se produjo a las 16,15 horas de este jueves 24 de diciembre a la altura del km 227\" \/>\n<meta property=\"og:url\" content=\"https:\/\/www.noticiasradioreflejos.com.ar\/2021\/el-conductor-de-un-camion-con-un-acoplado-llevando-gasoil-se-despisto-en-la-ruta-76-frente-al-cerro-bahia-blanca\/\" \/>\n<meta property=\"og:site_name\" content=\"Noticias Radio Reflejos\" \/>\n<meta property=\"article:published_time\" content=\"2020-12-24T20:23:38+00:00\" \/>\n<meta property=\"og:image\" content=\"http:\/\/live.staticflickr.com\/65535\/50755941407_feabb5748f_c.jpg\" \/>\n<meta name=\"author\" content=\"Arnaldo Botto\" \/>\n<meta name=\"twitter:card\" content=\"summary_large_image\" \/>\n<script type=\"application\/ld+json\" class=\"yoast-schema-graph\">{\"@context\":\"https:\/\/schema.org\",\"@graph\":[{\"@type\":\"WebPage\",\"@id\":\"https:\/\/www.noticiasradioreflejos.com.ar\/2021\/el-conductor-de-un-camion-con-un-acoplado-llevando-gasoil-se-despisto-en-la-ruta-76-frente-al-cerro-bahia-blanca\/\",\"url\":\"https:\/\/www.noticiasradioreflejos.com.ar\/2021\/el-conductor-de-un-camion-con-un-acoplado-llevando-gasoil-se-despisto-en-la-ruta-76-frente-al-cerro-bahia-blanca\/\",\"name\":\"El conductor de un cami\u00f3n con un acoplado llevando gasoil se despist\u00f3 en la ruta 76 frente al cerro Bah\u00eda Blanca. - Noticias Radio Reflejos\",\"isPartOf\":{\"@id\":\"https:\/\/www.noticiasradioreflejos.com.ar\/2021\/#website\"},\"primaryImageOfPage\":{\"@id\":\"https:\/\/www.noticiasradioreflejos.com.ar\/2021\/el-conductor-de-un-camion-con-un-acoplado-llevando-gasoil-se-despisto-en-la-ruta-76-frente-al-cerro-bahia-blanca\/#primaryimage\"},\"image\":{\"@id\":\"https:\/\/www.noticiasradioreflejos.com.ar\/2021\/el-conductor-de-un-camion-con-un-acoplado-llevando-gasoil-se-despisto-en-la-ruta-76-frente-al-cerro-bahia-blanca\/#primaryimage\"},\"thumbnailUrl\":\"http:\/\/live.staticflickr.com\/65535\/50755941407_feabb5748f_c.jpg\",\"datePublished\":\"2020-12-24T20:23:38+00:00\",\"author\":{\"@id\":\"https:\/\/www.noticiasradioreflejos.com.ar\/2021\/#\/schema\/person\/ad82545263dcc5ec0996818884fd5fb1\"},\"breadcrumb\":{\"@id\":\"https:\/\/www.noticiasradioreflejos.com.ar\/2021\/el-conductor-de-un-camion-con-un-acoplado-llevando-gasoil-se-despisto-en-la-ruta-76-frente-al-cerro-bahia-blanca\/#breadcrumb\"},\"inLanguage\":\"es\",\"potentialAction\":[{\"@type\":\"ReadAction\",\"target\":[\"https:\/\/www.noticiasradioreflejos.com.ar\/2021\/el-conductor-de-un-camion-con-un-acoplado-llevando-gasoil-se-despisto-en-la-ruta-76-frente-al-cerro-bahia-blanca\/\"]}]},{\"@type\":\"ImageObject\",\"inLanguage\":\"es\",\"@id\":\"https:\/\/www.noticiasradioreflejos.com.ar\/2021\/el-conductor-de-un-camion-con-un-acoplado-llevando-gasoil-se-despisto-en-la-ruta-76-frente-al-cerro-bahia-blanca\/#primaryimage\",\"url\":\"http:\/\/live.staticflickr.com\/65535\/50755941407_feabb5748f_c.jpg\",\"contentUrl\":\"http:\/\/live.staticflickr.com\/65535\/50755941407_feabb5748f_c.jpg\"},{\"@type\":\"BreadcrumbList\",\"@id\":\"https:\/\/www.noticiasradioreflejos.com.ar\/2021\/el-conductor-de-un-camion-con-un-acoplado-llevando-gasoil-se-despisto-en-la-ruta-76-frente-al-cerro-bahia-blanca\/#breadcrumb\",\"itemListElement\":[{\"@type\":\"ListItem\",\"position\":1,\"name\":\"Portada\",\"item\":\"https:\/\/www.noticiasradioreflejos.com.ar\/2021\/\"},{\"@type\":\"ListItem\",\"position\":2,\"name\":\"El conductor de un cami\u00f3n con un acoplado llevando gasoil se despist\u00f3 en la ruta 76 frente al cerro Bah\u00eda Blanca.\"}]},{\"@type\":\"WebSite\",\"@id\":\"https:\/\/www.noticiasradioreflejos.com.ar\/2021\/#website\",\"url\":\"https:\/\/www.noticiasradioreflejos.com.ar\/2021\/\",\"name\":\"Noticias Radio Reflejos\",\"description\":\"Las noticias de mi comarca\",\"potentialAction\":[{\"@type\":\"SearchAction\",\"target\":{\"@type\":\"EntryPoint\",\"urlTemplate\":\"https:\/\/www.noticiasradioreflejos.com.ar\/2021\/?s={search_term_string}\"},\"query-input\":{\"@type\":\"PropertyValueSpecification\",\"valueRequired\":true,\"valueName\":\"search_term_string\"}}],\"inLanguage\":\"es\"},{\"@type\":\"Person\",\"@id\":\"https:\/\/www.noticiasradioreflejos.com.ar\/2021\/#\/schema\/person\/ad82545263dcc5ec0996818884fd5fb1\",\"name\":\"Arnaldo Botto\",\"image\":{\"@type\":\"ImageObject\",\"inLanguage\":\"es\",\"@id\":\"https:\/\/www.noticiasradioreflejos.com.ar\/2021\/#\/schema\/person\/image\/\",\"url\":\"https:\/\/secure.gravatar.com\/avatar\/55cb5e37c1efa326397366e6974cb338056df65cb50e7d64d1cf314e87504837?s=96&d=mm&r=g\",\"contentUrl\":\"https:\/\/secure.gravatar.com\/avatar\/55cb5e37c1efa326397366e6974cb338056df65cb50e7d64d1cf314e87504837?s=96&d=mm&r=g\",\"caption\":\"Arnaldo Botto\"},\"url\":\"https:\/\/www.noticiasradioreflejos.com.ar\/2021\/author\/arnaldo\/\"}]}<\/script>\n<!-- \/ Yoast SEO plugin. -->","yoast_head_json":{"title":"El conductor de un cami\u00f3n con un acoplado llevando gasoil se despist\u00f3 en la ruta 76 frente al cerro Bah\u00eda Blanca. - Noticias Radio Reflejos","robots":{"index":"index","follow":"follow","max-snippet":"max-snippet:-1","max-image-preview":"max-image-preview:large","max-video-preview":"max-video-preview:-1"},"canonical":"https:\/\/www.noticiasradioreflejos.com.ar\/2021\/el-conductor-de-un-camion-con-un-acoplado-llevando-gasoil-se-despisto-en-la-ruta-76-frente-al-cerro-bahia-blanca\/","og_locale":"es_ES","og_type":"article","og_title":"El conductor de un cami\u00f3n con un acoplado llevando gasoil se despist\u00f3 en la ruta 76 frente al cerro Bah\u00eda Blanca. - Noticias Radio Reflejos","og_description":"El hecho se produjo a las 16,15 horas de este jueves 24 de diciembre a la altura del km 227","og_url":"https:\/\/www.noticiasradioreflejos.com.ar\/2021\/el-conductor-de-un-camion-con-un-acoplado-llevando-gasoil-se-despisto-en-la-ruta-76-frente-al-cerro-bahia-blanca\/","og_site_name":"Noticias Radio Reflejos","article_published_time":"2020-12-24T20:23:38+00:00","og_image":[{"url":"http:\/\/live.staticflickr.com\/65535\/50755941407_feabb5748f_c.jpg","type":"","width":"","height":""}],"author":"Arnaldo Botto","twitter_card":"summary_large_image","schema":{"@context":"https:\/\/schema.org","@graph":[{"@type":"WebPage","@id":"https:\/\/www.noticiasradioreflejos.com.ar\/2021\/el-conductor-de-un-camion-con-un-acoplado-llevando-gasoil-se-despisto-en-la-ruta-76-frente-al-cerro-bahia-blanca\/","url":"https:\/\/www.noticiasradioreflejos.com.ar\/2021\/el-conductor-de-un-camion-con-un-acoplado-llevando-gasoil-se-despisto-en-la-ruta-76-frente-al-cerro-bahia-blanca\/","name":"El conductor de un cami\u00f3n con un acoplado llevando gasoil se despist\u00f3 en la ruta 76 frente al cerro Bah\u00eda Blanca. - Noticias Radio Reflejos","isPartOf":{"@id":"https:\/\/www.noticiasradioreflejos.com.ar\/2021\/#website"},"primaryImageOfPage":{"@id":"https:\/\/www.noticiasradioreflejos.com.ar\/2021\/el-conductor-de-un-camion-con-un-acoplado-llevando-gasoil-se-despisto-en-la-ruta-76-frente-al-cerro-bahia-blanca\/#primaryimage"},"image":{"@id":"https:\/\/www.noticiasradioreflejos.com.ar\/2021\/el-conductor-de-un-camion-con-un-acoplado-llevando-gasoil-se-despisto-en-la-ruta-76-frente-al-cerro-bahia-blanca\/#primaryimage"},"thumbnailUrl":"http:\/\/live.staticflickr.com\/65535\/50755941407_feabb5748f_c.jpg","datePublished":"2020-12-24T20:23:38+00:00","author":{"@id":"https:\/\/www.noticiasradioreflejos.com.ar\/2021\/#\/schema\/person\/ad82545263dcc5ec0996818884fd5fb1"},"breadcrumb":{"@id":"https:\/\/www.noticiasradioreflejos.com.ar\/2021\/el-conductor-de-un-camion-con-un-acoplado-llevando-gasoil-se-despisto-en-la-ruta-76-frente-al-cerro-bahia-blanca\/#breadcrumb"},"inLanguage":"es","potentialAction":[{"@type":"ReadAction","target":["https:\/\/www.noticiasradioreflejos.com.ar\/2021\/el-conductor-de-un-camion-con-un-acoplado-llevando-gasoil-se-despisto-en-la-ruta-76-frente-al-cerro-bahia-blanca\/"]}]},{"@type":"ImageObject","inLanguage":"es","@id":"https:\/\/www.noticiasradioreflejos.com.ar\/2021\/el-conductor-de-un-camion-con-un-acoplado-llevando-gasoil-se-despisto-en-la-ruta-76-frente-al-cerro-bahia-blanca\/#primaryimage","url":"http:\/\/live.staticflickr.com\/65535\/50755941407_feabb5748f_c.jpg","contentUrl":"http:\/\/live.staticflickr.com\/65535\/50755941407_feabb5748f_c.jpg"},{"@type":"BreadcrumbList","@id":"https:\/\/www.noticiasradioreflejos.com.ar\/2021\/el-conductor-de-un-camion-con-un-acoplado-llevando-gasoil-se-despisto-en-la-ruta-76-frente-al-cerro-bahia-blanca\/#breadcrumb","itemListElement":[{"@type":"ListItem","position":1,"name":"Portada","item":"https:\/\/www.noticiasradioreflejos.com.ar\/2021\/"},{"@type":"ListItem","position":2,"name":"El conductor de un cami\u00f3n con un acoplado llevando gasoil se despist\u00f3 en la ruta 76 frente al cerro Bah\u00eda Blanca."}]},{"@type":"WebSite","@id":"https:\/\/www.noticiasradioreflejos.com.ar\/2021\/#website","url":"https:\/\/www.noticiasradioreflejos.com.ar\/2021\/","name":"Noticias Radio Reflejos","description":"Las noticias de mi comarca","potentialAction":[{"@type":"SearchAction","target":{"@type":"EntryPoint","urlTemplate":"https:\/\/www.noticiasradioreflejos.com.ar\/2021\/?s={search_term_string}"},"query-input":{"@type":"PropertyValueSpecification","valueRequired":true,"valueName":"search_term_string"}}],"inLanguage":"es"},{"@type":"Person","@id":"https:\/\/www.noticiasradioreflejos.com.ar\/2021\/#\/schema\/person\/ad82545263dcc5ec0996818884fd5fb1","name":"Arnaldo Botto","image":{"@type":"ImageObject","inLanguage":"es","@id":"https:\/\/www.noticiasradioreflejos.com.ar\/2021\/#\/schema\/person\/image\/","url":"https:\/\/secure.gravatar.com\/avatar\/55cb5e37c1efa326397366e6974cb338056df65cb50e7d64d1cf314e87504837?s=96&d=mm&r=g","contentUrl":"https:\/\/secure.gravatar.com\/avatar\/55cb5e37c1efa326397366e6974cb338056df65cb50e7d64d1cf314e87504837?s=96&d=mm&r=g","caption":"Arnaldo Botto"},"url":"https:\/\/www.noticiasradioreflejos.com.ar\/2021\/author\/arnaldo\/"}]}},"_links":{"self":[{"href":"https:\/\/www.noticiasradioreflejos.com.ar\/2021\/wp-json\/wp\/v2\/posts\/50663","targetHints":{"allow":["GET"]}}],"collection":[{"href":"https:\/\/www.noticiasradioreflejos.com.ar\/2021\/wp-json\/wp\/v2\/posts"}],"about":[{"href":"https:\/\/www.noticiasradioreflejos.com.ar\/2021\/wp-json\/wp\/v2\/types\/post"}],"author":[{"embeddable":true,"href":"https:\/\/www.noticiasradioreflejos.com.ar\/2021\/wp-json\/wp\/v2\/users\/3"}],"replies":[{"embeddable":true,"href":"https:\/\/www.noticiasradioreflejos.com.ar\/2021\/wp-json\/wp\/v2\/comments?post=50663"}],"version-history":[{"count":0,"href":"https:\/\/www.noticiasradioreflejos.com.ar\/2021\/wp-json\/wp\/v2\/posts\/50663\/revisions"}],"wp:attachment":[{"href":"https:\/\/www.noticiasradioreflejos.com.ar\/2021\/wp-json\/wp\/v2\/media?parent=50663"}],"wp:term":[{"taxonomy":"category","embeddable":true,"href":"https:\/\/www.noticiasradioreflejos.com.ar\/2021\/wp-json\/wp\/v2\/categories?post=50663"},{"taxonomy":"post_tag","embeddable":true,"href":"https:\/\/www.noticiasradioreflejos.com.ar\/2021\/wp-json\/wp\/v2\/tags?post=50663"}],"curies":[{"name":"wp","href":"https:\/\/api.w.org\/{rel}","templated":true}]}}