{"id":50654,"date":"2020-12-24T10:35:59","date_gmt":"2020-12-24T13:35:59","guid":{"rendered":"http:\/\/www.noticiasradioreflejos.com.ar\/noticias\/?p=50654"},"modified":"2020-12-24T10:35:59","modified_gmt":"2020-12-24T13:35:59","slug":"gobierno-postergo-hasta-2022-la-obligacion-de-contar-con-medidores-inteligentes","status":"publish","type":"post","link":"https:\/\/www.noticiasradioreflejos.com.ar\/2021\/gobierno-postergo-hasta-2022-la-obligacion-de-contar-con-medidores-inteligentes\/","title":{"rendered":"Gobierno posterg\u00f3 hasta 2022 la obligaci\u00f3n de contar con medidores inteligentes"},"content":{"rendered":"<p>El Gobierno posterg\u00f3 hasta 2022 la obligaci\u00f3n para las empresas distribuidoras de energ\u00eda el\u00e9ctrica de colocar medidores inteligentes en hogares, empresas y comercios, a trav\u00e9s de la resoluci\u00f3n 728\/2020, de la Secretar\u00eda de Comercio Interior, publicada hoy en el Bolet\u00edn Oficial.<!--more--><br \/>\nLa misma sustituy\u00f3 el Art\u00edculo 2 de la resoluci\u00f3n 247\/2019, y estableci\u00f3 que \u201clos medidores de energ\u00eda el\u00e9ctrica que se fabriquen, comercialicen e importen, deber\u00e1n cumplir con el Reglamento T\u00e9cnico y Metrol\u00f3gico, a partir del d\u00eda 31 de diciembre de 2021\u201d.<\/p>\n<p>En mayo de 2019 se dict\u00f3 la resoluci\u00f3n 247, mediante la cual, entre otras cuestiones, se aprob\u00f3 el Reglamento T\u00e9cnico y Metrol\u00f3gico para los Medidores de Energ\u00eda El\u00e9ctrica en Corriente Alterna.<\/p>\n<p>En mayo de este a\u00f1o, la resoluci\u00f3n138 de Comercio Interior prorrog\u00f3 la entrada en vigencia de dicho reglamento hasta el d\u00eda 31 de diciembre de 2020.<\/p>\n<p>En la nueva normativa, la Secretar\u00eda destac\u00f3 que \u201cactualmente, el Estado contin\u00faa promoviendo diferentes planes para lograr una matriz energ\u00e9tica nacional sostenible, a cuyo efecto se encuentra impulsando la producci\u00f3n energ\u00e9tica a partir de fuentes renovables, la mejora de la eficiencia en la utilizaci\u00f3n de la energ\u00eda, la correcta medici\u00f3n del consumo y la equidad social\u201d.<\/p>\n<p>As\u00ed se\u00f1al\u00f3 que \u201ccon el objetivo de acompa\u00f1ar la pol\u00edtica energ\u00e9tica actual, el uso de medidores de electricidad inteligentes se torna indispensable a los efectos de promover la eficiencia energ\u00e9tica, as\u00ed como la sostenibilidad y la movilidad el\u00e9ctrica\u201d.<\/p>\n<p>Tambi\u00e9n remarc\u00f3 que los medidores inteligentes son fundamentales para \u201cpermitir la aplicaci\u00f3n de tarifas flexibles y personalizadas, aportar grandes beneficios a los usuarios, mejorar la calidad del servicio y generar datos en tiempo real que beneficiar\u00e1n a la planificaci\u00f3n, la operaci\u00f3n y el mantenimiento de la red el\u00e9ctrica\u201d.<\/p>\n<p>Sin embargo, puntualiz\u00f3 que \u201cel Instituto Nacional de Tecnolog\u00eda Industrial (INTI) solicit\u00f3 evaluar una pr\u00f3rroga de la entrada en vigencia del Reglamento con un plazo de 365 d\u00edas\u201d.<\/p>\n<p>Al respecto, la Direcci\u00f3n de Inspecciones de la Subsecretar\u00eda de Acciones para la Defensa de las y los Consumidores, consider\u00f3 que se deb\u00eda aceptar la solicitud del INTI.<\/p>\n","protected":false},"excerpt":{"rendered":"<p>El Gobierno posterg\u00f3 hasta 2022 la obligaci\u00f3n para las empresas distribuidoras de energ\u00eda el\u00e9ctrica de colocar medidores inteligentes en hogares, empresas y comercios, a trav\u00e9s de la resoluci\u00f3n 728\/2020, de la Secretar\u00eda de Comercio Interior, publicada hoy en el Bolet\u00edn Oficial.<\/p>\n","protected":false},"author":3,"featured_media":50655,"comment_status":"closed","ping_status":"open","sticky":false,"template":"","format":"standard","meta":{"footnotes":""},"categories":[25],"tags":[],"class_list":["post-50654","post","type-post","status-publish","format-standard","has-post-thumbnail","hentry","category-uncategorized"],"yoast_head":"<!-- This site is optimized with the Yoast SEO plugin v25.9 - https:\/\/yoast.com\/wordpress\/plugins\/seo\/ -->\n<title>Gobierno posterg\u00f3 hasta 2022 la obligaci\u00f3n de contar con medidores inteligentes - Noticias Radio Reflejos<\/title>\n<meta name=\"robots\" content=\"index, follow, max-snippet:-1, max-image-preview:large, max-video-preview:-1\" \/>\n<link rel=\"canonical\" href=\"https:\/\/www.noticiasradioreflejos.com.ar\/2021\/gobierno-postergo-hasta-2022-la-obligacion-de-contar-con-medidores-inteligentes\/\" \/>\n<meta property=\"og:locale\" content=\"es_ES\" \/>\n<meta property=\"og:type\" content=\"article\" \/>\n<meta property=\"og:title\" content=\"Gobierno posterg\u00f3 hasta 2022 la obligaci\u00f3n de contar con medidores inteligentes - Noticias Radio Reflejos\" \/>\n<meta property=\"og:description\" content=\"El Gobierno posterg\u00f3 hasta 2022 la obligaci\u00f3n para las empresas distribuidoras de energ\u00eda el\u00e9ctrica de colocar medidores inteligentes en hogares, empresas y comercios, a trav\u00e9s de la resoluci\u00f3n 728\/2020, de la Secretar\u00eda de Comercio Interior, publicada hoy en el Bolet\u00edn Oficial.\" \/>\n<meta property=\"og:url\" content=\"https:\/\/www.noticiasradioreflejos.com.ar\/2021\/gobierno-postergo-hasta-2022-la-obligacion-de-contar-con-medidores-inteligentes\/\" \/>\n<meta property=\"og:site_name\" content=\"Noticias Radio Reflejos\" \/>\n<meta property=\"article:published_time\" content=\"2020-12-24T13:35:59+00:00\" \/>\n<meta property=\"og:image\" content=\"https:\/\/www.noticiasradioreflejos.com.ar\/2021\/wp-content\/uploads\/2021\/07\/logosol300x200.png\" \/>\n\t<meta property=\"og:image:width\" content=\"300\" \/>\n\t<meta property=\"og:image:height\" content=\"200\" \/>\n\t<meta property=\"og:image:type\" content=\"image\/png\" \/>\n<meta name=\"author\" content=\"Arnaldo Botto\" \/>\n<meta name=\"twitter:card\" content=\"summary_large_image\" \/>\n<script type=\"application\/ld+json\" class=\"yoast-schema-graph\">{\"@context\":\"https:\/\/schema.org\",\"@graph\":[{\"@type\":\"WebPage\",\"@id\":\"https:\/\/www.noticiasradioreflejos.com.ar\/2021\/gobierno-postergo-hasta-2022-la-obligacion-de-contar-con-medidores-inteligentes\/\",\"url\":\"https:\/\/www.noticiasradioreflejos.com.ar\/2021\/gobierno-postergo-hasta-2022-la-obligacion-de-contar-con-medidores-inteligentes\/\",\"name\":\"Gobierno posterg\u00f3 hasta 2022 la obligaci\u00f3n de contar con medidores inteligentes - Noticias Radio Reflejos\",\"isPartOf\":{\"@id\":\"https:\/\/www.noticiasradioreflejos.com.ar\/2021\/#website\"},\"primaryImageOfPage\":{\"@id\":\"https:\/\/www.noticiasradioreflejos.com.ar\/2021\/gobierno-postergo-hasta-2022-la-obligacion-de-contar-con-medidores-inteligentes\/#primaryimage\"},\"image\":{\"@id\":\"https:\/\/www.noticiasradioreflejos.com.ar\/2021\/gobierno-postergo-hasta-2022-la-obligacion-de-contar-con-medidores-inteligentes\/#primaryimage\"},\"thumbnailUrl\":\"\",\"datePublished\":\"2020-12-24T13:35:59+00:00\",\"author\":{\"@id\":\"https:\/\/www.noticiasradioreflejos.com.ar\/2021\/#\/schema\/person\/ad82545263dcc5ec0996818884fd5fb1\"},\"breadcrumb\":{\"@id\":\"https:\/\/www.noticiasradioreflejos.com.ar\/2021\/gobierno-postergo-hasta-2022-la-obligacion-de-contar-con-medidores-inteligentes\/#breadcrumb\"},\"inLanguage\":\"es\",\"potentialAction\":[{\"@type\":\"ReadAction\",\"target\":[\"https:\/\/www.noticiasradioreflejos.com.ar\/2021\/gobierno-postergo-hasta-2022-la-obligacion-de-contar-con-medidores-inteligentes\/\"]}]},{\"@type\":\"ImageObject\",\"inLanguage\":\"es\",\"@id\":\"https:\/\/www.noticiasradioreflejos.com.ar\/2021\/gobierno-postergo-hasta-2022-la-obligacion-de-contar-con-medidores-inteligentes\/#primaryimage\",\"url\":\"\",\"contentUrl\":\"\"},{\"@type\":\"BreadcrumbList\",\"@id\":\"https:\/\/www.noticiasradioreflejos.com.ar\/2021\/gobierno-postergo-hasta-2022-la-obligacion-de-contar-con-medidores-inteligentes\/#breadcrumb\",\"itemListElement\":[{\"@type\":\"ListItem\",\"position\":1,\"name\":\"Portada\",\"item\":\"https:\/\/www.noticiasradioreflejos.com.ar\/2021\/\"},{\"@type\":\"ListItem\",\"position\":2,\"name\":\"Gobierno posterg\u00f3 hasta 2022 la obligaci\u00f3n de contar con medidores inteligentes\"}]},{\"@type\":\"WebSite\",\"@id\":\"https:\/\/www.noticiasradioreflejos.com.ar\/2021\/#website\",\"url\":\"https:\/\/www.noticiasradioreflejos.com.ar\/2021\/\",\"name\":\"Noticias Radio Reflejos\",\"description\":\"Las noticias de mi comarca\",\"potentialAction\":[{\"@type\":\"SearchAction\",\"target\":{\"@type\":\"EntryPoint\",\"urlTemplate\":\"https:\/\/www.noticiasradioreflejos.com.ar\/2021\/?s={search_term_string}\"},\"query-input\":{\"@type\":\"PropertyValueSpecification\",\"valueRequired\":true,\"valueName\":\"search_term_string\"}}],\"inLanguage\":\"es\"},{\"@type\":\"Person\",\"@id\":\"https:\/\/www.noticiasradioreflejos.com.ar\/2021\/#\/schema\/person\/ad82545263dcc5ec0996818884fd5fb1\",\"name\":\"Arnaldo Botto\",\"image\":{\"@type\":\"ImageObject\",\"inLanguage\":\"es\",\"@id\":\"https:\/\/www.noticiasradioreflejos.com.ar\/2021\/#\/schema\/person\/image\/\",\"url\":\"https:\/\/secure.gravatar.com\/avatar\/55cb5e37c1efa326397366e6974cb338056df65cb50e7d64d1cf314e87504837?s=96&d=mm&r=g\",\"contentUrl\":\"https:\/\/secure.gravatar.com\/avatar\/55cb5e37c1efa326397366e6974cb338056df65cb50e7d64d1cf314e87504837?s=96&d=mm&r=g\",\"caption\":\"Arnaldo Botto\"},\"url\":\"https:\/\/www.noticiasradioreflejos.com.ar\/2021\/author\/arnaldo\/\"}]}<\/script>\n<!-- \/ Yoast SEO plugin. -->","yoast_head_json":{"title":"Gobierno posterg\u00f3 hasta 2022 la obligaci\u00f3n de contar con medidores inteligentes - Noticias Radio Reflejos","robots":{"index":"index","follow":"follow","max-snippet":"max-snippet:-1","max-image-preview":"max-image-preview:large","max-video-preview":"max-video-preview:-1"},"canonical":"https:\/\/www.noticiasradioreflejos.com.ar\/2021\/gobierno-postergo-hasta-2022-la-obligacion-de-contar-con-medidores-inteligentes\/","og_locale":"es_ES","og_type":"article","og_title":"Gobierno posterg\u00f3 hasta 2022 la obligaci\u00f3n de contar con medidores inteligentes - Noticias Radio Reflejos","og_description":"El Gobierno posterg\u00f3 hasta 2022 la obligaci\u00f3n para las empresas distribuidoras de energ\u00eda el\u00e9ctrica de colocar medidores inteligentes en hogares, empresas y comercios, a trav\u00e9s de la resoluci\u00f3n 728\/2020, de la Secretar\u00eda de Comercio Interior, publicada hoy en el Bolet\u00edn Oficial.","og_url":"https:\/\/www.noticiasradioreflejos.com.ar\/2021\/gobierno-postergo-hasta-2022-la-obligacion-de-contar-con-medidores-inteligentes\/","og_site_name":"Noticias Radio Reflejos","article_published_time":"2020-12-24T13:35:59+00:00","og_image":[{"width":300,"height":200,"url":"https:\/\/www.noticiasradioreflejos.com.ar\/2021\/wp-content\/uploads\/2021\/07\/logosol300x200.png","type":"image\/png"}],"author":"Arnaldo Botto","twitter_card":"summary_large_image","schema":{"@context":"https:\/\/schema.org","@graph":[{"@type":"WebPage","@id":"https:\/\/www.noticiasradioreflejos.com.ar\/2021\/gobierno-postergo-hasta-2022-la-obligacion-de-contar-con-medidores-inteligentes\/","url":"https:\/\/www.noticiasradioreflejos.com.ar\/2021\/gobierno-postergo-hasta-2022-la-obligacion-de-contar-con-medidores-inteligentes\/","name":"Gobierno posterg\u00f3 hasta 2022 la obligaci\u00f3n de contar con medidores inteligentes - Noticias Radio Reflejos","isPartOf":{"@id":"https:\/\/www.noticiasradioreflejos.com.ar\/2021\/#website"},"primaryImageOfPage":{"@id":"https:\/\/www.noticiasradioreflejos.com.ar\/2021\/gobierno-postergo-hasta-2022-la-obligacion-de-contar-con-medidores-inteligentes\/#primaryimage"},"image":{"@id":"https:\/\/www.noticiasradioreflejos.com.ar\/2021\/gobierno-postergo-hasta-2022-la-obligacion-de-contar-con-medidores-inteligentes\/#primaryimage"},"thumbnailUrl":"","datePublished":"2020-12-24T13:35:59+00:00","author":{"@id":"https:\/\/www.noticiasradioreflejos.com.ar\/2021\/#\/schema\/person\/ad82545263dcc5ec0996818884fd5fb1"},"breadcrumb":{"@id":"https:\/\/www.noticiasradioreflejos.com.ar\/2021\/gobierno-postergo-hasta-2022-la-obligacion-de-contar-con-medidores-inteligentes\/#breadcrumb"},"inLanguage":"es","potentialAction":[{"@type":"ReadAction","target":["https:\/\/www.noticiasradioreflejos.com.ar\/2021\/gobierno-postergo-hasta-2022-la-obligacion-de-contar-con-medidores-inteligentes\/"]}]},{"@type":"ImageObject","inLanguage":"es","@id":"https:\/\/www.noticiasradioreflejos.com.ar\/2021\/gobierno-postergo-hasta-2022-la-obligacion-de-contar-con-medidores-inteligentes\/#primaryimage","url":"","contentUrl":""},{"@type":"BreadcrumbList","@id":"https:\/\/www.noticiasradioreflejos.com.ar\/2021\/gobierno-postergo-hasta-2022-la-obligacion-de-contar-con-medidores-inteligentes\/#breadcrumb","itemListElement":[{"@type":"ListItem","position":1,"name":"Portada","item":"https:\/\/www.noticiasradioreflejos.com.ar\/2021\/"},{"@type":"ListItem","position":2,"name":"Gobierno posterg\u00f3 hasta 2022 la obligaci\u00f3n de contar con medidores inteligentes"}]},{"@type":"WebSite","@id":"https:\/\/www.noticiasradioreflejos.com.ar\/2021\/#website","url":"https:\/\/www.noticiasradioreflejos.com.ar\/2021\/","name":"Noticias Radio Reflejos","description":"Las noticias de mi comarca","potentialAction":[{"@type":"SearchAction","target":{"@type":"EntryPoint","urlTemplate":"https:\/\/www.noticiasradioreflejos.com.ar\/2021\/?s={search_term_string}"},"query-input":{"@type":"PropertyValueSpecification","valueRequired":true,"valueName":"search_term_string"}}],"inLanguage":"es"},{"@type":"Person","@id":"https:\/\/www.noticiasradioreflejos.com.ar\/2021\/#\/schema\/person\/ad82545263dcc5ec0996818884fd5fb1","name":"Arnaldo Botto","image":{"@type":"ImageObject","inLanguage":"es","@id":"https:\/\/www.noticiasradioreflejos.com.ar\/2021\/#\/schema\/person\/image\/","url":"https:\/\/secure.gravatar.com\/avatar\/55cb5e37c1efa326397366e6974cb338056df65cb50e7d64d1cf314e87504837?s=96&d=mm&r=g","contentUrl":"https:\/\/secure.gravatar.com\/avatar\/55cb5e37c1efa326397366e6974cb338056df65cb50e7d64d1cf314e87504837?s=96&d=mm&r=g","caption":"Arnaldo Botto"},"url":"https:\/\/www.noticiasradioreflejos.com.ar\/2021\/author\/arnaldo\/"}]}},"_links":{"self":[{"href":"https:\/\/www.noticiasradioreflejos.com.ar\/2021\/wp-json\/wp\/v2\/posts\/50654","targetHints":{"allow":["GET"]}}],"collection":[{"href":"https:\/\/www.noticiasradioreflejos.com.ar\/2021\/wp-json\/wp\/v2\/posts"}],"about":[{"href":"https:\/\/www.noticiasradioreflejos.com.ar\/2021\/wp-json\/wp\/v2\/types\/post"}],"author":[{"embeddable":true,"href":"https:\/\/www.noticiasradioreflejos.com.ar\/2021\/wp-json\/wp\/v2\/users\/3"}],"replies":[{"embeddable":true,"href":"https:\/\/www.noticiasradioreflejos.com.ar\/2021\/wp-json\/wp\/v2\/comments?post=50654"}],"version-history":[{"count":0,"href":"https:\/\/www.noticiasradioreflejos.com.ar\/2021\/wp-json\/wp\/v2\/posts\/50654\/revisions"}],"wp:featuredmedia":[{"embeddable":true,"href":"https:\/\/www.noticiasradioreflejos.com.ar\/2021\/wp-json\/"}],"wp:attachment":[{"href":"https:\/\/www.noticiasradioreflejos.com.ar\/2021\/wp-json\/wp\/v2\/media?parent=50654"}],"wp:term":[{"taxonomy":"category","embeddable":true,"href":"https:\/\/www.noticiasradioreflejos.com.ar\/2021\/wp-json\/wp\/v2\/categories?post=50654"},{"taxonomy":"post_tag","embeddable":true,"href":"https:\/\/www.noticiasradioreflejos.com.ar\/2021\/wp-json\/wp\/v2\/tags?post=50654"}],"curies":[{"name":"wp","href":"https:\/\/api.w.org\/{rel}","templated":true}]}}