{"id":50648,"date":"2020-12-24T08:42:02","date_gmt":"2020-12-24T11:42:02","guid":{"rendered":"http:\/\/www.noticiasradioreflejos.com.ar\/noticias\/?p=50648"},"modified":"2020-12-24T08:42:02","modified_gmt":"2020-12-24T11:42:02","slug":"promulgan-la-ley-de-manejo-del-fuego","status":"publish","type":"post","link":"https:\/\/www.noticiasradioreflejos.com.ar\/2021\/promulgan-la-ley-de-manejo-del-fuego\/","title":{"rendered":"Promulgan la ley de Manejo del Fuego"},"content":{"rendered":"<p>El Gobierno nacional promulg\u00f3 hoy la Ley de Manejo del Fuego que protege los ecosistemas de los incendios accidentales o intencionales y proh\u00edbe la venta de terrenos incendiados en plazos de entre 30 y 60 a\u00f1os para evitar pr\u00e1cticas especulativas y emprendimientos inmobiliarios.<!--more--><br \/>\nLa norma fue promulgada a trav\u00e9s del Decreto 1038\/2020 publicado hoy en el Bolet\u00edn Oficial, con la firma del presidente Alberto Fern\u00e1ndez; del jefe de Gabinete, Santiago Cafiero; y del ministro de Ambiente y Desarrollo, Juan Cabandi\u00e9.<\/p>\n<p>La Ley 27.604 fue sancionada el 4 de diciembre pasado y modifica el art\u00edculo 22 bis de la Ley 26.815, vinculado al manejo del fuego.<\/p>\n<p>De esta forma, se especifica que \u00aben caso de incendios, sean estos provocados o accidentales, que quemen vegetaci\u00f3n viva o muerta, en bosques nativos o implantados, as\u00ed como en \u00e1reas naturales protegidas debidamente reconocidas y humedales, a fin de garantizar las condiciones para la restauraci\u00f3n de las superficies incendiadas, se proh\u00edbe por el t\u00e9rmino de sesenta (60) a\u00f1os desde su extinci\u00f3n\u00bb determinadas acciones.<\/p>\n<p>Entre esas acciones que se proh\u00edben se encuentran: \u00abRealizar modificaciones en el uso y destino que dichas superficies pose\u00edan con anterioridad al incendio\u00bb, as\u00ed como \u00abla divisi\u00f3n o subdivisi\u00f3n, excepto que resulte de una partici\u00f3n hereditaria; el loteo, fraccionamiento o parcelamiento, sea parcial o total, o cualquier emprendimiento inmobiliario, distinto al arrendamiento y venta, de tierras particulares\u00bb.<\/p>\n<p>Tampoco se podr\u00e1 proceder a \u00abla venta, concesi\u00f3n, divisi\u00f3n, subdivisi\u00f3n, loteo, fraccionamiento o parcelamiento, total o parcial, o cualquier otro emprendimiento inmobiliario, distinto al arrendamiento, de tierras fiscales\u00bb; ni realizar \u00abcualquier actividad agropecuaria que sea distinta al uso y destino que la superficie tuviera al momento del incendio\u00bb.<\/p>\n<p>Adem\u00e1s se incorpora -entre otras modificaciones- el art\u00edculo 22 qu\u00e1ter a la ley 26.815, de Manejo del Fuego que establece que \u00abla prohibici\u00f3n establecida en el art\u00edculo 22 bis, ser\u00e1 extendida si as\u00ed lo indicase el Ordenamiento Territorial de los Bosques Nativos de la jurisdicci\u00f3n correspondiente\u00bb.<\/p>\n","protected":false},"excerpt":{"rendered":"<p>El Gobierno nacional promulg\u00f3 hoy la Ley de Manejo del Fuego que protege los ecosistemas de los incendios accidentales o intencionales y proh\u00edbe la venta de terrenos incendiados en plazos de entre 30 y 60 a\u00f1os para evitar pr\u00e1cticas especulativas y emprendimientos inmobiliarios.<\/p>\n","protected":false},"author":3,"featured_media":0,"comment_status":"closed","ping_status":"open","sticky":false,"template":"","format":"standard","meta":{"footnotes":""},"categories":[24],"tags":[],"class_list":["post-50648","post","type-post","status-publish","format-standard","hentry","category-politica"],"yoast_head":"<!-- This site is optimized with the Yoast SEO plugin v25.9 - https:\/\/yoast.com\/wordpress\/plugins\/seo\/ -->\n<title>Promulgan la ley de Manejo del Fuego - Noticias Radio Reflejos<\/title>\n<meta name=\"robots\" content=\"index, follow, max-snippet:-1, max-image-preview:large, max-video-preview:-1\" \/>\n<link rel=\"canonical\" href=\"https:\/\/www.noticiasradioreflejos.com.ar\/2021\/promulgan-la-ley-de-manejo-del-fuego\/\" \/>\n<meta property=\"og:locale\" content=\"es_ES\" \/>\n<meta property=\"og:type\" content=\"article\" \/>\n<meta property=\"og:title\" content=\"Promulgan la ley de Manejo del Fuego - Noticias Radio Reflejos\" \/>\n<meta property=\"og:description\" content=\"El Gobierno nacional promulg\u00f3 hoy la Ley de Manejo del Fuego que protege los ecosistemas de los incendios accidentales o intencionales y proh\u00edbe la venta de terrenos incendiados en plazos de entre 30 y 60 a\u00f1os para evitar pr\u00e1cticas especulativas y emprendimientos inmobiliarios.\" \/>\n<meta property=\"og:url\" content=\"https:\/\/www.noticiasradioreflejos.com.ar\/2021\/promulgan-la-ley-de-manejo-del-fuego\/\" \/>\n<meta property=\"og:site_name\" content=\"Noticias Radio Reflejos\" \/>\n<meta property=\"article:published_time\" content=\"2020-12-24T11:42:02+00:00\" \/>\n<meta property=\"og:image\" content=\"https:\/\/www.noticiasradioreflejos.com.ar\/2021\/wp-content\/uploads\/2021\/07\/logosol300x200.png\" \/>\n\t<meta property=\"og:image:width\" content=\"300\" \/>\n\t<meta property=\"og:image:height\" content=\"200\" \/>\n\t<meta property=\"og:image:type\" content=\"image\/png\" \/>\n<meta name=\"author\" content=\"Arnaldo Botto\" \/>\n<meta name=\"twitter:card\" content=\"summary_large_image\" \/>\n<script type=\"application\/ld+json\" class=\"yoast-schema-graph\">{\"@context\":\"https:\/\/schema.org\",\"@graph\":[{\"@type\":\"WebPage\",\"@id\":\"https:\/\/www.noticiasradioreflejos.com.ar\/2021\/promulgan-la-ley-de-manejo-del-fuego\/\",\"url\":\"https:\/\/www.noticiasradioreflejos.com.ar\/2021\/promulgan-la-ley-de-manejo-del-fuego\/\",\"name\":\"Promulgan la ley de Manejo del Fuego - Noticias Radio Reflejos\",\"isPartOf\":{\"@id\":\"https:\/\/www.noticiasradioreflejos.com.ar\/2021\/#website\"},\"datePublished\":\"2020-12-24T11:42:02+00:00\",\"author\":{\"@id\":\"https:\/\/www.noticiasradioreflejos.com.ar\/2021\/#\/schema\/person\/ad82545263dcc5ec0996818884fd5fb1\"},\"breadcrumb\":{\"@id\":\"https:\/\/www.noticiasradioreflejos.com.ar\/2021\/promulgan-la-ley-de-manejo-del-fuego\/#breadcrumb\"},\"inLanguage\":\"es\",\"potentialAction\":[{\"@type\":\"ReadAction\",\"target\":[\"https:\/\/www.noticiasradioreflejos.com.ar\/2021\/promulgan-la-ley-de-manejo-del-fuego\/\"]}]},{\"@type\":\"BreadcrumbList\",\"@id\":\"https:\/\/www.noticiasradioreflejos.com.ar\/2021\/promulgan-la-ley-de-manejo-del-fuego\/#breadcrumb\",\"itemListElement\":[{\"@type\":\"ListItem\",\"position\":1,\"name\":\"Portada\",\"item\":\"https:\/\/www.noticiasradioreflejos.com.ar\/2021\/\"},{\"@type\":\"ListItem\",\"position\":2,\"name\":\"Promulgan la ley de Manejo del Fuego\"}]},{\"@type\":\"WebSite\",\"@id\":\"https:\/\/www.noticiasradioreflejos.com.ar\/2021\/#website\",\"url\":\"https:\/\/www.noticiasradioreflejos.com.ar\/2021\/\",\"name\":\"Noticias Radio Reflejos\",\"description\":\"Las noticias de mi comarca\",\"potentialAction\":[{\"@type\":\"SearchAction\",\"target\":{\"@type\":\"EntryPoint\",\"urlTemplate\":\"https:\/\/www.noticiasradioreflejos.com.ar\/2021\/?s={search_term_string}\"},\"query-input\":{\"@type\":\"PropertyValueSpecification\",\"valueRequired\":true,\"valueName\":\"search_term_string\"}}],\"inLanguage\":\"es\"},{\"@type\":\"Person\",\"@id\":\"https:\/\/www.noticiasradioreflejos.com.ar\/2021\/#\/schema\/person\/ad82545263dcc5ec0996818884fd5fb1\",\"name\":\"Arnaldo Botto\",\"image\":{\"@type\":\"ImageObject\",\"inLanguage\":\"es\",\"@id\":\"https:\/\/www.noticiasradioreflejos.com.ar\/2021\/#\/schema\/person\/image\/\",\"url\":\"https:\/\/secure.gravatar.com\/avatar\/55cb5e37c1efa326397366e6974cb338056df65cb50e7d64d1cf314e87504837?s=96&d=mm&r=g\",\"contentUrl\":\"https:\/\/secure.gravatar.com\/avatar\/55cb5e37c1efa326397366e6974cb338056df65cb50e7d64d1cf314e87504837?s=96&d=mm&r=g\",\"caption\":\"Arnaldo Botto\"},\"url\":\"https:\/\/www.noticiasradioreflejos.com.ar\/2021\/author\/arnaldo\/\"}]}<\/script>\n<!-- \/ Yoast SEO plugin. -->","yoast_head_json":{"title":"Promulgan la ley de Manejo del Fuego - Noticias Radio Reflejos","robots":{"index":"index","follow":"follow","max-snippet":"max-snippet:-1","max-image-preview":"max-image-preview:large","max-video-preview":"max-video-preview:-1"},"canonical":"https:\/\/www.noticiasradioreflejos.com.ar\/2021\/promulgan-la-ley-de-manejo-del-fuego\/","og_locale":"es_ES","og_type":"article","og_title":"Promulgan la ley de Manejo del Fuego - Noticias Radio Reflejos","og_description":"El Gobierno nacional promulg\u00f3 hoy la Ley de Manejo del Fuego que protege los ecosistemas de los incendios accidentales o intencionales y proh\u00edbe la venta de terrenos incendiados en plazos de entre 30 y 60 a\u00f1os para evitar pr\u00e1cticas especulativas y emprendimientos inmobiliarios.","og_url":"https:\/\/www.noticiasradioreflejos.com.ar\/2021\/promulgan-la-ley-de-manejo-del-fuego\/","og_site_name":"Noticias Radio Reflejos","article_published_time":"2020-12-24T11:42:02+00:00","og_image":[{"width":300,"height":200,"url":"https:\/\/www.noticiasradioreflejos.com.ar\/2021\/wp-content\/uploads\/2021\/07\/logosol300x200.png","type":"image\/png"}],"author":"Arnaldo Botto","twitter_card":"summary_large_image","schema":{"@context":"https:\/\/schema.org","@graph":[{"@type":"WebPage","@id":"https:\/\/www.noticiasradioreflejos.com.ar\/2021\/promulgan-la-ley-de-manejo-del-fuego\/","url":"https:\/\/www.noticiasradioreflejos.com.ar\/2021\/promulgan-la-ley-de-manejo-del-fuego\/","name":"Promulgan la ley de Manejo del Fuego - Noticias Radio Reflejos","isPartOf":{"@id":"https:\/\/www.noticiasradioreflejos.com.ar\/2021\/#website"},"datePublished":"2020-12-24T11:42:02+00:00","author":{"@id":"https:\/\/www.noticiasradioreflejos.com.ar\/2021\/#\/schema\/person\/ad82545263dcc5ec0996818884fd5fb1"},"breadcrumb":{"@id":"https:\/\/www.noticiasradioreflejos.com.ar\/2021\/promulgan-la-ley-de-manejo-del-fuego\/#breadcrumb"},"inLanguage":"es","potentialAction":[{"@type":"ReadAction","target":["https:\/\/www.noticiasradioreflejos.com.ar\/2021\/promulgan-la-ley-de-manejo-del-fuego\/"]}]},{"@type":"BreadcrumbList","@id":"https:\/\/www.noticiasradioreflejos.com.ar\/2021\/promulgan-la-ley-de-manejo-del-fuego\/#breadcrumb","itemListElement":[{"@type":"ListItem","position":1,"name":"Portada","item":"https:\/\/www.noticiasradioreflejos.com.ar\/2021\/"},{"@type":"ListItem","position":2,"name":"Promulgan la ley de Manejo del Fuego"}]},{"@type":"WebSite","@id":"https:\/\/www.noticiasradioreflejos.com.ar\/2021\/#website","url":"https:\/\/www.noticiasradioreflejos.com.ar\/2021\/","name":"Noticias Radio Reflejos","description":"Las noticias de mi comarca","potentialAction":[{"@type":"SearchAction","target":{"@type":"EntryPoint","urlTemplate":"https:\/\/www.noticiasradioreflejos.com.ar\/2021\/?s={search_term_string}"},"query-input":{"@type":"PropertyValueSpecification","valueRequired":true,"valueName":"search_term_string"}}],"inLanguage":"es"},{"@type":"Person","@id":"https:\/\/www.noticiasradioreflejos.com.ar\/2021\/#\/schema\/person\/ad82545263dcc5ec0996818884fd5fb1","name":"Arnaldo Botto","image":{"@type":"ImageObject","inLanguage":"es","@id":"https:\/\/www.noticiasradioreflejos.com.ar\/2021\/#\/schema\/person\/image\/","url":"https:\/\/secure.gravatar.com\/avatar\/55cb5e37c1efa326397366e6974cb338056df65cb50e7d64d1cf314e87504837?s=96&d=mm&r=g","contentUrl":"https:\/\/secure.gravatar.com\/avatar\/55cb5e37c1efa326397366e6974cb338056df65cb50e7d64d1cf314e87504837?s=96&d=mm&r=g","caption":"Arnaldo Botto"},"url":"https:\/\/www.noticiasradioreflejos.com.ar\/2021\/author\/arnaldo\/"}]}},"_links":{"self":[{"href":"https:\/\/www.noticiasradioreflejos.com.ar\/2021\/wp-json\/wp\/v2\/posts\/50648","targetHints":{"allow":["GET"]}}],"collection":[{"href":"https:\/\/www.noticiasradioreflejos.com.ar\/2021\/wp-json\/wp\/v2\/posts"}],"about":[{"href":"https:\/\/www.noticiasradioreflejos.com.ar\/2021\/wp-json\/wp\/v2\/types\/post"}],"author":[{"embeddable":true,"href":"https:\/\/www.noticiasradioreflejos.com.ar\/2021\/wp-json\/wp\/v2\/users\/3"}],"replies":[{"embeddable":true,"href":"https:\/\/www.noticiasradioreflejos.com.ar\/2021\/wp-json\/wp\/v2\/comments?post=50648"}],"version-history":[{"count":0,"href":"https:\/\/www.noticiasradioreflejos.com.ar\/2021\/wp-json\/wp\/v2\/posts\/50648\/revisions"}],"wp:attachment":[{"href":"https:\/\/www.noticiasradioreflejos.com.ar\/2021\/wp-json\/wp\/v2\/media?parent=50648"}],"wp:term":[{"taxonomy":"category","embeddable":true,"href":"https:\/\/www.noticiasradioreflejos.com.ar\/2021\/wp-json\/wp\/v2\/categories?post=50648"},{"taxonomy":"post_tag","embeddable":true,"href":"https:\/\/www.noticiasradioreflejos.com.ar\/2021\/wp-json\/wp\/v2\/tags?post=50648"}],"curies":[{"name":"wp","href":"https:\/\/api.w.org\/{rel}","templated":true}]}}