{"id":50645,"date":"2020-12-24T08:37:58","date_gmt":"2020-12-24T11:37:58","guid":{"rendered":"http:\/\/www.noticiasradioreflejos.com.ar\/noticias\/?p=50645"},"modified":"2020-12-24T08:37:58","modified_gmt":"2020-12-24T11:37:58","slug":"oficializan-cierre-de-fronteras-por-nuevas-cepas-de-coronavirus","status":"publish","type":"post","link":"https:\/\/www.noticiasradioreflejos.com.ar\/2021\/oficializan-cierre-de-fronteras-por-nuevas-cepas-de-coronavirus\/","title":{"rendered":"Oficializan cierre de fronteras por nuevas cepas de coronavirus"},"content":{"rendered":"<p>El Gobierno nacional oficializ\u00f3 hoy el cierre de fronteras a partir de ma\u00f1ana y hasta el 9 de enero pr\u00f3ximo para pa\u00edses lim\u00edtrofes, al tiempo que suspendi\u00f3 las autorizaciones otorgadas en vuelos directos procedentes y con destino al Reino Unido, Australia, Dinamarca, Italia y Holanda.<!--more--><\/p>\n<p>La medida se tom\u00f3 en virtud de la situaci\u00f3n epidemiol\u00f3gica que registran estos pa\u00edses tras la aparici\u00f3n de una nueva cepa del coronavirus.<\/p>\n<p>As\u00ed fue comunicado a trav\u00e9s de la Decisi\u00f3n Administrativa 2252\/2020 publicada hoy en el Bolet\u00edn Oficial, con la firma del jefe de Gabinete, Santiago Cafiero; y del ministro de Salud, Gin\u00e9s Gonz\u00e1lez Garc\u00eda.<\/p>\n<p>La medida rige desde las cero horas del 25 de diciembre y hasta las cero horas del 9 de enero de 2021.<\/p>\n<p>Seg\u00fan precisa la norma, quedan exceptuados los \u00abpasos fronterizos de San Sebasti\u00e1n e Integraci\u00f3n Austral, ambos situados en la Provincia de Tierra del Fuego, Ant\u00e1rtida e Islas del Atl\u00e1ntico Sur\u00bb.<\/p>\n<p>Tambi\u00e9n se especifica que solo podr\u00e1n ingresar argentinos y residentes, con la presentaci\u00f3n de un test de PCR negativo en coronavirus y la realizaci\u00f3n de una cuarentena obligatoria de siete d\u00edas.<\/p>\n<p>De esta manera quedar\u00e1 en suspenso la prueba piloto que autorizaba el ingreso de turistas extranjeros provenientes de pa\u00edses lim\u00edtrofes, tanto por las terminales a\u00e9reas de Ezeiza y San Fernando, como por la portuaria de Buquebus.<\/p>\n<p>En cuanto al ingreso al pa\u00eds por cualquiera de las v\u00edas autorizadas, las personas que se hayan visto imposibilitadas de realizar el test de PCR negativo con 72 horas de antelaci\u00f3n al embarque en el pa\u00eds de procedencia, podr\u00e1n realizar un an\u00e1lisis a su arribo a Ezeiza.<\/p>\n<p>Quedar\u00e1 exceptuados los diplom\u00e1ticos, funcionarios, y personal esencial proveniente de los destinos habilitados, que deber\u00e1n contar con autorizaci\u00f3n de la Direcci\u00f3n Nacional de Migraciones, presentar test de PCR negativo y seguro Covid.<\/p>\n<p>Adem\u00e1s, personal de transporte internacional y tripulaciones quedar\u00e1n exentos de los requisitos, bajo la aplicaci\u00f3n de los protocolos sanitarios espec\u00edficos, en el ejercicio exclusivo de su actividad.<\/p>\n<p>Tambi\u00e9n estar\u00e1n exceptuados los deportistas enmarcados en protocolos espec\u00edficos para acontecimientos deportivos, previa autorizaci\u00f3n de la DNM y autoridad sanitara, y su actividad ser\u00e1 supervisada por el Ministerio de Turismo y Deportes.<\/p>\n","protected":false},"excerpt":{"rendered":"<p>El Gobierno nacional oficializ\u00f3 hoy el cierre de fronteras a partir de ma\u00f1ana y hasta el 9 de enero pr\u00f3ximo para pa\u00edses lim\u00edtrofes, al tiempo que suspendi\u00f3 las autorizaciones otorgadas en vuelos directos procedentes y con destino al Reino Unido, Australia, Dinamarca, Italia y Holanda.<\/p>\n","protected":false},"author":3,"featured_media":0,"comment_status":"closed","ping_status":"open","sticky":false,"template":"","format":"standard","meta":{"footnotes":""},"categories":[24],"tags":[],"class_list":["post-50645","post","type-post","status-publish","format-standard","hentry","category-politica"],"yoast_head":"<!-- This site is optimized with the Yoast SEO plugin v25.9 - https:\/\/yoast.com\/wordpress\/plugins\/seo\/ -->\n<title>Oficializan cierre de fronteras por nuevas cepas de coronavirus - Noticias Radio Reflejos<\/title>\n<meta name=\"robots\" content=\"index, follow, max-snippet:-1, max-image-preview:large, max-video-preview:-1\" \/>\n<link rel=\"canonical\" href=\"https:\/\/www.noticiasradioreflejos.com.ar\/2021\/oficializan-cierre-de-fronteras-por-nuevas-cepas-de-coronavirus\/\" \/>\n<meta property=\"og:locale\" content=\"es_ES\" \/>\n<meta property=\"og:type\" content=\"article\" \/>\n<meta property=\"og:title\" content=\"Oficializan cierre de fronteras por nuevas cepas de coronavirus - Noticias Radio Reflejos\" \/>\n<meta property=\"og:description\" content=\"El Gobierno nacional oficializ\u00f3 hoy el cierre de fronteras a partir de ma\u00f1ana y hasta el 9 de enero pr\u00f3ximo para pa\u00edses lim\u00edtrofes, al tiempo que suspendi\u00f3 las autorizaciones otorgadas en vuelos directos procedentes y con destino al Reino Unido, Australia, Dinamarca, Italia y Holanda.\" \/>\n<meta property=\"og:url\" content=\"https:\/\/www.noticiasradioreflejos.com.ar\/2021\/oficializan-cierre-de-fronteras-por-nuevas-cepas-de-coronavirus\/\" \/>\n<meta property=\"og:site_name\" content=\"Noticias Radio Reflejos\" \/>\n<meta property=\"article:published_time\" content=\"2020-12-24T11:37:58+00:00\" \/>\n<meta property=\"og:image\" content=\"https:\/\/www.noticiasradioreflejos.com.ar\/2021\/wp-content\/uploads\/2021\/07\/logosol300x200.png\" \/>\n\t<meta property=\"og:image:width\" content=\"300\" \/>\n\t<meta property=\"og:image:height\" content=\"200\" \/>\n\t<meta property=\"og:image:type\" content=\"image\/png\" \/>\n<meta name=\"author\" content=\"Arnaldo Botto\" \/>\n<meta name=\"twitter:card\" content=\"summary_large_image\" \/>\n<script type=\"application\/ld+json\" class=\"yoast-schema-graph\">{\"@context\":\"https:\/\/schema.org\",\"@graph\":[{\"@type\":\"WebPage\",\"@id\":\"https:\/\/www.noticiasradioreflejos.com.ar\/2021\/oficializan-cierre-de-fronteras-por-nuevas-cepas-de-coronavirus\/\",\"url\":\"https:\/\/www.noticiasradioreflejos.com.ar\/2021\/oficializan-cierre-de-fronteras-por-nuevas-cepas-de-coronavirus\/\",\"name\":\"Oficializan cierre de fronteras por nuevas cepas de coronavirus - Noticias Radio Reflejos\",\"isPartOf\":{\"@id\":\"https:\/\/www.noticiasradioreflejos.com.ar\/2021\/#website\"},\"datePublished\":\"2020-12-24T11:37:58+00:00\",\"author\":{\"@id\":\"https:\/\/www.noticiasradioreflejos.com.ar\/2021\/#\/schema\/person\/ad82545263dcc5ec0996818884fd5fb1\"},\"breadcrumb\":{\"@id\":\"https:\/\/www.noticiasradioreflejos.com.ar\/2021\/oficializan-cierre-de-fronteras-por-nuevas-cepas-de-coronavirus\/#breadcrumb\"},\"inLanguage\":\"es\",\"potentialAction\":[{\"@type\":\"ReadAction\",\"target\":[\"https:\/\/www.noticiasradioreflejos.com.ar\/2021\/oficializan-cierre-de-fronteras-por-nuevas-cepas-de-coronavirus\/\"]}]},{\"@type\":\"BreadcrumbList\",\"@id\":\"https:\/\/www.noticiasradioreflejos.com.ar\/2021\/oficializan-cierre-de-fronteras-por-nuevas-cepas-de-coronavirus\/#breadcrumb\",\"itemListElement\":[{\"@type\":\"ListItem\",\"position\":1,\"name\":\"Portada\",\"item\":\"https:\/\/www.noticiasradioreflejos.com.ar\/2021\/\"},{\"@type\":\"ListItem\",\"position\":2,\"name\":\"Oficializan cierre de fronteras por nuevas cepas de coronavirus\"}]},{\"@type\":\"WebSite\",\"@id\":\"https:\/\/www.noticiasradioreflejos.com.ar\/2021\/#website\",\"url\":\"https:\/\/www.noticiasradioreflejos.com.ar\/2021\/\",\"name\":\"Noticias Radio Reflejos\",\"description\":\"Las noticias de mi comarca\",\"potentialAction\":[{\"@type\":\"SearchAction\",\"target\":{\"@type\":\"EntryPoint\",\"urlTemplate\":\"https:\/\/www.noticiasradioreflejos.com.ar\/2021\/?s={search_term_string}\"},\"query-input\":{\"@type\":\"PropertyValueSpecification\",\"valueRequired\":true,\"valueName\":\"search_term_string\"}}],\"inLanguage\":\"es\"},{\"@type\":\"Person\",\"@id\":\"https:\/\/www.noticiasradioreflejos.com.ar\/2021\/#\/schema\/person\/ad82545263dcc5ec0996818884fd5fb1\",\"name\":\"Arnaldo Botto\",\"image\":{\"@type\":\"ImageObject\",\"inLanguage\":\"es\",\"@id\":\"https:\/\/www.noticiasradioreflejos.com.ar\/2021\/#\/schema\/person\/image\/\",\"url\":\"https:\/\/secure.gravatar.com\/avatar\/55cb5e37c1efa326397366e6974cb338056df65cb50e7d64d1cf314e87504837?s=96&d=mm&r=g\",\"contentUrl\":\"https:\/\/secure.gravatar.com\/avatar\/55cb5e37c1efa326397366e6974cb338056df65cb50e7d64d1cf314e87504837?s=96&d=mm&r=g\",\"caption\":\"Arnaldo Botto\"},\"url\":\"https:\/\/www.noticiasradioreflejos.com.ar\/2021\/author\/arnaldo\/\"}]}<\/script>\n<!-- \/ Yoast SEO plugin. -->","yoast_head_json":{"title":"Oficializan cierre de fronteras por nuevas cepas de coronavirus - Noticias Radio Reflejos","robots":{"index":"index","follow":"follow","max-snippet":"max-snippet:-1","max-image-preview":"max-image-preview:large","max-video-preview":"max-video-preview:-1"},"canonical":"https:\/\/www.noticiasradioreflejos.com.ar\/2021\/oficializan-cierre-de-fronteras-por-nuevas-cepas-de-coronavirus\/","og_locale":"es_ES","og_type":"article","og_title":"Oficializan cierre de fronteras por nuevas cepas de coronavirus - Noticias Radio Reflejos","og_description":"El Gobierno nacional oficializ\u00f3 hoy el cierre de fronteras a partir de ma\u00f1ana y hasta el 9 de enero pr\u00f3ximo para pa\u00edses lim\u00edtrofes, al tiempo que suspendi\u00f3 las autorizaciones otorgadas en vuelos directos procedentes y con destino al Reino Unido, Australia, Dinamarca, Italia y Holanda.","og_url":"https:\/\/www.noticiasradioreflejos.com.ar\/2021\/oficializan-cierre-de-fronteras-por-nuevas-cepas-de-coronavirus\/","og_site_name":"Noticias Radio Reflejos","article_published_time":"2020-12-24T11:37:58+00:00","og_image":[{"width":300,"height":200,"url":"https:\/\/www.noticiasradioreflejos.com.ar\/2021\/wp-content\/uploads\/2021\/07\/logosol300x200.png","type":"image\/png"}],"author":"Arnaldo Botto","twitter_card":"summary_large_image","schema":{"@context":"https:\/\/schema.org","@graph":[{"@type":"WebPage","@id":"https:\/\/www.noticiasradioreflejos.com.ar\/2021\/oficializan-cierre-de-fronteras-por-nuevas-cepas-de-coronavirus\/","url":"https:\/\/www.noticiasradioreflejos.com.ar\/2021\/oficializan-cierre-de-fronteras-por-nuevas-cepas-de-coronavirus\/","name":"Oficializan cierre de fronteras por nuevas cepas de coronavirus - Noticias Radio Reflejos","isPartOf":{"@id":"https:\/\/www.noticiasradioreflejos.com.ar\/2021\/#website"},"datePublished":"2020-12-24T11:37:58+00:00","author":{"@id":"https:\/\/www.noticiasradioreflejos.com.ar\/2021\/#\/schema\/person\/ad82545263dcc5ec0996818884fd5fb1"},"breadcrumb":{"@id":"https:\/\/www.noticiasradioreflejos.com.ar\/2021\/oficializan-cierre-de-fronteras-por-nuevas-cepas-de-coronavirus\/#breadcrumb"},"inLanguage":"es","potentialAction":[{"@type":"ReadAction","target":["https:\/\/www.noticiasradioreflejos.com.ar\/2021\/oficializan-cierre-de-fronteras-por-nuevas-cepas-de-coronavirus\/"]}]},{"@type":"BreadcrumbList","@id":"https:\/\/www.noticiasradioreflejos.com.ar\/2021\/oficializan-cierre-de-fronteras-por-nuevas-cepas-de-coronavirus\/#breadcrumb","itemListElement":[{"@type":"ListItem","position":1,"name":"Portada","item":"https:\/\/www.noticiasradioreflejos.com.ar\/2021\/"},{"@type":"ListItem","position":2,"name":"Oficializan cierre de fronteras por nuevas cepas de coronavirus"}]},{"@type":"WebSite","@id":"https:\/\/www.noticiasradioreflejos.com.ar\/2021\/#website","url":"https:\/\/www.noticiasradioreflejos.com.ar\/2021\/","name":"Noticias Radio Reflejos","description":"Las noticias de mi comarca","potentialAction":[{"@type":"SearchAction","target":{"@type":"EntryPoint","urlTemplate":"https:\/\/www.noticiasradioreflejos.com.ar\/2021\/?s={search_term_string}"},"query-input":{"@type":"PropertyValueSpecification","valueRequired":true,"valueName":"search_term_string"}}],"inLanguage":"es"},{"@type":"Person","@id":"https:\/\/www.noticiasradioreflejos.com.ar\/2021\/#\/schema\/person\/ad82545263dcc5ec0996818884fd5fb1","name":"Arnaldo Botto","image":{"@type":"ImageObject","inLanguage":"es","@id":"https:\/\/www.noticiasradioreflejos.com.ar\/2021\/#\/schema\/person\/image\/","url":"https:\/\/secure.gravatar.com\/avatar\/55cb5e37c1efa326397366e6974cb338056df65cb50e7d64d1cf314e87504837?s=96&d=mm&r=g","contentUrl":"https:\/\/secure.gravatar.com\/avatar\/55cb5e37c1efa326397366e6974cb338056df65cb50e7d64d1cf314e87504837?s=96&d=mm&r=g","caption":"Arnaldo Botto"},"url":"https:\/\/www.noticiasradioreflejos.com.ar\/2021\/author\/arnaldo\/"}]}},"_links":{"self":[{"href":"https:\/\/www.noticiasradioreflejos.com.ar\/2021\/wp-json\/wp\/v2\/posts\/50645","targetHints":{"allow":["GET"]}}],"collection":[{"href":"https:\/\/www.noticiasradioreflejos.com.ar\/2021\/wp-json\/wp\/v2\/posts"}],"about":[{"href":"https:\/\/www.noticiasradioreflejos.com.ar\/2021\/wp-json\/wp\/v2\/types\/post"}],"author":[{"embeddable":true,"href":"https:\/\/www.noticiasradioreflejos.com.ar\/2021\/wp-json\/wp\/v2\/users\/3"}],"replies":[{"embeddable":true,"href":"https:\/\/www.noticiasradioreflejos.com.ar\/2021\/wp-json\/wp\/v2\/comments?post=50645"}],"version-history":[{"count":0,"href":"https:\/\/www.noticiasradioreflejos.com.ar\/2021\/wp-json\/wp\/v2\/posts\/50645\/revisions"}],"wp:attachment":[{"href":"https:\/\/www.noticiasradioreflejos.com.ar\/2021\/wp-json\/wp\/v2\/media?parent=50645"}],"wp:term":[{"taxonomy":"category","embeddable":true,"href":"https:\/\/www.noticiasradioreflejos.com.ar\/2021\/wp-json\/wp\/v2\/categories?post=50645"},{"taxonomy":"post_tag","embeddable":true,"href":"https:\/\/www.noticiasradioreflejos.com.ar\/2021\/wp-json\/wp\/v2\/tags?post=50645"}],"curies":[{"name":"wp","href":"https:\/\/api.w.org\/{rel}","templated":true}]}}