{"id":50641,"date":"2020-12-24T08:32:37","date_gmt":"2020-12-24T11:32:37","guid":{"rendered":"http:\/\/www.noticiasradioreflejos.com.ar\/noticias\/?p=50641"},"modified":"2020-12-24T08:32:37","modified_gmt":"2020-12-24T11:32:37","slug":"san-nicolas-de-bari-la-verdadera-historia-de-papa-noel","status":"publish","type":"post","link":"https:\/\/www.noticiasradioreflejos.com.ar\/2021\/san-nicolas-de-bari-la-verdadera-historia-de-papa-noel\/","title":{"rendered":"San Nicol\u00e1s de Bari: la verdadera historia de Pap\u00e1 Noel"},"content":{"rendered":"<p>C\u00f3mo un santo del Siglo III nacido en Turqu\u00eda se transform\u00f3 en la figura central de la fiesta navide\u00f1a. El origen del traje rojo, la tradici\u00f3n de los regalos en el arbolito y el rol de una gaseosa que lo convirti\u00f3 en \u00edcono.<!--more--><\/p>\n<p>Tal vez\u00a0<strong>el m\u00e1s importante de los antepasados de Pap\u00e1 Noel sea Nicol\u00e1s de Mira<\/strong>, luego conocido como\u00a0<strong>San Nicol\u00e1s de Bari<\/strong>. Naci\u00f3 en el Siglo III, aproximadamente (de esos tiempos no se tienen demasiadas precisiones) en el a\u00f1o 270. Su familia ten\u00eda una excelente posici\u00f3n econ\u00f3mica y eran devotos cristianos. Viv\u00edan en lo que hoy es Turqu\u00eda. Pero sus padres fallecieron v\u00edctimas de la peste siendo Nicol\u00e1s adolescente. El joven heredero\u00a0<strong>don\u00f3 toda su fortuna a los m\u00e1s necesitados y se dedic\u00f3 al sacerdocio en la actual Turqu\u00eda<\/strong>. Prontamente fue nombrado obispo de Mira.<\/p>\n<p>Las versiones del mete\u00f3rico ascenso son varias e imprecisas. La leyenda hagiogr\u00e1fica habla de una disputa irresuelta entre sacerdotes que lo encontr\u00f3 en el momento preciso en el lugar indicado.\u00a0<strong>Hab\u00eda muerto el obispo de Mira y no se pon\u00edan de acuerdo en qui\u00e9n deb\u00eda ser su reemplazante; hasta que alguien hastiado de la situaci\u00f3n dijo que ser\u00eda consagrado obispo de la ciudad el pr\u00f3ximo sacerdote que ingresara al templo. Y ese fue el joven Nicol\u00e1s.\u00a0<\/strong>Aunque ya no se pueda comprobar nada de eso, probablemente, la historia real tenga menos de casual y el poder\u00edo econ\u00f3mico de su familia haya tenido mucho que ver.<\/p>\n<div class=\"code-block code-block-11\"><\/div>\n<p>A Nicol\u00e1s se lo suele describir blandiendo una personalidad decidida pero con car\u00e1cter amable. Decisiones firmes y buenos modos con una gran capacidad de oratoria y sentido pr\u00e1ctico. En su lucha contra el paganismo hizo derribar el templo dedicado a Artemisa y\u00a0<strong>fue uno de los principales impulsores de la condena al arrianismo (negaba la divinidad de Cristo)<\/strong>\u00a0en el Concilio de Nicea.<\/p>\n<p>Como gran parte de los personajes p\u00fablicos y cristianos de la \u00e9poca\u00a0<strong>fue perseguido y encarcelado. Hasta se sostiene que uno de los castigos que le infligieron fue la quema de su barba.\u00a0<\/strong>Y que mientras el penetrante olor al pelo quemado inundaba la sala, el calor sub\u00eda hasta sus ojos, y la piel del rostro empezaba a lacerarse por el fuego, Nicol\u00e1s sigui\u00f3 firme en su diatriba contra la adoraci\u00f3n a dioses paganos. Finalmente, a\u00f1os despu\u00e9s<strong>\u00a0el emperador Constantino lo liber\u00f3 de la prisi\u00f3n.<\/strong><\/p>\n<div class=\"code-block code-block-1\"><\/div>\n<figure class=\"wp-block-image size-large\"><img decoding=\"async\" class=\"wp-image-97597\" src=\"https:\/\/www.labrujula24.com\/wp-content\/uploads\/2020\/12\/K64Y4SJ2YFBBNKJEPYVEHPKOCM.jpg\" alt=\"\" \/><figcaption><strong>Caricatura de Pap\u00e1 Noel realizada por Thomas Nast<\/strong><\/figcaption><\/figure>\n<p>Muri\u00f3 en Myra el 6 de diciembre del 343 (tambi\u00e9n pudo haber sido en el 344 o en el 345 o, tal vez, en el 353: nadie sabe con certeza). \u00bfPor qu\u00e9 se lo conoce como San Nicol\u00e1s de Bari si vivi\u00f3, triunf\u00f3 y muri\u00f3 en Mira? Porque tras la invasi\u00f3n musulmana, 700 a\u00f1os despu\u00e9s de su muerte,\u00a0<strong>un grupo de fieles sac\u00f3 de la ciudad, a escondidas, sus reliquias y las traslad\u00f3 a la ciudad italiana, donde se encuentran en la actualidad<\/strong>. Esta doble radicaci\u00f3n, y la atribuci\u00f3n generosa de m\u00faltiples milagros, hace que San Nicol\u00e1s -para algunos de Mira y para otros de Bari- sea\u00a0<strong>venerado tanto en Oriente como en Occidente.\u00a0<\/strong>Su nombre era invocado ante cat\u00e1strofes naturales, peligros inminentes, tragedias, naufragios y dem\u00e1s desgracias. Su nombre se difundi\u00f3 por todo el mundo. Tanto es as\u00ed que lleg\u00f3 a haber m\u00e1s de dos mil templos dedicados a \u00e9l. Es patrono de Turqu\u00eda, Grecia y Rusia. Y tambi\u00e9n es a quien oran los marineros en caso de tempestades violentas.<\/p>\n<p>Todos estos datos e informaciones son m\u00e1s que inciertos. Las primeras biograf\u00edas (hagiograf\u00edas, en realidad) que se intentaron sobre \u00e9l se encararon a casi dos siglos de su muerte. Por lo tanto, m\u00e1s que en testimonios o en documentos,\u00a0<strong>la informaci\u00f3n proviene de leyendas orales que se fueron transmitiendo de generaci\u00f3n en generaci\u00f3n<\/strong>. Eran tiempos dif\u00edciles y estos relatos orales solidificaban la comunidad, y la construcci\u00f3n de h\u00e9roes o santos se hac\u00eda necesaria m\u00e1s all\u00e1 de la precisi\u00f3n en los datos biogr\u00e1ficos. Son muy escasos los datos fehacientes que se cuentan sobre San Nicol\u00e1s. Esa carencia es proporcionalmente inversa a su popularidad.<\/p>\n<figure class=\"wp-block-image size-large\"><img decoding=\"async\" class=\"wp-image-97598\" src=\"https:\/\/www.labrujula24.com\/wp-content\/uploads\/2020\/12\/FRYMMIRMAVAKFDI3GICDDG6SPE.jpg\" alt=\"\" \/><figcaption><strong>El Congreso Global de Pap\u00e1 Noel en l\u00ednea en medio de la pandemia de coronavirus en Tallin, Estonia. La figura de Santa Claus lleg\u00f3 a todo el mundo y se transform\u00f3 en \u00edcono de la Navidad (REUTERS\/Janis Laizans)<\/strong><\/figcaption><\/figure>\n<p><strong>Dentro de los milagros atribuidos a su figura hay uno que lo relaciona con los chicos.<\/strong>\u00a0Un criminal hab\u00eda herido de muerte a tres ni\u00f1os (otros dicen que eran tres ni\u00f1os que se hab\u00edan ca\u00eddo \u00a1simult\u00e1neamente! de un \u00e1rbol) y que las oraciones de Nicol\u00e1s permitieron la cura milagrosa. Otra leyenda habla de que en una casa muy necesitada, con tres hijas,<strong>\u00a0lanz\u00f3 tres monedas de oro por la chimenea<\/strong>\u00a0y estas cayeron dentro de tres medias. Suena conocido.<\/p>\n<p><strong>La relaci\u00f3n de San Nicol\u00e1s con Pap\u00e1 Noel dista de estar totalmente clara<\/strong>. Un indicio podemos encontrarlo en esta \u00faltima leyenda mencionada. Otros sostienen que\u00a0<strong>el 6 de diciembre, d\u00eda de su santoral, se entregaban dulces y regalos a los ni\u00f1os<\/strong>\u00a0en virtud de la cercan\u00eda y compasi\u00f3n por estos que mostr\u00f3 a lo largo de su vida. Y que esta costumbre dio inicio a la tradici\u00f3n de Pap\u00e1 Noel.<\/p>\n<div class=\"code-block code-block-6\"><\/div>\n<p>Lo de\u00a0<strong>Santa Claus proviene de su condici\u00f3n de santo y del diminutivo de su nombre en alem\u00e1n (Niklauss). O podr\u00eda provenir tambi\u00e9n de Sinterklaas, el nombre con el que se conoc\u00eda al santo en Holanda, lugar en el que era muy venerado, y que el escritor norteamericano Washington Irving deform\u00f3 en Santa Claus a principios del Siglo XIX.\u00a0<\/strong>En su obra\u00a0<em>Knickerbocker\u2019s History of New York<\/em>\u00a0Irving satiriza entre otras cosas a la enorme colonia holandesa de Nueva York y\u00a0<strong>convierte a Santa Claus en alguien llegado en barco del Viejo Continente que reparte regalos a los chicos lanz\u00e1ndolos por las chimeneas.<\/strong><\/p>\n<p>Este personaje se convirti\u00f3 en \u201cEl guardi\u00e1n de Nueva York\u201d y su popularidad fue enorme. Unos a\u00f1os despu\u00e9s en 1823, un poema an\u00f3nimo (reci\u00e9n cuarenta a\u00f1os despu\u00e9s\u00a0<strong>Clement Moore\u00a0<\/strong>se adjudic\u00f3 su autor\u00eda),\u00a0<em>Una vista de San Nicol\u00e1s<\/em>, tambi\u00e9n tuvo una incre\u00edble repercusi\u00f3n. Y fue vital para difundir la figura de Santa Claus y la nueva fisonom\u00eda que iba adquiriendo. T<strong>odas las representaciones gr\u00e1ficas de San Nicol\u00e1s de Bari hasta mediados del siglo XIX lo mostraban como alguien enjuto, espigado, con barba rala y mirada firme. Nada de ese viejito afable y rechoncho que conocemos hoy<\/strong>. Con el libro de Washington Irving y el poema de Moore, el personaje de Santa Claus fue adquiriendo peso, portaba una larga y fina pipa y ten\u00eda barba abundante. Las novedades del poema de Moore exceden a los kilos que habr\u00eda ganado Pap\u00e1 Noel. All\u00ed\u00a0<strong>aparecen por primera vez el trineo tirado por renos<\/strong>\u00a0y las grandes medias en las que se depositan los regalos que se entregan cercanos a la \u00e9poca navide\u00f1a.<\/p>\n<p>Hubo que esperar hasta 1864 para que la imagen de este personaje se fuera unificando.\u00a0<strong>Thomas Nast en unas ilustraciones para Harper&#8217;s Weekly lo dibuj\u00f3 bajo, con rasgos de duende, anciano, con su pipa y el traje caracter\u00edstico.<\/strong>\u00a0Hasta ese momento cada uno lo dibujaba c\u00f3mo le parec\u00eda. Hab\u00eda Santa Claus que eran bajitos, otros altos, tambi\u00e9n flacos, gordos, lampi\u00f1os, risue\u00f1os o algo malignos. Los dibujos de Nast se difundieron r\u00e1pidamente y\u00a0<strong>su Pap\u00e1 Noel se convirti\u00f3 en la imagen ic\u00f3nica<\/strong>. Entrado en kilos y en a\u00f1os, con barba cana, enorme bigote manubrio, pipa holandesa y p\u00f3mulos salientes. Como la mayor\u00eda de las publicaciones eran en blanco y negro no todos sab\u00edan que el color del traje era el rojo con el pomp\u00f3n del gorro y el cintur\u00f3n blancos. Muchos lo pintaban de verde todav\u00eda. Nast se inspir\u00f3 en el ropaje de los obispos para darle color a la ropa de su personaje.<\/p>\n<figure class=\"wp-block-image size-large\"><img decoding=\"async\" class=\"wp-image-97599\" src=\"https:\/\/www.labrujula24.com\/wp-content\/uploads\/2020\/12\/Papa-Noel-Coca-Cola.jpg\" alt=\"\" \/><figcaption>Campa\u00f1a publicitaria de Coca Cola.<\/figcaption><\/figure>\n<p>Ya en 1931, la\u00a0<strong>Coca Cola le encarg\u00f3 los dibujos de una campa\u00f1a al ilustrador descendiente de suecos Haddon Sundblom quien definitivamente brind\u00f3 al personaje los rasgos actuales<\/strong>. Un anciano rechoncho, afable, simp\u00e1tico e inofensivo. El mito sostiene que los colores de su ropaje fueron inspirados por la Coca Cola pero lo cierto es que ya en representaciones anteriores el rojo y el blanco eran los colores de Pap\u00e1 Noel. A\u00f1o a a\u00f1o, hasta mediados de los sesenta, Sudblom fue actualizando sus dibujos de Pap\u00e1 Noel asoci\u00e1ndolos a la gaseosa cada diciembre.<\/p>\n<p><strong>Antes del comienzo del Siglo XX la leyenda de Pap\u00e1 Noel se disemin\u00f3 por el mundo<\/strong>. Todos fueron sabiendo que llegaba, proveniente del Polo Norte, en Navidad, cargado de regalos, con su trineo tirado por renos y que iba dejando casa por casa sus regalos a los chicos.<\/p>\n<p>El periodismo no est\u00e1 hecho para repetir obviedades. Pero en algunas (pocas) circunstancias se convierte en obligatorio. Esta nota recoge versiones, tradiciones, varias imprecisiones y algunas leyendas. Uno de los pocos datos fehacientes que contiene es el que sigue, que aunque sea vastamente conocido nunca est\u00e1 de m\u00e1s recordar. Como todos sabemos,<strong>\u00a0Pap\u00e1 Noel existe.<\/strong><\/p>\n<p>Fuente: Infobae<\/p>\n<div class=\"mvp-post-main-out left relative\"><\/div>\n","protected":false},"excerpt":{"rendered":"<p>C\u00f3mo un santo del Siglo III nacido en Turqu\u00eda se transform\u00f3 en la figura central de la fiesta navide\u00f1a. El origen del traje rojo, la tradici\u00f3n de los regalos en el arbolito y el rol de una gaseosa que lo convirti\u00f3 en \u00edcono.<\/p>\n","protected":false},"author":3,"featured_media":0,"comment_status":"closed","ping_status":"open","sticky":false,"template":"","format":"standard","meta":{"footnotes":""},"categories":[26],"tags":[],"class_list":["post-50641","post","type-post","status-publish","format-standard","hentry","category-sociedad"],"yoast_head":"<!-- This site is optimized with the Yoast SEO plugin v25.9 - https:\/\/yoast.com\/wordpress\/plugins\/seo\/ -->\n<title>San Nicol\u00e1s de Bari: la verdadera historia de Pap\u00e1 Noel - Noticias Radio Reflejos<\/title>\n<meta name=\"robots\" content=\"index, follow, max-snippet:-1, max-image-preview:large, max-video-preview:-1\" \/>\n<link rel=\"canonical\" href=\"https:\/\/www.noticiasradioreflejos.com.ar\/2021\/san-nicolas-de-bari-la-verdadera-historia-de-papa-noel\/\" \/>\n<meta property=\"og:locale\" content=\"es_ES\" \/>\n<meta property=\"og:type\" content=\"article\" \/>\n<meta property=\"og:title\" content=\"San Nicol\u00e1s de Bari: la verdadera historia de Pap\u00e1 Noel - Noticias Radio Reflejos\" \/>\n<meta property=\"og:description\" content=\"C\u00f3mo un santo del Siglo III nacido en Turqu\u00eda se transform\u00f3 en la figura central de la fiesta navide\u00f1a. El origen del traje rojo, la tradici\u00f3n de los regalos en el arbolito y el rol de una gaseosa que lo convirti\u00f3 en \u00edcono.\" \/>\n<meta property=\"og:url\" content=\"https:\/\/www.noticiasradioreflejos.com.ar\/2021\/san-nicolas-de-bari-la-verdadera-historia-de-papa-noel\/\" \/>\n<meta property=\"og:site_name\" content=\"Noticias Radio Reflejos\" \/>\n<meta property=\"article:published_time\" content=\"2020-12-24T11:32:37+00:00\" \/>\n<meta property=\"og:image\" content=\"https:\/\/www.noticiasradioreflejos.com.ar\/2021\/wp-content\/uploads\/2021\/07\/logosol300x200.png\" \/>\n\t<meta property=\"og:image:width\" content=\"300\" \/>\n\t<meta property=\"og:image:height\" content=\"200\" \/>\n\t<meta property=\"og:image:type\" content=\"image\/png\" \/>\n<meta name=\"author\" content=\"Arnaldo Botto\" \/>\n<meta name=\"twitter:card\" content=\"summary_large_image\" \/>\n<script type=\"application\/ld+json\" class=\"yoast-schema-graph\">{\"@context\":\"https:\/\/schema.org\",\"@graph\":[{\"@type\":\"WebPage\",\"@id\":\"https:\/\/www.noticiasradioreflejos.com.ar\/2021\/san-nicolas-de-bari-la-verdadera-historia-de-papa-noel\/\",\"url\":\"https:\/\/www.noticiasradioreflejos.com.ar\/2021\/san-nicolas-de-bari-la-verdadera-historia-de-papa-noel\/\",\"name\":\"San Nicol\u00e1s de Bari: la verdadera historia de Pap\u00e1 Noel - Noticias Radio Reflejos\",\"isPartOf\":{\"@id\":\"https:\/\/www.noticiasradioreflejos.com.ar\/2021\/#website\"},\"primaryImageOfPage\":{\"@id\":\"https:\/\/www.noticiasradioreflejos.com.ar\/2021\/san-nicolas-de-bari-la-verdadera-historia-de-papa-noel\/#primaryimage\"},\"image\":{\"@id\":\"https:\/\/www.noticiasradioreflejos.com.ar\/2021\/san-nicolas-de-bari-la-verdadera-historia-de-papa-noel\/#primaryimage\"},\"thumbnailUrl\":\"https:\/\/www.labrujula24.com\/wp-content\/uploads\/2020\/12\/K64Y4SJ2YFBBNKJEPYVEHPKOCM.jpg\",\"datePublished\":\"2020-12-24T11:32:37+00:00\",\"author\":{\"@id\":\"https:\/\/www.noticiasradioreflejos.com.ar\/2021\/#\/schema\/person\/ad82545263dcc5ec0996818884fd5fb1\"},\"breadcrumb\":{\"@id\":\"https:\/\/www.noticiasradioreflejos.com.ar\/2021\/san-nicolas-de-bari-la-verdadera-historia-de-papa-noel\/#breadcrumb\"},\"inLanguage\":\"es\",\"potentialAction\":[{\"@type\":\"ReadAction\",\"target\":[\"https:\/\/www.noticiasradioreflejos.com.ar\/2021\/san-nicolas-de-bari-la-verdadera-historia-de-papa-noel\/\"]}]},{\"@type\":\"ImageObject\",\"inLanguage\":\"es\",\"@id\":\"https:\/\/www.noticiasradioreflejos.com.ar\/2021\/san-nicolas-de-bari-la-verdadera-historia-de-papa-noel\/#primaryimage\",\"url\":\"https:\/\/www.labrujula24.com\/wp-content\/uploads\/2020\/12\/K64Y4SJ2YFBBNKJEPYVEHPKOCM.jpg\",\"contentUrl\":\"https:\/\/www.labrujula24.com\/wp-content\/uploads\/2020\/12\/K64Y4SJ2YFBBNKJEPYVEHPKOCM.jpg\"},{\"@type\":\"BreadcrumbList\",\"@id\":\"https:\/\/www.noticiasradioreflejos.com.ar\/2021\/san-nicolas-de-bari-la-verdadera-historia-de-papa-noel\/#breadcrumb\",\"itemListElement\":[{\"@type\":\"ListItem\",\"position\":1,\"name\":\"Portada\",\"item\":\"https:\/\/www.noticiasradioreflejos.com.ar\/2021\/\"},{\"@type\":\"ListItem\",\"position\":2,\"name\":\"San Nicol\u00e1s de Bari: la verdadera historia de Pap\u00e1 Noel\"}]},{\"@type\":\"WebSite\",\"@id\":\"https:\/\/www.noticiasradioreflejos.com.ar\/2021\/#website\",\"url\":\"https:\/\/www.noticiasradioreflejos.com.ar\/2021\/\",\"name\":\"Noticias Radio Reflejos\",\"description\":\"Las noticias de mi comarca\",\"potentialAction\":[{\"@type\":\"SearchAction\",\"target\":{\"@type\":\"EntryPoint\",\"urlTemplate\":\"https:\/\/www.noticiasradioreflejos.com.ar\/2021\/?s={search_term_string}\"},\"query-input\":{\"@type\":\"PropertyValueSpecification\",\"valueRequired\":true,\"valueName\":\"search_term_string\"}}],\"inLanguage\":\"es\"},{\"@type\":\"Person\",\"@id\":\"https:\/\/www.noticiasradioreflejos.com.ar\/2021\/#\/schema\/person\/ad82545263dcc5ec0996818884fd5fb1\",\"name\":\"Arnaldo Botto\",\"image\":{\"@type\":\"ImageObject\",\"inLanguage\":\"es\",\"@id\":\"https:\/\/www.noticiasradioreflejos.com.ar\/2021\/#\/schema\/person\/image\/\",\"url\":\"https:\/\/secure.gravatar.com\/avatar\/55cb5e37c1efa326397366e6974cb338056df65cb50e7d64d1cf314e87504837?s=96&d=mm&r=g\",\"contentUrl\":\"https:\/\/secure.gravatar.com\/avatar\/55cb5e37c1efa326397366e6974cb338056df65cb50e7d64d1cf314e87504837?s=96&d=mm&r=g\",\"caption\":\"Arnaldo Botto\"},\"url\":\"https:\/\/www.noticiasradioreflejos.com.ar\/2021\/author\/arnaldo\/\"}]}<\/script>\n<!-- \/ Yoast SEO plugin. -->","yoast_head_json":{"title":"San Nicol\u00e1s de Bari: la verdadera historia de Pap\u00e1 Noel - Noticias Radio Reflejos","robots":{"index":"index","follow":"follow","max-snippet":"max-snippet:-1","max-image-preview":"max-image-preview:large","max-video-preview":"max-video-preview:-1"},"canonical":"https:\/\/www.noticiasradioreflejos.com.ar\/2021\/san-nicolas-de-bari-la-verdadera-historia-de-papa-noel\/","og_locale":"es_ES","og_type":"article","og_title":"San Nicol\u00e1s de Bari: la verdadera historia de Pap\u00e1 Noel - Noticias Radio Reflejos","og_description":"C\u00f3mo un santo del Siglo III nacido en Turqu\u00eda se transform\u00f3 en la figura central de la fiesta navide\u00f1a. El origen del traje rojo, la tradici\u00f3n de los regalos en el arbolito y el rol de una gaseosa que lo convirti\u00f3 en \u00edcono.","og_url":"https:\/\/www.noticiasradioreflejos.com.ar\/2021\/san-nicolas-de-bari-la-verdadera-historia-de-papa-noel\/","og_site_name":"Noticias Radio Reflejos","article_published_time":"2020-12-24T11:32:37+00:00","og_image":[{"width":300,"height":200,"url":"https:\/\/www.noticiasradioreflejos.com.ar\/2021\/wp-content\/uploads\/2021\/07\/logosol300x200.png","type":"image\/png"}],"author":"Arnaldo Botto","twitter_card":"summary_large_image","schema":{"@context":"https:\/\/schema.org","@graph":[{"@type":"WebPage","@id":"https:\/\/www.noticiasradioreflejos.com.ar\/2021\/san-nicolas-de-bari-la-verdadera-historia-de-papa-noel\/","url":"https:\/\/www.noticiasradioreflejos.com.ar\/2021\/san-nicolas-de-bari-la-verdadera-historia-de-papa-noel\/","name":"San Nicol\u00e1s de Bari: la verdadera historia de Pap\u00e1 Noel - Noticias Radio Reflejos","isPartOf":{"@id":"https:\/\/www.noticiasradioreflejos.com.ar\/2021\/#website"},"primaryImageOfPage":{"@id":"https:\/\/www.noticiasradioreflejos.com.ar\/2021\/san-nicolas-de-bari-la-verdadera-historia-de-papa-noel\/#primaryimage"},"image":{"@id":"https:\/\/www.noticiasradioreflejos.com.ar\/2021\/san-nicolas-de-bari-la-verdadera-historia-de-papa-noel\/#primaryimage"},"thumbnailUrl":"https:\/\/www.labrujula24.com\/wp-content\/uploads\/2020\/12\/K64Y4SJ2YFBBNKJEPYVEHPKOCM.jpg","datePublished":"2020-12-24T11:32:37+00:00","author":{"@id":"https:\/\/www.noticiasradioreflejos.com.ar\/2021\/#\/schema\/person\/ad82545263dcc5ec0996818884fd5fb1"},"breadcrumb":{"@id":"https:\/\/www.noticiasradioreflejos.com.ar\/2021\/san-nicolas-de-bari-la-verdadera-historia-de-papa-noel\/#breadcrumb"},"inLanguage":"es","potentialAction":[{"@type":"ReadAction","target":["https:\/\/www.noticiasradioreflejos.com.ar\/2021\/san-nicolas-de-bari-la-verdadera-historia-de-papa-noel\/"]}]},{"@type":"ImageObject","inLanguage":"es","@id":"https:\/\/www.noticiasradioreflejos.com.ar\/2021\/san-nicolas-de-bari-la-verdadera-historia-de-papa-noel\/#primaryimage","url":"https:\/\/www.labrujula24.com\/wp-content\/uploads\/2020\/12\/K64Y4SJ2YFBBNKJEPYVEHPKOCM.jpg","contentUrl":"https:\/\/www.labrujula24.com\/wp-content\/uploads\/2020\/12\/K64Y4SJ2YFBBNKJEPYVEHPKOCM.jpg"},{"@type":"BreadcrumbList","@id":"https:\/\/www.noticiasradioreflejos.com.ar\/2021\/san-nicolas-de-bari-la-verdadera-historia-de-papa-noel\/#breadcrumb","itemListElement":[{"@type":"ListItem","position":1,"name":"Portada","item":"https:\/\/www.noticiasradioreflejos.com.ar\/2021\/"},{"@type":"ListItem","position":2,"name":"San Nicol\u00e1s de Bari: la verdadera historia de Pap\u00e1 Noel"}]},{"@type":"WebSite","@id":"https:\/\/www.noticiasradioreflejos.com.ar\/2021\/#website","url":"https:\/\/www.noticiasradioreflejos.com.ar\/2021\/","name":"Noticias Radio Reflejos","description":"Las noticias de mi comarca","potentialAction":[{"@type":"SearchAction","target":{"@type":"EntryPoint","urlTemplate":"https:\/\/www.noticiasradioreflejos.com.ar\/2021\/?s={search_term_string}"},"query-input":{"@type":"PropertyValueSpecification","valueRequired":true,"valueName":"search_term_string"}}],"inLanguage":"es"},{"@type":"Person","@id":"https:\/\/www.noticiasradioreflejos.com.ar\/2021\/#\/schema\/person\/ad82545263dcc5ec0996818884fd5fb1","name":"Arnaldo Botto","image":{"@type":"ImageObject","inLanguage":"es","@id":"https:\/\/www.noticiasradioreflejos.com.ar\/2021\/#\/schema\/person\/image\/","url":"https:\/\/secure.gravatar.com\/avatar\/55cb5e37c1efa326397366e6974cb338056df65cb50e7d64d1cf314e87504837?s=96&d=mm&r=g","contentUrl":"https:\/\/secure.gravatar.com\/avatar\/55cb5e37c1efa326397366e6974cb338056df65cb50e7d64d1cf314e87504837?s=96&d=mm&r=g","caption":"Arnaldo Botto"},"url":"https:\/\/www.noticiasradioreflejos.com.ar\/2021\/author\/arnaldo\/"}]}},"_links":{"self":[{"href":"https:\/\/www.noticiasradioreflejos.com.ar\/2021\/wp-json\/wp\/v2\/posts\/50641","targetHints":{"allow":["GET"]}}],"collection":[{"href":"https:\/\/www.noticiasradioreflejos.com.ar\/2021\/wp-json\/wp\/v2\/posts"}],"about":[{"href":"https:\/\/www.noticiasradioreflejos.com.ar\/2021\/wp-json\/wp\/v2\/types\/post"}],"author":[{"embeddable":true,"href":"https:\/\/www.noticiasradioreflejos.com.ar\/2021\/wp-json\/wp\/v2\/users\/3"}],"replies":[{"embeddable":true,"href":"https:\/\/www.noticiasradioreflejos.com.ar\/2021\/wp-json\/wp\/v2\/comments?post=50641"}],"version-history":[{"count":0,"href":"https:\/\/www.noticiasradioreflejos.com.ar\/2021\/wp-json\/wp\/v2\/posts\/50641\/revisions"}],"wp:attachment":[{"href":"https:\/\/www.noticiasradioreflejos.com.ar\/2021\/wp-json\/wp\/v2\/media?parent=50641"}],"wp:term":[{"taxonomy":"category","embeddable":true,"href":"https:\/\/www.noticiasradioreflejos.com.ar\/2021\/wp-json\/wp\/v2\/categories?post=50641"},{"taxonomy":"post_tag","embeddable":true,"href":"https:\/\/www.noticiasradioreflejos.com.ar\/2021\/wp-json\/wp\/v2\/tags?post=50641"}],"curies":[{"name":"wp","href":"https:\/\/api.w.org\/{rel}","templated":true}]}}