{"id":50635,"date":"2020-12-24T07:02:14","date_gmt":"2020-12-24T10:02:14","guid":{"rendered":"http:\/\/www.noticiasradioreflejos.com.ar\/noticias\/?p=50635"},"modified":"2020-12-24T07:02:14","modified_gmt":"2020-12-24T10:02:14","slug":"sierra-de-la-ventana-entregaron-dos-patrulleros-nuevos-con-video-del-acto-y-entrevistas","status":"publish","type":"post","link":"https:\/\/www.noticiasradioreflejos.com.ar\/2021\/sierra-de-la-ventana-entregaron-dos-patrulleros-nuevos-con-video-del-acto-y-entrevistas\/","title":{"rendered":"Sierra de la Ventana: Entregaron dos patrulleros nuevos. (Con video del acto y entrevistas)"},"content":{"rendered":"<p><a title=\"Entrega de Patrullas SV (8)\" href=\"http:\/\/live.staticflickr.com\/65535\/50752933036_abfcd9aa22_s.jpg\" rel=\"\"><img loading=\"lazy\" decoding=\"async\" class=\"alignleft\" style=\"float: left;\" title=\"Entrega de Patrullas SV (8)\" src=\"http:\/\/live.staticflickr.com\/65535\/50752933036_abfcd9aa22.jpg\" alt=\"Entrega de Patrullas SV (8)\" width=\"500\" height=\"281\" \/><\/a>La entrega de los m\u00f3viles policiales se realiz\u00f3 durante un acto en la tarde de hoy, estuvieron presentes. Coordinador de la superintendencia interior sur de la Polic\u00eda de Bs As, C<strong>omisario Inspector Gustavo Cheppi<\/strong>, el Secretario de Seguridad y Gobierno del distrito<strong> Ezequiel Gabella<\/strong>, el Jefe de la Polic\u00eda Comunal, Comisario Inspector<strong> Jorge Maffioli<\/strong>, el jefe de la Subestaci\u00f3n de Polic\u00eda comunal de Sierra de la Ventana Oficial Inspector (Cdo.) <strong>Maximiliano Federico Fogel<\/strong> y el Delegado Municipal <strong>Hugo Polvara<\/strong>.<!--more--><\/p>\n<p>El sencillo acto se realiz\u00f3 a las 18 horas frente a la Subestaci\u00f3n de Polic\u00eda local, cuando el\u00a0C<strong>omisario Inspector Gustavo Cheppi <\/strong>entreg\u00f3 las llaves de una<strong> Toyota doble cabina 4&#215;4 <\/strong>y una<strong> Ford Ranger doble cabina,<\/strong> ambas<strong> 0KM ; <\/strong>que el Ministro de Seguridad Bonaerense<strong> Sergio Berni <\/strong>destin\u00f3 a la localidad serrana para cubrir la seguridad veraniega conocido como \u00abOperativo Sol\u00bb.<br \/>\nEl mismo implicar\u00e1 el despliegue de 11.800 efectivos en los partidos de la costa atl\u00e1ntica y localidades que ofrecen atractivos tur\u00edsticos durante el verano. Adem\u00e1s, se sumar\u00e1n 345 nuevos autom\u00f3viles y 250 motos para optimizar las tareas preventivas de patrullaje.<\/p>\n<p><a title=\"Entrega de Patrullas SV (9)\" href=\"http:\/\/live.staticflickr.com\/65535\/50752934046_843883ec07_s.jpg\" rel=\"\"><img loading=\"lazy\" decoding=\"async\" class=\"aligncenter\" title=\"Entrega de Patrullas SV (9)\" src=\"http:\/\/live.staticflickr.com\/65535\/50752934046_843883ec07_c.jpg\" alt=\"Entrega de Patrullas SV (9)\" width=\"800\" height=\"450\" \/><\/a><\/p>\n<p>Las llaves de los nuevos veh\u00edculos fueron recibidas por Gabella, qui\u00e9n junto a Hugo Polvara hicieron la entrega al Jefe de la Subestaci\u00f3n de polic\u00eda local, Maximiliano Fogel.<\/p>\n<p>Seguidamente los patrulleros salieron a recorrer las calles de la localidad con luces y sirenas encendidas.<\/p>\n<p><a title=\"Entrega de Patrullas SV (13)\" href=\"http:\/\/live.staticflickr.com\/65535\/50752204058_cac55f3567_s.jpg\" rel=\"\"><img loading=\"lazy\" decoding=\"async\" class=\"aligncenter\" title=\"Entrega de Patrullas SV (13)\" src=\"http:\/\/live.staticflickr.com\/65535\/50752204058_cac55f3567_c.jpg\" alt=\"Entrega de Patrullas SV (13)\" width=\"800\" height=\"384\" \/><\/a><\/p>\n<p><a title=\"Entrega de Patrullas SV (5)\" href=\"http:\/\/live.staticflickr.com\/65535\/50753008361_9f8c9e095d_s.jpg\" rel=\"\"><img loading=\"lazy\" decoding=\"async\" class=\"alignleft\" style=\"float: left;\" title=\"Entrega de Patrullas SV (5)\" src=\"http:\/\/live.staticflickr.com\/65535\/50753008361_9f8c9e095d.jpg\" alt=\"Entrega de Patrullas SV (5)\" width=\"500\" height=\"281\" \/><\/a>En la Nota realizada en exclusiva por nuestro medio al\u00a0jefe Policial Serrano; <strong>Fogel<\/strong> destac\u00f3 la necesidad de contar con nuevos m\u00f3viles que le brindaran alivio a la tarea que vienen realizando desde la repartici\u00f3n, especialmente en este momento, que se espera una gran afluencia de turistas para los meses de enero y febrero por la temporada estival. Adelant\u00f3 las nuevas incorporaciones de personal como refuerzo para el Operativo Sol, de los cuales 7 efectivos ya est\u00e1n el la localidad y se espera la llegada de otros 10 mas en los pr\u00f3ximos d\u00edas.<\/p>\n<p><a title=\"Entrega de Patrullas SV (12)\" href=\"http:\/\/live.staticflickr.com\/65535\/50753009066_8117aa9ed0_s.jpg\" rel=\"\"><img loading=\"lazy\" decoding=\"async\" class=\"aligncenter\" title=\"Entrega de Patrullas SV (12)\" src=\"http:\/\/live.staticflickr.com\/65535\/50753009066_8117aa9ed0_c.jpg\" alt=\"Entrega de Patrullas SV (12)\" width=\"800\" height=\"450\" \/><\/a><\/p>\n<p>Por su parte el Sec. de Seguridad\u00a0<strong>Ezequiel Gabella<\/strong>\u00a0\u00a0asegur\u00f3 que junto al intendente municipal Sergio Bordoni, ya comenzaron a realizar las gestiones tendientes a que las nuevas unidades entregadas hoy queden en forma definitiva en la localidad serrana. Adem\u00e1s Gabella destac\u00f3 al\u00a0\u00a0Oficial Inspector (Cdo.)\u00a0<b>Maximiliano Federico Fogel <\/b>por su entrega y labor durante su gesti\u00f3n, hecho que fuera reconocido en el d\u00eda de ayer en Bah\u00eda Blanca junto a otros integrantes de la fuerza en el distrito.<\/p>\n<p><iframe loading=\"lazy\" src=\"https:\/\/www.youtube.com\/embed\/I8qNnF5Cqwg\" width=\"560\" height=\"315\" frameborder=\"0\" allowfullscreen=\"allowfullscreen\"><\/iframe><\/p>\n<p><a title=\"Entrega de Patrullas SV (6)\" href=\"http:\/\/live.staticflickr.com\/65535\/50752200443_9ee408db01_s.jpg\" rel=\"\"><img loading=\"lazy\" decoding=\"async\" class=\"aligncenter\" title=\"Entrega de Patrullas SV (6)\" src=\"http:\/\/live.staticflickr.com\/65535\/50752200443_9ee408db01_c.jpg\" alt=\"Entrega de Patrullas SV (6)\" width=\"800\" height=\"450\" \/><\/a><\/p>\n<p><a title=\"Entrega de Patrullas SV (1)\" href=\"http:\/\/live.staticflickr.com\/65535\/50753042827_e3f0cfbd4d_s.jpg\" rel=\"\"><img loading=\"lazy\" decoding=\"async\" class=\"aligncenter\" title=\"Entrega de Patrullas SV (1)\" src=\"http:\/\/live.staticflickr.com\/65535\/50753042827_e3f0cfbd4d_c.jpg\" alt=\"Entrega de Patrullas SV (1)\" width=\"800\" height=\"450\" \/><\/a><\/p>\n","protected":false},"excerpt":{"rendered":"<p>La entrega de los m\u00f3viles policiales se realiz\u00f3 durante un acto en la tarde de hoy, estuvieron presentes. Coordinador de la superintendencia interior sur de la Polic\u00eda de Bs As, Comisario Inspector Gustavo Cheppi, el Secretario de Seguridad y Gobierno del distrito Ezequiel Gabella, el Jefe de la Polic\u00eda Comunal, Comisario Inspector Jorge Maffioli, el [&hellip;]<\/p>\n","protected":false},"author":3,"featured_media":0,"comment_status":"closed","ping_status":"open","sticky":false,"template":"","format":"standard","meta":{"footnotes":""},"categories":[29],"tags":[],"class_list":["post-50635","post","type-post","status-publish","format-standard","hentry","category-policiales"],"yoast_head":"<!-- This site is optimized with the Yoast SEO plugin v25.9 - https:\/\/yoast.com\/wordpress\/plugins\/seo\/ -->\n<title>Sierra de la Ventana: Entregaron dos patrulleros nuevos. (Con video del acto y entrevistas) - Noticias Radio Reflejos<\/title>\n<meta name=\"robots\" content=\"index, follow, max-snippet:-1, max-image-preview:large, max-video-preview:-1\" \/>\n<link rel=\"canonical\" href=\"https:\/\/www.noticiasradioreflejos.com.ar\/2021\/sierra-de-la-ventana-entregaron-dos-patrulleros-nuevos-con-video-del-acto-y-entrevistas\/\" \/>\n<meta property=\"og:locale\" content=\"es_ES\" \/>\n<meta property=\"og:type\" content=\"article\" \/>\n<meta property=\"og:title\" content=\"Sierra de la Ventana: Entregaron dos patrulleros nuevos. (Con video del acto y entrevistas) - Noticias Radio Reflejos\" \/>\n<meta property=\"og:description\" content=\"La entrega de los m\u00f3viles policiales se realiz\u00f3 durante un acto en la tarde de hoy, estuvieron presentes. Coordinador de la superintendencia interior sur de la Polic\u00eda de Bs As, Comisario Inspector Gustavo Cheppi, el Secretario de Seguridad y Gobierno del distrito Ezequiel Gabella, el Jefe de la Polic\u00eda Comunal, Comisario Inspector Jorge Maffioli, el [&hellip;]\" \/>\n<meta property=\"og:url\" content=\"https:\/\/www.noticiasradioreflejos.com.ar\/2021\/sierra-de-la-ventana-entregaron-dos-patrulleros-nuevos-con-video-del-acto-y-entrevistas\/\" \/>\n<meta property=\"og:site_name\" content=\"Noticias Radio Reflejos\" \/>\n<meta property=\"article:published_time\" content=\"2020-12-24T10:02:14+00:00\" \/>\n<meta property=\"og:image\" content=\"http:\/\/live.staticflickr.com\/65535\/50752933036_abfcd9aa22.jpg\" \/>\n<meta name=\"author\" content=\"Arnaldo Botto\" \/>\n<meta name=\"twitter:card\" content=\"summary_large_image\" \/>\n<script type=\"application\/ld+json\" class=\"yoast-schema-graph\">{\"@context\":\"https:\/\/schema.org\",\"@graph\":[{\"@type\":\"WebPage\",\"@id\":\"https:\/\/www.noticiasradioreflejos.com.ar\/2021\/sierra-de-la-ventana-entregaron-dos-patrulleros-nuevos-con-video-del-acto-y-entrevistas\/\",\"url\":\"https:\/\/www.noticiasradioreflejos.com.ar\/2021\/sierra-de-la-ventana-entregaron-dos-patrulleros-nuevos-con-video-del-acto-y-entrevistas\/\",\"name\":\"Sierra de la Ventana: Entregaron dos patrulleros nuevos. (Con video del acto y entrevistas) - Noticias Radio Reflejos\",\"isPartOf\":{\"@id\":\"https:\/\/www.noticiasradioreflejos.com.ar\/2021\/#website\"},\"primaryImageOfPage\":{\"@id\":\"https:\/\/www.noticiasradioreflejos.com.ar\/2021\/sierra-de-la-ventana-entregaron-dos-patrulleros-nuevos-con-video-del-acto-y-entrevistas\/#primaryimage\"},\"image\":{\"@id\":\"https:\/\/www.noticiasradioreflejos.com.ar\/2021\/sierra-de-la-ventana-entregaron-dos-patrulleros-nuevos-con-video-del-acto-y-entrevistas\/#primaryimage\"},\"thumbnailUrl\":\"http:\/\/live.staticflickr.com\/65535\/50752933036_abfcd9aa22.jpg\",\"datePublished\":\"2020-12-24T10:02:14+00:00\",\"author\":{\"@id\":\"https:\/\/www.noticiasradioreflejos.com.ar\/2021\/#\/schema\/person\/ad82545263dcc5ec0996818884fd5fb1\"},\"breadcrumb\":{\"@id\":\"https:\/\/www.noticiasradioreflejos.com.ar\/2021\/sierra-de-la-ventana-entregaron-dos-patrulleros-nuevos-con-video-del-acto-y-entrevistas\/#breadcrumb\"},\"inLanguage\":\"es\",\"potentialAction\":[{\"@type\":\"ReadAction\",\"target\":[\"https:\/\/www.noticiasradioreflejos.com.ar\/2021\/sierra-de-la-ventana-entregaron-dos-patrulleros-nuevos-con-video-del-acto-y-entrevistas\/\"]}]},{\"@type\":\"ImageObject\",\"inLanguage\":\"es\",\"@id\":\"https:\/\/www.noticiasradioreflejos.com.ar\/2021\/sierra-de-la-ventana-entregaron-dos-patrulleros-nuevos-con-video-del-acto-y-entrevistas\/#primaryimage\",\"url\":\"http:\/\/live.staticflickr.com\/65535\/50752933036_abfcd9aa22.jpg\",\"contentUrl\":\"http:\/\/live.staticflickr.com\/65535\/50752933036_abfcd9aa22.jpg\"},{\"@type\":\"BreadcrumbList\",\"@id\":\"https:\/\/www.noticiasradioreflejos.com.ar\/2021\/sierra-de-la-ventana-entregaron-dos-patrulleros-nuevos-con-video-del-acto-y-entrevistas\/#breadcrumb\",\"itemListElement\":[{\"@type\":\"ListItem\",\"position\":1,\"name\":\"Portada\",\"item\":\"https:\/\/www.noticiasradioreflejos.com.ar\/2021\/\"},{\"@type\":\"ListItem\",\"position\":2,\"name\":\"Sierra de la Ventana: Entregaron dos patrulleros nuevos. (Con video del acto y entrevistas)\"}]},{\"@type\":\"WebSite\",\"@id\":\"https:\/\/www.noticiasradioreflejos.com.ar\/2021\/#website\",\"url\":\"https:\/\/www.noticiasradioreflejos.com.ar\/2021\/\",\"name\":\"Noticias Radio Reflejos\",\"description\":\"Las noticias de mi comarca\",\"potentialAction\":[{\"@type\":\"SearchAction\",\"target\":{\"@type\":\"EntryPoint\",\"urlTemplate\":\"https:\/\/www.noticiasradioreflejos.com.ar\/2021\/?s={search_term_string}\"},\"query-input\":{\"@type\":\"PropertyValueSpecification\",\"valueRequired\":true,\"valueName\":\"search_term_string\"}}],\"inLanguage\":\"es\"},{\"@type\":\"Person\",\"@id\":\"https:\/\/www.noticiasradioreflejos.com.ar\/2021\/#\/schema\/person\/ad82545263dcc5ec0996818884fd5fb1\",\"name\":\"Arnaldo Botto\",\"image\":{\"@type\":\"ImageObject\",\"inLanguage\":\"es\",\"@id\":\"https:\/\/www.noticiasradioreflejos.com.ar\/2021\/#\/schema\/person\/image\/\",\"url\":\"https:\/\/secure.gravatar.com\/avatar\/55cb5e37c1efa326397366e6974cb338056df65cb50e7d64d1cf314e87504837?s=96&d=mm&r=g\",\"contentUrl\":\"https:\/\/secure.gravatar.com\/avatar\/55cb5e37c1efa326397366e6974cb338056df65cb50e7d64d1cf314e87504837?s=96&d=mm&r=g\",\"caption\":\"Arnaldo Botto\"},\"url\":\"https:\/\/www.noticiasradioreflejos.com.ar\/2021\/author\/arnaldo\/\"}]}<\/script>\n<!-- \/ Yoast SEO plugin. -->","yoast_head_json":{"title":"Sierra de la Ventana: Entregaron dos patrulleros nuevos. (Con video del acto y entrevistas) - Noticias Radio Reflejos","robots":{"index":"index","follow":"follow","max-snippet":"max-snippet:-1","max-image-preview":"max-image-preview:large","max-video-preview":"max-video-preview:-1"},"canonical":"https:\/\/www.noticiasradioreflejos.com.ar\/2021\/sierra-de-la-ventana-entregaron-dos-patrulleros-nuevos-con-video-del-acto-y-entrevistas\/","og_locale":"es_ES","og_type":"article","og_title":"Sierra de la Ventana: Entregaron dos patrulleros nuevos. (Con video del acto y entrevistas) - Noticias Radio Reflejos","og_description":"La entrega de los m\u00f3viles policiales se realiz\u00f3 durante un acto en la tarde de hoy, estuvieron presentes. Coordinador de la superintendencia interior sur de la Polic\u00eda de Bs As, Comisario Inspector Gustavo Cheppi, el Secretario de Seguridad y Gobierno del distrito Ezequiel Gabella, el Jefe de la Polic\u00eda Comunal, Comisario Inspector Jorge Maffioli, el [&hellip;]","og_url":"https:\/\/www.noticiasradioreflejos.com.ar\/2021\/sierra-de-la-ventana-entregaron-dos-patrulleros-nuevos-con-video-del-acto-y-entrevistas\/","og_site_name":"Noticias Radio Reflejos","article_published_time":"2020-12-24T10:02:14+00:00","og_image":[{"url":"http:\/\/live.staticflickr.com\/65535\/50752933036_abfcd9aa22.jpg","type":"","width":"","height":""}],"author":"Arnaldo Botto","twitter_card":"summary_large_image","schema":{"@context":"https:\/\/schema.org","@graph":[{"@type":"WebPage","@id":"https:\/\/www.noticiasradioreflejos.com.ar\/2021\/sierra-de-la-ventana-entregaron-dos-patrulleros-nuevos-con-video-del-acto-y-entrevistas\/","url":"https:\/\/www.noticiasradioreflejos.com.ar\/2021\/sierra-de-la-ventana-entregaron-dos-patrulleros-nuevos-con-video-del-acto-y-entrevistas\/","name":"Sierra de la Ventana: Entregaron dos patrulleros nuevos. (Con video del acto y entrevistas) - Noticias Radio Reflejos","isPartOf":{"@id":"https:\/\/www.noticiasradioreflejos.com.ar\/2021\/#website"},"primaryImageOfPage":{"@id":"https:\/\/www.noticiasradioreflejos.com.ar\/2021\/sierra-de-la-ventana-entregaron-dos-patrulleros-nuevos-con-video-del-acto-y-entrevistas\/#primaryimage"},"image":{"@id":"https:\/\/www.noticiasradioreflejos.com.ar\/2021\/sierra-de-la-ventana-entregaron-dos-patrulleros-nuevos-con-video-del-acto-y-entrevistas\/#primaryimage"},"thumbnailUrl":"http:\/\/live.staticflickr.com\/65535\/50752933036_abfcd9aa22.jpg","datePublished":"2020-12-24T10:02:14+00:00","author":{"@id":"https:\/\/www.noticiasradioreflejos.com.ar\/2021\/#\/schema\/person\/ad82545263dcc5ec0996818884fd5fb1"},"breadcrumb":{"@id":"https:\/\/www.noticiasradioreflejos.com.ar\/2021\/sierra-de-la-ventana-entregaron-dos-patrulleros-nuevos-con-video-del-acto-y-entrevistas\/#breadcrumb"},"inLanguage":"es","potentialAction":[{"@type":"ReadAction","target":["https:\/\/www.noticiasradioreflejos.com.ar\/2021\/sierra-de-la-ventana-entregaron-dos-patrulleros-nuevos-con-video-del-acto-y-entrevistas\/"]}]},{"@type":"ImageObject","inLanguage":"es","@id":"https:\/\/www.noticiasradioreflejos.com.ar\/2021\/sierra-de-la-ventana-entregaron-dos-patrulleros-nuevos-con-video-del-acto-y-entrevistas\/#primaryimage","url":"http:\/\/live.staticflickr.com\/65535\/50752933036_abfcd9aa22.jpg","contentUrl":"http:\/\/live.staticflickr.com\/65535\/50752933036_abfcd9aa22.jpg"},{"@type":"BreadcrumbList","@id":"https:\/\/www.noticiasradioreflejos.com.ar\/2021\/sierra-de-la-ventana-entregaron-dos-patrulleros-nuevos-con-video-del-acto-y-entrevistas\/#breadcrumb","itemListElement":[{"@type":"ListItem","position":1,"name":"Portada","item":"https:\/\/www.noticiasradioreflejos.com.ar\/2021\/"},{"@type":"ListItem","position":2,"name":"Sierra de la Ventana: Entregaron dos patrulleros nuevos. (Con video del acto y entrevistas)"}]},{"@type":"WebSite","@id":"https:\/\/www.noticiasradioreflejos.com.ar\/2021\/#website","url":"https:\/\/www.noticiasradioreflejos.com.ar\/2021\/","name":"Noticias Radio Reflejos","description":"Las noticias de mi comarca","potentialAction":[{"@type":"SearchAction","target":{"@type":"EntryPoint","urlTemplate":"https:\/\/www.noticiasradioreflejos.com.ar\/2021\/?s={search_term_string}"},"query-input":{"@type":"PropertyValueSpecification","valueRequired":true,"valueName":"search_term_string"}}],"inLanguage":"es"},{"@type":"Person","@id":"https:\/\/www.noticiasradioreflejos.com.ar\/2021\/#\/schema\/person\/ad82545263dcc5ec0996818884fd5fb1","name":"Arnaldo Botto","image":{"@type":"ImageObject","inLanguage":"es","@id":"https:\/\/www.noticiasradioreflejos.com.ar\/2021\/#\/schema\/person\/image\/","url":"https:\/\/secure.gravatar.com\/avatar\/55cb5e37c1efa326397366e6974cb338056df65cb50e7d64d1cf314e87504837?s=96&d=mm&r=g","contentUrl":"https:\/\/secure.gravatar.com\/avatar\/55cb5e37c1efa326397366e6974cb338056df65cb50e7d64d1cf314e87504837?s=96&d=mm&r=g","caption":"Arnaldo Botto"},"url":"https:\/\/www.noticiasradioreflejos.com.ar\/2021\/author\/arnaldo\/"}]}},"_links":{"self":[{"href":"https:\/\/www.noticiasradioreflejos.com.ar\/2021\/wp-json\/wp\/v2\/posts\/50635","targetHints":{"allow":["GET"]}}],"collection":[{"href":"https:\/\/www.noticiasradioreflejos.com.ar\/2021\/wp-json\/wp\/v2\/posts"}],"about":[{"href":"https:\/\/www.noticiasradioreflejos.com.ar\/2021\/wp-json\/wp\/v2\/types\/post"}],"author":[{"embeddable":true,"href":"https:\/\/www.noticiasradioreflejos.com.ar\/2021\/wp-json\/wp\/v2\/users\/3"}],"replies":[{"embeddable":true,"href":"https:\/\/www.noticiasradioreflejos.com.ar\/2021\/wp-json\/wp\/v2\/comments?post=50635"}],"version-history":[{"count":0,"href":"https:\/\/www.noticiasradioreflejos.com.ar\/2021\/wp-json\/wp\/v2\/posts\/50635\/revisions"}],"wp:attachment":[{"href":"https:\/\/www.noticiasradioreflejos.com.ar\/2021\/wp-json\/wp\/v2\/media?parent=50635"}],"wp:term":[{"taxonomy":"category","embeddable":true,"href":"https:\/\/www.noticiasradioreflejos.com.ar\/2021\/wp-json\/wp\/v2\/categories?post=50635"},{"taxonomy":"post_tag","embeddable":true,"href":"https:\/\/www.noticiasradioreflejos.com.ar\/2021\/wp-json\/wp\/v2\/tags?post=50635"}],"curies":[{"name":"wp","href":"https:\/\/api.w.org\/{rel}","templated":true}]}}