{"id":50624,"date":"2020-12-23T17:06:21","date_gmt":"2020-12-23T20:06:21","guid":{"rendered":"http:\/\/www.noticiasradioreflejos.com.ar\/noticias\/?p=50624"},"modified":"2020-12-23T17:06:21","modified_gmt":"2020-12-23T20:06:21","slug":"reconocimiento-a-efectivos-policiales","status":"publish","type":"post","link":"https:\/\/www.noticiasradioreflejos.com.ar\/2021\/reconocimiento-a-efectivos-policiales\/","title":{"rendered":"Reconocimiento a efectivos policiales"},"content":{"rendered":"<p>El d\u00eda de ayer, el Secretario de Gobierno y Seguridad Ezequiel Gabella, particip\u00f3 de la ceremonia de conmemoraci\u00f3n de los 199 a\u00f1os de la creaci\u00f3n de la Polic\u00eda de la Provincia de Buenos Aires, que tuvo lugar en el Polideportivo de la Asociaci\u00f3n Empleados de Comercio \u201cEzequiel Crisol\u201d, en la localidad vecina de Bah\u00eda Blanca. <!--more--><\/p>\n<p><a title=\"WhatsApp Image 2020-12-23 at 08.58.42\" href=\"http:\/\/live.staticflickr.com\/65535\/50752329142_177e6f097c_s.jpg\" rel=\"\"><img loading=\"lazy\" decoding=\"async\" class=\"alignleft\" style=\"float: left;\" title=\"WhatsApp Image 2020-12-23 at 08.58.42\" src=\"http:\/\/live.staticflickr.com\/65535\/50752329142_177e6f097c_z.jpg\" alt=\"WhatsApp Image 2020-12-23 at 08.58.42\" width=\"480\" height=\"640\" \/><\/a>En el acto, se reconocieron efectivos policiales por su desempe\u00f1o a lo largo de este 2020. Por nuestro distrito, fueron distinguidos:<br \/>\n\u2022 Oficial Principal (Cdo.) PINEDO DIEGO FEDERICO.<br \/>\n\u2022 Oficial Inspector (Cdo.) RODRIGUEZ JUAN DANIEL.<br \/>\n\u2022 Oficial Inspector (Cdo.) CABALLIN GUSTAVO ABEL JESUS.<br \/>\n\u2022 Oficial Inspector (Cdo.) FOGEL MAXIMILIANO FEDERICO.<br \/>\n\u2022 Oficial Ayudante (Cdo.) DOBAL CESAR OSCAR.<br \/>\n\u2022 Subteniente (E.G.) HERBALEJO DANIELA KARINA<br \/>\n\u2022 Comisario (Cdo.) STEINGRUBER CARINA ROSANA.<br \/>\nAsimismo, el intendente municipal Sergio Bordoni junto al Secretario de Seguridad, decidieron otorgar un especial reconocimiento por su labor cotidiana y su compromiso al Oficial Inspector Maximiliano Fogel, quien se desempe\u00f1a en el destacamento de la localidad de Sierra de la Ventana.<br \/>\nDesde la comuna deseamos agradecer a cada uno de los efectivos que, a lo largo de este a\u00f1o tan especial que atravesamos por la pandemia, han puesto lo mejor de s\u00ed, enfrentando largas jornadas laborales y situaciones de complejidad, para brindar con profesionalismo seguridad a todos los habitantes de nuestro distrito.<\/p>\n","protected":false},"excerpt":{"rendered":"<p>El d\u00eda de ayer, el Secretario de Gobierno y Seguridad Ezequiel Gabella, particip\u00f3 de la ceremonia de conmemoraci\u00f3n de los 199 a\u00f1os de la creaci\u00f3n de la Polic\u00eda de la Provincia de Buenos Aires, que tuvo lugar en el Polideportivo de la Asociaci\u00f3n Empleados de Comercio \u201cEzequiel Crisol\u201d, en la localidad vecina de Bah\u00eda Blanca.<\/p>\n","protected":false},"author":3,"featured_media":0,"comment_status":"closed","ping_status":"open","sticky":false,"template":"","format":"standard","meta":{"footnotes":""},"categories":[28,29],"tags":[],"class_list":["post-50624","post","type-post","status-publish","format-standard","hentry","category-municipales","category-policiales"],"yoast_head":"<!-- This site is optimized with the Yoast SEO plugin v25.9 - https:\/\/yoast.com\/wordpress\/plugins\/seo\/ -->\n<title>Reconocimiento a efectivos policiales - Noticias Radio Reflejos<\/title>\n<meta name=\"robots\" content=\"index, follow, max-snippet:-1, max-image-preview:large, max-video-preview:-1\" \/>\n<link rel=\"canonical\" href=\"https:\/\/www.noticiasradioreflejos.com.ar\/2021\/reconocimiento-a-efectivos-policiales\/\" \/>\n<meta property=\"og:locale\" content=\"es_ES\" \/>\n<meta property=\"og:type\" content=\"article\" \/>\n<meta property=\"og:title\" content=\"Reconocimiento a efectivos policiales - Noticias Radio Reflejos\" \/>\n<meta property=\"og:description\" content=\"El d\u00eda de ayer, el Secretario de Gobierno y Seguridad Ezequiel Gabella, particip\u00f3 de la ceremonia de conmemoraci\u00f3n de los 199 a\u00f1os de la creaci\u00f3n de la Polic\u00eda de la Provincia de Buenos Aires, que tuvo lugar en el Polideportivo de la Asociaci\u00f3n Empleados de Comercio \u201cEzequiel Crisol\u201d, en la localidad vecina de Bah\u00eda Blanca.\" \/>\n<meta property=\"og:url\" content=\"https:\/\/www.noticiasradioreflejos.com.ar\/2021\/reconocimiento-a-efectivos-policiales\/\" \/>\n<meta property=\"og:site_name\" content=\"Noticias Radio Reflejos\" \/>\n<meta property=\"article:published_time\" content=\"2020-12-23T20:06:21+00:00\" \/>\n<meta property=\"og:image\" content=\"http:\/\/live.staticflickr.com\/65535\/50752329142_177e6f097c_z.jpg\" \/>\n<meta name=\"author\" content=\"Arnaldo Botto\" \/>\n<meta name=\"twitter:card\" content=\"summary_large_image\" \/>\n<script type=\"application\/ld+json\" class=\"yoast-schema-graph\">{\"@context\":\"https:\/\/schema.org\",\"@graph\":[{\"@type\":\"WebPage\",\"@id\":\"https:\/\/www.noticiasradioreflejos.com.ar\/2021\/reconocimiento-a-efectivos-policiales\/\",\"url\":\"https:\/\/www.noticiasradioreflejos.com.ar\/2021\/reconocimiento-a-efectivos-policiales\/\",\"name\":\"Reconocimiento a efectivos policiales - Noticias Radio Reflejos\",\"isPartOf\":{\"@id\":\"https:\/\/www.noticiasradioreflejos.com.ar\/2021\/#website\"},\"primaryImageOfPage\":{\"@id\":\"https:\/\/www.noticiasradioreflejos.com.ar\/2021\/reconocimiento-a-efectivos-policiales\/#primaryimage\"},\"image\":{\"@id\":\"https:\/\/www.noticiasradioreflejos.com.ar\/2021\/reconocimiento-a-efectivos-policiales\/#primaryimage\"},\"thumbnailUrl\":\"http:\/\/live.staticflickr.com\/65535\/50752329142_177e6f097c_z.jpg\",\"datePublished\":\"2020-12-23T20:06:21+00:00\",\"author\":{\"@id\":\"https:\/\/www.noticiasradioreflejos.com.ar\/2021\/#\/schema\/person\/ad82545263dcc5ec0996818884fd5fb1\"},\"breadcrumb\":{\"@id\":\"https:\/\/www.noticiasradioreflejos.com.ar\/2021\/reconocimiento-a-efectivos-policiales\/#breadcrumb\"},\"inLanguage\":\"es\",\"potentialAction\":[{\"@type\":\"ReadAction\",\"target\":[\"https:\/\/www.noticiasradioreflejos.com.ar\/2021\/reconocimiento-a-efectivos-policiales\/\"]}]},{\"@type\":\"ImageObject\",\"inLanguage\":\"es\",\"@id\":\"https:\/\/www.noticiasradioreflejos.com.ar\/2021\/reconocimiento-a-efectivos-policiales\/#primaryimage\",\"url\":\"http:\/\/live.staticflickr.com\/65535\/50752329142_177e6f097c_z.jpg\",\"contentUrl\":\"http:\/\/live.staticflickr.com\/65535\/50752329142_177e6f097c_z.jpg\"},{\"@type\":\"BreadcrumbList\",\"@id\":\"https:\/\/www.noticiasradioreflejos.com.ar\/2021\/reconocimiento-a-efectivos-policiales\/#breadcrumb\",\"itemListElement\":[{\"@type\":\"ListItem\",\"position\":1,\"name\":\"Portada\",\"item\":\"https:\/\/www.noticiasradioreflejos.com.ar\/2021\/\"},{\"@type\":\"ListItem\",\"position\":2,\"name\":\"Reconocimiento a efectivos policiales\"}]},{\"@type\":\"WebSite\",\"@id\":\"https:\/\/www.noticiasradioreflejos.com.ar\/2021\/#website\",\"url\":\"https:\/\/www.noticiasradioreflejos.com.ar\/2021\/\",\"name\":\"Noticias Radio Reflejos\",\"description\":\"Las noticias de mi comarca\",\"potentialAction\":[{\"@type\":\"SearchAction\",\"target\":{\"@type\":\"EntryPoint\",\"urlTemplate\":\"https:\/\/www.noticiasradioreflejos.com.ar\/2021\/?s={search_term_string}\"},\"query-input\":{\"@type\":\"PropertyValueSpecification\",\"valueRequired\":true,\"valueName\":\"search_term_string\"}}],\"inLanguage\":\"es\"},{\"@type\":\"Person\",\"@id\":\"https:\/\/www.noticiasradioreflejos.com.ar\/2021\/#\/schema\/person\/ad82545263dcc5ec0996818884fd5fb1\",\"name\":\"Arnaldo Botto\",\"image\":{\"@type\":\"ImageObject\",\"inLanguage\":\"es\",\"@id\":\"https:\/\/www.noticiasradioreflejos.com.ar\/2021\/#\/schema\/person\/image\/\",\"url\":\"https:\/\/secure.gravatar.com\/avatar\/55cb5e37c1efa326397366e6974cb338056df65cb50e7d64d1cf314e87504837?s=96&d=mm&r=g\",\"contentUrl\":\"https:\/\/secure.gravatar.com\/avatar\/55cb5e37c1efa326397366e6974cb338056df65cb50e7d64d1cf314e87504837?s=96&d=mm&r=g\",\"caption\":\"Arnaldo Botto\"},\"url\":\"https:\/\/www.noticiasradioreflejos.com.ar\/2021\/author\/arnaldo\/\"}]}<\/script>\n<!-- \/ Yoast SEO plugin. -->","yoast_head_json":{"title":"Reconocimiento a efectivos policiales - Noticias Radio Reflejos","robots":{"index":"index","follow":"follow","max-snippet":"max-snippet:-1","max-image-preview":"max-image-preview:large","max-video-preview":"max-video-preview:-1"},"canonical":"https:\/\/www.noticiasradioreflejos.com.ar\/2021\/reconocimiento-a-efectivos-policiales\/","og_locale":"es_ES","og_type":"article","og_title":"Reconocimiento a efectivos policiales - Noticias Radio Reflejos","og_description":"El d\u00eda de ayer, el Secretario de Gobierno y Seguridad Ezequiel Gabella, particip\u00f3 de la ceremonia de conmemoraci\u00f3n de los 199 a\u00f1os de la creaci\u00f3n de la Polic\u00eda de la Provincia de Buenos Aires, que tuvo lugar en el Polideportivo de la Asociaci\u00f3n Empleados de Comercio \u201cEzequiel Crisol\u201d, en la localidad vecina de Bah\u00eda Blanca.","og_url":"https:\/\/www.noticiasradioreflejos.com.ar\/2021\/reconocimiento-a-efectivos-policiales\/","og_site_name":"Noticias Radio Reflejos","article_published_time":"2020-12-23T20:06:21+00:00","og_image":[{"url":"http:\/\/live.staticflickr.com\/65535\/50752329142_177e6f097c_z.jpg","type":"","width":"","height":""}],"author":"Arnaldo Botto","twitter_card":"summary_large_image","schema":{"@context":"https:\/\/schema.org","@graph":[{"@type":"WebPage","@id":"https:\/\/www.noticiasradioreflejos.com.ar\/2021\/reconocimiento-a-efectivos-policiales\/","url":"https:\/\/www.noticiasradioreflejos.com.ar\/2021\/reconocimiento-a-efectivos-policiales\/","name":"Reconocimiento a efectivos policiales - Noticias Radio Reflejos","isPartOf":{"@id":"https:\/\/www.noticiasradioreflejos.com.ar\/2021\/#website"},"primaryImageOfPage":{"@id":"https:\/\/www.noticiasradioreflejos.com.ar\/2021\/reconocimiento-a-efectivos-policiales\/#primaryimage"},"image":{"@id":"https:\/\/www.noticiasradioreflejos.com.ar\/2021\/reconocimiento-a-efectivos-policiales\/#primaryimage"},"thumbnailUrl":"http:\/\/live.staticflickr.com\/65535\/50752329142_177e6f097c_z.jpg","datePublished":"2020-12-23T20:06:21+00:00","author":{"@id":"https:\/\/www.noticiasradioreflejos.com.ar\/2021\/#\/schema\/person\/ad82545263dcc5ec0996818884fd5fb1"},"breadcrumb":{"@id":"https:\/\/www.noticiasradioreflejos.com.ar\/2021\/reconocimiento-a-efectivos-policiales\/#breadcrumb"},"inLanguage":"es","potentialAction":[{"@type":"ReadAction","target":["https:\/\/www.noticiasradioreflejos.com.ar\/2021\/reconocimiento-a-efectivos-policiales\/"]}]},{"@type":"ImageObject","inLanguage":"es","@id":"https:\/\/www.noticiasradioreflejos.com.ar\/2021\/reconocimiento-a-efectivos-policiales\/#primaryimage","url":"http:\/\/live.staticflickr.com\/65535\/50752329142_177e6f097c_z.jpg","contentUrl":"http:\/\/live.staticflickr.com\/65535\/50752329142_177e6f097c_z.jpg"},{"@type":"BreadcrumbList","@id":"https:\/\/www.noticiasradioreflejos.com.ar\/2021\/reconocimiento-a-efectivos-policiales\/#breadcrumb","itemListElement":[{"@type":"ListItem","position":1,"name":"Portada","item":"https:\/\/www.noticiasradioreflejos.com.ar\/2021\/"},{"@type":"ListItem","position":2,"name":"Reconocimiento a efectivos policiales"}]},{"@type":"WebSite","@id":"https:\/\/www.noticiasradioreflejos.com.ar\/2021\/#website","url":"https:\/\/www.noticiasradioreflejos.com.ar\/2021\/","name":"Noticias Radio Reflejos","description":"Las noticias de mi comarca","potentialAction":[{"@type":"SearchAction","target":{"@type":"EntryPoint","urlTemplate":"https:\/\/www.noticiasradioreflejos.com.ar\/2021\/?s={search_term_string}"},"query-input":{"@type":"PropertyValueSpecification","valueRequired":true,"valueName":"search_term_string"}}],"inLanguage":"es"},{"@type":"Person","@id":"https:\/\/www.noticiasradioreflejos.com.ar\/2021\/#\/schema\/person\/ad82545263dcc5ec0996818884fd5fb1","name":"Arnaldo Botto","image":{"@type":"ImageObject","inLanguage":"es","@id":"https:\/\/www.noticiasradioreflejos.com.ar\/2021\/#\/schema\/person\/image\/","url":"https:\/\/secure.gravatar.com\/avatar\/55cb5e37c1efa326397366e6974cb338056df65cb50e7d64d1cf314e87504837?s=96&d=mm&r=g","contentUrl":"https:\/\/secure.gravatar.com\/avatar\/55cb5e37c1efa326397366e6974cb338056df65cb50e7d64d1cf314e87504837?s=96&d=mm&r=g","caption":"Arnaldo Botto"},"url":"https:\/\/www.noticiasradioreflejos.com.ar\/2021\/author\/arnaldo\/"}]}},"_links":{"self":[{"href":"https:\/\/www.noticiasradioreflejos.com.ar\/2021\/wp-json\/wp\/v2\/posts\/50624","targetHints":{"allow":["GET"]}}],"collection":[{"href":"https:\/\/www.noticiasradioreflejos.com.ar\/2021\/wp-json\/wp\/v2\/posts"}],"about":[{"href":"https:\/\/www.noticiasradioreflejos.com.ar\/2021\/wp-json\/wp\/v2\/types\/post"}],"author":[{"embeddable":true,"href":"https:\/\/www.noticiasradioreflejos.com.ar\/2021\/wp-json\/wp\/v2\/users\/3"}],"replies":[{"embeddable":true,"href":"https:\/\/www.noticiasradioreflejos.com.ar\/2021\/wp-json\/wp\/v2\/comments?post=50624"}],"version-history":[{"count":0,"href":"https:\/\/www.noticiasradioreflejos.com.ar\/2021\/wp-json\/wp\/v2\/posts\/50624\/revisions"}],"wp:attachment":[{"href":"https:\/\/www.noticiasradioreflejos.com.ar\/2021\/wp-json\/wp\/v2\/media?parent=50624"}],"wp:term":[{"taxonomy":"category","embeddable":true,"href":"https:\/\/www.noticiasradioreflejos.com.ar\/2021\/wp-json\/wp\/v2\/categories?post=50624"},{"taxonomy":"post_tag","embeddable":true,"href":"https:\/\/www.noticiasradioreflejos.com.ar\/2021\/wp-json\/wp\/v2\/tags?post=50624"}],"curies":[{"name":"wp","href":"https:\/\/api.w.org\/{rel}","templated":true}]}}