{"id":50619,"date":"2020-12-23T17:21:52","date_gmt":"2020-12-23T20:21:52","guid":{"rendered":"http:\/\/www.noticiasradioreflejos.com.ar\/noticias\/?p=50619"},"modified":"2020-12-23T17:21:52","modified_gmt":"2020-12-23T20:21:52","slug":"los-trabajadores-han-hecho-el-mayor-esfuerzo-que-han-podido-por-la-pandemia-y-los-jefes-no-lo-estan-reconociendo-claudio-lencinas","status":"publish","type":"post","link":"https:\/\/www.noticiasradioreflejos.com.ar\/2021\/los-trabajadores-han-hecho-el-mayor-esfuerzo-que-han-podido-por-la-pandemia-y-los-jefes-no-lo-estan-reconociendo-claudio-lencinas\/","title":{"rendered":"\u00abLos trabajadores han hecho el mayor esfuerzo que han podido (por la pandemia) y los jefes no lo est\u00e1n reconociendo\u00bb &#8211; Claudio Lencinas"},"content":{"rendered":"<p>Claudio Lencinas, Secretario General del Sindicato de Empleados Municipales, utiliz\u00f3 el espacio de la radio para comentar algunas injusticias que est\u00e1n ocurriendo en otros distritos y poner al d\u00eda la situaci\u00f3n dentro del municipio de Tornquist.<!--more--><\/p>\n<p>\u00abEstamos un poco dolidos por eso que est\u00e1 pasando en Punta Alta y en Tres Arroyos\u00bb comparti\u00f3 Lencina.<\/p>\n<p>\u00abQuerer pagar un aguinaldo en 3 veces en un distrito modelo como es Tres Arroyos es un capricho y una verg\u00fcenza\u00bb opin\u00f3 Claudio sobre la situaci\u00f3n en otros partidos. Lo mismo opin\u00f3 sobre lo que ocurre en Punta Alta, donde trabajadores y trabajadoras hicieron una movilizaci\u00f3n para reclamar lo que les pertenece y terminaron recibiendo un descuento de su sueldo por el paro realizado, \u00abes ins\u00f3lito\u00bb expres\u00f3.<\/p>\n<p>\u00abIndigna porque los trabajadores municipales somos trabajadores de la comunidad. Estamos todos esperando a ver qu\u00e9 resoluciones se toman. Este se\u00f1or intendente no tiene verg\u00fcenza\u00bb sentenci\u00f3.<\/p>\n<p>Claudio inform\u00f3 que hoy tendr\u00e1n una reuni\u00f3n con la Jefatura de Recursos Humanos, ya que aclara que hay algunas cuestiones de la gesti\u00f3n con las cuales no est\u00e1n de acuerdo. \u00abLos trabajadores han hecho el mayor esfuerzo que han podido (por la pandemia) y los jefes no lo est\u00e1n reconociendo\u00bb finaliz\u00f3.<\/p>\n<p>Nota completa a continuaci\u00f3n:<br \/>\n<iframe loading=\"lazy\" src=\"https:\/\/w.soundcloud.com\/player\/?url=https%3A\/\/api.soundcloud.com\/tracks\/952826728&amp;color=%23ff5500&amp;auto_play=false&amp;hide_related=false&amp;show_comments=true&amp;show_user=true&amp;show_reposts=false&amp;show_teaser=true\" width=\"100%\" height=\"166\" frameborder=\"no\" scrolling=\"no\"><\/iframe><\/p>\n<div style=\"font-size: 10px; color: #cccccc; line-break: anywhere; word-break: normal; overflow: hidden; white-space: nowrap; text-overflow: ellipsis; font-family: Interstate,Lucida Grande,Lucida Sans Unicode,Lucida Sans,Garuda,Verdana,Tahoma,sans-serif; font-weight: 100;\"><a style=\"color: #cccccc; text-decoration: none;\" title=\"fmreflejos 103.7\" href=\"https:\/\/soundcloud.com\/fmreflejos-103-7\" target=\"_blank\" rel=\"noopener\">fmreflejos 103.7<\/a> \u00b7 <a style=\"color: #cccccc; text-decoration: none;\" title=\"Nota Claudio Lensina\" href=\"https:\/\/soundcloud.com\/fmreflejos-103-7\/nota-claudio-lensina\" target=\"_blank\" rel=\"noopener\">Nota Claudio Lensina<\/a><\/div>\n","protected":false},"excerpt":{"rendered":"<p>Claudio Lencinas, Secretario General del Sindicato de Empleados Municipales, utiliz\u00f3 el espacio de la radio para comentar algunas injusticias que est\u00e1n ocurriendo en otros distritos y poner al d\u00eda la situaci\u00f3n dentro del municipio de Tornquist.<\/p>\n","protected":false},"author":3,"featured_media":50628,"comment_status":"closed","ping_status":"open","sticky":false,"template":"","format":"standard","meta":{"footnotes":""},"categories":[28,26],"tags":[],"class_list":["post-50619","post","type-post","status-publish","format-standard","has-post-thumbnail","hentry","category-municipales","category-sociedad"],"yoast_head":"<!-- This site is optimized with the Yoast SEO plugin v25.9 - https:\/\/yoast.com\/wordpress\/plugins\/seo\/ -->\n<title>&quot;Los trabajadores han hecho el mayor esfuerzo que han podido (por la pandemia) y los jefes no lo est\u00e1n reconociendo&quot; - Claudio Lencinas - Noticias Radio Reflejos<\/title>\n<meta name=\"robots\" content=\"index, follow, max-snippet:-1, max-image-preview:large, max-video-preview:-1\" \/>\n<link rel=\"canonical\" href=\"https:\/\/www.noticiasradioreflejos.com.ar\/2021\/los-trabajadores-han-hecho-el-mayor-esfuerzo-que-han-podido-por-la-pandemia-y-los-jefes-no-lo-estan-reconociendo-claudio-lencinas\/\" \/>\n<meta property=\"og:locale\" content=\"es_ES\" \/>\n<meta property=\"og:type\" content=\"article\" \/>\n<meta property=\"og:title\" content=\"&quot;Los trabajadores han hecho el mayor esfuerzo que han podido (por la pandemia) y los jefes no lo est\u00e1n reconociendo&quot; - Claudio Lencinas - Noticias Radio Reflejos\" \/>\n<meta property=\"og:description\" content=\"Claudio Lencinas, Secretario General del Sindicato de Empleados Municipales, utiliz\u00f3 el espacio de la radio para comentar algunas injusticias que est\u00e1n ocurriendo en otros distritos y poner al d\u00eda la situaci\u00f3n dentro del municipio de Tornquist.\" \/>\n<meta property=\"og:url\" content=\"https:\/\/www.noticiasradioreflejos.com.ar\/2021\/los-trabajadores-han-hecho-el-mayor-esfuerzo-que-han-podido-por-la-pandemia-y-los-jefes-no-lo-estan-reconociendo-claudio-lencinas\/\" \/>\n<meta property=\"og:site_name\" content=\"Noticias Radio Reflejos\" \/>\n<meta property=\"article:published_time\" content=\"2020-12-23T20:21:52+00:00\" \/>\n<meta property=\"og:image\" content=\"https:\/\/www.noticiasradioreflejos.com.ar\/2021\/wp-content\/uploads\/2020\/12\/Lencinas.jpg\" \/>\n\t<meta property=\"og:image:width\" content=\"550\" \/>\n\t<meta property=\"og:image:height\" content=\"483\" \/>\n\t<meta property=\"og:image:type\" content=\"image\/jpeg\" \/>\n<meta name=\"author\" content=\"Arnaldo Botto\" \/>\n<meta name=\"twitter:card\" content=\"summary_large_image\" \/>\n<script type=\"application\/ld+json\" class=\"yoast-schema-graph\">{\"@context\":\"https:\/\/schema.org\",\"@graph\":[{\"@type\":\"WebPage\",\"@id\":\"https:\/\/www.noticiasradioreflejos.com.ar\/2021\/los-trabajadores-han-hecho-el-mayor-esfuerzo-que-han-podido-por-la-pandemia-y-los-jefes-no-lo-estan-reconociendo-claudio-lencinas\/\",\"url\":\"https:\/\/www.noticiasradioreflejos.com.ar\/2021\/los-trabajadores-han-hecho-el-mayor-esfuerzo-que-han-podido-por-la-pandemia-y-los-jefes-no-lo-estan-reconociendo-claudio-lencinas\/\",\"name\":\"\\\"Los trabajadores han hecho el mayor esfuerzo que han podido (por la pandemia) y los jefes no lo est\u00e1n reconociendo\\\" - Claudio Lencinas - Noticias Radio Reflejos\",\"isPartOf\":{\"@id\":\"https:\/\/www.noticiasradioreflejos.com.ar\/2021\/#website\"},\"primaryImageOfPage\":{\"@id\":\"https:\/\/www.noticiasradioreflejos.com.ar\/2021\/los-trabajadores-han-hecho-el-mayor-esfuerzo-que-han-podido-por-la-pandemia-y-los-jefes-no-lo-estan-reconociendo-claudio-lencinas\/#primaryimage\"},\"image\":{\"@id\":\"https:\/\/www.noticiasradioreflejos.com.ar\/2021\/los-trabajadores-han-hecho-el-mayor-esfuerzo-que-han-podido-por-la-pandemia-y-los-jefes-no-lo-estan-reconociendo-claudio-lencinas\/#primaryimage\"},\"thumbnailUrl\":\"https:\/\/www.noticiasradioreflejos.com.ar\/2021\/wp-content\/uploads\/2020\/12\/Lencinas.jpg\",\"datePublished\":\"2020-12-23T20:21:52+00:00\",\"author\":{\"@id\":\"https:\/\/www.noticiasradioreflejos.com.ar\/2021\/#\/schema\/person\/ad82545263dcc5ec0996818884fd5fb1\"},\"breadcrumb\":{\"@id\":\"https:\/\/www.noticiasradioreflejos.com.ar\/2021\/los-trabajadores-han-hecho-el-mayor-esfuerzo-que-han-podido-por-la-pandemia-y-los-jefes-no-lo-estan-reconociendo-claudio-lencinas\/#breadcrumb\"},\"inLanguage\":\"es\",\"potentialAction\":[{\"@type\":\"ReadAction\",\"target\":[\"https:\/\/www.noticiasradioreflejos.com.ar\/2021\/los-trabajadores-han-hecho-el-mayor-esfuerzo-que-han-podido-por-la-pandemia-y-los-jefes-no-lo-estan-reconociendo-claudio-lencinas\/\"]}]},{\"@type\":\"ImageObject\",\"inLanguage\":\"es\",\"@id\":\"https:\/\/www.noticiasradioreflejos.com.ar\/2021\/los-trabajadores-han-hecho-el-mayor-esfuerzo-que-han-podido-por-la-pandemia-y-los-jefes-no-lo-estan-reconociendo-claudio-lencinas\/#primaryimage\",\"url\":\"https:\/\/www.noticiasradioreflejos.com.ar\/2021\/wp-content\/uploads\/2020\/12\/Lencinas.jpg\",\"contentUrl\":\"https:\/\/www.noticiasradioreflejos.com.ar\/2021\/wp-content\/uploads\/2020\/12\/Lencinas.jpg\",\"width\":550,\"height\":483},{\"@type\":\"BreadcrumbList\",\"@id\":\"https:\/\/www.noticiasradioreflejos.com.ar\/2021\/los-trabajadores-han-hecho-el-mayor-esfuerzo-que-han-podido-por-la-pandemia-y-los-jefes-no-lo-estan-reconociendo-claudio-lencinas\/#breadcrumb\",\"itemListElement\":[{\"@type\":\"ListItem\",\"position\":1,\"name\":\"Portada\",\"item\":\"https:\/\/www.noticiasradioreflejos.com.ar\/2021\/\"},{\"@type\":\"ListItem\",\"position\":2,\"name\":\"\u00abLos trabajadores han hecho el mayor esfuerzo que han podido (por la pandemia) y los jefes no lo est\u00e1n reconociendo\u00bb &#8211; Claudio Lencinas\"}]},{\"@type\":\"WebSite\",\"@id\":\"https:\/\/www.noticiasradioreflejos.com.ar\/2021\/#website\",\"url\":\"https:\/\/www.noticiasradioreflejos.com.ar\/2021\/\",\"name\":\"Noticias Radio Reflejos\",\"description\":\"Las noticias de mi comarca\",\"potentialAction\":[{\"@type\":\"SearchAction\",\"target\":{\"@type\":\"EntryPoint\",\"urlTemplate\":\"https:\/\/www.noticiasradioreflejos.com.ar\/2021\/?s={search_term_string}\"},\"query-input\":{\"@type\":\"PropertyValueSpecification\",\"valueRequired\":true,\"valueName\":\"search_term_string\"}}],\"inLanguage\":\"es\"},{\"@type\":\"Person\",\"@id\":\"https:\/\/www.noticiasradioreflejos.com.ar\/2021\/#\/schema\/person\/ad82545263dcc5ec0996818884fd5fb1\",\"name\":\"Arnaldo Botto\",\"image\":{\"@type\":\"ImageObject\",\"inLanguage\":\"es\",\"@id\":\"https:\/\/www.noticiasradioreflejos.com.ar\/2021\/#\/schema\/person\/image\/\",\"url\":\"https:\/\/secure.gravatar.com\/avatar\/55cb5e37c1efa326397366e6974cb338056df65cb50e7d64d1cf314e87504837?s=96&d=mm&r=g\",\"contentUrl\":\"https:\/\/secure.gravatar.com\/avatar\/55cb5e37c1efa326397366e6974cb338056df65cb50e7d64d1cf314e87504837?s=96&d=mm&r=g\",\"caption\":\"Arnaldo Botto\"},\"url\":\"https:\/\/www.noticiasradioreflejos.com.ar\/2021\/author\/arnaldo\/\"}]}<\/script>\n<!-- \/ Yoast SEO plugin. -->","yoast_head_json":{"title":"\"Los trabajadores han hecho el mayor esfuerzo que han podido (por la pandemia) y los jefes no lo est\u00e1n reconociendo\" - Claudio Lencinas - Noticias Radio Reflejos","robots":{"index":"index","follow":"follow","max-snippet":"max-snippet:-1","max-image-preview":"max-image-preview:large","max-video-preview":"max-video-preview:-1"},"canonical":"https:\/\/www.noticiasradioreflejos.com.ar\/2021\/los-trabajadores-han-hecho-el-mayor-esfuerzo-que-han-podido-por-la-pandemia-y-los-jefes-no-lo-estan-reconociendo-claudio-lencinas\/","og_locale":"es_ES","og_type":"article","og_title":"\"Los trabajadores han hecho el mayor esfuerzo que han podido (por la pandemia) y los jefes no lo est\u00e1n reconociendo\" - Claudio Lencinas - Noticias Radio Reflejos","og_description":"Claudio Lencinas, Secretario General del Sindicato de Empleados Municipales, utiliz\u00f3 el espacio de la radio para comentar algunas injusticias que est\u00e1n ocurriendo en otros distritos y poner al d\u00eda la situaci\u00f3n dentro del municipio de Tornquist.","og_url":"https:\/\/www.noticiasradioreflejos.com.ar\/2021\/los-trabajadores-han-hecho-el-mayor-esfuerzo-que-han-podido-por-la-pandemia-y-los-jefes-no-lo-estan-reconociendo-claudio-lencinas\/","og_site_name":"Noticias Radio Reflejos","article_published_time":"2020-12-23T20:21:52+00:00","og_image":[{"width":550,"height":483,"url":"https:\/\/www.noticiasradioreflejos.com.ar\/2021\/wp-content\/uploads\/2020\/12\/Lencinas.jpg","type":"image\/jpeg"}],"author":"Arnaldo Botto","twitter_card":"summary_large_image","schema":{"@context":"https:\/\/schema.org","@graph":[{"@type":"WebPage","@id":"https:\/\/www.noticiasradioreflejos.com.ar\/2021\/los-trabajadores-han-hecho-el-mayor-esfuerzo-que-han-podido-por-la-pandemia-y-los-jefes-no-lo-estan-reconociendo-claudio-lencinas\/","url":"https:\/\/www.noticiasradioreflejos.com.ar\/2021\/los-trabajadores-han-hecho-el-mayor-esfuerzo-que-han-podido-por-la-pandemia-y-los-jefes-no-lo-estan-reconociendo-claudio-lencinas\/","name":"\"Los trabajadores han hecho el mayor esfuerzo que han podido (por la pandemia) y los jefes no lo est\u00e1n reconociendo\" - Claudio Lencinas - Noticias Radio Reflejos","isPartOf":{"@id":"https:\/\/www.noticiasradioreflejos.com.ar\/2021\/#website"},"primaryImageOfPage":{"@id":"https:\/\/www.noticiasradioreflejos.com.ar\/2021\/los-trabajadores-han-hecho-el-mayor-esfuerzo-que-han-podido-por-la-pandemia-y-los-jefes-no-lo-estan-reconociendo-claudio-lencinas\/#primaryimage"},"image":{"@id":"https:\/\/www.noticiasradioreflejos.com.ar\/2021\/los-trabajadores-han-hecho-el-mayor-esfuerzo-que-han-podido-por-la-pandemia-y-los-jefes-no-lo-estan-reconociendo-claudio-lencinas\/#primaryimage"},"thumbnailUrl":"https:\/\/www.noticiasradioreflejos.com.ar\/2021\/wp-content\/uploads\/2020\/12\/Lencinas.jpg","datePublished":"2020-12-23T20:21:52+00:00","author":{"@id":"https:\/\/www.noticiasradioreflejos.com.ar\/2021\/#\/schema\/person\/ad82545263dcc5ec0996818884fd5fb1"},"breadcrumb":{"@id":"https:\/\/www.noticiasradioreflejos.com.ar\/2021\/los-trabajadores-han-hecho-el-mayor-esfuerzo-que-han-podido-por-la-pandemia-y-los-jefes-no-lo-estan-reconociendo-claudio-lencinas\/#breadcrumb"},"inLanguage":"es","potentialAction":[{"@type":"ReadAction","target":["https:\/\/www.noticiasradioreflejos.com.ar\/2021\/los-trabajadores-han-hecho-el-mayor-esfuerzo-que-han-podido-por-la-pandemia-y-los-jefes-no-lo-estan-reconociendo-claudio-lencinas\/"]}]},{"@type":"ImageObject","inLanguage":"es","@id":"https:\/\/www.noticiasradioreflejos.com.ar\/2021\/los-trabajadores-han-hecho-el-mayor-esfuerzo-que-han-podido-por-la-pandemia-y-los-jefes-no-lo-estan-reconociendo-claudio-lencinas\/#primaryimage","url":"https:\/\/www.noticiasradioreflejos.com.ar\/2021\/wp-content\/uploads\/2020\/12\/Lencinas.jpg","contentUrl":"https:\/\/www.noticiasradioreflejos.com.ar\/2021\/wp-content\/uploads\/2020\/12\/Lencinas.jpg","width":550,"height":483},{"@type":"BreadcrumbList","@id":"https:\/\/www.noticiasradioreflejos.com.ar\/2021\/los-trabajadores-han-hecho-el-mayor-esfuerzo-que-han-podido-por-la-pandemia-y-los-jefes-no-lo-estan-reconociendo-claudio-lencinas\/#breadcrumb","itemListElement":[{"@type":"ListItem","position":1,"name":"Portada","item":"https:\/\/www.noticiasradioreflejos.com.ar\/2021\/"},{"@type":"ListItem","position":2,"name":"\u00abLos trabajadores han hecho el mayor esfuerzo que han podido (por la pandemia) y los jefes no lo est\u00e1n reconociendo\u00bb &#8211; Claudio Lencinas"}]},{"@type":"WebSite","@id":"https:\/\/www.noticiasradioreflejos.com.ar\/2021\/#website","url":"https:\/\/www.noticiasradioreflejos.com.ar\/2021\/","name":"Noticias Radio Reflejos","description":"Las noticias de mi comarca","potentialAction":[{"@type":"SearchAction","target":{"@type":"EntryPoint","urlTemplate":"https:\/\/www.noticiasradioreflejos.com.ar\/2021\/?s={search_term_string}"},"query-input":{"@type":"PropertyValueSpecification","valueRequired":true,"valueName":"search_term_string"}}],"inLanguage":"es"},{"@type":"Person","@id":"https:\/\/www.noticiasradioreflejos.com.ar\/2021\/#\/schema\/person\/ad82545263dcc5ec0996818884fd5fb1","name":"Arnaldo Botto","image":{"@type":"ImageObject","inLanguage":"es","@id":"https:\/\/www.noticiasradioreflejos.com.ar\/2021\/#\/schema\/person\/image\/","url":"https:\/\/secure.gravatar.com\/avatar\/55cb5e37c1efa326397366e6974cb338056df65cb50e7d64d1cf314e87504837?s=96&d=mm&r=g","contentUrl":"https:\/\/secure.gravatar.com\/avatar\/55cb5e37c1efa326397366e6974cb338056df65cb50e7d64d1cf314e87504837?s=96&d=mm&r=g","caption":"Arnaldo Botto"},"url":"https:\/\/www.noticiasradioreflejos.com.ar\/2021\/author\/arnaldo\/"}]}},"_links":{"self":[{"href":"https:\/\/www.noticiasradioreflejos.com.ar\/2021\/wp-json\/wp\/v2\/posts\/50619","targetHints":{"allow":["GET"]}}],"collection":[{"href":"https:\/\/www.noticiasradioreflejos.com.ar\/2021\/wp-json\/wp\/v2\/posts"}],"about":[{"href":"https:\/\/www.noticiasradioreflejos.com.ar\/2021\/wp-json\/wp\/v2\/types\/post"}],"author":[{"embeddable":true,"href":"https:\/\/www.noticiasradioreflejos.com.ar\/2021\/wp-json\/wp\/v2\/users\/3"}],"replies":[{"embeddable":true,"href":"https:\/\/www.noticiasradioreflejos.com.ar\/2021\/wp-json\/wp\/v2\/comments?post=50619"}],"version-history":[{"count":0,"href":"https:\/\/www.noticiasradioreflejos.com.ar\/2021\/wp-json\/wp\/v2\/posts\/50619\/revisions"}],"wp:featuredmedia":[{"embeddable":true,"href":"https:\/\/www.noticiasradioreflejos.com.ar\/2021\/wp-json\/wp\/v2\/media\/50628"}],"wp:attachment":[{"href":"https:\/\/www.noticiasradioreflejos.com.ar\/2021\/wp-json\/wp\/v2\/media?parent=50619"}],"wp:term":[{"taxonomy":"category","embeddable":true,"href":"https:\/\/www.noticiasradioreflejos.com.ar\/2021\/wp-json\/wp\/v2\/categories?post=50619"},{"taxonomy":"post_tag","embeddable":true,"href":"https:\/\/www.noticiasradioreflejos.com.ar\/2021\/wp-json\/wp\/v2\/tags?post=50619"}],"curies":[{"name":"wp","href":"https:\/\/api.w.org\/{rel}","templated":true}]}}