{"id":50513,"date":"2020-12-21T17:14:14","date_gmt":"2020-12-21T20:14:14","guid":{"rendered":"http:\/\/www.noticiasradioreflejos.com.ar\/noticias\/?p=50513"},"modified":"2020-12-21T17:14:14","modified_gmt":"2020-12-21T20:14:14","slug":"abre-la-inscripcion-a-emergencia-guardavidas-y-profesores-de-educacion-fisica","status":"publish","type":"post","link":"https:\/\/www.noticiasradioreflejos.com.ar\/2021\/abre-la-inscripcion-a-emergencia-guardavidas-y-profesores-de-educacion-fisica\/","title":{"rendered":"Abre la inscripci\u00f3n a Emergencia: GUARDAVIDAS  y PROFESORES DE EDUCACI\u00d3N F\u00cdSICA"},"content":{"rendered":"<p>Secretaria de Asuntos Docentes de Tornquist en el marco del Programa Verano ATR 2020\/2021<!--more--><\/p>\n<p>CRONOGRAMA:<br \/>\nFECHAS ACCIONES<br \/>\n21\/12\/20 AL 28\/12\/20 hasta las 12 hs (recepci\u00f3n de mails, ingresos posteriores no se considerar\u00e1n) DIFUSI\u00d3N e inscripciones. INSCRIPCIONES AL CORREO DE SAD : sad105@abc.gob.ar<\/p>\n<p>28\/12 a trav\u00e9s del correo informado por los inscriptos.<br \/>\nEVALUACI\u00d3N Y NOTIFICACI\u00d3N<\/p>\n<p>INSCRIPCIONES:<br \/>\nEnviar la documentaci\u00f3n digitalizada al correo de la SAD (sad105 @abc.gob.ar)<\/p>\n<p>Los interesados GUARDAVIDAS deber\u00e1n presentar:<br \/>\n\u2022 Planilla de inscripci\u00f3n<br \/>\n\u2022 Juego completo de la siguiente documentaci\u00f3n:<br \/>\nDNI<br \/>\nT\u00edtulo habilitante registrado en Consejo Escolar<br \/>\nCopia Libreta de guardavidas y rev\u00e1lida correspondiente.<br \/>\nFormulario 354 de desempe\u00f1o y \u00faltimas dos calificaciones SET 4, en caso de poseer antecedentes laborales en DGC y E.<\/p>\n<p>EL ASPIRANTE DEBER\u00c1 CONTAR CON LA PRUEBA ANUAL DE SUFICIENCIA DEL A\u00d1O 2020<\/p>\n<p>Los interesados PROFESORES DE EDUCACI\u00d3N F\u00cdSICA deber\u00e1n presentar:<br \/>\n\u2022 <span style=\"color: #0000ff;\"><a style=\"color: #0000ff;\" href=\"https:\/\/es.scribd.com\/document\/488856747\/SAD-Planilla-Emergencias\" target=\"_blank\" rel=\"noopener\"><strong>Planilla de inscripci\u00f3n<\/strong><\/a><\/span><br \/>\n\u2022 Juego completo de la siguiente documentaci\u00f3n:<br \/>\nDNI<br \/>\nT\u00edtulo Secundario registrado en Consejo Escolar.<br \/>\nConstancia alumno regular: Anal\u00edtico del Profesorado en Educaci\u00f3n F\u00edsica a partir del 40% de materias aprobadas y constancia de alumno regular<\/p>\n<p>IMPORTANTE: DECLARAR EN FORMA CLARA Y LEGIBLE CORREO ELECTR\u00d3NICO Y N\u00daMERO DE CONTACTO.<br \/>\nESTAR PENDIENTE AL CORREO POR DONDE SE ENVIAR\u00c1 EL LISTADO PARA SU NOTIFICACI\u00d3N.<\/p>\n<p>Atentamente:<br \/>\nSILVANA VITTORI<br \/>\nSAD<\/p>\n","protected":false},"excerpt":{"rendered":"<p>Secretaria de Asuntos Docentes de Tornquist en el marco del Programa Verano ATR 2020\/2021<\/p>\n","protected":false},"author":3,"featured_media":0,"comment_status":"closed","ping_status":"open","sticky":false,"template":"","format":"standard","meta":{"footnotes":""},"categories":[34],"tags":[],"class_list":["post-50513","post","type-post","status-publish","format-standard","hentry","category-educacion"],"yoast_head":"<!-- This site is optimized with the Yoast SEO plugin v25.9 - https:\/\/yoast.com\/wordpress\/plugins\/seo\/ -->\n<title>Abre la inscripci\u00f3n a Emergencia: GUARDAVIDAS y PROFESORES DE EDUCACI\u00d3N F\u00cdSICA - Noticias Radio Reflejos<\/title>\n<meta name=\"robots\" content=\"index, follow, max-snippet:-1, max-image-preview:large, max-video-preview:-1\" \/>\n<link rel=\"canonical\" href=\"https:\/\/www.noticiasradioreflejos.com.ar\/2021\/abre-la-inscripcion-a-emergencia-guardavidas-y-profesores-de-educacion-fisica\/\" \/>\n<meta property=\"og:locale\" content=\"es_ES\" \/>\n<meta property=\"og:type\" content=\"article\" \/>\n<meta property=\"og:title\" content=\"Abre la inscripci\u00f3n a Emergencia: GUARDAVIDAS y PROFESORES DE EDUCACI\u00d3N F\u00cdSICA - Noticias Radio Reflejos\" \/>\n<meta property=\"og:description\" content=\"Secretaria de Asuntos Docentes de Tornquist en el marco del Programa Verano ATR 2020\/2021\" \/>\n<meta property=\"og:url\" content=\"https:\/\/www.noticiasradioreflejos.com.ar\/2021\/abre-la-inscripcion-a-emergencia-guardavidas-y-profesores-de-educacion-fisica\/\" \/>\n<meta property=\"og:site_name\" content=\"Noticias Radio Reflejos\" \/>\n<meta property=\"article:published_time\" content=\"2020-12-21T20:14:14+00:00\" \/>\n<meta property=\"og:image\" content=\"https:\/\/www.noticiasradioreflejos.com.ar\/2021\/wp-content\/uploads\/2021\/07\/logosol300x200.png\" \/>\n\t<meta property=\"og:image:width\" content=\"300\" \/>\n\t<meta property=\"og:image:height\" content=\"200\" \/>\n\t<meta property=\"og:image:type\" content=\"image\/png\" \/>\n<meta name=\"author\" content=\"Arnaldo Botto\" \/>\n<meta name=\"twitter:card\" content=\"summary_large_image\" \/>\n<script type=\"application\/ld+json\" class=\"yoast-schema-graph\">{\"@context\":\"https:\/\/schema.org\",\"@graph\":[{\"@type\":\"WebPage\",\"@id\":\"https:\/\/www.noticiasradioreflejos.com.ar\/2021\/abre-la-inscripcion-a-emergencia-guardavidas-y-profesores-de-educacion-fisica\/\",\"url\":\"https:\/\/www.noticiasradioreflejos.com.ar\/2021\/abre-la-inscripcion-a-emergencia-guardavidas-y-profesores-de-educacion-fisica\/\",\"name\":\"Abre la inscripci\u00f3n a Emergencia: GUARDAVIDAS y PROFESORES DE EDUCACI\u00d3N F\u00cdSICA - Noticias Radio Reflejos\",\"isPartOf\":{\"@id\":\"https:\/\/www.noticiasradioreflejos.com.ar\/2021\/#website\"},\"datePublished\":\"2020-12-21T20:14:14+00:00\",\"author\":{\"@id\":\"https:\/\/www.noticiasradioreflejos.com.ar\/2021\/#\/schema\/person\/ad82545263dcc5ec0996818884fd5fb1\"},\"breadcrumb\":{\"@id\":\"https:\/\/www.noticiasradioreflejos.com.ar\/2021\/abre-la-inscripcion-a-emergencia-guardavidas-y-profesores-de-educacion-fisica\/#breadcrumb\"},\"inLanguage\":\"es\",\"potentialAction\":[{\"@type\":\"ReadAction\",\"target\":[\"https:\/\/www.noticiasradioreflejos.com.ar\/2021\/abre-la-inscripcion-a-emergencia-guardavidas-y-profesores-de-educacion-fisica\/\"]}]},{\"@type\":\"BreadcrumbList\",\"@id\":\"https:\/\/www.noticiasradioreflejos.com.ar\/2021\/abre-la-inscripcion-a-emergencia-guardavidas-y-profesores-de-educacion-fisica\/#breadcrumb\",\"itemListElement\":[{\"@type\":\"ListItem\",\"position\":1,\"name\":\"Portada\",\"item\":\"https:\/\/www.noticiasradioreflejos.com.ar\/2021\/\"},{\"@type\":\"ListItem\",\"position\":2,\"name\":\"Abre la inscripci\u00f3n a Emergencia: GUARDAVIDAS y PROFESORES DE EDUCACI\u00d3N F\u00cdSICA\"}]},{\"@type\":\"WebSite\",\"@id\":\"https:\/\/www.noticiasradioreflejos.com.ar\/2021\/#website\",\"url\":\"https:\/\/www.noticiasradioreflejos.com.ar\/2021\/\",\"name\":\"Noticias Radio Reflejos\",\"description\":\"Las noticias de mi comarca\",\"potentialAction\":[{\"@type\":\"SearchAction\",\"target\":{\"@type\":\"EntryPoint\",\"urlTemplate\":\"https:\/\/www.noticiasradioreflejos.com.ar\/2021\/?s={search_term_string}\"},\"query-input\":{\"@type\":\"PropertyValueSpecification\",\"valueRequired\":true,\"valueName\":\"search_term_string\"}}],\"inLanguage\":\"es\"},{\"@type\":\"Person\",\"@id\":\"https:\/\/www.noticiasradioreflejos.com.ar\/2021\/#\/schema\/person\/ad82545263dcc5ec0996818884fd5fb1\",\"name\":\"Arnaldo Botto\",\"image\":{\"@type\":\"ImageObject\",\"inLanguage\":\"es\",\"@id\":\"https:\/\/www.noticiasradioreflejos.com.ar\/2021\/#\/schema\/person\/image\/\",\"url\":\"https:\/\/secure.gravatar.com\/avatar\/55cb5e37c1efa326397366e6974cb338056df65cb50e7d64d1cf314e87504837?s=96&d=mm&r=g\",\"contentUrl\":\"https:\/\/secure.gravatar.com\/avatar\/55cb5e37c1efa326397366e6974cb338056df65cb50e7d64d1cf314e87504837?s=96&d=mm&r=g\",\"caption\":\"Arnaldo Botto\"},\"url\":\"https:\/\/www.noticiasradioreflejos.com.ar\/2021\/author\/arnaldo\/\"}]}<\/script>\n<!-- \/ Yoast SEO plugin. -->","yoast_head_json":{"title":"Abre la inscripci\u00f3n a Emergencia: GUARDAVIDAS y PROFESORES DE EDUCACI\u00d3N F\u00cdSICA - Noticias Radio Reflejos","robots":{"index":"index","follow":"follow","max-snippet":"max-snippet:-1","max-image-preview":"max-image-preview:large","max-video-preview":"max-video-preview:-1"},"canonical":"https:\/\/www.noticiasradioreflejos.com.ar\/2021\/abre-la-inscripcion-a-emergencia-guardavidas-y-profesores-de-educacion-fisica\/","og_locale":"es_ES","og_type":"article","og_title":"Abre la inscripci\u00f3n a Emergencia: GUARDAVIDAS y PROFESORES DE EDUCACI\u00d3N F\u00cdSICA - Noticias Radio Reflejos","og_description":"Secretaria de Asuntos Docentes de Tornquist en el marco del Programa Verano ATR 2020\/2021","og_url":"https:\/\/www.noticiasradioreflejos.com.ar\/2021\/abre-la-inscripcion-a-emergencia-guardavidas-y-profesores-de-educacion-fisica\/","og_site_name":"Noticias Radio Reflejos","article_published_time":"2020-12-21T20:14:14+00:00","og_image":[{"width":300,"height":200,"url":"https:\/\/www.noticiasradioreflejos.com.ar\/2021\/wp-content\/uploads\/2021\/07\/logosol300x200.png","type":"image\/png"}],"author":"Arnaldo Botto","twitter_card":"summary_large_image","schema":{"@context":"https:\/\/schema.org","@graph":[{"@type":"WebPage","@id":"https:\/\/www.noticiasradioreflejos.com.ar\/2021\/abre-la-inscripcion-a-emergencia-guardavidas-y-profesores-de-educacion-fisica\/","url":"https:\/\/www.noticiasradioreflejos.com.ar\/2021\/abre-la-inscripcion-a-emergencia-guardavidas-y-profesores-de-educacion-fisica\/","name":"Abre la inscripci\u00f3n a Emergencia: GUARDAVIDAS y PROFESORES DE EDUCACI\u00d3N F\u00cdSICA - Noticias Radio Reflejos","isPartOf":{"@id":"https:\/\/www.noticiasradioreflejos.com.ar\/2021\/#website"},"datePublished":"2020-12-21T20:14:14+00:00","author":{"@id":"https:\/\/www.noticiasradioreflejos.com.ar\/2021\/#\/schema\/person\/ad82545263dcc5ec0996818884fd5fb1"},"breadcrumb":{"@id":"https:\/\/www.noticiasradioreflejos.com.ar\/2021\/abre-la-inscripcion-a-emergencia-guardavidas-y-profesores-de-educacion-fisica\/#breadcrumb"},"inLanguage":"es","potentialAction":[{"@type":"ReadAction","target":["https:\/\/www.noticiasradioreflejos.com.ar\/2021\/abre-la-inscripcion-a-emergencia-guardavidas-y-profesores-de-educacion-fisica\/"]}]},{"@type":"BreadcrumbList","@id":"https:\/\/www.noticiasradioreflejos.com.ar\/2021\/abre-la-inscripcion-a-emergencia-guardavidas-y-profesores-de-educacion-fisica\/#breadcrumb","itemListElement":[{"@type":"ListItem","position":1,"name":"Portada","item":"https:\/\/www.noticiasradioreflejos.com.ar\/2021\/"},{"@type":"ListItem","position":2,"name":"Abre la inscripci\u00f3n a Emergencia: GUARDAVIDAS y PROFESORES DE EDUCACI\u00d3N F\u00cdSICA"}]},{"@type":"WebSite","@id":"https:\/\/www.noticiasradioreflejos.com.ar\/2021\/#website","url":"https:\/\/www.noticiasradioreflejos.com.ar\/2021\/","name":"Noticias Radio Reflejos","description":"Las noticias de mi comarca","potentialAction":[{"@type":"SearchAction","target":{"@type":"EntryPoint","urlTemplate":"https:\/\/www.noticiasradioreflejos.com.ar\/2021\/?s={search_term_string}"},"query-input":{"@type":"PropertyValueSpecification","valueRequired":true,"valueName":"search_term_string"}}],"inLanguage":"es"},{"@type":"Person","@id":"https:\/\/www.noticiasradioreflejos.com.ar\/2021\/#\/schema\/person\/ad82545263dcc5ec0996818884fd5fb1","name":"Arnaldo Botto","image":{"@type":"ImageObject","inLanguage":"es","@id":"https:\/\/www.noticiasradioreflejos.com.ar\/2021\/#\/schema\/person\/image\/","url":"https:\/\/secure.gravatar.com\/avatar\/55cb5e37c1efa326397366e6974cb338056df65cb50e7d64d1cf314e87504837?s=96&d=mm&r=g","contentUrl":"https:\/\/secure.gravatar.com\/avatar\/55cb5e37c1efa326397366e6974cb338056df65cb50e7d64d1cf314e87504837?s=96&d=mm&r=g","caption":"Arnaldo Botto"},"url":"https:\/\/www.noticiasradioreflejos.com.ar\/2021\/author\/arnaldo\/"}]}},"_links":{"self":[{"href":"https:\/\/www.noticiasradioreflejos.com.ar\/2021\/wp-json\/wp\/v2\/posts\/50513","targetHints":{"allow":["GET"]}}],"collection":[{"href":"https:\/\/www.noticiasradioreflejos.com.ar\/2021\/wp-json\/wp\/v2\/posts"}],"about":[{"href":"https:\/\/www.noticiasradioreflejos.com.ar\/2021\/wp-json\/wp\/v2\/types\/post"}],"author":[{"embeddable":true,"href":"https:\/\/www.noticiasradioreflejos.com.ar\/2021\/wp-json\/wp\/v2\/users\/3"}],"replies":[{"embeddable":true,"href":"https:\/\/www.noticiasradioreflejos.com.ar\/2021\/wp-json\/wp\/v2\/comments?post=50513"}],"version-history":[{"count":0,"href":"https:\/\/www.noticiasradioreflejos.com.ar\/2021\/wp-json\/wp\/v2\/posts\/50513\/revisions"}],"wp:attachment":[{"href":"https:\/\/www.noticiasradioreflejos.com.ar\/2021\/wp-json\/wp\/v2\/media?parent=50513"}],"wp:term":[{"taxonomy":"category","embeddable":true,"href":"https:\/\/www.noticiasradioreflejos.com.ar\/2021\/wp-json\/wp\/v2\/categories?post=50513"},{"taxonomy":"post_tag","embeddable":true,"href":"https:\/\/www.noticiasradioreflejos.com.ar\/2021\/wp-json\/wp\/v2\/tags?post=50513"}],"curies":[{"name":"wp","href":"https:\/\/api.w.org\/{rel}","templated":true}]}}