{"id":5051,"date":"2016-12-22T13:22:06","date_gmt":"2016-12-22T13:22:06","guid":{"rendered":"http:\/\/noticiasradioreflejos.com.ar\/noticias\/?p=5051"},"modified":"2016-12-22T13:22:06","modified_gmt":"2016-12-22T13:22:06","slug":"5051","status":"publish","type":"post","link":"https:\/\/www.noticiasradioreflejos.com.ar\/2021\/5051\/","title":{"rendered":"El Frente Renovador de Tornquist cerr\u00f3 el a\u00f1o con sus seguidores en Sierra de la Ventana"},"content":{"rendered":"<p><a title=\"despe3\" href=\"http:\/\/farm1.staticflickr.com\/377\/30962297704_01bc7d17d2.jpg\" rel=\"\"><img loading=\"lazy\" decoding=\"async\" class=\"alignleft\" style=\"float: left;\" title=\"despe3\" src=\"http:\/\/farm1.staticflickr.com\/377\/30962297704_01bc7d17d2.jpg\" alt=\"despe3\" width=\"500\" height=\"375\" \/><\/a>Los temas que importan a los trabajadores\u00a0Argentinos son los que ha puesto en discusi\u00f3n el cro.\u00a0Sergio Massa, por ello el compromiso como vecinos de \u00e9ste hermoso Distrito es seguir en la lucha como lo venimos haciendo desde hace a\u00f1os.<br \/>\nNuestro espacio pol\u00edtico contin\u00faa creciendo y el 2017 nos traer\u00e1 buenos\u00a0augurios. El pueblo es perseverante pero a lo largo de nuestra historia pol\u00edtica ha demostrado que no mastica vidrio.<br \/>\nNo todo se puede resolver con marketing y timbreos, es hora de que empecemos a hacer valer nuestros derechos como vecinos y como votantes.<br \/>\nLa calidad de vida en Tornquist es \u00f3ptima comparada con otros distritos pero, el gobierno local,\u00a0sigue sin entender que el turismo es una industria sin chimeneas.<!--more--><br \/>\nY que el crecimiento de Tornquist no puede pensarse nunca sin la actividad tur\u00edstica plena.<br \/>\nNos deben planificaci\u00f3n a mediano y largo plazo, nos deben el cierre del basural a cielo abierto, nos deben calidad y buena\u00a0prestaci\u00f3n de servicios, y nos siguen debiendo las eternamente prometidas viviendas sociales en Sierra de la Ventana.<br \/>\nEsta noche agasajamos a los que siempre estuvieron presentes, pero sobre todas las cosas, a las personas que entienden que el Frente Renovador liderado por Sergio Massa es el conjunto de dirigentes que merece guiar los destinos de la Patria.<br \/>\nMuchas gracias, Feliz Navidad y que el 2017 nos encuentre juntos!!<br \/>\n<a title=\"despe2\" href=\"http:\/\/farm6.staticflickr.com\/5579\/30962298754_ca20de60d8_z.jpg\" rel=\"\"><img loading=\"lazy\" decoding=\"async\" class=\"aligncenter\" title=\"despe2\" src=\"http:\/\/farm6.staticflickr.com\/5579\/30962298754_ca20de60d8_z.jpg\" alt=\"despe2\" width=\"640\" height=\"480\" \/><\/a><a title=\"despe5\" href=\"http:\/\/farm1.staticflickr.com\/719\/31686532621_1bab29bf60_z.jpg\" rel=\"\"><img loading=\"lazy\" decoding=\"async\" class=\"aligncenter\" title=\"despe5\" src=\"http:\/\/farm1.staticflickr.com\/719\/31686532621_1bab29bf60_z.jpg\" alt=\"despe5\" width=\"480\" height=\"640\" \/><\/a><a title=\"despe1\" href=\"http:\/\/farm1.staticflickr.com\/266\/31765851386_e7ea65f0e2_z.jpg\" rel=\"\"><img loading=\"lazy\" decoding=\"async\" class=\"aligncenter\" title=\"despe1\" src=\"http:\/\/farm1.staticflickr.com\/266\/31765851386_e7ea65f0e2_z.jpg\" alt=\"despe1\" width=\"640\" height=\"480\" \/><\/a><br \/>\n&nbsp;<br \/>\nCarlos Dana<br \/>\nFR TORNQUIST<\/p>\n","protected":false},"excerpt":{"rendered":"<p>Los temas que importan a los trabajadores\u00a0Argentinos son los que ha puesto en discusi\u00f3n el cro.\u00a0Sergio Massa, por ello el compromiso como vecinos de \u00e9ste hermoso Distrito es seguir en la lucha como lo venimos haciendo desde hace a\u00f1os. Nuestro espacio pol\u00edtico contin\u00faa creciendo y el 2017 nos traer\u00e1 buenos\u00a0augurios. El pueblo es perseverante pero [&hellip;]<\/p>\n","protected":false},"author":3,"featured_media":0,"comment_status":"closed","ping_status":"open","sticky":false,"template":"","format":"standard","meta":{"footnotes":""},"categories":[24],"tags":[],"class_list":["post-5051","post","type-post","status-publish","format-standard","hentry","category-politica"],"yoast_head":"<!-- This site is optimized with the Yoast SEO plugin v25.9 - https:\/\/yoast.com\/wordpress\/plugins\/seo\/ -->\n<title>El Frente Renovador de Tornquist cerr\u00f3 el a\u00f1o con sus seguidores en Sierra de la Ventana - Noticias Radio Reflejos<\/title>\n<meta name=\"robots\" content=\"index, follow, max-snippet:-1, max-image-preview:large, max-video-preview:-1\" \/>\n<link rel=\"canonical\" href=\"https:\/\/www.noticiasradioreflejos.com.ar\/2021\/5051\/\" \/>\n<meta property=\"og:locale\" content=\"es_ES\" \/>\n<meta property=\"og:type\" content=\"article\" \/>\n<meta property=\"og:title\" content=\"El Frente Renovador de Tornquist cerr\u00f3 el a\u00f1o con sus seguidores en Sierra de la Ventana - Noticias Radio Reflejos\" \/>\n<meta property=\"og:description\" content=\"Los temas que importan a los trabajadores\u00a0Argentinos son los que ha puesto en discusi\u00f3n el cro.\u00a0Sergio Massa, por ello el compromiso como vecinos de \u00e9ste hermoso Distrito es seguir en la lucha como lo venimos haciendo desde hace a\u00f1os. Nuestro espacio pol\u00edtico contin\u00faa creciendo y el 2017 nos traer\u00e1 buenos\u00a0augurios. El pueblo es perseverante pero [&hellip;]\" \/>\n<meta property=\"og:url\" content=\"https:\/\/www.noticiasradioreflejos.com.ar\/2021\/5051\/\" \/>\n<meta property=\"og:site_name\" content=\"Noticias Radio Reflejos\" \/>\n<meta property=\"article:published_time\" content=\"2016-12-22T13:22:06+00:00\" \/>\n<meta property=\"og:image\" content=\"http:\/\/farm1.staticflickr.com\/377\/30962297704_01bc7d17d2.jpg\" \/>\n<meta name=\"author\" content=\"Arnaldo Botto\" \/>\n<meta name=\"twitter:card\" content=\"summary_large_image\" \/>\n<script type=\"application\/ld+json\" class=\"yoast-schema-graph\">{\"@context\":\"https:\/\/schema.org\",\"@graph\":[{\"@type\":\"WebPage\",\"@id\":\"https:\/\/www.noticiasradioreflejos.com.ar\/2021\/5051\/\",\"url\":\"https:\/\/www.noticiasradioreflejos.com.ar\/2021\/5051\/\",\"name\":\"El Frente Renovador de Tornquist cerr\u00f3 el a\u00f1o con sus seguidores en Sierra de la Ventana - Noticias Radio Reflejos\",\"isPartOf\":{\"@id\":\"https:\/\/www.noticiasradioreflejos.com.ar\/2021\/#website\"},\"primaryImageOfPage\":{\"@id\":\"https:\/\/www.noticiasradioreflejos.com.ar\/2021\/5051\/#primaryimage\"},\"image\":{\"@id\":\"https:\/\/www.noticiasradioreflejos.com.ar\/2021\/5051\/#primaryimage\"},\"thumbnailUrl\":\"http:\/\/farm1.staticflickr.com\/377\/30962297704_01bc7d17d2.jpg\",\"datePublished\":\"2016-12-22T13:22:06+00:00\",\"author\":{\"@id\":\"https:\/\/www.noticiasradioreflejos.com.ar\/2021\/#\/schema\/person\/ad82545263dcc5ec0996818884fd5fb1\"},\"breadcrumb\":{\"@id\":\"https:\/\/www.noticiasradioreflejos.com.ar\/2021\/5051\/#breadcrumb\"},\"inLanguage\":\"es\",\"potentialAction\":[{\"@type\":\"ReadAction\",\"target\":[\"https:\/\/www.noticiasradioreflejos.com.ar\/2021\/5051\/\"]}]},{\"@type\":\"ImageObject\",\"inLanguage\":\"es\",\"@id\":\"https:\/\/www.noticiasradioreflejos.com.ar\/2021\/5051\/#primaryimage\",\"url\":\"http:\/\/farm1.staticflickr.com\/377\/30962297704_01bc7d17d2.jpg\",\"contentUrl\":\"http:\/\/farm1.staticflickr.com\/377\/30962297704_01bc7d17d2.jpg\"},{\"@type\":\"BreadcrumbList\",\"@id\":\"https:\/\/www.noticiasradioreflejos.com.ar\/2021\/5051\/#breadcrumb\",\"itemListElement\":[{\"@type\":\"ListItem\",\"position\":1,\"name\":\"Portada\",\"item\":\"https:\/\/www.noticiasradioreflejos.com.ar\/2021\/\"},{\"@type\":\"ListItem\",\"position\":2,\"name\":\"El Frente Renovador de Tornquist cerr\u00f3 el a\u00f1o con sus seguidores en Sierra de la Ventana\"}]},{\"@type\":\"WebSite\",\"@id\":\"https:\/\/www.noticiasradioreflejos.com.ar\/2021\/#website\",\"url\":\"https:\/\/www.noticiasradioreflejos.com.ar\/2021\/\",\"name\":\"Noticias Radio Reflejos\",\"description\":\"Las noticias de mi comarca\",\"potentialAction\":[{\"@type\":\"SearchAction\",\"target\":{\"@type\":\"EntryPoint\",\"urlTemplate\":\"https:\/\/www.noticiasradioreflejos.com.ar\/2021\/?s={search_term_string}\"},\"query-input\":{\"@type\":\"PropertyValueSpecification\",\"valueRequired\":true,\"valueName\":\"search_term_string\"}}],\"inLanguage\":\"es\"},{\"@type\":\"Person\",\"@id\":\"https:\/\/www.noticiasradioreflejos.com.ar\/2021\/#\/schema\/person\/ad82545263dcc5ec0996818884fd5fb1\",\"name\":\"Arnaldo Botto\",\"image\":{\"@type\":\"ImageObject\",\"inLanguage\":\"es\",\"@id\":\"https:\/\/www.noticiasradioreflejos.com.ar\/2021\/#\/schema\/person\/image\/\",\"url\":\"https:\/\/secure.gravatar.com\/avatar\/55cb5e37c1efa326397366e6974cb338056df65cb50e7d64d1cf314e87504837?s=96&d=mm&r=g\",\"contentUrl\":\"https:\/\/secure.gravatar.com\/avatar\/55cb5e37c1efa326397366e6974cb338056df65cb50e7d64d1cf314e87504837?s=96&d=mm&r=g\",\"caption\":\"Arnaldo Botto\"},\"url\":\"https:\/\/www.noticiasradioreflejos.com.ar\/2021\/author\/arnaldo\/\"}]}<\/script>\n<!-- \/ Yoast SEO plugin. -->","yoast_head_json":{"title":"El Frente Renovador de Tornquist cerr\u00f3 el a\u00f1o con sus seguidores en Sierra de la Ventana - Noticias Radio Reflejos","robots":{"index":"index","follow":"follow","max-snippet":"max-snippet:-1","max-image-preview":"max-image-preview:large","max-video-preview":"max-video-preview:-1"},"canonical":"https:\/\/www.noticiasradioreflejos.com.ar\/2021\/5051\/","og_locale":"es_ES","og_type":"article","og_title":"El Frente Renovador de Tornquist cerr\u00f3 el a\u00f1o con sus seguidores en Sierra de la Ventana - Noticias Radio Reflejos","og_description":"Los temas que importan a los trabajadores\u00a0Argentinos son los que ha puesto en discusi\u00f3n el cro.\u00a0Sergio Massa, por ello el compromiso como vecinos de \u00e9ste hermoso Distrito es seguir en la lucha como lo venimos haciendo desde hace a\u00f1os. Nuestro espacio pol\u00edtico contin\u00faa creciendo y el 2017 nos traer\u00e1 buenos\u00a0augurios. El pueblo es perseverante pero [&hellip;]","og_url":"https:\/\/www.noticiasradioreflejos.com.ar\/2021\/5051\/","og_site_name":"Noticias Radio Reflejos","article_published_time":"2016-12-22T13:22:06+00:00","og_image":[{"url":"http:\/\/farm1.staticflickr.com\/377\/30962297704_01bc7d17d2.jpg","type":"","width":"","height":""}],"author":"Arnaldo Botto","twitter_card":"summary_large_image","schema":{"@context":"https:\/\/schema.org","@graph":[{"@type":"WebPage","@id":"https:\/\/www.noticiasradioreflejos.com.ar\/2021\/5051\/","url":"https:\/\/www.noticiasradioreflejos.com.ar\/2021\/5051\/","name":"El Frente Renovador de Tornquist cerr\u00f3 el a\u00f1o con sus seguidores en Sierra de la Ventana - Noticias Radio Reflejos","isPartOf":{"@id":"https:\/\/www.noticiasradioreflejos.com.ar\/2021\/#website"},"primaryImageOfPage":{"@id":"https:\/\/www.noticiasradioreflejos.com.ar\/2021\/5051\/#primaryimage"},"image":{"@id":"https:\/\/www.noticiasradioreflejos.com.ar\/2021\/5051\/#primaryimage"},"thumbnailUrl":"http:\/\/farm1.staticflickr.com\/377\/30962297704_01bc7d17d2.jpg","datePublished":"2016-12-22T13:22:06+00:00","author":{"@id":"https:\/\/www.noticiasradioreflejos.com.ar\/2021\/#\/schema\/person\/ad82545263dcc5ec0996818884fd5fb1"},"breadcrumb":{"@id":"https:\/\/www.noticiasradioreflejos.com.ar\/2021\/5051\/#breadcrumb"},"inLanguage":"es","potentialAction":[{"@type":"ReadAction","target":["https:\/\/www.noticiasradioreflejos.com.ar\/2021\/5051\/"]}]},{"@type":"ImageObject","inLanguage":"es","@id":"https:\/\/www.noticiasradioreflejos.com.ar\/2021\/5051\/#primaryimage","url":"http:\/\/farm1.staticflickr.com\/377\/30962297704_01bc7d17d2.jpg","contentUrl":"http:\/\/farm1.staticflickr.com\/377\/30962297704_01bc7d17d2.jpg"},{"@type":"BreadcrumbList","@id":"https:\/\/www.noticiasradioreflejos.com.ar\/2021\/5051\/#breadcrumb","itemListElement":[{"@type":"ListItem","position":1,"name":"Portada","item":"https:\/\/www.noticiasradioreflejos.com.ar\/2021\/"},{"@type":"ListItem","position":2,"name":"El Frente Renovador de Tornquist cerr\u00f3 el a\u00f1o con sus seguidores en Sierra de la Ventana"}]},{"@type":"WebSite","@id":"https:\/\/www.noticiasradioreflejos.com.ar\/2021\/#website","url":"https:\/\/www.noticiasradioreflejos.com.ar\/2021\/","name":"Noticias Radio Reflejos","description":"Las noticias de mi comarca","potentialAction":[{"@type":"SearchAction","target":{"@type":"EntryPoint","urlTemplate":"https:\/\/www.noticiasradioreflejos.com.ar\/2021\/?s={search_term_string}"},"query-input":{"@type":"PropertyValueSpecification","valueRequired":true,"valueName":"search_term_string"}}],"inLanguage":"es"},{"@type":"Person","@id":"https:\/\/www.noticiasradioreflejos.com.ar\/2021\/#\/schema\/person\/ad82545263dcc5ec0996818884fd5fb1","name":"Arnaldo Botto","image":{"@type":"ImageObject","inLanguage":"es","@id":"https:\/\/www.noticiasradioreflejos.com.ar\/2021\/#\/schema\/person\/image\/","url":"https:\/\/secure.gravatar.com\/avatar\/55cb5e37c1efa326397366e6974cb338056df65cb50e7d64d1cf314e87504837?s=96&d=mm&r=g","contentUrl":"https:\/\/secure.gravatar.com\/avatar\/55cb5e37c1efa326397366e6974cb338056df65cb50e7d64d1cf314e87504837?s=96&d=mm&r=g","caption":"Arnaldo Botto"},"url":"https:\/\/www.noticiasradioreflejos.com.ar\/2021\/author\/arnaldo\/"}]}},"_links":{"self":[{"href":"https:\/\/www.noticiasradioreflejos.com.ar\/2021\/wp-json\/wp\/v2\/posts\/5051","targetHints":{"allow":["GET"]}}],"collection":[{"href":"https:\/\/www.noticiasradioreflejos.com.ar\/2021\/wp-json\/wp\/v2\/posts"}],"about":[{"href":"https:\/\/www.noticiasradioreflejos.com.ar\/2021\/wp-json\/wp\/v2\/types\/post"}],"author":[{"embeddable":true,"href":"https:\/\/www.noticiasradioreflejos.com.ar\/2021\/wp-json\/wp\/v2\/users\/3"}],"replies":[{"embeddable":true,"href":"https:\/\/www.noticiasradioreflejos.com.ar\/2021\/wp-json\/wp\/v2\/comments?post=5051"}],"version-history":[{"count":0,"href":"https:\/\/www.noticiasradioreflejos.com.ar\/2021\/wp-json\/wp\/v2\/posts\/5051\/revisions"}],"wp:attachment":[{"href":"https:\/\/www.noticiasradioreflejos.com.ar\/2021\/wp-json\/wp\/v2\/media?parent=5051"}],"wp:term":[{"taxonomy":"category","embeddable":true,"href":"https:\/\/www.noticiasradioreflejos.com.ar\/2021\/wp-json\/wp\/v2\/categories?post=5051"},{"taxonomy":"post_tag","embeddable":true,"href":"https:\/\/www.noticiasradioreflejos.com.ar\/2021\/wp-json\/wp\/v2\/tags?post=5051"}],"curies":[{"name":"wp","href":"https:\/\/api.w.org\/{rel}","templated":true}]}}