{"id":50506,"date":"2020-12-21T17:33:45","date_gmt":"2020-12-21T20:33:45","guid":{"rendered":"http:\/\/www.noticiasradioreflejos.com.ar\/noticias\/?p=50506"},"modified":"2020-12-21T17:33:45","modified_gmt":"2020-12-21T20:33:45","slug":"asoc-de-fomento-de-villa-ventana-dentro-de-las-limitaciones-del-coronavirus-tenemos-un-balance-positivo-maria-cristina-colonio","status":"publish","type":"post","link":"https:\/\/www.noticiasradioreflejos.com.ar\/2021\/asoc-de-fomento-de-villa-ventana-dentro-de-las-limitaciones-del-coronavirus-tenemos-un-balance-positivo-maria-cristina-colonio\/","title":{"rendered":"Asoc. de Fomento de Villa Ventana: \u00abDentro de las limitaciones del coronavirus, tenemos un balance positivo\u00bb &#8211; Mar\u00eda Cristina Cal\u00f3nico"},"content":{"rendered":"<p><strong>Mar\u00eda Cristina Cal\u00f3nico<\/strong>, presidenta de la Asociaci\u00f3n de Fomento Cultural y de Deportes de Villa Ventana, utiliza el espacio de la radio para informarnos sobre los temas que se trataron en una reuni\u00f3n con el Intendente Sergio Bordoni y con el Secretario de Seguridad y Gobierno, Ezequiel Gabella.<!--more--><\/p>\n<p>&nbsp;<\/p>\n<p><a title=\"WhatsApp Image 2020-12-21 at 14.03.27\" href=\"http:\/\/live.staticflickr.com\/65535\/50745059617_12b2147e4d_s.jpg\" rel=\"\"><img loading=\"lazy\" decoding=\"async\" class=\"aligncenter\" title=\"WhatsApp Image 2020-12-21 at 14.03.27\" src=\"http:\/\/live.staticflickr.com\/65535\/50745059617_12b2147e4d_c.jpg\" alt=\"WhatsApp Image 2020-12-21 at 14.03.27\" width=\"800\" height=\"450\" \/><\/a><\/p>\n<p>\u00abSomos bastante inquietos dentro de la comisi\u00f3n\u00bb mencion\u00f3 Mar\u00eda Cristina las razones por las cuales siempre la Asociaci\u00f3n se mantiene activa y trabajando en alg\u00fan proyecto nuevo. Tambi\u00e9n nos comparti\u00f3 el balance de fin de a\u00f1o con respecto a la Asociaci\u00f3n: \u00abFue un a\u00f1o muy dif\u00edcil, creo que lo terminamos con un balance bueno. No hay que poner la vara muy alta, terminamos el a\u00f1o sin deudas, se reanudaron algunas actividades (ping-pong, f\u00fatbol 5 y zumba) y se trabaj\u00f3 la cuesti\u00f3n solidaria. Dentro de las limitaciones del coronavirus, tenemos un balance positivo\u00bb.<\/p>\n<p><a title=\"WhatsApp Image 2020-12-21 at 14.37.09\" href=\"http:\/\/live.staticflickr.com\/65535\/50744217583_16768c30d2_s.jpg\" rel=\"\"><img loading=\"lazy\" decoding=\"async\" class=\"aligncenter\" title=\"WhatsApp Image 2020-12-21 at 14.37.09\" src=\"http:\/\/live.staticflickr.com\/65535\/50744217583_16768c30d2_c.jpg\" alt=\"WhatsApp Image 2020-12-21 at 14.37.09\" width=\"800\" height=\"450\" \/><\/a><\/p>\n<p>Mar\u00eda Cristina inform\u00f3 que la semana pasada tuvieron una reuni\u00f3n con el Intendente y con el Secretario de Seguridad y Gobierno de Tornquist Municipio. \u00abFuimos algunos representantes al despacho del intendente y les presentamos algunos temas que preocupan a Villa Ventana\u00bb.<\/p>\n<p>Entre los temas que se trataron en dicha reuni\u00f3n se encuentra la recuperaci\u00f3n del predio del Ex Club Hotel para poder reactivar las actividades tur\u00edsticas en aquellas tierras, Mar\u00eda Cristina asegura que se est\u00e1 trabajando en ello. \u00abTenemos una deuda pendiente con el Ex Club Hotel, que es luchar para que se pueda recuperar\u00bb.<\/p>\n<p><a title=\"WhatsApp Image 2020-12-21 at 17.34.09\" href=\"http:\/\/live.staticflickr.com\/65535\/50744967861_ed4153eca2_s.jpg\" rel=\"\"><img loading=\"lazy\" decoding=\"async\" class=\"aligncenter\" title=\"WhatsApp Image 2020-12-21 at 17.34.09\" src=\"http:\/\/live.staticflickr.com\/65535\/50744967861_ed4153eca2_c.jpg\" alt=\"WhatsApp Image 2020-12-21 at 17.34.09\" width=\"800\" height=\"800\" \/><\/a><\/p>\n<p><span style=\"color: #ff9900;\"><em>\u00abTenemos una deuda pendiente con el Ex Club Hotel, que es luchar para que se pueda recuperar\u00bb.<\/em><\/span><\/p>\n<p><a title=\"WhatsApp Image 2020-12-21 at 17.34.08\" href=\"http:\/\/live.staticflickr.com\/65535\/50745077812_494578b4a0_s.jpg\" rel=\"\"><img loading=\"lazy\" decoding=\"async\" class=\"aligncenter\" title=\"WhatsApp Image 2020-12-21 at 17.34.08\" src=\"http:\/\/live.staticflickr.com\/65535\/50745077812_494578b4a0_c.jpg\" alt=\"WhatsApp Image 2020-12-21 at 17.34.08\" width=\"800\" height=\"800\" \/><\/a><\/p>\n<p>Tambi\u00e9n conversaron en dicha reuni\u00f3n sobre la famosa &#8216;Fiesta de la Golondrina&#8217;, la cual se realizar\u00e1 el S\u00e1bado 16\/01 de 21hs a 23hs de manera virtual, por streaming, en la Fan-page \u00abFiesta Provincial de la Golondrina\u00bb. \u00abVan a estar tocando muchas bandas y m\u00fasicos locales, se van a pasar videos de fiestas anteriores y va a haber sorteos. Esta fiesta va a ser solidaria y todo lo que se pueda depositar va a ser para los Bomberos de Villa Ventana\u00bb.<\/p>\n<p><a title=\"WhatsApp Image 2020-12-21 at 14.01.05\" href=\"http:\/\/live.staticflickr.com\/65535\/50744950901_1921d67589_s.jpg\" rel=\"\"><img loading=\"lazy\" decoding=\"async\" class=\"aligncenter\" title=\"WhatsApp Image 2020-12-21 at 14.01.05\" src=\"http:\/\/live.staticflickr.com\/65535\/50744950901_1921d67589_c.jpg\" alt=\"WhatsApp Image 2020-12-21 at 14.01.05\" width=\"800\" height=\"600\" \/><\/a><\/p>\n<p>Otro de los temas tocados en la reuni\u00f3n fue el tema cloacas para Villa Ventana y Saldungaray. \u00abEst\u00e1 una empresa haciendo todo el estudio, despu\u00e9s vendr\u00e1 el proyecto. Hay un dinero que tiene que ser usado para ese tipo de obras y, aparentemente, est\u00e1\u00bb.<\/p>\n<p>Por otra parte, Mar\u00eda Cristina inform\u00f3 que la Asociaci\u00f3n de Fomento recibir\u00e1 un subsidio de Naci\u00f3n. \u00abFomento va a arreglar los techos. Eso va a ser algo que el a\u00f1o que viene se va a empezar a hacer\u00bb. Otro de los proyectos que tienen en mente desde Fomento es agiornar la plaza de Villa Ventana. \u00abQueremos una plaza que sea linda a la vista y que se pueda disfrutar con distintos tipos de plantas, aromas, texturas, agregar juegos que se puedan usar por ni\u00f1os con capacidades diferentes. Es un proyecto que hab\u00eda quedado en carpeta\u00bb.<\/p>\n<p><a title=\"d74fae22-a9e6-4e45-a55b-b66c3b420a4e\" href=\"http:\/\/live.staticflickr.com\/65535\/50744950546_f47f0975bc_s.jpg\" rel=\"\"><img loading=\"lazy\" decoding=\"async\" class=\"aligncenter\" title=\"d74fae22-a9e6-4e45-a55b-b66c3b420a4e\" src=\"http:\/\/live.staticflickr.com\/65535\/50744950546_f47f0975bc_c.jpg\" alt=\"d74fae22-a9e6-4e45-a55b-b66c3b420a4e\" width=\"800\" height=\"600\" \/><\/a><\/p>\n<p>Mar\u00eda Cristina resalta la importancia de que las c\u00e1maras y las instituciones trabajen en conjunto para potenciar el turismo en la zona. \u00abHoy en d\u00eda haces un click y hay un mont\u00f3n de destinos que te ofrecen distintas cosas. Sierra de la Ventana y Villa Ventana no se venden solos, hay que trabajar y potenciarlo. Soy una persona que cree que para tener logros hay que unirse, no separarse\u00bb.<\/p>\n<p>\u00abCreo que la reuni\u00f3n que tuvimos fue muy buena, hemos tenido una buena recepci\u00f3n y en 2021 continuaremos\u00bb, opin\u00f3 la presidenta de la Asociaci\u00f3n sobre el encuentro de algunos de los participantes de Fomento con el Intendente y el Secretario de Seguridad y Gobierno.<\/p>\n<p>Nota completa a continuaci\u00f3n:<br \/>\n<iframe loading=\"lazy\" src=\"https:\/\/w.soundcloud.com\/player\/?url=https%3A\/\/api.soundcloud.com\/tracks\/951685921&amp;color=%23ff5500&amp;auto_play=false&amp;hide_related=false&amp;show_comments=true&amp;show_user=true&amp;show_reposts=false&amp;show_teaser=true\" width=\"100%\" height=\"166\" frameborder=\"no\" scrolling=\"no\"><\/iframe><\/p>\n<div style=\"font-size: 10px; color: #cccccc; line-break: anywhere; word-break: normal; overflow: hidden; white-space: nowrap; text-overflow: ellipsis; font-family: Interstate,Lucida Grande,Lucida Sans Unicode,Lucida Sans,Garuda,Verdana,Tahoma,sans-serif; font-weight: 100;\"><a style=\"color: #cccccc; text-decoration: none;\" title=\"fmreflejos 103.7\" href=\"https:\/\/soundcloud.com\/fmreflejos-103-7\" target=\"_blank\" rel=\"noopener\">fmreflejos 103.7<\/a> \u00b7 <a style=\"color: #cccccc; text-decoration: none;\" title=\"Mar\u00eda Cristina Cal\u00f3nico - Nota Presidenta Fomento Villa Ventana\" href=\"https:\/\/soundcloud.com\/fmreflejos-103-7\/nota-presidenta-fomento-villa-ventana\" target=\"_blank\" rel=\"noopener\">Mar\u00eda Cristina Cal\u00f3nico &#8211; Nota Presidenta Fomento Villa Ventana<\/a><\/div>\n<div style=\"font-size: 10px; color: #cccccc; line-break: anywhere; word-break: normal; overflow: hidden; white-space: nowrap; text-overflow: ellipsis; font-family: Interstate,Lucida Grande,Lucida Sans Unicode,Lucida Sans,Garuda,Verdana,Tahoma,sans-serif; font-weight: 100;\"><\/div>\n<div style=\"font-size: 10px; color: #cccccc; line-break: anywhere; word-break: normal; overflow: hidden; white-space: nowrap; text-overflow: ellipsis; font-family: Interstate,Lucida Grande,Lucida Sans Unicode,Lucida Sans,Garuda,Verdana,Tahoma,sans-serif; font-weight: 100;\"><a title=\"WhatsApp Image 2020-12-21 at 14.08.34\" href=\"http:\/\/live.staticflickr.com\/65535\/50745059467_3a4e781ee3_s.jpg\" rel=\"\"><img loading=\"lazy\" decoding=\"async\" class=\"aligncenter\" title=\"WhatsApp Image 2020-12-21 at 14.08.34\" src=\"http:\/\/live.staticflickr.com\/65535\/50745059467_3a4e781ee3_c.jpg\" alt=\"WhatsApp Image 2020-12-21 at 14.08.34\" width=\"800\" height=\"450\" \/><\/a><\/div>\n","protected":false},"excerpt":{"rendered":"<p>Mar\u00eda Cristina Cal\u00f3nico, presidenta de la Asociaci\u00f3n de Fomento Cultural y de Deportes de Villa Ventana, utiliza el espacio de la radio para informarnos sobre los temas que se trataron en una reuni\u00f3n con el Intendente Sergio Bordoni y con el Secretario de Seguridad y Gobierno, Ezequiel Gabella.<\/p>\n","protected":false},"author":3,"featured_media":0,"comment_status":"closed","ping_status":"open","sticky":false,"template":"","format":"standard","meta":{"footnotes":""},"categories":[26],"tags":[],"class_list":["post-50506","post","type-post","status-publish","format-standard","hentry","category-sociedad"],"yoast_head":"<!-- This site is optimized with the Yoast SEO plugin v25.9 - https:\/\/yoast.com\/wordpress\/plugins\/seo\/ -->\n<title>Asoc. de Fomento de Villa Ventana: &quot;Dentro de las limitaciones del coronavirus, tenemos un balance positivo&quot; - Mar\u00eda Cristina Cal\u00f3nico - Noticias Radio Reflejos<\/title>\n<meta name=\"robots\" content=\"index, follow, max-snippet:-1, max-image-preview:large, max-video-preview:-1\" \/>\n<link rel=\"canonical\" href=\"https:\/\/www.noticiasradioreflejos.com.ar\/2021\/asoc-de-fomento-de-villa-ventana-dentro-de-las-limitaciones-del-coronavirus-tenemos-un-balance-positivo-maria-cristina-colonio\/\" \/>\n<meta property=\"og:locale\" content=\"es_ES\" \/>\n<meta property=\"og:type\" content=\"article\" \/>\n<meta property=\"og:title\" content=\"Asoc. de Fomento de Villa Ventana: &quot;Dentro de las limitaciones del coronavirus, tenemos un balance positivo&quot; - Mar\u00eda Cristina Cal\u00f3nico - Noticias Radio Reflejos\" \/>\n<meta property=\"og:description\" content=\"Mar\u00eda Cristina Cal\u00f3nico, presidenta de la Asociaci\u00f3n de Fomento Cultural y de Deportes de Villa Ventana, utiliza el espacio de la radio para informarnos sobre los temas que se trataron en una reuni\u00f3n con el Intendente Sergio Bordoni y con el Secretario de Seguridad y Gobierno, Ezequiel Gabella.\" \/>\n<meta property=\"og:url\" content=\"https:\/\/www.noticiasradioreflejos.com.ar\/2021\/asoc-de-fomento-de-villa-ventana-dentro-de-las-limitaciones-del-coronavirus-tenemos-un-balance-positivo-maria-cristina-colonio\/\" \/>\n<meta property=\"og:site_name\" content=\"Noticias Radio Reflejos\" \/>\n<meta property=\"article:published_time\" content=\"2020-12-21T20:33:45+00:00\" \/>\n<meta property=\"og:image\" content=\"http:\/\/live.staticflickr.com\/65535\/50745059617_12b2147e4d_c.jpg\" \/>\n<meta name=\"author\" content=\"Arnaldo Botto\" \/>\n<meta name=\"twitter:card\" content=\"summary_large_image\" \/>\n<script type=\"application\/ld+json\" class=\"yoast-schema-graph\">{\"@context\":\"https:\/\/schema.org\",\"@graph\":[{\"@type\":\"WebPage\",\"@id\":\"https:\/\/www.noticiasradioreflejos.com.ar\/2021\/asoc-de-fomento-de-villa-ventana-dentro-de-las-limitaciones-del-coronavirus-tenemos-un-balance-positivo-maria-cristina-colonio\/\",\"url\":\"https:\/\/www.noticiasradioreflejos.com.ar\/2021\/asoc-de-fomento-de-villa-ventana-dentro-de-las-limitaciones-del-coronavirus-tenemos-un-balance-positivo-maria-cristina-colonio\/\",\"name\":\"Asoc. de Fomento de Villa Ventana: \\\"Dentro de las limitaciones del coronavirus, tenemos un balance positivo\\\" - Mar\u00eda Cristina Cal\u00f3nico - Noticias Radio Reflejos\",\"isPartOf\":{\"@id\":\"https:\/\/www.noticiasradioreflejos.com.ar\/2021\/#website\"},\"primaryImageOfPage\":{\"@id\":\"https:\/\/www.noticiasradioreflejos.com.ar\/2021\/asoc-de-fomento-de-villa-ventana-dentro-de-las-limitaciones-del-coronavirus-tenemos-un-balance-positivo-maria-cristina-colonio\/#primaryimage\"},\"image\":{\"@id\":\"https:\/\/www.noticiasradioreflejos.com.ar\/2021\/asoc-de-fomento-de-villa-ventana-dentro-de-las-limitaciones-del-coronavirus-tenemos-un-balance-positivo-maria-cristina-colonio\/#primaryimage\"},\"thumbnailUrl\":\"http:\/\/live.staticflickr.com\/65535\/50745059617_12b2147e4d_c.jpg\",\"datePublished\":\"2020-12-21T20:33:45+00:00\",\"author\":{\"@id\":\"https:\/\/www.noticiasradioreflejos.com.ar\/2021\/#\/schema\/person\/ad82545263dcc5ec0996818884fd5fb1\"},\"breadcrumb\":{\"@id\":\"https:\/\/www.noticiasradioreflejos.com.ar\/2021\/asoc-de-fomento-de-villa-ventana-dentro-de-las-limitaciones-del-coronavirus-tenemos-un-balance-positivo-maria-cristina-colonio\/#breadcrumb\"},\"inLanguage\":\"es\",\"potentialAction\":[{\"@type\":\"ReadAction\",\"target\":[\"https:\/\/www.noticiasradioreflejos.com.ar\/2021\/asoc-de-fomento-de-villa-ventana-dentro-de-las-limitaciones-del-coronavirus-tenemos-un-balance-positivo-maria-cristina-colonio\/\"]}]},{\"@type\":\"ImageObject\",\"inLanguage\":\"es\",\"@id\":\"https:\/\/www.noticiasradioreflejos.com.ar\/2021\/asoc-de-fomento-de-villa-ventana-dentro-de-las-limitaciones-del-coronavirus-tenemos-un-balance-positivo-maria-cristina-colonio\/#primaryimage\",\"url\":\"http:\/\/live.staticflickr.com\/65535\/50745059617_12b2147e4d_c.jpg\",\"contentUrl\":\"http:\/\/live.staticflickr.com\/65535\/50745059617_12b2147e4d_c.jpg\"},{\"@type\":\"BreadcrumbList\",\"@id\":\"https:\/\/www.noticiasradioreflejos.com.ar\/2021\/asoc-de-fomento-de-villa-ventana-dentro-de-las-limitaciones-del-coronavirus-tenemos-un-balance-positivo-maria-cristina-colonio\/#breadcrumb\",\"itemListElement\":[{\"@type\":\"ListItem\",\"position\":1,\"name\":\"Portada\",\"item\":\"https:\/\/www.noticiasradioreflejos.com.ar\/2021\/\"},{\"@type\":\"ListItem\",\"position\":2,\"name\":\"Asoc. de Fomento de Villa Ventana: \u00abDentro de las limitaciones del coronavirus, tenemos un balance positivo\u00bb &#8211; Mar\u00eda Cristina Cal\u00f3nico\"}]},{\"@type\":\"WebSite\",\"@id\":\"https:\/\/www.noticiasradioreflejos.com.ar\/2021\/#website\",\"url\":\"https:\/\/www.noticiasradioreflejos.com.ar\/2021\/\",\"name\":\"Noticias Radio Reflejos\",\"description\":\"Las noticias de mi comarca\",\"potentialAction\":[{\"@type\":\"SearchAction\",\"target\":{\"@type\":\"EntryPoint\",\"urlTemplate\":\"https:\/\/www.noticiasradioreflejos.com.ar\/2021\/?s={search_term_string}\"},\"query-input\":{\"@type\":\"PropertyValueSpecification\",\"valueRequired\":true,\"valueName\":\"search_term_string\"}}],\"inLanguage\":\"es\"},{\"@type\":\"Person\",\"@id\":\"https:\/\/www.noticiasradioreflejos.com.ar\/2021\/#\/schema\/person\/ad82545263dcc5ec0996818884fd5fb1\",\"name\":\"Arnaldo Botto\",\"image\":{\"@type\":\"ImageObject\",\"inLanguage\":\"es\",\"@id\":\"https:\/\/www.noticiasradioreflejos.com.ar\/2021\/#\/schema\/person\/image\/\",\"url\":\"https:\/\/secure.gravatar.com\/avatar\/55cb5e37c1efa326397366e6974cb338056df65cb50e7d64d1cf314e87504837?s=96&d=mm&r=g\",\"contentUrl\":\"https:\/\/secure.gravatar.com\/avatar\/55cb5e37c1efa326397366e6974cb338056df65cb50e7d64d1cf314e87504837?s=96&d=mm&r=g\",\"caption\":\"Arnaldo Botto\"},\"url\":\"https:\/\/www.noticiasradioreflejos.com.ar\/2021\/author\/arnaldo\/\"}]}<\/script>\n<!-- \/ Yoast SEO plugin. -->","yoast_head_json":{"title":"Asoc. de Fomento de Villa Ventana: \"Dentro de las limitaciones del coronavirus, tenemos un balance positivo\" - Mar\u00eda Cristina Cal\u00f3nico - Noticias Radio Reflejos","robots":{"index":"index","follow":"follow","max-snippet":"max-snippet:-1","max-image-preview":"max-image-preview:large","max-video-preview":"max-video-preview:-1"},"canonical":"https:\/\/www.noticiasradioreflejos.com.ar\/2021\/asoc-de-fomento-de-villa-ventana-dentro-de-las-limitaciones-del-coronavirus-tenemos-un-balance-positivo-maria-cristina-colonio\/","og_locale":"es_ES","og_type":"article","og_title":"Asoc. de Fomento de Villa Ventana: \"Dentro de las limitaciones del coronavirus, tenemos un balance positivo\" - Mar\u00eda Cristina Cal\u00f3nico - Noticias Radio Reflejos","og_description":"Mar\u00eda Cristina Cal\u00f3nico, presidenta de la Asociaci\u00f3n de Fomento Cultural y de Deportes de Villa Ventana, utiliza el espacio de la radio para informarnos sobre los temas que se trataron en una reuni\u00f3n con el Intendente Sergio Bordoni y con el Secretario de Seguridad y Gobierno, Ezequiel Gabella.","og_url":"https:\/\/www.noticiasradioreflejos.com.ar\/2021\/asoc-de-fomento-de-villa-ventana-dentro-de-las-limitaciones-del-coronavirus-tenemos-un-balance-positivo-maria-cristina-colonio\/","og_site_name":"Noticias Radio Reflejos","article_published_time":"2020-12-21T20:33:45+00:00","og_image":[{"url":"http:\/\/live.staticflickr.com\/65535\/50745059617_12b2147e4d_c.jpg","type":"","width":"","height":""}],"author":"Arnaldo Botto","twitter_card":"summary_large_image","schema":{"@context":"https:\/\/schema.org","@graph":[{"@type":"WebPage","@id":"https:\/\/www.noticiasradioreflejos.com.ar\/2021\/asoc-de-fomento-de-villa-ventana-dentro-de-las-limitaciones-del-coronavirus-tenemos-un-balance-positivo-maria-cristina-colonio\/","url":"https:\/\/www.noticiasradioreflejos.com.ar\/2021\/asoc-de-fomento-de-villa-ventana-dentro-de-las-limitaciones-del-coronavirus-tenemos-un-balance-positivo-maria-cristina-colonio\/","name":"Asoc. de Fomento de Villa Ventana: \"Dentro de las limitaciones del coronavirus, tenemos un balance positivo\" - Mar\u00eda Cristina Cal\u00f3nico - Noticias Radio Reflejos","isPartOf":{"@id":"https:\/\/www.noticiasradioreflejos.com.ar\/2021\/#website"},"primaryImageOfPage":{"@id":"https:\/\/www.noticiasradioreflejos.com.ar\/2021\/asoc-de-fomento-de-villa-ventana-dentro-de-las-limitaciones-del-coronavirus-tenemos-un-balance-positivo-maria-cristina-colonio\/#primaryimage"},"image":{"@id":"https:\/\/www.noticiasradioreflejos.com.ar\/2021\/asoc-de-fomento-de-villa-ventana-dentro-de-las-limitaciones-del-coronavirus-tenemos-un-balance-positivo-maria-cristina-colonio\/#primaryimage"},"thumbnailUrl":"http:\/\/live.staticflickr.com\/65535\/50745059617_12b2147e4d_c.jpg","datePublished":"2020-12-21T20:33:45+00:00","author":{"@id":"https:\/\/www.noticiasradioreflejos.com.ar\/2021\/#\/schema\/person\/ad82545263dcc5ec0996818884fd5fb1"},"breadcrumb":{"@id":"https:\/\/www.noticiasradioreflejos.com.ar\/2021\/asoc-de-fomento-de-villa-ventana-dentro-de-las-limitaciones-del-coronavirus-tenemos-un-balance-positivo-maria-cristina-colonio\/#breadcrumb"},"inLanguage":"es","potentialAction":[{"@type":"ReadAction","target":["https:\/\/www.noticiasradioreflejos.com.ar\/2021\/asoc-de-fomento-de-villa-ventana-dentro-de-las-limitaciones-del-coronavirus-tenemos-un-balance-positivo-maria-cristina-colonio\/"]}]},{"@type":"ImageObject","inLanguage":"es","@id":"https:\/\/www.noticiasradioreflejos.com.ar\/2021\/asoc-de-fomento-de-villa-ventana-dentro-de-las-limitaciones-del-coronavirus-tenemos-un-balance-positivo-maria-cristina-colonio\/#primaryimage","url":"http:\/\/live.staticflickr.com\/65535\/50745059617_12b2147e4d_c.jpg","contentUrl":"http:\/\/live.staticflickr.com\/65535\/50745059617_12b2147e4d_c.jpg"},{"@type":"BreadcrumbList","@id":"https:\/\/www.noticiasradioreflejos.com.ar\/2021\/asoc-de-fomento-de-villa-ventana-dentro-de-las-limitaciones-del-coronavirus-tenemos-un-balance-positivo-maria-cristina-colonio\/#breadcrumb","itemListElement":[{"@type":"ListItem","position":1,"name":"Portada","item":"https:\/\/www.noticiasradioreflejos.com.ar\/2021\/"},{"@type":"ListItem","position":2,"name":"Asoc. de Fomento de Villa Ventana: \u00abDentro de las limitaciones del coronavirus, tenemos un balance positivo\u00bb &#8211; Mar\u00eda Cristina Cal\u00f3nico"}]},{"@type":"WebSite","@id":"https:\/\/www.noticiasradioreflejos.com.ar\/2021\/#website","url":"https:\/\/www.noticiasradioreflejos.com.ar\/2021\/","name":"Noticias Radio Reflejos","description":"Las noticias de mi comarca","potentialAction":[{"@type":"SearchAction","target":{"@type":"EntryPoint","urlTemplate":"https:\/\/www.noticiasradioreflejos.com.ar\/2021\/?s={search_term_string}"},"query-input":{"@type":"PropertyValueSpecification","valueRequired":true,"valueName":"search_term_string"}}],"inLanguage":"es"},{"@type":"Person","@id":"https:\/\/www.noticiasradioreflejos.com.ar\/2021\/#\/schema\/person\/ad82545263dcc5ec0996818884fd5fb1","name":"Arnaldo Botto","image":{"@type":"ImageObject","inLanguage":"es","@id":"https:\/\/www.noticiasradioreflejos.com.ar\/2021\/#\/schema\/person\/image\/","url":"https:\/\/secure.gravatar.com\/avatar\/55cb5e37c1efa326397366e6974cb338056df65cb50e7d64d1cf314e87504837?s=96&d=mm&r=g","contentUrl":"https:\/\/secure.gravatar.com\/avatar\/55cb5e37c1efa326397366e6974cb338056df65cb50e7d64d1cf314e87504837?s=96&d=mm&r=g","caption":"Arnaldo Botto"},"url":"https:\/\/www.noticiasradioreflejos.com.ar\/2021\/author\/arnaldo\/"}]}},"_links":{"self":[{"href":"https:\/\/www.noticiasradioreflejos.com.ar\/2021\/wp-json\/wp\/v2\/posts\/50506","targetHints":{"allow":["GET"]}}],"collection":[{"href":"https:\/\/www.noticiasradioreflejos.com.ar\/2021\/wp-json\/wp\/v2\/posts"}],"about":[{"href":"https:\/\/www.noticiasradioreflejos.com.ar\/2021\/wp-json\/wp\/v2\/types\/post"}],"author":[{"embeddable":true,"href":"https:\/\/www.noticiasradioreflejos.com.ar\/2021\/wp-json\/wp\/v2\/users\/3"}],"replies":[{"embeddable":true,"href":"https:\/\/www.noticiasradioreflejos.com.ar\/2021\/wp-json\/wp\/v2\/comments?post=50506"}],"version-history":[{"count":0,"href":"https:\/\/www.noticiasradioreflejos.com.ar\/2021\/wp-json\/wp\/v2\/posts\/50506\/revisions"}],"wp:attachment":[{"href":"https:\/\/www.noticiasradioreflejos.com.ar\/2021\/wp-json\/wp\/v2\/media?parent=50506"}],"wp:term":[{"taxonomy":"category","embeddable":true,"href":"https:\/\/www.noticiasradioreflejos.com.ar\/2021\/wp-json\/wp\/v2\/categories?post=50506"},{"taxonomy":"post_tag","embeddable":true,"href":"https:\/\/www.noticiasradioreflejos.com.ar\/2021\/wp-json\/wp\/v2\/tags?post=50506"}],"curies":[{"name":"wp","href":"https:\/\/api.w.org\/{rel}","templated":true}]}}