{"id":50480,"date":"2020-12-20T16:49:45","date_gmt":"2020-12-20T19:49:45","guid":{"rendered":"http:\/\/www.noticiasradioreflejos.com.ar\/noticias\/?p=50480"},"modified":"2020-12-20T16:49:45","modified_gmt":"2020-12-20T19:49:45","slug":"cnel-pringles-un-joven-de-17-anos-murio-a-raiz-de-heridas-que-le-ocasiono-otro-menor","status":"publish","type":"post","link":"https:\/\/www.noticiasradioreflejos.com.ar\/2021\/cnel-pringles-un-joven-de-17-anos-murio-a-raiz-de-heridas-que-le-ocasiono-otro-menor\/","title":{"rendered":"Cnel Pringles,: un joven de 17 a\u00f1os muri\u00f3 a ra\u00edz de heridas que le ocasion\u00f3 otro menor."},"content":{"rendered":"<p>Desde la Policial se inform\u00f3 que en el d\u00eda de la fecha y siendo las 03:45 hs se recepcion\u00f3 un llamado telef\u00f3nico en la guardia de la dependencia policial, informando del ingreso al nosocomio Municipal local, de dos personas de sexo masculino heridos de gravedad.<!--more--><\/p>\n<p> Habiendo intervenido personal policial, presente en el hospital se pudo saber que JOAQUIN CASADO (17) y JUAN ALBERTO SEQUEIRA (37), hab\u00edan sido lesionados de gravedad mediante el uso de un arma blanca.<\/p>\n<p>Inici\u00e1ndose la investigaci\u00f3n, personal policial pudo determinar la identidad del autor del hecho, quien resulta ser un menor de 17 a\u00f1os de edad, oriundo de esta localidad. En base a los testimonios recabados, y a la informaci\u00f3n recolectada, se pudo establecer en primera instancia, que el imputado habr\u00eda agredido a sus v\u00edctimas en el marco de una pelea, originada en inmediaciones del Balneario Municipal, m\u00e1s precisamente en el lugar denominado El Paso, ubicado detr\u00e1s de la ex Barraca Eijo.<\/p>\n<p>Siendo la hora 7:15 se tom\u00f3 conocimiento por parte del personal facultativo del hospital municipal, acerca del deceso del joven Joaqu\u00edn Casado.<\/p>\n<p>Se obtuvieron importantes testimonios de personas que presenciaron el momento del hecho, los cuales fueron claves para determinar la autor\u00eda del mismo.<\/p>\n<p>Implement\u00e1ndose dispositivos de seguridad en los posibles domicilios, donde se encontrar\u00eda el autor del hecho, y siendo las 12:00 hs, se logr\u00f3 la Aprehensi\u00f3n del autor material del hecho mencionado, quien se hallaba oculto en una vivienda de la calle Medina entre 15 y 16 de \u00e9sta ciudad, poniendo al mismo a disposici\u00f3n del magistrado de intervenci\u00f3n. Por resultar menor de edad, no se brindan sus circunstancias personales.<\/p>\n<p>Se dio inicio a una Investigaci\u00f3n Penal Preparatoria caratulada HOMICIDIO y LESIONES con la intervenci\u00f3n del Fiscal\u00eda de Menores Nro. 2 de la Dra. Fern\u00e1ndez, del Departamento Judicial Bah\u00eda Blanca.<\/p>\n<p>ESTACI\u00d3N DE POLIC\u00cdA DE SEGURIDAD COMUNAL CORONEL PRINGLES<\/p>\n","protected":false},"excerpt":{"rendered":"<p>Desde la Policial se inform\u00f3 que en el d\u00eda de la fecha y siendo las 03:45 hs se recepcion\u00f3 un llamado telef\u00f3nico en la guardia de la dependencia policial, informando del ingreso al nosocomio Municipal local, de dos personas de sexo masculino heridos de gravedad.<\/p>\n","protected":false},"author":3,"featured_media":0,"comment_status":"closed","ping_status":"open","sticky":false,"template":"","format":"standard","meta":{"footnotes":""},"categories":[29],"tags":[],"class_list":["post-50480","post","type-post","status-publish","format-standard","hentry","category-policiales"],"yoast_head":"<!-- This site is optimized with the Yoast SEO plugin v25.9 - https:\/\/yoast.com\/wordpress\/plugins\/seo\/ -->\n<title>Cnel Pringles,: un joven de 17 a\u00f1os muri\u00f3 a ra\u00edz de heridas que le ocasion\u00f3 otro menor. - Noticias Radio Reflejos<\/title>\n<meta name=\"robots\" content=\"index, follow, max-snippet:-1, max-image-preview:large, max-video-preview:-1\" \/>\n<link rel=\"canonical\" href=\"https:\/\/www.noticiasradioreflejos.com.ar\/2021\/cnel-pringles-un-joven-de-17-anos-murio-a-raiz-de-heridas-que-le-ocasiono-otro-menor\/\" \/>\n<meta property=\"og:locale\" content=\"es_ES\" \/>\n<meta property=\"og:type\" content=\"article\" \/>\n<meta property=\"og:title\" content=\"Cnel Pringles,: un joven de 17 a\u00f1os muri\u00f3 a ra\u00edz de heridas que le ocasion\u00f3 otro menor. - Noticias Radio Reflejos\" \/>\n<meta property=\"og:description\" content=\"Desde la Policial se inform\u00f3 que en el d\u00eda de la fecha y siendo las 03:45 hs se recepcion\u00f3 un llamado telef\u00f3nico en la guardia de la dependencia policial, informando del ingreso al nosocomio Municipal local, de dos personas de sexo masculino heridos de gravedad.\" \/>\n<meta property=\"og:url\" content=\"https:\/\/www.noticiasradioreflejos.com.ar\/2021\/cnel-pringles-un-joven-de-17-anos-murio-a-raiz-de-heridas-que-le-ocasiono-otro-menor\/\" \/>\n<meta property=\"og:site_name\" content=\"Noticias Radio Reflejos\" \/>\n<meta property=\"article:published_time\" content=\"2020-12-20T19:49:45+00:00\" \/>\n<meta property=\"og:image\" content=\"https:\/\/www.noticiasradioreflejos.com.ar\/2021\/wp-content\/uploads\/2021\/07\/logosol300x200.png\" \/>\n\t<meta property=\"og:image:width\" content=\"300\" \/>\n\t<meta property=\"og:image:height\" content=\"200\" \/>\n\t<meta property=\"og:image:type\" content=\"image\/png\" \/>\n<meta name=\"author\" content=\"Arnaldo Botto\" \/>\n<meta name=\"twitter:card\" content=\"summary_large_image\" \/>\n<script type=\"application\/ld+json\" class=\"yoast-schema-graph\">{\"@context\":\"https:\/\/schema.org\",\"@graph\":[{\"@type\":\"WebPage\",\"@id\":\"https:\/\/www.noticiasradioreflejos.com.ar\/2021\/cnel-pringles-un-joven-de-17-anos-murio-a-raiz-de-heridas-que-le-ocasiono-otro-menor\/\",\"url\":\"https:\/\/www.noticiasradioreflejos.com.ar\/2021\/cnel-pringles-un-joven-de-17-anos-murio-a-raiz-de-heridas-que-le-ocasiono-otro-menor\/\",\"name\":\"Cnel Pringles,: un joven de 17 a\u00f1os muri\u00f3 a ra\u00edz de heridas que le ocasion\u00f3 otro menor. - Noticias Radio Reflejos\",\"isPartOf\":{\"@id\":\"https:\/\/www.noticiasradioreflejos.com.ar\/2021\/#website\"},\"datePublished\":\"2020-12-20T19:49:45+00:00\",\"author\":{\"@id\":\"https:\/\/www.noticiasradioreflejos.com.ar\/2021\/#\/schema\/person\/ad82545263dcc5ec0996818884fd5fb1\"},\"breadcrumb\":{\"@id\":\"https:\/\/www.noticiasradioreflejos.com.ar\/2021\/cnel-pringles-un-joven-de-17-anos-murio-a-raiz-de-heridas-que-le-ocasiono-otro-menor\/#breadcrumb\"},\"inLanguage\":\"es\",\"potentialAction\":[{\"@type\":\"ReadAction\",\"target\":[\"https:\/\/www.noticiasradioreflejos.com.ar\/2021\/cnel-pringles-un-joven-de-17-anos-murio-a-raiz-de-heridas-que-le-ocasiono-otro-menor\/\"]}]},{\"@type\":\"BreadcrumbList\",\"@id\":\"https:\/\/www.noticiasradioreflejos.com.ar\/2021\/cnel-pringles-un-joven-de-17-anos-murio-a-raiz-de-heridas-que-le-ocasiono-otro-menor\/#breadcrumb\",\"itemListElement\":[{\"@type\":\"ListItem\",\"position\":1,\"name\":\"Portada\",\"item\":\"https:\/\/www.noticiasradioreflejos.com.ar\/2021\/\"},{\"@type\":\"ListItem\",\"position\":2,\"name\":\"Cnel Pringles,: un joven de 17 a\u00f1os muri\u00f3 a ra\u00edz de heridas que le ocasion\u00f3 otro menor.\"}]},{\"@type\":\"WebSite\",\"@id\":\"https:\/\/www.noticiasradioreflejos.com.ar\/2021\/#website\",\"url\":\"https:\/\/www.noticiasradioreflejos.com.ar\/2021\/\",\"name\":\"Noticias Radio Reflejos\",\"description\":\"Las noticias de mi comarca\",\"potentialAction\":[{\"@type\":\"SearchAction\",\"target\":{\"@type\":\"EntryPoint\",\"urlTemplate\":\"https:\/\/www.noticiasradioreflejos.com.ar\/2021\/?s={search_term_string}\"},\"query-input\":{\"@type\":\"PropertyValueSpecification\",\"valueRequired\":true,\"valueName\":\"search_term_string\"}}],\"inLanguage\":\"es\"},{\"@type\":\"Person\",\"@id\":\"https:\/\/www.noticiasradioreflejos.com.ar\/2021\/#\/schema\/person\/ad82545263dcc5ec0996818884fd5fb1\",\"name\":\"Arnaldo Botto\",\"image\":{\"@type\":\"ImageObject\",\"inLanguage\":\"es\",\"@id\":\"https:\/\/www.noticiasradioreflejos.com.ar\/2021\/#\/schema\/person\/image\/\",\"url\":\"https:\/\/secure.gravatar.com\/avatar\/55cb5e37c1efa326397366e6974cb338056df65cb50e7d64d1cf314e87504837?s=96&d=mm&r=g\",\"contentUrl\":\"https:\/\/secure.gravatar.com\/avatar\/55cb5e37c1efa326397366e6974cb338056df65cb50e7d64d1cf314e87504837?s=96&d=mm&r=g\",\"caption\":\"Arnaldo Botto\"},\"url\":\"https:\/\/www.noticiasradioreflejos.com.ar\/2021\/author\/arnaldo\/\"}]}<\/script>\n<!-- \/ Yoast SEO plugin. -->","yoast_head_json":{"title":"Cnel Pringles,: un joven de 17 a\u00f1os muri\u00f3 a ra\u00edz de heridas que le ocasion\u00f3 otro menor. - Noticias Radio Reflejos","robots":{"index":"index","follow":"follow","max-snippet":"max-snippet:-1","max-image-preview":"max-image-preview:large","max-video-preview":"max-video-preview:-1"},"canonical":"https:\/\/www.noticiasradioreflejos.com.ar\/2021\/cnel-pringles-un-joven-de-17-anos-murio-a-raiz-de-heridas-que-le-ocasiono-otro-menor\/","og_locale":"es_ES","og_type":"article","og_title":"Cnel Pringles,: un joven de 17 a\u00f1os muri\u00f3 a ra\u00edz de heridas que le ocasion\u00f3 otro menor. - Noticias Radio Reflejos","og_description":"Desde la Policial se inform\u00f3 que en el d\u00eda de la fecha y siendo las 03:45 hs se recepcion\u00f3 un llamado telef\u00f3nico en la guardia de la dependencia policial, informando del ingreso al nosocomio Municipal local, de dos personas de sexo masculino heridos de gravedad.","og_url":"https:\/\/www.noticiasradioreflejos.com.ar\/2021\/cnel-pringles-un-joven-de-17-anos-murio-a-raiz-de-heridas-que-le-ocasiono-otro-menor\/","og_site_name":"Noticias Radio Reflejos","article_published_time":"2020-12-20T19:49:45+00:00","og_image":[{"width":300,"height":200,"url":"https:\/\/www.noticiasradioreflejos.com.ar\/2021\/wp-content\/uploads\/2021\/07\/logosol300x200.png","type":"image\/png"}],"author":"Arnaldo Botto","twitter_card":"summary_large_image","schema":{"@context":"https:\/\/schema.org","@graph":[{"@type":"WebPage","@id":"https:\/\/www.noticiasradioreflejos.com.ar\/2021\/cnel-pringles-un-joven-de-17-anos-murio-a-raiz-de-heridas-que-le-ocasiono-otro-menor\/","url":"https:\/\/www.noticiasradioreflejos.com.ar\/2021\/cnel-pringles-un-joven-de-17-anos-murio-a-raiz-de-heridas-que-le-ocasiono-otro-menor\/","name":"Cnel Pringles,: un joven de 17 a\u00f1os muri\u00f3 a ra\u00edz de heridas que le ocasion\u00f3 otro menor. - Noticias Radio Reflejos","isPartOf":{"@id":"https:\/\/www.noticiasradioreflejos.com.ar\/2021\/#website"},"datePublished":"2020-12-20T19:49:45+00:00","author":{"@id":"https:\/\/www.noticiasradioreflejos.com.ar\/2021\/#\/schema\/person\/ad82545263dcc5ec0996818884fd5fb1"},"breadcrumb":{"@id":"https:\/\/www.noticiasradioreflejos.com.ar\/2021\/cnel-pringles-un-joven-de-17-anos-murio-a-raiz-de-heridas-que-le-ocasiono-otro-menor\/#breadcrumb"},"inLanguage":"es","potentialAction":[{"@type":"ReadAction","target":["https:\/\/www.noticiasradioreflejos.com.ar\/2021\/cnel-pringles-un-joven-de-17-anos-murio-a-raiz-de-heridas-que-le-ocasiono-otro-menor\/"]}]},{"@type":"BreadcrumbList","@id":"https:\/\/www.noticiasradioreflejos.com.ar\/2021\/cnel-pringles-un-joven-de-17-anos-murio-a-raiz-de-heridas-que-le-ocasiono-otro-menor\/#breadcrumb","itemListElement":[{"@type":"ListItem","position":1,"name":"Portada","item":"https:\/\/www.noticiasradioreflejos.com.ar\/2021\/"},{"@type":"ListItem","position":2,"name":"Cnel Pringles,: un joven de 17 a\u00f1os muri\u00f3 a ra\u00edz de heridas que le ocasion\u00f3 otro menor."}]},{"@type":"WebSite","@id":"https:\/\/www.noticiasradioreflejos.com.ar\/2021\/#website","url":"https:\/\/www.noticiasradioreflejos.com.ar\/2021\/","name":"Noticias Radio Reflejos","description":"Las noticias de mi comarca","potentialAction":[{"@type":"SearchAction","target":{"@type":"EntryPoint","urlTemplate":"https:\/\/www.noticiasradioreflejos.com.ar\/2021\/?s={search_term_string}"},"query-input":{"@type":"PropertyValueSpecification","valueRequired":true,"valueName":"search_term_string"}}],"inLanguage":"es"},{"@type":"Person","@id":"https:\/\/www.noticiasradioreflejos.com.ar\/2021\/#\/schema\/person\/ad82545263dcc5ec0996818884fd5fb1","name":"Arnaldo Botto","image":{"@type":"ImageObject","inLanguage":"es","@id":"https:\/\/www.noticiasradioreflejos.com.ar\/2021\/#\/schema\/person\/image\/","url":"https:\/\/secure.gravatar.com\/avatar\/55cb5e37c1efa326397366e6974cb338056df65cb50e7d64d1cf314e87504837?s=96&d=mm&r=g","contentUrl":"https:\/\/secure.gravatar.com\/avatar\/55cb5e37c1efa326397366e6974cb338056df65cb50e7d64d1cf314e87504837?s=96&d=mm&r=g","caption":"Arnaldo Botto"},"url":"https:\/\/www.noticiasradioreflejos.com.ar\/2021\/author\/arnaldo\/"}]}},"_links":{"self":[{"href":"https:\/\/www.noticiasradioreflejos.com.ar\/2021\/wp-json\/wp\/v2\/posts\/50480","targetHints":{"allow":["GET"]}}],"collection":[{"href":"https:\/\/www.noticiasradioreflejos.com.ar\/2021\/wp-json\/wp\/v2\/posts"}],"about":[{"href":"https:\/\/www.noticiasradioreflejos.com.ar\/2021\/wp-json\/wp\/v2\/types\/post"}],"author":[{"embeddable":true,"href":"https:\/\/www.noticiasradioreflejos.com.ar\/2021\/wp-json\/wp\/v2\/users\/3"}],"replies":[{"embeddable":true,"href":"https:\/\/www.noticiasradioreflejos.com.ar\/2021\/wp-json\/wp\/v2\/comments?post=50480"}],"version-history":[{"count":0,"href":"https:\/\/www.noticiasradioreflejos.com.ar\/2021\/wp-json\/wp\/v2\/posts\/50480\/revisions"}],"wp:attachment":[{"href":"https:\/\/www.noticiasradioreflejos.com.ar\/2021\/wp-json\/wp\/v2\/media?parent=50480"}],"wp:term":[{"taxonomy":"category","embeddable":true,"href":"https:\/\/www.noticiasradioreflejos.com.ar\/2021\/wp-json\/wp\/v2\/categories?post=50480"},{"taxonomy":"post_tag","embeddable":true,"href":"https:\/\/www.noticiasradioreflejos.com.ar\/2021\/wp-json\/wp\/v2\/tags?post=50480"}],"curies":[{"name":"wp","href":"https:\/\/api.w.org\/{rel}","templated":true}]}}