{"id":50468,"date":"2020-12-19T20:27:09","date_gmt":"2020-12-19T23:27:09","guid":{"rendered":"http:\/\/www.noticiasradioreflejos.com.ar\/noticias\/?p=50468"},"modified":"2020-12-19T20:27:09","modified_gmt":"2020-12-19T23:27:09","slug":"paso-el-temporal-fuertes-vientos-y-abundante-precipitaciones-en-toda-la-zona","status":"publish","type":"post","link":"https:\/\/www.noticiasradioreflejos.com.ar\/2021\/paso-el-temporal-fuertes-vientos-y-abundante-precipitaciones-en-toda-la-zona\/","title":{"rendered":"Pas\u00f3 el temporal: Fuertes vientos y abundantes precipitaciones en toda la zona"},"content":{"rendered":"<p>R\u00e1fagas de viento que superaron los 70 km\/h acompa\u00f1ados de chaparrones, lluvias y corte en los servicios de energ\u00eda, tv por cable y telefon\u00eda, fueron el resultado del fen\u00f3meno meteorol\u00f3gico que pas\u00f3 por la zona serrana entre viernes y s\u00e1bado.<!--more--><\/p>\n<p>El Servicio Meteorol\u00f3gico Nacional y pronosticadores de todo el pa\u00eds, anticiparon durante varios d\u00edas la llegada de un frente fr\u00edo que generar\u00eda un fen\u00f3meno de proporciones para varias provincias del pa\u00eds, y que llegar\u00eda a afectar a nuestra zona serrana.<br \/>\nEn las provincias de Mendoza y La Pampa se registraron fuertes vientos que ocasionaron da\u00f1os materiales de consideraci\u00f3n en una amplia franja de sus territorios con voladuras de techos, ca\u00edda de \u00e1rboles y corte de servicios por completo en algunas localidades.<\/p>\n<p><a title=\"b89ea747-e7bc-4a74-ad3a-52efbe588353\" href=\"http:\/\/live.staticflickr.com\/65535\/50738085832_2a6ffd3bb1_s.jpg\" rel=\"\"><img loading=\"lazy\" decoding=\"async\" class=\"aligncenter\" title=\"b89ea747-e7bc-4a74-ad3a-52efbe588353\" src=\"http:\/\/live.staticflickr.com\/65535\/50738085832_2a6ffd3bb1_z.jpg\" alt=\"b89ea747-e7bc-4a74-ad3a-52efbe588353\" width=\"640\" height=\"360\" \/><\/a><\/p>\n<p><span style=\"color: #000080;\"><em>\u00a0 \u00a0 \u00a0 \u00a0 \u00a0 \u00a0 \u00a0 <\/em><em>\u00a0<\/em><em>El casco urbano de Olavarria sufri\u00f3 los efectos del temporal con voladura de techos y ca\u00edda de numerosos \u00e1rboles<\/em><\/span><\/p>\n<p>En el Sudoeste bonaerense, la tormenta se manifest\u00f3 muy fuerte por determinadas regiones rurales y urbanas, en especial en Olavarr\u00eda, donde la ciudad sufri\u00f3 graves da\u00f1os estructurales en viviendas, comercios y espacios verdes.<br \/>\nEn Villa Ventana el servicio de energ\u00eda estuvo interrumpido como consecuencia de la tormenta, como tambi\u00e9n la TV por Cable. En Sierra de la Ventana hubo cortes parciales de energ\u00eda y el equipo de emergencias de la Cooperativa debi\u00f3 trabajar en zona rural y urbana, como consecuencia de la ca\u00edda de ramas en las l\u00edneas. <!--more--><\/p>\n<p><a title=\"132036728_4771917212850746_1916125910300582599_n\" href=\"http:\/\/live.staticflickr.com\/65535\/50737239938_f527154827_s.jpg\" rel=\"\"><img loading=\"lazy\" decoding=\"async\" class=\"aligncenter\" title=\"132036728_4771917212850746_1916125910300582599_n\" src=\"http:\/\/live.staticflickr.com\/65535\/50737239938_f527154827_c.jpg\" alt=\"132036728_4771917212850746_1916125910300582599_n\" width=\"800\" height=\"600\" \/><\/a><\/p>\n<p><span style=\"color: #000080;\"><em>\u00a0 \u00a0 \u00a0 \u00a0 \u00a0 \u00a0 \u00a0 \u00a0 \u00a0 \u00a0 \u00a0 \u00a0 \u00a0 \u00a0 \u00a0 \u00a0 \u00a0 \u00a0 \u00a0 \u00a0 \u00a0 \u00a0 Bomberos de Sierra de la Ventana trabajan en\u00a0 la ruta 76 por ca\u00edda de un \u00e1rbol\u00a0<\/em><\/span><br \/>\nLos Bomberos Voluntarios de Sierra acudieron a varios llamados telef\u00f3nicos en el transcurso de esta ma\u00f1ana, alertando de ca\u00eddas de ramas y postes de tel\u00e9fono con peligro de caerse, donde debieron movilizarse 2 dotaciones, una de ellas se dirigi\u00f3 a pocos metros del cruce entre ruta 72 y 76 para retirar un \u00e1rbol que bloqueaba la circulaci\u00f3n sobre ruta 76.<br \/>\nEn Monte Hermoso el temporal ocasion\u00f3 graves da\u00f1os con calles anegadas, ramas ca\u00eddas y voladura de techos.<\/p>\n<p><a title=\"Temporal-sudestada-en-monte-hermoso-cooperativa-obrera\" href=\"http:\/\/live.staticflickr.com\/65535\/50738085762_f95f2bfd98_s.jpg\" rel=\"\"><img loading=\"lazy\" decoding=\"async\" class=\"aligncenter\" title=\"Temporal-sudestada-en-monte-hermoso-cooperativa-obrera\" src=\"http:\/\/live.staticflickr.com\/65535\/50738085762_f1abdbc64a_o.jpg\" alt=\"Temporal-sudestada-en-monte-hermoso-cooperativa-obrera\" width=\"429\" height=\"522\" \/><\/a>\u00a0 \u00a0 \u00a0 \u00a0 \u00a0 \u00a0 \u00a0 \u00a0 \u00a0 \u00a0 \u00a0 \u00a0 \u00a0 \u00a0 \u00a0 \u00a0 \u00a0 \u00a0 \u00a0 \u00a0 \u00a0 \u00a0 \u00a0 \u00a0 \u00a0 \u00a0 \u00a0 \u00a0 \u00a0<span style=\"color: #000080;\"><em>Ca\u00edda de \u00e1rboles, calles anegadas y voladura de techos en Monte Hermoso<\/em><\/span><\/p>\n<p>El pron\u00f3stico anticipa para el domingo temperaturas de 9\u00b0 a 20\u00b0, Cielos mayormente despejados con vientos moderados del sudoeste. Para el lunes, m\u00ednima 10\u00b0 y m\u00e1xima 30\u00b0 vientos del oeste sudoeste en forma suave a moderada y cielo completamente despejado.<\/p>\n<p><strong>Totales de lluvias<\/strong><\/p>\n<p>40 mm Sierra de la Ventana<br \/>\n43 mm Calquin<br \/>\n39 mm en Villa Ventana<br \/>\n40 mm Cabildo<br \/>\n57 mm en Tornquist<br \/>\n43 mm en Tres Picos<br \/>\n24 mm en Dufaur<br \/>\n17 mm en Pig\u00fc\u00e9<br \/>\n34 mm en El Pantanoso<br \/>\n19 mm en San Eloy<br \/>\n65 mm en Chasic\u00f3<br \/>\n56 mm Villa Iris<br \/>\n60 mm Berraondo<br \/>\n75 mm Algarrobo<br \/>\n134 mm San Rom\u00e1n (Dorrego)<br \/>\n105 mm Colonia La Merced<br \/>\n60 mm Pu\u00e1n 60<br \/>\n39 mm Azopardo<br \/>\n15 mm Gral. Lamadrid<br \/>\n40 mm Estomba<br \/>\n10 mm Stroeder<br \/>\n50 mm M\u00e9danos<br \/>\n60 mm Pedro Luro<br \/>\n14 mm en C. Pringles<br \/>\n40 mm en Paraje La Paloma<br \/>\n32 mm Coronel Su\u00e1rez<br \/>\n46 mm en Pasman<br \/>\n38 mm en Cura Malal<br \/>\n72 mm Bah\u00eda Blanca<\/p>\n","protected":false},"excerpt":{"rendered":"<p>R\u00e1fagas de viento que superaron los 70 km\/h acompa\u00f1ados de chaparrones, lluvias y corte en los servicios de energ\u00eda, tv por cable y telefon\u00eda, fueron el resultado del fen\u00f3meno meteorol\u00f3gico que pas\u00f3 por la zona serrana entre viernes y s\u00e1bado.<\/p>\n","protected":false},"author":3,"featured_media":0,"comment_status":"closed","ping_status":"open","sticky":false,"template":"","format":"standard","meta":{"footnotes":""},"categories":[26],"tags":[],"class_list":["post-50468","post","type-post","status-publish","format-standard","hentry","category-sociedad"],"yoast_head":"<!-- This site is optimized with the Yoast SEO plugin v25.9 - https:\/\/yoast.com\/wordpress\/plugins\/seo\/ -->\n<title>Pas\u00f3 el temporal: Fuertes vientos y abundantes precipitaciones en toda la zona - Noticias Radio Reflejos<\/title>\n<meta name=\"robots\" content=\"index, follow, max-snippet:-1, max-image-preview:large, max-video-preview:-1\" \/>\n<link rel=\"canonical\" href=\"https:\/\/www.noticiasradioreflejos.com.ar\/2021\/paso-el-temporal-fuertes-vientos-y-abundante-precipitaciones-en-toda-la-zona\/\" \/>\n<meta property=\"og:locale\" content=\"es_ES\" \/>\n<meta property=\"og:type\" content=\"article\" \/>\n<meta property=\"og:title\" content=\"Pas\u00f3 el temporal: Fuertes vientos y abundantes precipitaciones en toda la zona - Noticias Radio Reflejos\" \/>\n<meta property=\"og:description\" content=\"R\u00e1fagas de viento que superaron los 70 km\/h acompa\u00f1ados de chaparrones, lluvias y corte en los servicios de energ\u00eda, tv por cable y telefon\u00eda, fueron el resultado del fen\u00f3meno meteorol\u00f3gico que pas\u00f3 por la zona serrana entre viernes y s\u00e1bado.\" \/>\n<meta property=\"og:url\" content=\"https:\/\/www.noticiasradioreflejos.com.ar\/2021\/paso-el-temporal-fuertes-vientos-y-abundante-precipitaciones-en-toda-la-zona\/\" \/>\n<meta property=\"og:site_name\" content=\"Noticias Radio Reflejos\" \/>\n<meta property=\"article:published_time\" content=\"2020-12-19T23:27:09+00:00\" \/>\n<meta property=\"og:image\" content=\"http:\/\/live.staticflickr.com\/65535\/50738085832_2a6ffd3bb1_z.jpg\" \/>\n<meta name=\"author\" content=\"Arnaldo Botto\" \/>\n<meta name=\"twitter:card\" content=\"summary_large_image\" \/>\n<script type=\"application\/ld+json\" class=\"yoast-schema-graph\">{\"@context\":\"https:\/\/schema.org\",\"@graph\":[{\"@type\":\"WebPage\",\"@id\":\"https:\/\/www.noticiasradioreflejos.com.ar\/2021\/paso-el-temporal-fuertes-vientos-y-abundante-precipitaciones-en-toda-la-zona\/\",\"url\":\"https:\/\/www.noticiasradioreflejos.com.ar\/2021\/paso-el-temporal-fuertes-vientos-y-abundante-precipitaciones-en-toda-la-zona\/\",\"name\":\"Pas\u00f3 el temporal: Fuertes vientos y abundantes precipitaciones en toda la zona - Noticias Radio Reflejos\",\"isPartOf\":{\"@id\":\"https:\/\/www.noticiasradioreflejos.com.ar\/2021\/#website\"},\"primaryImageOfPage\":{\"@id\":\"https:\/\/www.noticiasradioreflejos.com.ar\/2021\/paso-el-temporal-fuertes-vientos-y-abundante-precipitaciones-en-toda-la-zona\/#primaryimage\"},\"image\":{\"@id\":\"https:\/\/www.noticiasradioreflejos.com.ar\/2021\/paso-el-temporal-fuertes-vientos-y-abundante-precipitaciones-en-toda-la-zona\/#primaryimage\"},\"thumbnailUrl\":\"http:\/\/live.staticflickr.com\/65535\/50738085832_2a6ffd3bb1_z.jpg\",\"datePublished\":\"2020-12-19T23:27:09+00:00\",\"author\":{\"@id\":\"https:\/\/www.noticiasradioreflejos.com.ar\/2021\/#\/schema\/person\/ad82545263dcc5ec0996818884fd5fb1\"},\"breadcrumb\":{\"@id\":\"https:\/\/www.noticiasradioreflejos.com.ar\/2021\/paso-el-temporal-fuertes-vientos-y-abundante-precipitaciones-en-toda-la-zona\/#breadcrumb\"},\"inLanguage\":\"es\",\"potentialAction\":[{\"@type\":\"ReadAction\",\"target\":[\"https:\/\/www.noticiasradioreflejos.com.ar\/2021\/paso-el-temporal-fuertes-vientos-y-abundante-precipitaciones-en-toda-la-zona\/\"]}]},{\"@type\":\"ImageObject\",\"inLanguage\":\"es\",\"@id\":\"https:\/\/www.noticiasradioreflejos.com.ar\/2021\/paso-el-temporal-fuertes-vientos-y-abundante-precipitaciones-en-toda-la-zona\/#primaryimage\",\"url\":\"http:\/\/live.staticflickr.com\/65535\/50738085832_2a6ffd3bb1_z.jpg\",\"contentUrl\":\"http:\/\/live.staticflickr.com\/65535\/50738085832_2a6ffd3bb1_z.jpg\"},{\"@type\":\"BreadcrumbList\",\"@id\":\"https:\/\/www.noticiasradioreflejos.com.ar\/2021\/paso-el-temporal-fuertes-vientos-y-abundante-precipitaciones-en-toda-la-zona\/#breadcrumb\",\"itemListElement\":[{\"@type\":\"ListItem\",\"position\":1,\"name\":\"Portada\",\"item\":\"https:\/\/www.noticiasradioreflejos.com.ar\/2021\/\"},{\"@type\":\"ListItem\",\"position\":2,\"name\":\"Pas\u00f3 el temporal: Fuertes vientos y abundantes precipitaciones en toda la zona\"}]},{\"@type\":\"WebSite\",\"@id\":\"https:\/\/www.noticiasradioreflejos.com.ar\/2021\/#website\",\"url\":\"https:\/\/www.noticiasradioreflejos.com.ar\/2021\/\",\"name\":\"Noticias Radio Reflejos\",\"description\":\"Las noticias de mi comarca\",\"potentialAction\":[{\"@type\":\"SearchAction\",\"target\":{\"@type\":\"EntryPoint\",\"urlTemplate\":\"https:\/\/www.noticiasradioreflejos.com.ar\/2021\/?s={search_term_string}\"},\"query-input\":{\"@type\":\"PropertyValueSpecification\",\"valueRequired\":true,\"valueName\":\"search_term_string\"}}],\"inLanguage\":\"es\"},{\"@type\":\"Person\",\"@id\":\"https:\/\/www.noticiasradioreflejos.com.ar\/2021\/#\/schema\/person\/ad82545263dcc5ec0996818884fd5fb1\",\"name\":\"Arnaldo Botto\",\"image\":{\"@type\":\"ImageObject\",\"inLanguage\":\"es\",\"@id\":\"https:\/\/www.noticiasradioreflejos.com.ar\/2021\/#\/schema\/person\/image\/\",\"url\":\"https:\/\/secure.gravatar.com\/avatar\/55cb5e37c1efa326397366e6974cb338056df65cb50e7d64d1cf314e87504837?s=96&d=mm&r=g\",\"contentUrl\":\"https:\/\/secure.gravatar.com\/avatar\/55cb5e37c1efa326397366e6974cb338056df65cb50e7d64d1cf314e87504837?s=96&d=mm&r=g\",\"caption\":\"Arnaldo Botto\"},\"url\":\"https:\/\/www.noticiasradioreflejos.com.ar\/2021\/author\/arnaldo\/\"}]}<\/script>\n<!-- \/ Yoast SEO plugin. -->","yoast_head_json":{"title":"Pas\u00f3 el temporal: Fuertes vientos y abundantes precipitaciones en toda la zona - Noticias Radio Reflejos","robots":{"index":"index","follow":"follow","max-snippet":"max-snippet:-1","max-image-preview":"max-image-preview:large","max-video-preview":"max-video-preview:-1"},"canonical":"https:\/\/www.noticiasradioreflejos.com.ar\/2021\/paso-el-temporal-fuertes-vientos-y-abundante-precipitaciones-en-toda-la-zona\/","og_locale":"es_ES","og_type":"article","og_title":"Pas\u00f3 el temporal: Fuertes vientos y abundantes precipitaciones en toda la zona - Noticias Radio Reflejos","og_description":"R\u00e1fagas de viento que superaron los 70 km\/h acompa\u00f1ados de chaparrones, lluvias y corte en los servicios de energ\u00eda, tv por cable y telefon\u00eda, fueron el resultado del fen\u00f3meno meteorol\u00f3gico que pas\u00f3 por la zona serrana entre viernes y s\u00e1bado.","og_url":"https:\/\/www.noticiasradioreflejos.com.ar\/2021\/paso-el-temporal-fuertes-vientos-y-abundante-precipitaciones-en-toda-la-zona\/","og_site_name":"Noticias Radio Reflejos","article_published_time":"2020-12-19T23:27:09+00:00","og_image":[{"url":"http:\/\/live.staticflickr.com\/65535\/50738085832_2a6ffd3bb1_z.jpg","type":"","width":"","height":""}],"author":"Arnaldo Botto","twitter_card":"summary_large_image","schema":{"@context":"https:\/\/schema.org","@graph":[{"@type":"WebPage","@id":"https:\/\/www.noticiasradioreflejos.com.ar\/2021\/paso-el-temporal-fuertes-vientos-y-abundante-precipitaciones-en-toda-la-zona\/","url":"https:\/\/www.noticiasradioreflejos.com.ar\/2021\/paso-el-temporal-fuertes-vientos-y-abundante-precipitaciones-en-toda-la-zona\/","name":"Pas\u00f3 el temporal: Fuertes vientos y abundantes precipitaciones en toda la zona - Noticias Radio Reflejos","isPartOf":{"@id":"https:\/\/www.noticiasradioreflejos.com.ar\/2021\/#website"},"primaryImageOfPage":{"@id":"https:\/\/www.noticiasradioreflejos.com.ar\/2021\/paso-el-temporal-fuertes-vientos-y-abundante-precipitaciones-en-toda-la-zona\/#primaryimage"},"image":{"@id":"https:\/\/www.noticiasradioreflejos.com.ar\/2021\/paso-el-temporal-fuertes-vientos-y-abundante-precipitaciones-en-toda-la-zona\/#primaryimage"},"thumbnailUrl":"http:\/\/live.staticflickr.com\/65535\/50738085832_2a6ffd3bb1_z.jpg","datePublished":"2020-12-19T23:27:09+00:00","author":{"@id":"https:\/\/www.noticiasradioreflejos.com.ar\/2021\/#\/schema\/person\/ad82545263dcc5ec0996818884fd5fb1"},"breadcrumb":{"@id":"https:\/\/www.noticiasradioreflejos.com.ar\/2021\/paso-el-temporal-fuertes-vientos-y-abundante-precipitaciones-en-toda-la-zona\/#breadcrumb"},"inLanguage":"es","potentialAction":[{"@type":"ReadAction","target":["https:\/\/www.noticiasradioreflejos.com.ar\/2021\/paso-el-temporal-fuertes-vientos-y-abundante-precipitaciones-en-toda-la-zona\/"]}]},{"@type":"ImageObject","inLanguage":"es","@id":"https:\/\/www.noticiasradioreflejos.com.ar\/2021\/paso-el-temporal-fuertes-vientos-y-abundante-precipitaciones-en-toda-la-zona\/#primaryimage","url":"http:\/\/live.staticflickr.com\/65535\/50738085832_2a6ffd3bb1_z.jpg","contentUrl":"http:\/\/live.staticflickr.com\/65535\/50738085832_2a6ffd3bb1_z.jpg"},{"@type":"BreadcrumbList","@id":"https:\/\/www.noticiasradioreflejos.com.ar\/2021\/paso-el-temporal-fuertes-vientos-y-abundante-precipitaciones-en-toda-la-zona\/#breadcrumb","itemListElement":[{"@type":"ListItem","position":1,"name":"Portada","item":"https:\/\/www.noticiasradioreflejos.com.ar\/2021\/"},{"@type":"ListItem","position":2,"name":"Pas\u00f3 el temporal: Fuertes vientos y abundantes precipitaciones en toda la zona"}]},{"@type":"WebSite","@id":"https:\/\/www.noticiasradioreflejos.com.ar\/2021\/#website","url":"https:\/\/www.noticiasradioreflejos.com.ar\/2021\/","name":"Noticias Radio Reflejos","description":"Las noticias de mi comarca","potentialAction":[{"@type":"SearchAction","target":{"@type":"EntryPoint","urlTemplate":"https:\/\/www.noticiasradioreflejos.com.ar\/2021\/?s={search_term_string}"},"query-input":{"@type":"PropertyValueSpecification","valueRequired":true,"valueName":"search_term_string"}}],"inLanguage":"es"},{"@type":"Person","@id":"https:\/\/www.noticiasradioreflejos.com.ar\/2021\/#\/schema\/person\/ad82545263dcc5ec0996818884fd5fb1","name":"Arnaldo Botto","image":{"@type":"ImageObject","inLanguage":"es","@id":"https:\/\/www.noticiasradioreflejos.com.ar\/2021\/#\/schema\/person\/image\/","url":"https:\/\/secure.gravatar.com\/avatar\/55cb5e37c1efa326397366e6974cb338056df65cb50e7d64d1cf314e87504837?s=96&d=mm&r=g","contentUrl":"https:\/\/secure.gravatar.com\/avatar\/55cb5e37c1efa326397366e6974cb338056df65cb50e7d64d1cf314e87504837?s=96&d=mm&r=g","caption":"Arnaldo Botto"},"url":"https:\/\/www.noticiasradioreflejos.com.ar\/2021\/author\/arnaldo\/"}]}},"_links":{"self":[{"href":"https:\/\/www.noticiasradioreflejos.com.ar\/2021\/wp-json\/wp\/v2\/posts\/50468","targetHints":{"allow":["GET"]}}],"collection":[{"href":"https:\/\/www.noticiasradioreflejos.com.ar\/2021\/wp-json\/wp\/v2\/posts"}],"about":[{"href":"https:\/\/www.noticiasradioreflejos.com.ar\/2021\/wp-json\/wp\/v2\/types\/post"}],"author":[{"embeddable":true,"href":"https:\/\/www.noticiasradioreflejos.com.ar\/2021\/wp-json\/wp\/v2\/users\/3"}],"replies":[{"embeddable":true,"href":"https:\/\/www.noticiasradioreflejos.com.ar\/2021\/wp-json\/wp\/v2\/comments?post=50468"}],"version-history":[{"count":0,"href":"https:\/\/www.noticiasradioreflejos.com.ar\/2021\/wp-json\/wp\/v2\/posts\/50468\/revisions"}],"wp:attachment":[{"href":"https:\/\/www.noticiasradioreflejos.com.ar\/2021\/wp-json\/wp\/v2\/media?parent=50468"}],"wp:term":[{"taxonomy":"category","embeddable":true,"href":"https:\/\/www.noticiasradioreflejos.com.ar\/2021\/wp-json\/wp\/v2\/categories?post=50468"},{"taxonomy":"post_tag","embeddable":true,"href":"https:\/\/www.noticiasradioreflejos.com.ar\/2021\/wp-json\/wp\/v2\/tags?post=50468"}],"curies":[{"name":"wp","href":"https:\/\/api.w.org\/{rel}","templated":true}]}}