{"id":50465,"date":"2020-12-19T13:01:58","date_gmt":"2020-12-19T16:01:58","guid":{"rendered":"http:\/\/www.noticiasradioreflejos.com.ar\/noticias\/?p=50465"},"modified":"2020-12-19T13:01:58","modified_gmt":"2020-12-19T16:01:58","slug":"quienes-podran-solicitar-el-servicio-de-telefonia-celular-con-internet-por-un-dolar-por-mes","status":"publish","type":"post","link":"https:\/\/www.noticiasradioreflejos.com.ar\/2021\/quienes-podran-solicitar-el-servicio-de-telefonia-celular-con-internet-por-un-dolar-por-mes\/","title":{"rendered":"Qui\u00e9nes podr\u00e1n solicitar el servicio de telefon\u00eda celular con Internet por un d\u00f3lar por mes"},"content":{"rendered":"<p>Lo determin\u00f3 ayer el Gobierno al anunciar beneficios en servicios de telecomunicaciones que tambi\u00e9n incluyen importantes descuentos para internet en el hogar y televisi\u00f3n por cable<!--more--><\/p>\n<article class=\"article | col widescreen-8 desktop-8 tablet-12 width_full\">\n<p class=\"paragraph\"><a href=\"https:\/\/www.infobae.com\/economia\/2020\/12\/18\/lanzan-los-precios-cuidados-para-telefonia-internet-y-tv-paga-para-10-millones-de-personas-cuales-seran-los-precios-de-los-nuevos-planes\/\" target=\"_blank\" rel=\"noopener\">Ayer por la tarde el gobierno anunci\u00f3 un paquete de \u201cPrecios cuidados\u201d para servicios de telecomunicaciones,<\/a>\u00a0como telefon\u00eda m\u00f3vil y fija, Internet y televisi\u00f3n con cable, con precios muy accesibles.<\/p>\n<p class=\"paragraph\">Por caso,\u00a0<mark class=\"hl_yellow\"><b>una Prestaci\u00f3n B\u00e1sica Universal mensual de telefon\u00eda m\u00f3vil con 500 minutos para hablar a n\u00fameros de la misma compa\u00f1\u00eda, 50 minutos para otras empresas, 500 mensajes de texto, navegaci\u00f3n libre en hasta 30 sitios oficiales o educativos y WhatsApp liberado (solo texto) tiene un precio de 150 pesos por mes. O sea, apenas dos pesos menos que la cotizaci\u00f3n del d\u00f3lar libre, el \u00fanico al que se puede acceder sin restricciones en el mercado local, que ayer cerr\u00f3 a 148 pesos.<\/b><\/mark><\/p>\n<p class=\"paragraph\">Seg\u00fan el decreto oficial, los beneficiarios de los nuevos planes son, textualmente:<\/p>\n<p class=\"paragraph\"><b>1) Beneficiarios y beneficiarias de la Asignaci\u00f3n Universal por Hijo (AUH) y la Asignaci\u00f3n por Embarazo, como as\u00ed tambi\u00e9n sus hijos-as<\/b>\/tenencia de entre DIECIS\u00c9IS (16) y DIECIOCHO (18) a\u00f1os,\u00a0<b>y miembros de su grupo familiar<\/b>\u00a0(padre\/madre, c\u00f3nyuge\/conviviente).<\/p>\n<p class=\"paragraph\"><b>2) Beneficiarios y beneficiarias de Pensiones no Contributivas<\/b>\u00a0que perciban ingresos mensuales brutos no superiores a DOS (2) Salarios M\u00ednimos Vitales y M\u00f3viles como as\u00ed tambi\u00e9n sus hijos-as\/tenencia de entre DIECIS\u00c9IS (16) y DIECIOCHO (18) a\u00f1os.<\/p>\n<p class=\"paragraph\"><b>3) Usuarios inscriptos y usuarias inscriptas en el R\u00e9gimen de Monotributo Social\u00a0<\/b>como as\u00ed tambi\u00e9n sus hijos-as\/tenencia de entre DIECIS\u00c9IS (16) y DIECIOCHO (18) a\u00f1os.<\/p>\n<p class=\"paragraph\"><b>4) Jubilados y jubiladas; pensionadas y pensionados; y trabajadores y trabajadoras en relaci\u00f3n de dependencia que perciban una remuneraci\u00f3n bruta menor o igual a DOS (2) Salarios M\u00ednimos Vitales y M\u00f3viles<\/b>\u00a0como as\u00ed tambi\u00e9n sus hijos-as\/tenencia de entre DIECIS\u00c9IS (16) y DIECIOCHO (18) a\u00f1os.<\/p>\n<p class=\"paragraph\"><b>5) Trabajadores y trabajadoras monotributistas\u00a0<\/b>inscriptos e inscriptas en una categor\u00eda cuyo ingreso anual mensualizado no supere DOS (2) Salarios M\u00ednimos Vitales y M\u00f3viles como as\u00ed tambi\u00e9n sus hijos-as\/tenencia de entre DIECIS\u00c9IS (16) y DIECIOCHO (18) a\u00f1os.<\/p>\n<p class=\"paragraph\"><b>6) Usuarios y usuarias que perciban seguro de desempleo\u00a0<\/b>como as\u00ed tambi\u00e9n sus hijos-as\/tenencia de entre DIECIS\u00c9IS (16) y DIECIOCHO (18) a\u00f1os.<\/p>\n<p class=\"paragraph\"><b>7) Usuarios y usuarias incorporados e incorporadas en el R\u00e9gimen Especial de Seguridad Social para Empleados de Casas Particulares\u00a0<\/b>(Ley N\u00b0 26.844) como as\u00ed tambi\u00e9n sus hijos-as\/tenencia de entre DIECIS\u00c9IS (16) y DIECIOCHO (18) a\u00f1os.<\/p>\n<p class=\"paragraph\"><b>8) Usuarios y usuarias\u00a0<\/b>que perciban una beca del programa\u00a0<b>Progresar.<\/b><\/p>\n<p class=\"paragraph\"><b>9) Personas que se encuentren desocupadas o se desempe\u00f1en en la econom\u00eda informal,\u00a0<\/b>como as\u00ed tambi\u00e9n sus hijos-as\/tenencia de entre DIECIS\u00c9IS (16) y DIECIOCHO (18) a\u00f1os.<\/p>\n<p class=\"paragraph\"><b>10) Beneficiarias y beneficiarios de programas sociales,\u00a0<\/b>como as\u00ed tambi\u00e9n sus hijos-as\/tenencia de entre DIECIS\u00c9IS (16) y DIECIOCHO (18) a\u00f1os.<\/p>\n<p class=\"paragraph\"><b>11) Clubes de Barrio y de Pueblo\u00a0<\/b>que se encuentren registrados conforme lo dispuesto por la Ley N\u00b0 27.098.<\/p>\n<p class=\"paragraph\"><b>12) Asociaciones de Bomberos Voluntarios<\/b>\u00a0definidas por la Ley N\u00b0 25.054 como entes de primer grado y que se encuentren registrados en los t\u00e9rminos de dicha Ley.<\/p>\n<p class=\"paragraph\"><b>13) Entidades de Bien P\u00fablico definidas por la Ley N\u00b0 27.218\u00a0<\/b>como: asociaciones civiles, simples asociaciones y fundaciones que no persiguen fines de lucro en forma directa o indirecta y las organizaciones comunitarias sin fines de lucro con reconocimiento municipal que llevan adelante programas de promoci\u00f3n y protecci\u00f3n de derechos o desarrollan actividades de ayuda social directa sin cobrar a los destinatarios por los servicios que prestan, debiendo estar inscriptas ante el Centro Nacional de Organizaciones de la Comunidad (CENOC).<\/p>\n<p class=\"paragraph\">\u00bfQu\u00e9 pasa si el usuario no tiene l\u00ednea fija en el hogar? El prestador deber\u00eda instalarla en un breve lapso de tiempo que, seg\u00fan fuentes del Gobierno, ser\u00eda de\u00a0<b>una semana.<\/b><\/p>\n<p class=\"paragraph\"><mark class=\"hl_orange\"><b>Los planes<\/b><\/mark><\/p>\n<p class=\"paragraph\">Este es el detalle de las nuevas prestaciones, seg\u00fan informaron ayer las autoridades:<\/p>\n<div class=\"margin_1 align_items_center width_full\"><iframe loading=\"lazy\" title=\"Planes\" src=\"https:\/\/e.infogram.com\/aa6a43e5-7e1e-4b5e-ae29-8078da22e6a7?src=embed\" width=\"100%\" height=\"2800\" frameborder=\"0\" scrolling=\"no\" allowfullscreen=\"allowfullscreen\"><\/iframe><\/div>\n<p class=\"paragraph\"><b>La cifra total, m\u00e1s de 10 millones, impacta y desde el sector privado aseguran que no saben c\u00f3mo se implementar\u00e1n los planes ni quien controlar\u00e1 que los solicitantes sean reales beneficiarios. Se estima, incluso, que podr\u00edan ser muchos m\u00e1s.<\/b><\/p>\n<p class=\"paragraph\">La norma, que se publicar\u00eda el lunes pr\u00f3ximo en el Bolet\u00edn Oficial y que las empresas a\u00fan est\u00e1n tratando de entender y determinar el alcance, caus\u00f3 preocupaci\u00f3n en el sector, desde donde, como destac\u00f3 esta ma\u00f1ana\u00a0<b>Infobae<\/b>, ya consideran que hace\u00a0<a href=\"https:\/\/www.infobae.com\/economia\/2020\/12\/19\/precios-cuidados-para-internet-y-moviles-las-empresas-de-telecomunicaciones-ya-hablan-de-negocio-poco-sustentable-y-de-riesgo-de-subsistencia\/\" target=\"_blank\" rel=\"noopener\">poco sustentable al negocio y pone riesgo de subsistencia a muchas de las empresas proveedoras, sobre todo a pymes del interior.<\/a><\/p>\n<p class=\"paragraph\">\u201cEl jefe de Gabinete de Ministros de la Naci\u00f3n,\u00a0<b>Santiago Cafiero<\/b>, anunci\u00f3 esta tarde la entrada en vigencia desde el 1\u00b0 de enero del a\u00f1o pr\u00f3ximo de la<b>\u00a0PBU (Prestaci\u00f3n B\u00e1sica Universal Obligatoria) para los servicios de comunicaciones m\u00f3viles, telefon\u00eda fija, conexi\u00f3n fija a internet y tv por suscripci\u00f3n<\/b>, con el objetivo de favorecer la universalizaci\u00f3n del acceso por parte de los sectores con menores ingresos y la poblaci\u00f3n vulnerable, estimada en m\u00e1s de 10 millones de argentinos\u201d, se destac\u00f3 ayer en un comunicado.<\/p>\n<\/article>\n","protected":false},"excerpt":{"rendered":"<p>Lo determin\u00f3 ayer el Gobierno al anunciar beneficios en servicios de telecomunicaciones que tambi\u00e9n incluyen importantes descuentos para internet en el hogar y televisi\u00f3n por cable<\/p>\n","protected":false},"author":3,"featured_media":50466,"comment_status":"closed","ping_status":"open","sticky":false,"template":"","format":"standard","meta":{"footnotes":""},"categories":[25],"tags":[],"class_list":["post-50465","post","type-post","status-publish","format-standard","has-post-thumbnail","hentry","category-uncategorized"],"yoast_head":"<!-- This site is optimized with the Yoast SEO plugin v25.9 - https:\/\/yoast.com\/wordpress\/plugins\/seo\/ -->\n<title>Qui\u00e9nes podr\u00e1n solicitar el servicio de telefon\u00eda celular con Internet por un d\u00f3lar por mes - Noticias Radio Reflejos<\/title>\n<meta name=\"robots\" content=\"index, follow, max-snippet:-1, max-image-preview:large, max-video-preview:-1\" \/>\n<link rel=\"canonical\" href=\"https:\/\/www.noticiasradioreflejos.com.ar\/2021\/quienes-podran-solicitar-el-servicio-de-telefonia-celular-con-internet-por-un-dolar-por-mes\/\" \/>\n<meta property=\"og:locale\" content=\"es_ES\" \/>\n<meta property=\"og:type\" content=\"article\" \/>\n<meta property=\"og:title\" content=\"Qui\u00e9nes podr\u00e1n solicitar el servicio de telefon\u00eda celular con Internet por un d\u00f3lar por mes - Noticias Radio Reflejos\" \/>\n<meta property=\"og:description\" content=\"Lo determin\u00f3 ayer el Gobierno al anunciar beneficios en servicios de telecomunicaciones que tambi\u00e9n incluyen importantes descuentos para internet en el hogar y televisi\u00f3n por cable\" \/>\n<meta property=\"og:url\" content=\"https:\/\/www.noticiasradioreflejos.com.ar\/2021\/quienes-podran-solicitar-el-servicio-de-telefonia-celular-con-internet-por-un-dolar-por-mes\/\" \/>\n<meta property=\"og:site_name\" content=\"Noticias Radio Reflejos\" \/>\n<meta property=\"article:published_time\" content=\"2020-12-19T16:01:58+00:00\" \/>\n<meta property=\"og:image\" content=\"https:\/\/www.noticiasradioreflejos.com.ar\/2021\/wp-content\/uploads\/2021\/07\/logosol300x200.png\" \/>\n\t<meta property=\"og:image:width\" content=\"300\" \/>\n\t<meta property=\"og:image:height\" content=\"200\" \/>\n\t<meta property=\"og:image:type\" content=\"image\/png\" \/>\n<meta name=\"author\" content=\"Arnaldo Botto\" \/>\n<meta name=\"twitter:card\" content=\"summary_large_image\" \/>\n<script type=\"application\/ld+json\" class=\"yoast-schema-graph\">{\"@context\":\"https:\/\/schema.org\",\"@graph\":[{\"@type\":\"WebPage\",\"@id\":\"https:\/\/www.noticiasradioreflejos.com.ar\/2021\/quienes-podran-solicitar-el-servicio-de-telefonia-celular-con-internet-por-un-dolar-por-mes\/\",\"url\":\"https:\/\/www.noticiasradioreflejos.com.ar\/2021\/quienes-podran-solicitar-el-servicio-de-telefonia-celular-con-internet-por-un-dolar-por-mes\/\",\"name\":\"Qui\u00e9nes podr\u00e1n solicitar el servicio de telefon\u00eda celular con Internet por un d\u00f3lar por mes - Noticias Radio Reflejos\",\"isPartOf\":{\"@id\":\"https:\/\/www.noticiasradioreflejos.com.ar\/2021\/#website\"},\"primaryImageOfPage\":{\"@id\":\"https:\/\/www.noticiasradioreflejos.com.ar\/2021\/quienes-podran-solicitar-el-servicio-de-telefonia-celular-con-internet-por-un-dolar-por-mes\/#primaryimage\"},\"image\":{\"@id\":\"https:\/\/www.noticiasradioreflejos.com.ar\/2021\/quienes-podran-solicitar-el-servicio-de-telefonia-celular-con-internet-por-un-dolar-por-mes\/#primaryimage\"},\"thumbnailUrl\":\"\",\"datePublished\":\"2020-12-19T16:01:58+00:00\",\"author\":{\"@id\":\"https:\/\/www.noticiasradioreflejos.com.ar\/2021\/#\/schema\/person\/ad82545263dcc5ec0996818884fd5fb1\"},\"breadcrumb\":{\"@id\":\"https:\/\/www.noticiasradioreflejos.com.ar\/2021\/quienes-podran-solicitar-el-servicio-de-telefonia-celular-con-internet-por-un-dolar-por-mes\/#breadcrumb\"},\"inLanguage\":\"es\",\"potentialAction\":[{\"@type\":\"ReadAction\",\"target\":[\"https:\/\/www.noticiasradioreflejos.com.ar\/2021\/quienes-podran-solicitar-el-servicio-de-telefonia-celular-con-internet-por-un-dolar-por-mes\/\"]}]},{\"@type\":\"ImageObject\",\"inLanguage\":\"es\",\"@id\":\"https:\/\/www.noticiasradioreflejos.com.ar\/2021\/quienes-podran-solicitar-el-servicio-de-telefonia-celular-con-internet-por-un-dolar-por-mes\/#primaryimage\",\"url\":\"\",\"contentUrl\":\"\"},{\"@type\":\"BreadcrumbList\",\"@id\":\"https:\/\/www.noticiasradioreflejos.com.ar\/2021\/quienes-podran-solicitar-el-servicio-de-telefonia-celular-con-internet-por-un-dolar-por-mes\/#breadcrumb\",\"itemListElement\":[{\"@type\":\"ListItem\",\"position\":1,\"name\":\"Portada\",\"item\":\"https:\/\/www.noticiasradioreflejos.com.ar\/2021\/\"},{\"@type\":\"ListItem\",\"position\":2,\"name\":\"Qui\u00e9nes podr\u00e1n solicitar el servicio de telefon\u00eda celular con Internet por un d\u00f3lar por mes\"}]},{\"@type\":\"WebSite\",\"@id\":\"https:\/\/www.noticiasradioreflejos.com.ar\/2021\/#website\",\"url\":\"https:\/\/www.noticiasradioreflejos.com.ar\/2021\/\",\"name\":\"Noticias Radio Reflejos\",\"description\":\"Las noticias de mi comarca\",\"potentialAction\":[{\"@type\":\"SearchAction\",\"target\":{\"@type\":\"EntryPoint\",\"urlTemplate\":\"https:\/\/www.noticiasradioreflejos.com.ar\/2021\/?s={search_term_string}\"},\"query-input\":{\"@type\":\"PropertyValueSpecification\",\"valueRequired\":true,\"valueName\":\"search_term_string\"}}],\"inLanguage\":\"es\"},{\"@type\":\"Person\",\"@id\":\"https:\/\/www.noticiasradioreflejos.com.ar\/2021\/#\/schema\/person\/ad82545263dcc5ec0996818884fd5fb1\",\"name\":\"Arnaldo Botto\",\"image\":{\"@type\":\"ImageObject\",\"inLanguage\":\"es\",\"@id\":\"https:\/\/www.noticiasradioreflejos.com.ar\/2021\/#\/schema\/person\/image\/\",\"url\":\"https:\/\/secure.gravatar.com\/avatar\/55cb5e37c1efa326397366e6974cb338056df65cb50e7d64d1cf314e87504837?s=96&d=mm&r=g\",\"contentUrl\":\"https:\/\/secure.gravatar.com\/avatar\/55cb5e37c1efa326397366e6974cb338056df65cb50e7d64d1cf314e87504837?s=96&d=mm&r=g\",\"caption\":\"Arnaldo Botto\"},\"url\":\"https:\/\/www.noticiasradioreflejos.com.ar\/2021\/author\/arnaldo\/\"}]}<\/script>\n<!-- \/ Yoast SEO plugin. -->","yoast_head_json":{"title":"Qui\u00e9nes podr\u00e1n solicitar el servicio de telefon\u00eda celular con Internet por un d\u00f3lar por mes - Noticias Radio Reflejos","robots":{"index":"index","follow":"follow","max-snippet":"max-snippet:-1","max-image-preview":"max-image-preview:large","max-video-preview":"max-video-preview:-1"},"canonical":"https:\/\/www.noticiasradioreflejos.com.ar\/2021\/quienes-podran-solicitar-el-servicio-de-telefonia-celular-con-internet-por-un-dolar-por-mes\/","og_locale":"es_ES","og_type":"article","og_title":"Qui\u00e9nes podr\u00e1n solicitar el servicio de telefon\u00eda celular con Internet por un d\u00f3lar por mes - Noticias Radio Reflejos","og_description":"Lo determin\u00f3 ayer el Gobierno al anunciar beneficios en servicios de telecomunicaciones que tambi\u00e9n incluyen importantes descuentos para internet en el hogar y televisi\u00f3n por cable","og_url":"https:\/\/www.noticiasradioreflejos.com.ar\/2021\/quienes-podran-solicitar-el-servicio-de-telefonia-celular-con-internet-por-un-dolar-por-mes\/","og_site_name":"Noticias Radio Reflejos","article_published_time":"2020-12-19T16:01:58+00:00","og_image":[{"width":300,"height":200,"url":"https:\/\/www.noticiasradioreflejos.com.ar\/2021\/wp-content\/uploads\/2021\/07\/logosol300x200.png","type":"image\/png"}],"author":"Arnaldo Botto","twitter_card":"summary_large_image","schema":{"@context":"https:\/\/schema.org","@graph":[{"@type":"WebPage","@id":"https:\/\/www.noticiasradioreflejos.com.ar\/2021\/quienes-podran-solicitar-el-servicio-de-telefonia-celular-con-internet-por-un-dolar-por-mes\/","url":"https:\/\/www.noticiasradioreflejos.com.ar\/2021\/quienes-podran-solicitar-el-servicio-de-telefonia-celular-con-internet-por-un-dolar-por-mes\/","name":"Qui\u00e9nes podr\u00e1n solicitar el servicio de telefon\u00eda celular con Internet por un d\u00f3lar por mes - Noticias Radio Reflejos","isPartOf":{"@id":"https:\/\/www.noticiasradioreflejos.com.ar\/2021\/#website"},"primaryImageOfPage":{"@id":"https:\/\/www.noticiasradioreflejos.com.ar\/2021\/quienes-podran-solicitar-el-servicio-de-telefonia-celular-con-internet-por-un-dolar-por-mes\/#primaryimage"},"image":{"@id":"https:\/\/www.noticiasradioreflejos.com.ar\/2021\/quienes-podran-solicitar-el-servicio-de-telefonia-celular-con-internet-por-un-dolar-por-mes\/#primaryimage"},"thumbnailUrl":"","datePublished":"2020-12-19T16:01:58+00:00","author":{"@id":"https:\/\/www.noticiasradioreflejos.com.ar\/2021\/#\/schema\/person\/ad82545263dcc5ec0996818884fd5fb1"},"breadcrumb":{"@id":"https:\/\/www.noticiasradioreflejos.com.ar\/2021\/quienes-podran-solicitar-el-servicio-de-telefonia-celular-con-internet-por-un-dolar-por-mes\/#breadcrumb"},"inLanguage":"es","potentialAction":[{"@type":"ReadAction","target":["https:\/\/www.noticiasradioreflejos.com.ar\/2021\/quienes-podran-solicitar-el-servicio-de-telefonia-celular-con-internet-por-un-dolar-por-mes\/"]}]},{"@type":"ImageObject","inLanguage":"es","@id":"https:\/\/www.noticiasradioreflejos.com.ar\/2021\/quienes-podran-solicitar-el-servicio-de-telefonia-celular-con-internet-por-un-dolar-por-mes\/#primaryimage","url":"","contentUrl":""},{"@type":"BreadcrumbList","@id":"https:\/\/www.noticiasradioreflejos.com.ar\/2021\/quienes-podran-solicitar-el-servicio-de-telefonia-celular-con-internet-por-un-dolar-por-mes\/#breadcrumb","itemListElement":[{"@type":"ListItem","position":1,"name":"Portada","item":"https:\/\/www.noticiasradioreflejos.com.ar\/2021\/"},{"@type":"ListItem","position":2,"name":"Qui\u00e9nes podr\u00e1n solicitar el servicio de telefon\u00eda celular con Internet por un d\u00f3lar por mes"}]},{"@type":"WebSite","@id":"https:\/\/www.noticiasradioreflejos.com.ar\/2021\/#website","url":"https:\/\/www.noticiasradioreflejos.com.ar\/2021\/","name":"Noticias Radio Reflejos","description":"Las noticias de mi comarca","potentialAction":[{"@type":"SearchAction","target":{"@type":"EntryPoint","urlTemplate":"https:\/\/www.noticiasradioreflejos.com.ar\/2021\/?s={search_term_string}"},"query-input":{"@type":"PropertyValueSpecification","valueRequired":true,"valueName":"search_term_string"}}],"inLanguage":"es"},{"@type":"Person","@id":"https:\/\/www.noticiasradioreflejos.com.ar\/2021\/#\/schema\/person\/ad82545263dcc5ec0996818884fd5fb1","name":"Arnaldo Botto","image":{"@type":"ImageObject","inLanguage":"es","@id":"https:\/\/www.noticiasradioreflejos.com.ar\/2021\/#\/schema\/person\/image\/","url":"https:\/\/secure.gravatar.com\/avatar\/55cb5e37c1efa326397366e6974cb338056df65cb50e7d64d1cf314e87504837?s=96&d=mm&r=g","contentUrl":"https:\/\/secure.gravatar.com\/avatar\/55cb5e37c1efa326397366e6974cb338056df65cb50e7d64d1cf314e87504837?s=96&d=mm&r=g","caption":"Arnaldo Botto"},"url":"https:\/\/www.noticiasradioreflejos.com.ar\/2021\/author\/arnaldo\/"}]}},"_links":{"self":[{"href":"https:\/\/www.noticiasradioreflejos.com.ar\/2021\/wp-json\/wp\/v2\/posts\/50465","targetHints":{"allow":["GET"]}}],"collection":[{"href":"https:\/\/www.noticiasradioreflejos.com.ar\/2021\/wp-json\/wp\/v2\/posts"}],"about":[{"href":"https:\/\/www.noticiasradioreflejos.com.ar\/2021\/wp-json\/wp\/v2\/types\/post"}],"author":[{"embeddable":true,"href":"https:\/\/www.noticiasradioreflejos.com.ar\/2021\/wp-json\/wp\/v2\/users\/3"}],"replies":[{"embeddable":true,"href":"https:\/\/www.noticiasradioreflejos.com.ar\/2021\/wp-json\/wp\/v2\/comments?post=50465"}],"version-history":[{"count":0,"href":"https:\/\/www.noticiasradioreflejos.com.ar\/2021\/wp-json\/wp\/v2\/posts\/50465\/revisions"}],"wp:featuredmedia":[{"embeddable":true,"href":"https:\/\/www.noticiasradioreflejos.com.ar\/2021\/wp-json\/"}],"wp:attachment":[{"href":"https:\/\/www.noticiasradioreflejos.com.ar\/2021\/wp-json\/wp\/v2\/media?parent=50465"}],"wp:term":[{"taxonomy":"category","embeddable":true,"href":"https:\/\/www.noticiasradioreflejos.com.ar\/2021\/wp-json\/wp\/v2\/categories?post=50465"},{"taxonomy":"post_tag","embeddable":true,"href":"https:\/\/www.noticiasradioreflejos.com.ar\/2021\/wp-json\/wp\/v2\/tags?post=50465"}],"curies":[{"name":"wp","href":"https:\/\/api.w.org\/{rel}","templated":true}]}}