{"id":50452,"date":"2020-12-19T10:51:50","date_gmt":"2020-12-19T13:51:50","guid":{"rendered":"http:\/\/www.noticiasradioreflejos.com.ar\/noticias\/?p=50452"},"modified":"2020-12-19T10:51:50","modified_gmt":"2020-12-19T13:51:50","slug":"se-encuentra-cortada-la-ruta-33-entre-bahia-blanca-y-tornquist","status":"publish","type":"post","link":"https:\/\/www.noticiasradioreflejos.com.ar\/2021\/se-encuentra-cortada-la-ruta-33-entre-bahia-blanca-y-tornquist\/","title":{"rendered":"Se pide much\u00edsima precauci\u00f3n al transitar por la ruta 33 entre Bah\u00eda Blanca y Tornquist"},"content":{"rendered":"<p>El tramo de la RN 33 entre Bah\u00eda Blanca y Tornquist\u00a0se transita parcialmente con mucha dificultad y en forma asistida por personal de Vialidad\u00a0ante la presencia de agua y barro producto del desprendimiento de suelo derivado por las fuertes lluvias. <!--more--><br \/>\nLos sectores m\u00e1s complicados son los km 38 y 18.<\/p>\n<p>En este momento trabajan en el lugar los agentes de Vialidad Nacional y la empresa contratista de la autopista Decavial.<\/p>\n<div style=\"width: 640px;\" class=\"wp-video\"><video class=\"wp-video-shortcode\" id=\"video-50452-1\" width=\"640\" height=\"352\" preload=\"metadata\" controls=\"controls\"><source type=\"video\/mp4\" src=\"http:\/\/www.noticiasradioreflejos.com.ar\/noticias\/wp-content\/uploads\/2020\/12\/WhatsApp-Video-2020-12-19-at-10.32.13.mp4?_=1\" \/><a href=\"http:\/\/www.noticiasradioreflejos.com.ar\/noticias\/wp-content\/uploads\/2020\/12\/WhatsApp-Video-2020-12-19-at-10.32.13.mp4\">http:\/\/www.noticiasradioreflejos.com.ar\/noticias\/wp-content\/uploads\/2020\/12\/WhatsApp-Video-2020-12-19-at-10.32.13.mp4<\/a><\/video><\/div><br \/>\nEl tr\u00e1nsito se encuentra asistido en el sector. Se puede circular pero con much\u00edsima precauci\u00f3n. Los primeros trabajos de emergencia con motoniveladoras permitieron el escurrimiento de parte del agua, dejando sedimentos.<\/p>\n","protected":false},"excerpt":{"rendered":"<p>El tramo de la RN 33 entre Bah\u00eda Blanca y Tornquist\u00a0se transita parcialmente con mucha dificultad y en forma asistida por personal de Vialidad\u00a0ante la presencia de agua y barro producto del desprendimiento de suelo derivado por las fuertes lluvias.<\/p>\n","protected":false},"author":3,"featured_media":0,"comment_status":"closed","ping_status":"open","sticky":false,"template":"","format":"standard","meta":{"footnotes":""},"categories":[29,26],"tags":[],"class_list":["post-50452","post","type-post","status-publish","format-standard","hentry","category-policiales","category-sociedad"],"yoast_head":"<!-- This site is optimized with the Yoast SEO plugin v25.9 - https:\/\/yoast.com\/wordpress\/plugins\/seo\/ -->\n<title>Se pide much\u00edsima precauci\u00f3n al transitar por la ruta 33 entre Bah\u00eda Blanca y Tornquist - Noticias Radio Reflejos<\/title>\n<meta name=\"robots\" content=\"index, follow, max-snippet:-1, max-image-preview:large, max-video-preview:-1\" \/>\n<link rel=\"canonical\" href=\"https:\/\/www.noticiasradioreflejos.com.ar\/2021\/se-encuentra-cortada-la-ruta-33-entre-bahia-blanca-y-tornquist\/\" \/>\n<meta property=\"og:locale\" content=\"es_ES\" \/>\n<meta property=\"og:type\" content=\"article\" \/>\n<meta property=\"og:title\" content=\"Se pide much\u00edsima precauci\u00f3n al transitar por la ruta 33 entre Bah\u00eda Blanca y Tornquist - Noticias Radio Reflejos\" \/>\n<meta property=\"og:description\" content=\"El tramo de la RN 33 entre Bah\u00eda Blanca y Tornquist\u00a0se transita parcialmente con mucha dificultad y en forma asistida por personal de Vialidad\u00a0ante la presencia de agua y barro producto del desprendimiento de suelo derivado por las fuertes lluvias.\" \/>\n<meta property=\"og:url\" content=\"https:\/\/www.noticiasradioreflejos.com.ar\/2021\/se-encuentra-cortada-la-ruta-33-entre-bahia-blanca-y-tornquist\/\" \/>\n<meta property=\"og:site_name\" content=\"Noticias Radio Reflejos\" \/>\n<meta property=\"article:published_time\" content=\"2020-12-19T13:51:50+00:00\" \/>\n<meta property=\"og:image\" content=\"https:\/\/www.noticiasradioreflejos.com.ar\/2021\/wp-content\/uploads\/2021\/07\/logosol300x200.png\" \/>\n\t<meta property=\"og:image:width\" content=\"300\" \/>\n\t<meta property=\"og:image:height\" content=\"200\" \/>\n\t<meta property=\"og:image:type\" content=\"image\/png\" \/>\n<meta name=\"author\" content=\"Arnaldo Botto\" \/>\n<meta name=\"twitter:card\" content=\"summary_large_image\" \/>\n<script type=\"application\/ld+json\" class=\"yoast-schema-graph\">{\"@context\":\"https:\/\/schema.org\",\"@graph\":[{\"@type\":\"WebPage\",\"@id\":\"https:\/\/www.noticiasradioreflejos.com.ar\/2021\/se-encuentra-cortada-la-ruta-33-entre-bahia-blanca-y-tornquist\/\",\"url\":\"https:\/\/www.noticiasradioreflejos.com.ar\/2021\/se-encuentra-cortada-la-ruta-33-entre-bahia-blanca-y-tornquist\/\",\"name\":\"Se pide much\u00edsima precauci\u00f3n al transitar por la ruta 33 entre Bah\u00eda Blanca y Tornquist - Noticias Radio Reflejos\",\"isPartOf\":{\"@id\":\"https:\/\/www.noticiasradioreflejos.com.ar\/2021\/#website\"},\"datePublished\":\"2020-12-19T13:51:50+00:00\",\"author\":{\"@id\":\"https:\/\/www.noticiasradioreflejos.com.ar\/2021\/#\/schema\/person\/ad82545263dcc5ec0996818884fd5fb1\"},\"breadcrumb\":{\"@id\":\"https:\/\/www.noticiasradioreflejos.com.ar\/2021\/se-encuentra-cortada-la-ruta-33-entre-bahia-blanca-y-tornquist\/#breadcrumb\"},\"inLanguage\":\"es\",\"potentialAction\":[{\"@type\":\"ReadAction\",\"target\":[\"https:\/\/www.noticiasradioreflejos.com.ar\/2021\/se-encuentra-cortada-la-ruta-33-entre-bahia-blanca-y-tornquist\/\"]}]},{\"@type\":\"BreadcrumbList\",\"@id\":\"https:\/\/www.noticiasradioreflejos.com.ar\/2021\/se-encuentra-cortada-la-ruta-33-entre-bahia-blanca-y-tornquist\/#breadcrumb\",\"itemListElement\":[{\"@type\":\"ListItem\",\"position\":1,\"name\":\"Portada\",\"item\":\"https:\/\/www.noticiasradioreflejos.com.ar\/2021\/\"},{\"@type\":\"ListItem\",\"position\":2,\"name\":\"Se pide much\u00edsima precauci\u00f3n al transitar por la ruta 33 entre Bah\u00eda Blanca y Tornquist\"}]},{\"@type\":\"WebSite\",\"@id\":\"https:\/\/www.noticiasradioreflejos.com.ar\/2021\/#website\",\"url\":\"https:\/\/www.noticiasradioreflejos.com.ar\/2021\/\",\"name\":\"Noticias Radio Reflejos\",\"description\":\"Las noticias de mi comarca\",\"potentialAction\":[{\"@type\":\"SearchAction\",\"target\":{\"@type\":\"EntryPoint\",\"urlTemplate\":\"https:\/\/www.noticiasradioreflejos.com.ar\/2021\/?s={search_term_string}\"},\"query-input\":{\"@type\":\"PropertyValueSpecification\",\"valueRequired\":true,\"valueName\":\"search_term_string\"}}],\"inLanguage\":\"es\"},{\"@type\":\"Person\",\"@id\":\"https:\/\/www.noticiasradioreflejos.com.ar\/2021\/#\/schema\/person\/ad82545263dcc5ec0996818884fd5fb1\",\"name\":\"Arnaldo Botto\",\"image\":{\"@type\":\"ImageObject\",\"inLanguage\":\"es\",\"@id\":\"https:\/\/www.noticiasradioreflejos.com.ar\/2021\/#\/schema\/person\/image\/\",\"url\":\"https:\/\/secure.gravatar.com\/avatar\/55cb5e37c1efa326397366e6974cb338056df65cb50e7d64d1cf314e87504837?s=96&d=mm&r=g\",\"contentUrl\":\"https:\/\/secure.gravatar.com\/avatar\/55cb5e37c1efa326397366e6974cb338056df65cb50e7d64d1cf314e87504837?s=96&d=mm&r=g\",\"caption\":\"Arnaldo Botto\"},\"url\":\"https:\/\/www.noticiasradioreflejos.com.ar\/2021\/author\/arnaldo\/\"}]}<\/script>\n<!-- \/ Yoast SEO plugin. -->","yoast_head_json":{"title":"Se pide much\u00edsima precauci\u00f3n al transitar por la ruta 33 entre Bah\u00eda Blanca y Tornquist - Noticias Radio Reflejos","robots":{"index":"index","follow":"follow","max-snippet":"max-snippet:-1","max-image-preview":"max-image-preview:large","max-video-preview":"max-video-preview:-1"},"canonical":"https:\/\/www.noticiasradioreflejos.com.ar\/2021\/se-encuentra-cortada-la-ruta-33-entre-bahia-blanca-y-tornquist\/","og_locale":"es_ES","og_type":"article","og_title":"Se pide much\u00edsima precauci\u00f3n al transitar por la ruta 33 entre Bah\u00eda Blanca y Tornquist - Noticias Radio Reflejos","og_description":"El tramo de la RN 33 entre Bah\u00eda Blanca y Tornquist\u00a0se transita parcialmente con mucha dificultad y en forma asistida por personal de Vialidad\u00a0ante la presencia de agua y barro producto del desprendimiento de suelo derivado por las fuertes lluvias.","og_url":"https:\/\/www.noticiasradioreflejos.com.ar\/2021\/se-encuentra-cortada-la-ruta-33-entre-bahia-blanca-y-tornquist\/","og_site_name":"Noticias Radio Reflejos","article_published_time":"2020-12-19T13:51:50+00:00","og_image":[{"width":300,"height":200,"url":"https:\/\/www.noticiasradioreflejos.com.ar\/2021\/wp-content\/uploads\/2021\/07\/logosol300x200.png","type":"image\/png"}],"author":"Arnaldo Botto","twitter_card":"summary_large_image","schema":{"@context":"https:\/\/schema.org","@graph":[{"@type":"WebPage","@id":"https:\/\/www.noticiasradioreflejos.com.ar\/2021\/se-encuentra-cortada-la-ruta-33-entre-bahia-blanca-y-tornquist\/","url":"https:\/\/www.noticiasradioreflejos.com.ar\/2021\/se-encuentra-cortada-la-ruta-33-entre-bahia-blanca-y-tornquist\/","name":"Se pide much\u00edsima precauci\u00f3n al transitar por la ruta 33 entre Bah\u00eda Blanca y Tornquist - Noticias Radio Reflejos","isPartOf":{"@id":"https:\/\/www.noticiasradioreflejos.com.ar\/2021\/#website"},"datePublished":"2020-12-19T13:51:50+00:00","author":{"@id":"https:\/\/www.noticiasradioreflejos.com.ar\/2021\/#\/schema\/person\/ad82545263dcc5ec0996818884fd5fb1"},"breadcrumb":{"@id":"https:\/\/www.noticiasradioreflejos.com.ar\/2021\/se-encuentra-cortada-la-ruta-33-entre-bahia-blanca-y-tornquist\/#breadcrumb"},"inLanguage":"es","potentialAction":[{"@type":"ReadAction","target":["https:\/\/www.noticiasradioreflejos.com.ar\/2021\/se-encuentra-cortada-la-ruta-33-entre-bahia-blanca-y-tornquist\/"]}]},{"@type":"BreadcrumbList","@id":"https:\/\/www.noticiasradioreflejos.com.ar\/2021\/se-encuentra-cortada-la-ruta-33-entre-bahia-blanca-y-tornquist\/#breadcrumb","itemListElement":[{"@type":"ListItem","position":1,"name":"Portada","item":"https:\/\/www.noticiasradioreflejos.com.ar\/2021\/"},{"@type":"ListItem","position":2,"name":"Se pide much\u00edsima precauci\u00f3n al transitar por la ruta 33 entre Bah\u00eda Blanca y Tornquist"}]},{"@type":"WebSite","@id":"https:\/\/www.noticiasradioreflejos.com.ar\/2021\/#website","url":"https:\/\/www.noticiasradioreflejos.com.ar\/2021\/","name":"Noticias Radio Reflejos","description":"Las noticias de mi comarca","potentialAction":[{"@type":"SearchAction","target":{"@type":"EntryPoint","urlTemplate":"https:\/\/www.noticiasradioreflejos.com.ar\/2021\/?s={search_term_string}"},"query-input":{"@type":"PropertyValueSpecification","valueRequired":true,"valueName":"search_term_string"}}],"inLanguage":"es"},{"@type":"Person","@id":"https:\/\/www.noticiasradioreflejos.com.ar\/2021\/#\/schema\/person\/ad82545263dcc5ec0996818884fd5fb1","name":"Arnaldo Botto","image":{"@type":"ImageObject","inLanguage":"es","@id":"https:\/\/www.noticiasradioreflejos.com.ar\/2021\/#\/schema\/person\/image\/","url":"https:\/\/secure.gravatar.com\/avatar\/55cb5e37c1efa326397366e6974cb338056df65cb50e7d64d1cf314e87504837?s=96&d=mm&r=g","contentUrl":"https:\/\/secure.gravatar.com\/avatar\/55cb5e37c1efa326397366e6974cb338056df65cb50e7d64d1cf314e87504837?s=96&d=mm&r=g","caption":"Arnaldo Botto"},"url":"https:\/\/www.noticiasradioreflejos.com.ar\/2021\/author\/arnaldo\/"}]}},"_links":{"self":[{"href":"https:\/\/www.noticiasradioreflejos.com.ar\/2021\/wp-json\/wp\/v2\/posts\/50452","targetHints":{"allow":["GET"]}}],"collection":[{"href":"https:\/\/www.noticiasradioreflejos.com.ar\/2021\/wp-json\/wp\/v2\/posts"}],"about":[{"href":"https:\/\/www.noticiasradioreflejos.com.ar\/2021\/wp-json\/wp\/v2\/types\/post"}],"author":[{"embeddable":true,"href":"https:\/\/www.noticiasradioreflejos.com.ar\/2021\/wp-json\/wp\/v2\/users\/3"}],"replies":[{"embeddable":true,"href":"https:\/\/www.noticiasradioreflejos.com.ar\/2021\/wp-json\/wp\/v2\/comments?post=50452"}],"version-history":[{"count":0,"href":"https:\/\/www.noticiasradioreflejos.com.ar\/2021\/wp-json\/wp\/v2\/posts\/50452\/revisions"}],"wp:attachment":[{"href":"https:\/\/www.noticiasradioreflejos.com.ar\/2021\/wp-json\/wp\/v2\/media?parent=50452"}],"wp:term":[{"taxonomy":"category","embeddable":true,"href":"https:\/\/www.noticiasradioreflejos.com.ar\/2021\/wp-json\/wp\/v2\/categories?post=50452"},{"taxonomy":"post_tag","embeddable":true,"href":"https:\/\/www.noticiasradioreflejos.com.ar\/2021\/wp-json\/wp\/v2\/tags?post=50452"}],"curies":[{"name":"wp","href":"https:\/\/api.w.org\/{rel}","templated":true}]}}