{"id":50449,"date":"2020-12-18T18:08:15","date_gmt":"2020-12-18T21:08:15","guid":{"rendered":"http:\/\/www.noticiasradioreflejos.com.ar\/noticias\/?p=50449"},"modified":"2020-12-18T18:08:15","modified_gmt":"2020-12-18T21:08:15","slug":"los-caj-continuan-con-la-atencion-presencial-y-reafirman-la-presencia-del-estado-en-territorio","status":"publish","type":"post","link":"https:\/\/www.noticiasradioreflejos.com.ar\/2021\/los-caj-continuan-con-la-atencion-presencial-y-reafirman-la-presencia-del-estado-en-territorio\/","title":{"rendered":"Los CAJ contin\u00faan con la atenci\u00f3n presencial y reafirman la presencia del Estado en territorio"},"content":{"rendered":"<p>La Direcci\u00f3n Nacional de Promoci\u00f3n y Fortalecimiento para el Acceso a la Justicia (DNPFAJ) present\u00f3 su tercer informe de gesti\u00f3n, con balance y proyecciones<!--more--><\/p>\n<p>Durante esta \u00faltima etapa del a\u00f1o, la Direcci\u00f3n trabaj\u00f3 en las reaperturas de varios Centros de Acceso a la Justicia para garantizar el acceso a derechos en todo el territorio nacional.<\/p>\n<p>Los CAJ mantuvieron sus actividades principalmente de forma virtual para brindar atenci\u00f3n y asesoramiento a distancia durante todo el a\u00f1o. En esta \u00faltima etapa comenzaron las\u00a0<strong>reaperturas de las oficinas de manera paulatina y con respeto a los distintos contextos<\/strong>\u00a0que tienen nuestras regiones \u2014Aislamiento Social y Preventivo y Obligatorio (ASPO) y Distanciamiento Social y Preventivo y Obligatorio (DiSPO)\u2014.<\/p>\n<p>\u00abNuestro desaf\u00edo m\u00e1s grande fue y es\u00a0<strong>reconfigurar la presencia f\u00edsica, multiplicando las v\u00edas de atenci\u00f3n a distancia para poder sostener el contacto presencial de forma cuidada y respetuosa<\/strong>\u00a0de las medidas sanitarias dispuestas\u00bb, expres\u00f3 Gabriela Carpineti, Directora Nacional de Promoci\u00f3n y Fortalecimiento para el Acceso a la Justicia.<\/p>\n<p>Las reaperturas de estos CAJ se hicieron con un continuo proceso de articulaci\u00f3n con RENAPER, ANSES, Reincidencia, Migraciones, Defensor\u00eda del Pueblo, PAMI y otros organismos y delegaciones del Estado. \u00abSabemos que la presencialidad, m\u00e1s a\u00fan cuando se apunta a trabajar con las poblaciones con mayores vulnerabilidades en el acceso a derechos, es fundamental, por lo cual en este \u00faltimo trimestre del a\u00f1o la reapertura de los Centros de Acceso a la Justicia ha sido un objetivo ordenador del trabajo de la Direcci\u00f3n\u00bb, afirm\u00f3 Carpineti<\/p>\n<table class=\"m_405020095620445852wysija_block\" border=\"0\" width=\"100%\" cellspacing=\"0\" cellpadding=\"0\" align=\"left\">\n<tbody>\n<tr>\n<td class=\"\" align=\"left\">\n<table border=\"0\" width=\"562\" cellspacing=\"0\" cellpadding=\"0\" align=\"center\">\n<tbody>\n<tr>\n<td class=\"\" valign=\"top\" width=\"562\" height=\"562\"><img loading=\"lazy\" decoding=\"async\" class=\"m_405020095620445852image_fix\" src=\"https:\/\/ci4.googleusercontent.com\/proxy\/ymRRypYfgN--eNRPoSDJNOiwEMIxYJ-r4oxmXGfNwKInQCYfarl3uS97Vy6alJhjCnXOt8didU726GS0wwEiUlYOZ522g-k3EvlORjn1TrChX4ZWM5_95XR43S5vMqu7yk8luS-Q=s0-d-e1-ft#http:\/\/mailingdnaj.jus.gob.ar\/wp-content\/uploads\/2017\/08\/INFORME-TRIM-DIC2020_3.jpg\" alt=\"\" width=\"562\" height=\"562\" border=\"0\" \/><\/td>\n<\/tr>\n<\/tbody>\n<\/table>\n<\/td>\n<\/tr>\n<\/tbody>\n<\/table>\n<table class=\"m_405020095620445852wysija_block\" border=\"0\" width=\"100%\" cellspacing=\"0\" cellpadding=\"0\" align=\"left\">\n<tbody>\n<tr>\n<td class=\"\" align=\"left\">\n<div>\n<h5>Proyecci\u00f3n para el 2021<\/h5>\n<p>La Direcci\u00f3n tiene proyectada una agenda de trabajo puntual y concreta para el 2021: \u00abContemplando lo aprendido en estos meses de gesti\u00f3n y tomando la experiencia exitosa del Corredor NOA, buscamos acercar los CAJ a\u00a0<strong>mayores porciones de la poblaci\u00f3n creando nuevos corredores de derechos<\/strong>\u00a0mediante el mapeo de itinerancias fijas\u00bb, se\u00f1al\u00f3 Carpineti.<\/p>\n<p>El proyecto contempla una articulaci\u00f3n con la Subsecretar\u00eda de Relaciones Municipales del Ministerio del Interior para desplegar cuatro corredores viales que en total abarcar\u00e1n 75 localidades de las provincias de Chaco, Santiago del Estero, Salta, Formosa, Corrientes y C\u00f3rdoba, con una poblaci\u00f3n alcanzada\u00a0<strong>estimada de 490.000 personas<\/strong>.<\/p>\n<p>Adem\u00e1s, la Directora confirm\u00f3 que se proponen crear siete corredores de derechos en la provincia de Buenos Aires: \u00abVamos a conformar una Red M\u00f3vil de Atenci\u00f3n de Acceso a la Justicia que en total abarcar\u00e1n 58 distritos bonaerenses\u00bb.<\/p>\n<p><a href=\"http:\/\/mailingdnaj.jus.gob.ar\/?email_id=363&amp;user_id=20069&amp;urlpassed=aHR0cHM6Ly93d3cuYXJnZW50aW5hLmdvYi5hci9qdXN0aWNpYS9hZmlhbnphci9jYWo&amp;controller=stats&amp;action=analyse&amp;wysija-page=1&amp;wysijap=subscriptions\" target=\"_blank\" rel=\"noreferrer noopener\" data-saferedirecturl=\"https:\/\/www.google.com\/url?q=http:\/\/mailingdnaj.jus.gob.ar\/?email_id%3D363%26user_id%3D20069%26urlpassed%3DaHR0cHM6Ly93d3cuYXJnZW50aW5hLmdvYi5hci9qdXN0aWNpYS9hZmlhbnphci9jYWo%26controller%3Dstats%26action%3Danalyse%26wysija-page%3D1%26wysijap%3Dsubscriptions&amp;source=gmail&amp;ust=1608411392819000&amp;usg=AFQjCNFHCtr5Y10Llsc43MVbyHeVXnsMmA\">M\u00e1s informaci\u00f3n sobre los Centros de Acceso a la Justicia<\/a><\/p>\n<\/div>\n<\/td>\n<\/tr>\n<\/tbody>\n<\/table>\n<table class=\"m_405020095620445852wysija_block\" border=\"0\" width=\"100%\" cellspacing=\"0\" cellpadding=\"0\" align=\"left\">\n<tbody>\n<tr>\n<td class=\"\" align=\"left\">\n<table border=\"0\" width=\"562\" cellspacing=\"0\" cellpadding=\"0\" align=\"center\">\n<tbody>\n<tr>\n<td class=\"\" valign=\"top\" width=\"562\" height=\"562\"><img loading=\"lazy\" decoding=\"async\" class=\"m_405020095620445852image_fix\" src=\"https:\/\/ci6.googleusercontent.com\/proxy\/ykh9U7LssoQae5pW_DLUqgXPEpFb8zkVemfocJJidaY13VYFL_d76-99JmHh-buUNAWaWz8Nvgyjk29dWCFCWkB54yh0i8n7z66EYUlU1bhO7Od8-UPtN3zlzCTnfWjq9HwbxiMOp57FWURafy0=s0-d-e1-ft#http:\/\/mailingdnaj.jus.gob.ar\/wp-content\/uploads\/2017\/08\/INFORME-TRIM-DIC2020_2-600x600.jpg\" alt=\"\" width=\"562\" height=\"562\" border=\"0\" \/><\/td>\n<\/tr>\n<\/tbody>\n<\/table>\n<\/td>\n<\/tr>\n<\/tbody>\n<\/table>\n<table border=\"0\" width=\"100%\" cellspacing=\"0\" cellpadding=\"0\" align=\"center\">\n<tbody>\n<tr>\n<td class=\"m_405020095620445852wysija_footer_container\" align=\"center\" height=\"1\"><img loading=\"lazy\" decoding=\"async\" class=\"m_405020095620445852image_fix\" src=\"https:\/\/ci5.googleusercontent.com\/proxy\/EptBJYcBiRuY7igTN4VZaYl2Uhg5fPUUlAOcmdDIcIifV7Pwz7OovrTZloxy3vqizY7vfqnNcw76xhYuYzam5ub6_lLX0iXnv2zqh9dxGVtTuPHQo5v0Zu2DLQ=s0-d-e1-ft#http:\/\/mailingdnaj.jus.gob.ar\/wp-content\/uploads\/2017\/08\/unnamed-2-1.jpg\" alt=\"\" width=\"600\" height=\"107\" border=\"0\" \/><\/td>\n<\/tr>\n<\/tbody>\n<\/table>\n","protected":false},"excerpt":{"rendered":"<p>La Direcci\u00f3n Nacional de Promoci\u00f3n y Fortalecimiento para el Acceso a la Justicia (DNPFAJ) present\u00f3 su tercer informe de gesti\u00f3n, con balance y proyecciones<\/p>\n","protected":false},"author":3,"featured_media":0,"comment_status":"closed","ping_status":"open","sticky":false,"template":"","format":"standard","meta":{"footnotes":""},"categories":[24],"tags":[],"class_list":["post-50449","post","type-post","status-publish","format-standard","hentry","category-politica"],"yoast_head":"<!-- This site is optimized with the Yoast SEO plugin v25.9 - https:\/\/yoast.com\/wordpress\/plugins\/seo\/ -->\n<title>Los CAJ contin\u00faan con la atenci\u00f3n presencial y reafirman la presencia del Estado en territorio - Noticias Radio Reflejos<\/title>\n<meta name=\"robots\" content=\"index, follow, max-snippet:-1, max-image-preview:large, max-video-preview:-1\" \/>\n<link rel=\"canonical\" href=\"https:\/\/www.noticiasradioreflejos.com.ar\/2021\/los-caj-continuan-con-la-atencion-presencial-y-reafirman-la-presencia-del-estado-en-territorio\/\" \/>\n<meta property=\"og:locale\" content=\"es_ES\" \/>\n<meta property=\"og:type\" content=\"article\" \/>\n<meta property=\"og:title\" content=\"Los CAJ contin\u00faan con la atenci\u00f3n presencial y reafirman la presencia del Estado en territorio - Noticias Radio Reflejos\" \/>\n<meta property=\"og:description\" content=\"La Direcci\u00f3n Nacional de Promoci\u00f3n y Fortalecimiento para el Acceso a la Justicia (DNPFAJ) present\u00f3 su tercer informe de gesti\u00f3n, con balance y proyecciones\" \/>\n<meta property=\"og:url\" content=\"https:\/\/www.noticiasradioreflejos.com.ar\/2021\/los-caj-continuan-con-la-atencion-presencial-y-reafirman-la-presencia-del-estado-en-territorio\/\" \/>\n<meta property=\"og:site_name\" content=\"Noticias Radio Reflejos\" \/>\n<meta property=\"article:published_time\" content=\"2020-12-18T21:08:15+00:00\" \/>\n<meta property=\"og:image\" content=\"https:\/\/ci4.googleusercontent.com\/proxy\/ymRRypYfgN--eNRPoSDJNOiwEMIxYJ-r4oxmXGfNwKInQCYfarl3uS97Vy6alJhjCnXOt8didU726GS0wwEiUlYOZ522g-k3EvlORjn1TrChX4ZWM5_95XR43S5vMqu7yk8luS-Q=s0-d-e1-ft#http:\/\/mailingdnaj.jus.gob.ar\/wp-content\/uploads\/2017\/08\/INFORME-TRIM-DIC2020_3.jpg\" \/>\n<meta name=\"author\" content=\"Arnaldo Botto\" \/>\n<meta name=\"twitter:card\" content=\"summary_large_image\" \/>\n<script type=\"application\/ld+json\" class=\"yoast-schema-graph\">{\"@context\":\"https:\/\/schema.org\",\"@graph\":[{\"@type\":\"WebPage\",\"@id\":\"https:\/\/www.noticiasradioreflejos.com.ar\/2021\/los-caj-continuan-con-la-atencion-presencial-y-reafirman-la-presencia-del-estado-en-territorio\/\",\"url\":\"https:\/\/www.noticiasradioreflejos.com.ar\/2021\/los-caj-continuan-con-la-atencion-presencial-y-reafirman-la-presencia-del-estado-en-territorio\/\",\"name\":\"Los CAJ contin\u00faan con la atenci\u00f3n presencial y reafirman la presencia del Estado en territorio - Noticias Radio Reflejos\",\"isPartOf\":{\"@id\":\"https:\/\/www.noticiasradioreflejos.com.ar\/2021\/#website\"},\"primaryImageOfPage\":{\"@id\":\"https:\/\/www.noticiasradioreflejos.com.ar\/2021\/los-caj-continuan-con-la-atencion-presencial-y-reafirman-la-presencia-del-estado-en-territorio\/#primaryimage\"},\"image\":{\"@id\":\"https:\/\/www.noticiasradioreflejos.com.ar\/2021\/los-caj-continuan-con-la-atencion-presencial-y-reafirman-la-presencia-del-estado-en-territorio\/#primaryimage\"},\"thumbnailUrl\":\"https:\/\/ci4.googleusercontent.com\/proxy\/ymRRypYfgN--eNRPoSDJNOiwEMIxYJ-r4oxmXGfNwKInQCYfarl3uS97Vy6alJhjCnXOt8didU726GS0wwEiUlYOZ522g-k3EvlORjn1TrChX4ZWM5_95XR43S5vMqu7yk8luS-Q=s0-d-e1-ft#http:\/\/mailingdnaj.jus.gob.ar\/wp-content\/uploads\/2017\/08\/INFORME-TRIM-DIC2020_3.jpg\",\"datePublished\":\"2020-12-18T21:08:15+00:00\",\"author\":{\"@id\":\"https:\/\/www.noticiasradioreflejos.com.ar\/2021\/#\/schema\/person\/ad82545263dcc5ec0996818884fd5fb1\"},\"breadcrumb\":{\"@id\":\"https:\/\/www.noticiasradioreflejos.com.ar\/2021\/los-caj-continuan-con-la-atencion-presencial-y-reafirman-la-presencia-del-estado-en-territorio\/#breadcrumb\"},\"inLanguage\":\"es\",\"potentialAction\":[{\"@type\":\"ReadAction\",\"target\":[\"https:\/\/www.noticiasradioreflejos.com.ar\/2021\/los-caj-continuan-con-la-atencion-presencial-y-reafirman-la-presencia-del-estado-en-territorio\/\"]}]},{\"@type\":\"ImageObject\",\"inLanguage\":\"es\",\"@id\":\"https:\/\/www.noticiasradioreflejos.com.ar\/2021\/los-caj-continuan-con-la-atencion-presencial-y-reafirman-la-presencia-del-estado-en-territorio\/#primaryimage\",\"url\":\"https:\/\/ci4.googleusercontent.com\/proxy\/ymRRypYfgN--eNRPoSDJNOiwEMIxYJ-r4oxmXGfNwKInQCYfarl3uS97Vy6alJhjCnXOt8didU726GS0wwEiUlYOZ522g-k3EvlORjn1TrChX4ZWM5_95XR43S5vMqu7yk8luS-Q=s0-d-e1-ft#http:\/\/mailingdnaj.jus.gob.ar\/wp-content\/uploads\/2017\/08\/INFORME-TRIM-DIC2020_3.jpg\",\"contentUrl\":\"https:\/\/ci4.googleusercontent.com\/proxy\/ymRRypYfgN--eNRPoSDJNOiwEMIxYJ-r4oxmXGfNwKInQCYfarl3uS97Vy6alJhjCnXOt8didU726GS0wwEiUlYOZ522g-k3EvlORjn1TrChX4ZWM5_95XR43S5vMqu7yk8luS-Q=s0-d-e1-ft#http:\/\/mailingdnaj.jus.gob.ar\/wp-content\/uploads\/2017\/08\/INFORME-TRIM-DIC2020_3.jpg\"},{\"@type\":\"BreadcrumbList\",\"@id\":\"https:\/\/www.noticiasradioreflejos.com.ar\/2021\/los-caj-continuan-con-la-atencion-presencial-y-reafirman-la-presencia-del-estado-en-territorio\/#breadcrumb\",\"itemListElement\":[{\"@type\":\"ListItem\",\"position\":1,\"name\":\"Portada\",\"item\":\"https:\/\/www.noticiasradioreflejos.com.ar\/2021\/\"},{\"@type\":\"ListItem\",\"position\":2,\"name\":\"Los CAJ contin\u00faan con la atenci\u00f3n presencial y reafirman la presencia del Estado en territorio\"}]},{\"@type\":\"WebSite\",\"@id\":\"https:\/\/www.noticiasradioreflejos.com.ar\/2021\/#website\",\"url\":\"https:\/\/www.noticiasradioreflejos.com.ar\/2021\/\",\"name\":\"Noticias Radio Reflejos\",\"description\":\"Las noticias de mi comarca\",\"potentialAction\":[{\"@type\":\"SearchAction\",\"target\":{\"@type\":\"EntryPoint\",\"urlTemplate\":\"https:\/\/www.noticiasradioreflejos.com.ar\/2021\/?s={search_term_string}\"},\"query-input\":{\"@type\":\"PropertyValueSpecification\",\"valueRequired\":true,\"valueName\":\"search_term_string\"}}],\"inLanguage\":\"es\"},{\"@type\":\"Person\",\"@id\":\"https:\/\/www.noticiasradioreflejos.com.ar\/2021\/#\/schema\/person\/ad82545263dcc5ec0996818884fd5fb1\",\"name\":\"Arnaldo Botto\",\"image\":{\"@type\":\"ImageObject\",\"inLanguage\":\"es\",\"@id\":\"https:\/\/www.noticiasradioreflejos.com.ar\/2021\/#\/schema\/person\/image\/\",\"url\":\"https:\/\/secure.gravatar.com\/avatar\/55cb5e37c1efa326397366e6974cb338056df65cb50e7d64d1cf314e87504837?s=96&d=mm&r=g\",\"contentUrl\":\"https:\/\/secure.gravatar.com\/avatar\/55cb5e37c1efa326397366e6974cb338056df65cb50e7d64d1cf314e87504837?s=96&d=mm&r=g\",\"caption\":\"Arnaldo Botto\"},\"url\":\"https:\/\/www.noticiasradioreflejos.com.ar\/2021\/author\/arnaldo\/\"}]}<\/script>\n<!-- \/ Yoast SEO plugin. -->","yoast_head_json":{"title":"Los CAJ contin\u00faan con la atenci\u00f3n presencial y reafirman la presencia del Estado en territorio - Noticias Radio Reflejos","robots":{"index":"index","follow":"follow","max-snippet":"max-snippet:-1","max-image-preview":"max-image-preview:large","max-video-preview":"max-video-preview:-1"},"canonical":"https:\/\/www.noticiasradioreflejos.com.ar\/2021\/los-caj-continuan-con-la-atencion-presencial-y-reafirman-la-presencia-del-estado-en-territorio\/","og_locale":"es_ES","og_type":"article","og_title":"Los CAJ contin\u00faan con la atenci\u00f3n presencial y reafirman la presencia del Estado en territorio - Noticias Radio Reflejos","og_description":"La Direcci\u00f3n Nacional de Promoci\u00f3n y Fortalecimiento para el Acceso a la Justicia (DNPFAJ) present\u00f3 su tercer informe de gesti\u00f3n, con balance y proyecciones","og_url":"https:\/\/www.noticiasradioreflejos.com.ar\/2021\/los-caj-continuan-con-la-atencion-presencial-y-reafirman-la-presencia-del-estado-en-territorio\/","og_site_name":"Noticias Radio Reflejos","article_published_time":"2020-12-18T21:08:15+00:00","og_image":[{"url":"https:\/\/ci4.googleusercontent.com\/proxy\/ymRRypYfgN--eNRPoSDJNOiwEMIxYJ-r4oxmXGfNwKInQCYfarl3uS97Vy6alJhjCnXOt8didU726GS0wwEiUlYOZ522g-k3EvlORjn1TrChX4ZWM5_95XR43S5vMqu7yk8luS-Q=s0-d-e1-ft#http:\/\/mailingdnaj.jus.gob.ar\/wp-content\/uploads\/2017\/08\/INFORME-TRIM-DIC2020_3.jpg","type":"","width":"","height":""}],"author":"Arnaldo Botto","twitter_card":"summary_large_image","schema":{"@context":"https:\/\/schema.org","@graph":[{"@type":"WebPage","@id":"https:\/\/www.noticiasradioreflejos.com.ar\/2021\/los-caj-continuan-con-la-atencion-presencial-y-reafirman-la-presencia-del-estado-en-territorio\/","url":"https:\/\/www.noticiasradioreflejos.com.ar\/2021\/los-caj-continuan-con-la-atencion-presencial-y-reafirman-la-presencia-del-estado-en-territorio\/","name":"Los CAJ contin\u00faan con la atenci\u00f3n presencial y reafirman la presencia del Estado en territorio - Noticias Radio Reflejos","isPartOf":{"@id":"https:\/\/www.noticiasradioreflejos.com.ar\/2021\/#website"},"primaryImageOfPage":{"@id":"https:\/\/www.noticiasradioreflejos.com.ar\/2021\/los-caj-continuan-con-la-atencion-presencial-y-reafirman-la-presencia-del-estado-en-territorio\/#primaryimage"},"image":{"@id":"https:\/\/www.noticiasradioreflejos.com.ar\/2021\/los-caj-continuan-con-la-atencion-presencial-y-reafirman-la-presencia-del-estado-en-territorio\/#primaryimage"},"thumbnailUrl":"https:\/\/ci4.googleusercontent.com\/proxy\/ymRRypYfgN--eNRPoSDJNOiwEMIxYJ-r4oxmXGfNwKInQCYfarl3uS97Vy6alJhjCnXOt8didU726GS0wwEiUlYOZ522g-k3EvlORjn1TrChX4ZWM5_95XR43S5vMqu7yk8luS-Q=s0-d-e1-ft#http:\/\/mailingdnaj.jus.gob.ar\/wp-content\/uploads\/2017\/08\/INFORME-TRIM-DIC2020_3.jpg","datePublished":"2020-12-18T21:08:15+00:00","author":{"@id":"https:\/\/www.noticiasradioreflejos.com.ar\/2021\/#\/schema\/person\/ad82545263dcc5ec0996818884fd5fb1"},"breadcrumb":{"@id":"https:\/\/www.noticiasradioreflejos.com.ar\/2021\/los-caj-continuan-con-la-atencion-presencial-y-reafirman-la-presencia-del-estado-en-territorio\/#breadcrumb"},"inLanguage":"es","potentialAction":[{"@type":"ReadAction","target":["https:\/\/www.noticiasradioreflejos.com.ar\/2021\/los-caj-continuan-con-la-atencion-presencial-y-reafirman-la-presencia-del-estado-en-territorio\/"]}]},{"@type":"ImageObject","inLanguage":"es","@id":"https:\/\/www.noticiasradioreflejos.com.ar\/2021\/los-caj-continuan-con-la-atencion-presencial-y-reafirman-la-presencia-del-estado-en-territorio\/#primaryimage","url":"https:\/\/ci4.googleusercontent.com\/proxy\/ymRRypYfgN--eNRPoSDJNOiwEMIxYJ-r4oxmXGfNwKInQCYfarl3uS97Vy6alJhjCnXOt8didU726GS0wwEiUlYOZ522g-k3EvlORjn1TrChX4ZWM5_95XR43S5vMqu7yk8luS-Q=s0-d-e1-ft#http:\/\/mailingdnaj.jus.gob.ar\/wp-content\/uploads\/2017\/08\/INFORME-TRIM-DIC2020_3.jpg","contentUrl":"https:\/\/ci4.googleusercontent.com\/proxy\/ymRRypYfgN--eNRPoSDJNOiwEMIxYJ-r4oxmXGfNwKInQCYfarl3uS97Vy6alJhjCnXOt8didU726GS0wwEiUlYOZ522g-k3EvlORjn1TrChX4ZWM5_95XR43S5vMqu7yk8luS-Q=s0-d-e1-ft#http:\/\/mailingdnaj.jus.gob.ar\/wp-content\/uploads\/2017\/08\/INFORME-TRIM-DIC2020_3.jpg"},{"@type":"BreadcrumbList","@id":"https:\/\/www.noticiasradioreflejos.com.ar\/2021\/los-caj-continuan-con-la-atencion-presencial-y-reafirman-la-presencia-del-estado-en-territorio\/#breadcrumb","itemListElement":[{"@type":"ListItem","position":1,"name":"Portada","item":"https:\/\/www.noticiasradioreflejos.com.ar\/2021\/"},{"@type":"ListItem","position":2,"name":"Los CAJ contin\u00faan con la atenci\u00f3n presencial y reafirman la presencia del Estado en territorio"}]},{"@type":"WebSite","@id":"https:\/\/www.noticiasradioreflejos.com.ar\/2021\/#website","url":"https:\/\/www.noticiasradioreflejos.com.ar\/2021\/","name":"Noticias Radio Reflejos","description":"Las noticias de mi comarca","potentialAction":[{"@type":"SearchAction","target":{"@type":"EntryPoint","urlTemplate":"https:\/\/www.noticiasradioreflejos.com.ar\/2021\/?s={search_term_string}"},"query-input":{"@type":"PropertyValueSpecification","valueRequired":true,"valueName":"search_term_string"}}],"inLanguage":"es"},{"@type":"Person","@id":"https:\/\/www.noticiasradioreflejos.com.ar\/2021\/#\/schema\/person\/ad82545263dcc5ec0996818884fd5fb1","name":"Arnaldo Botto","image":{"@type":"ImageObject","inLanguage":"es","@id":"https:\/\/www.noticiasradioreflejos.com.ar\/2021\/#\/schema\/person\/image\/","url":"https:\/\/secure.gravatar.com\/avatar\/55cb5e37c1efa326397366e6974cb338056df65cb50e7d64d1cf314e87504837?s=96&d=mm&r=g","contentUrl":"https:\/\/secure.gravatar.com\/avatar\/55cb5e37c1efa326397366e6974cb338056df65cb50e7d64d1cf314e87504837?s=96&d=mm&r=g","caption":"Arnaldo Botto"},"url":"https:\/\/www.noticiasradioreflejos.com.ar\/2021\/author\/arnaldo\/"}]}},"_links":{"self":[{"href":"https:\/\/www.noticiasradioreflejos.com.ar\/2021\/wp-json\/wp\/v2\/posts\/50449","targetHints":{"allow":["GET"]}}],"collection":[{"href":"https:\/\/www.noticiasradioreflejos.com.ar\/2021\/wp-json\/wp\/v2\/posts"}],"about":[{"href":"https:\/\/www.noticiasradioreflejos.com.ar\/2021\/wp-json\/wp\/v2\/types\/post"}],"author":[{"embeddable":true,"href":"https:\/\/www.noticiasradioreflejos.com.ar\/2021\/wp-json\/wp\/v2\/users\/3"}],"replies":[{"embeddable":true,"href":"https:\/\/www.noticiasradioreflejos.com.ar\/2021\/wp-json\/wp\/v2\/comments?post=50449"}],"version-history":[{"count":0,"href":"https:\/\/www.noticiasradioreflejos.com.ar\/2021\/wp-json\/wp\/v2\/posts\/50449\/revisions"}],"wp:attachment":[{"href":"https:\/\/www.noticiasradioreflejos.com.ar\/2021\/wp-json\/wp\/v2\/media?parent=50449"}],"wp:term":[{"taxonomy":"category","embeddable":true,"href":"https:\/\/www.noticiasradioreflejos.com.ar\/2021\/wp-json\/wp\/v2\/categories?post=50449"},{"taxonomy":"post_tag","embeddable":true,"href":"https:\/\/www.noticiasradioreflejos.com.ar\/2021\/wp-json\/wp\/v2\/tags?post=50449"}],"curies":[{"name":"wp","href":"https:\/\/api.w.org\/{rel}","templated":true}]}}