{"id":50447,"date":"2020-12-18T18:00:11","date_gmt":"2020-12-18T21:00:11","guid":{"rendered":"http:\/\/www.noticiasradioreflejos.com.ar\/noticias\/?p=50447"},"modified":"2020-12-18T18:00:11","modified_gmt":"2020-12-18T21:00:11","slug":"reconocimiento-a-torres-competicion","status":"publish","type":"post","link":"https:\/\/www.noticiasradioreflejos.com.ar\/2021\/reconocimiento-a-torres-competicion\/","title":{"rendered":"Reconocimiento a Torres Competici\u00f3n"},"content":{"rendered":"<p>La Direcci\u00f3n de Deportes Municipal desea reconocer y felicitar al equipo Torres Competici\u00f3n, por obtener, por tercer a\u00f1o consecutivo la consagraci\u00f3n en Turismo Nacional, Clase 3.<!--more--><br \/>\nDestacamos la gran labor que viene realizando el equipo, encabezado por Sergio Torres, demostrando nuevamente que la marca se encuentra dentro de las categor\u00edas superiores del automovilismo, logrando as\u00ed, posicionar nuestro distrito en lo m\u00e1s alto del podio nacional.<br \/>\nNos llena de orgullo que los equipos locales contin\u00faen creciendo, desarroll\u00e1ndose, y por supuesto consagr\u00e1ndose.<\/p>\n<p><a href=\"http:\/\/live.staticflickr.com\/65535\/50734317287_63db57978b_s.jpg\" title=\"2020-12-18_05-58-22\" rel=\"\"><img loading=\"lazy\" decoding=\"async\" src=\"http:\/\/live.staticflickr.com\/65535\/50734317287_63db57978b_c.jpg\" width=\"449\" height=\"800\" alt=\"2020-12-18_05-58-22\" title=\"2020-12-18_05-58-22\" class=\"aligncenter\"><\/a><\/p>\n","protected":false},"excerpt":{"rendered":"<p>La Direcci\u00f3n de Deportes Municipal desea reconocer y felicitar al equipo Torres Competici\u00f3n, por obtener, por tercer a\u00f1o consecutivo la consagraci\u00f3n en Turismo Nacional, Clase 3.<\/p>\n","protected":false},"author":3,"featured_media":0,"comment_status":"closed","ping_status":"open","sticky":false,"template":"","format":"standard","meta":{"footnotes":""},"categories":[27],"tags":[],"class_list":["post-50447","post","type-post","status-publish","format-standard","hentry","category-deportes"],"yoast_head":"<!-- This site is optimized with the Yoast SEO plugin v25.9 - https:\/\/yoast.com\/wordpress\/plugins\/seo\/ -->\n<title>Reconocimiento a Torres Competici\u00f3n - Noticias Radio Reflejos<\/title>\n<meta name=\"robots\" content=\"index, follow, max-snippet:-1, max-image-preview:large, max-video-preview:-1\" \/>\n<link rel=\"canonical\" href=\"https:\/\/www.noticiasradioreflejos.com.ar\/2021\/reconocimiento-a-torres-competicion\/\" \/>\n<meta property=\"og:locale\" content=\"es_ES\" \/>\n<meta property=\"og:type\" content=\"article\" \/>\n<meta property=\"og:title\" content=\"Reconocimiento a Torres Competici\u00f3n - Noticias Radio Reflejos\" \/>\n<meta property=\"og:description\" content=\"La Direcci\u00f3n de Deportes Municipal desea reconocer y felicitar al equipo Torres Competici\u00f3n, por obtener, por tercer a\u00f1o consecutivo la consagraci\u00f3n en Turismo Nacional, Clase 3.\" \/>\n<meta property=\"og:url\" content=\"https:\/\/www.noticiasradioreflejos.com.ar\/2021\/reconocimiento-a-torres-competicion\/\" \/>\n<meta property=\"og:site_name\" content=\"Noticias Radio Reflejos\" \/>\n<meta property=\"article:published_time\" content=\"2020-12-18T21:00:11+00:00\" \/>\n<meta property=\"og:image\" content=\"http:\/\/live.staticflickr.com\/65535\/50734317287_63db57978b_c.jpg\" \/>\n<meta name=\"author\" content=\"Arnaldo Botto\" \/>\n<meta name=\"twitter:card\" content=\"summary_large_image\" \/>\n<script type=\"application\/ld+json\" class=\"yoast-schema-graph\">{\"@context\":\"https:\/\/schema.org\",\"@graph\":[{\"@type\":\"WebPage\",\"@id\":\"https:\/\/www.noticiasradioreflejos.com.ar\/2021\/reconocimiento-a-torres-competicion\/\",\"url\":\"https:\/\/www.noticiasradioreflejos.com.ar\/2021\/reconocimiento-a-torres-competicion\/\",\"name\":\"Reconocimiento a Torres Competici\u00f3n - Noticias Radio Reflejos\",\"isPartOf\":{\"@id\":\"https:\/\/www.noticiasradioreflejos.com.ar\/2021\/#website\"},\"primaryImageOfPage\":{\"@id\":\"https:\/\/www.noticiasradioreflejos.com.ar\/2021\/reconocimiento-a-torres-competicion\/#primaryimage\"},\"image\":{\"@id\":\"https:\/\/www.noticiasradioreflejos.com.ar\/2021\/reconocimiento-a-torres-competicion\/#primaryimage\"},\"thumbnailUrl\":\"http:\/\/live.staticflickr.com\/65535\/50734317287_63db57978b_c.jpg\",\"datePublished\":\"2020-12-18T21:00:11+00:00\",\"author\":{\"@id\":\"https:\/\/www.noticiasradioreflejos.com.ar\/2021\/#\/schema\/person\/ad82545263dcc5ec0996818884fd5fb1\"},\"breadcrumb\":{\"@id\":\"https:\/\/www.noticiasradioreflejos.com.ar\/2021\/reconocimiento-a-torres-competicion\/#breadcrumb\"},\"inLanguage\":\"es\",\"potentialAction\":[{\"@type\":\"ReadAction\",\"target\":[\"https:\/\/www.noticiasradioreflejos.com.ar\/2021\/reconocimiento-a-torres-competicion\/\"]}]},{\"@type\":\"ImageObject\",\"inLanguage\":\"es\",\"@id\":\"https:\/\/www.noticiasradioreflejos.com.ar\/2021\/reconocimiento-a-torres-competicion\/#primaryimage\",\"url\":\"http:\/\/live.staticflickr.com\/65535\/50734317287_63db57978b_c.jpg\",\"contentUrl\":\"http:\/\/live.staticflickr.com\/65535\/50734317287_63db57978b_c.jpg\"},{\"@type\":\"BreadcrumbList\",\"@id\":\"https:\/\/www.noticiasradioreflejos.com.ar\/2021\/reconocimiento-a-torres-competicion\/#breadcrumb\",\"itemListElement\":[{\"@type\":\"ListItem\",\"position\":1,\"name\":\"Portada\",\"item\":\"https:\/\/www.noticiasradioreflejos.com.ar\/2021\/\"},{\"@type\":\"ListItem\",\"position\":2,\"name\":\"Reconocimiento a Torres Competici\u00f3n\"}]},{\"@type\":\"WebSite\",\"@id\":\"https:\/\/www.noticiasradioreflejos.com.ar\/2021\/#website\",\"url\":\"https:\/\/www.noticiasradioreflejos.com.ar\/2021\/\",\"name\":\"Noticias Radio Reflejos\",\"description\":\"Las noticias de mi comarca\",\"potentialAction\":[{\"@type\":\"SearchAction\",\"target\":{\"@type\":\"EntryPoint\",\"urlTemplate\":\"https:\/\/www.noticiasradioreflejos.com.ar\/2021\/?s={search_term_string}\"},\"query-input\":{\"@type\":\"PropertyValueSpecification\",\"valueRequired\":true,\"valueName\":\"search_term_string\"}}],\"inLanguage\":\"es\"},{\"@type\":\"Person\",\"@id\":\"https:\/\/www.noticiasradioreflejos.com.ar\/2021\/#\/schema\/person\/ad82545263dcc5ec0996818884fd5fb1\",\"name\":\"Arnaldo Botto\",\"image\":{\"@type\":\"ImageObject\",\"inLanguage\":\"es\",\"@id\":\"https:\/\/www.noticiasradioreflejos.com.ar\/2021\/#\/schema\/person\/image\/\",\"url\":\"https:\/\/secure.gravatar.com\/avatar\/55cb5e37c1efa326397366e6974cb338056df65cb50e7d64d1cf314e87504837?s=96&d=mm&r=g\",\"contentUrl\":\"https:\/\/secure.gravatar.com\/avatar\/55cb5e37c1efa326397366e6974cb338056df65cb50e7d64d1cf314e87504837?s=96&d=mm&r=g\",\"caption\":\"Arnaldo Botto\"},\"url\":\"https:\/\/www.noticiasradioreflejos.com.ar\/2021\/author\/arnaldo\/\"}]}<\/script>\n<!-- \/ Yoast SEO plugin. -->","yoast_head_json":{"title":"Reconocimiento a Torres Competici\u00f3n - Noticias Radio Reflejos","robots":{"index":"index","follow":"follow","max-snippet":"max-snippet:-1","max-image-preview":"max-image-preview:large","max-video-preview":"max-video-preview:-1"},"canonical":"https:\/\/www.noticiasradioreflejos.com.ar\/2021\/reconocimiento-a-torres-competicion\/","og_locale":"es_ES","og_type":"article","og_title":"Reconocimiento a Torres Competici\u00f3n - Noticias Radio Reflejos","og_description":"La Direcci\u00f3n de Deportes Municipal desea reconocer y felicitar al equipo Torres Competici\u00f3n, por obtener, por tercer a\u00f1o consecutivo la consagraci\u00f3n en Turismo Nacional, Clase 3.","og_url":"https:\/\/www.noticiasradioreflejos.com.ar\/2021\/reconocimiento-a-torres-competicion\/","og_site_name":"Noticias Radio Reflejos","article_published_time":"2020-12-18T21:00:11+00:00","og_image":[{"url":"http:\/\/live.staticflickr.com\/65535\/50734317287_63db57978b_c.jpg","type":"","width":"","height":""}],"author":"Arnaldo Botto","twitter_card":"summary_large_image","schema":{"@context":"https:\/\/schema.org","@graph":[{"@type":"WebPage","@id":"https:\/\/www.noticiasradioreflejos.com.ar\/2021\/reconocimiento-a-torres-competicion\/","url":"https:\/\/www.noticiasradioreflejos.com.ar\/2021\/reconocimiento-a-torres-competicion\/","name":"Reconocimiento a Torres Competici\u00f3n - Noticias Radio Reflejos","isPartOf":{"@id":"https:\/\/www.noticiasradioreflejos.com.ar\/2021\/#website"},"primaryImageOfPage":{"@id":"https:\/\/www.noticiasradioreflejos.com.ar\/2021\/reconocimiento-a-torres-competicion\/#primaryimage"},"image":{"@id":"https:\/\/www.noticiasradioreflejos.com.ar\/2021\/reconocimiento-a-torres-competicion\/#primaryimage"},"thumbnailUrl":"http:\/\/live.staticflickr.com\/65535\/50734317287_63db57978b_c.jpg","datePublished":"2020-12-18T21:00:11+00:00","author":{"@id":"https:\/\/www.noticiasradioreflejos.com.ar\/2021\/#\/schema\/person\/ad82545263dcc5ec0996818884fd5fb1"},"breadcrumb":{"@id":"https:\/\/www.noticiasradioreflejos.com.ar\/2021\/reconocimiento-a-torres-competicion\/#breadcrumb"},"inLanguage":"es","potentialAction":[{"@type":"ReadAction","target":["https:\/\/www.noticiasradioreflejos.com.ar\/2021\/reconocimiento-a-torres-competicion\/"]}]},{"@type":"ImageObject","inLanguage":"es","@id":"https:\/\/www.noticiasradioreflejos.com.ar\/2021\/reconocimiento-a-torres-competicion\/#primaryimage","url":"http:\/\/live.staticflickr.com\/65535\/50734317287_63db57978b_c.jpg","contentUrl":"http:\/\/live.staticflickr.com\/65535\/50734317287_63db57978b_c.jpg"},{"@type":"BreadcrumbList","@id":"https:\/\/www.noticiasradioreflejos.com.ar\/2021\/reconocimiento-a-torres-competicion\/#breadcrumb","itemListElement":[{"@type":"ListItem","position":1,"name":"Portada","item":"https:\/\/www.noticiasradioreflejos.com.ar\/2021\/"},{"@type":"ListItem","position":2,"name":"Reconocimiento a Torres Competici\u00f3n"}]},{"@type":"WebSite","@id":"https:\/\/www.noticiasradioreflejos.com.ar\/2021\/#website","url":"https:\/\/www.noticiasradioreflejos.com.ar\/2021\/","name":"Noticias Radio Reflejos","description":"Las noticias de mi comarca","potentialAction":[{"@type":"SearchAction","target":{"@type":"EntryPoint","urlTemplate":"https:\/\/www.noticiasradioreflejos.com.ar\/2021\/?s={search_term_string}"},"query-input":{"@type":"PropertyValueSpecification","valueRequired":true,"valueName":"search_term_string"}}],"inLanguage":"es"},{"@type":"Person","@id":"https:\/\/www.noticiasradioreflejos.com.ar\/2021\/#\/schema\/person\/ad82545263dcc5ec0996818884fd5fb1","name":"Arnaldo Botto","image":{"@type":"ImageObject","inLanguage":"es","@id":"https:\/\/www.noticiasradioreflejos.com.ar\/2021\/#\/schema\/person\/image\/","url":"https:\/\/secure.gravatar.com\/avatar\/55cb5e37c1efa326397366e6974cb338056df65cb50e7d64d1cf314e87504837?s=96&d=mm&r=g","contentUrl":"https:\/\/secure.gravatar.com\/avatar\/55cb5e37c1efa326397366e6974cb338056df65cb50e7d64d1cf314e87504837?s=96&d=mm&r=g","caption":"Arnaldo Botto"},"url":"https:\/\/www.noticiasradioreflejos.com.ar\/2021\/author\/arnaldo\/"}]}},"_links":{"self":[{"href":"https:\/\/www.noticiasradioreflejos.com.ar\/2021\/wp-json\/wp\/v2\/posts\/50447","targetHints":{"allow":["GET"]}}],"collection":[{"href":"https:\/\/www.noticiasradioreflejos.com.ar\/2021\/wp-json\/wp\/v2\/posts"}],"about":[{"href":"https:\/\/www.noticiasradioreflejos.com.ar\/2021\/wp-json\/wp\/v2\/types\/post"}],"author":[{"embeddable":true,"href":"https:\/\/www.noticiasradioreflejos.com.ar\/2021\/wp-json\/wp\/v2\/users\/3"}],"replies":[{"embeddable":true,"href":"https:\/\/www.noticiasradioreflejos.com.ar\/2021\/wp-json\/wp\/v2\/comments?post=50447"}],"version-history":[{"count":0,"href":"https:\/\/www.noticiasradioreflejos.com.ar\/2021\/wp-json\/wp\/v2\/posts\/50447\/revisions"}],"wp:attachment":[{"href":"https:\/\/www.noticiasradioreflejos.com.ar\/2021\/wp-json\/wp\/v2\/media?parent=50447"}],"wp:term":[{"taxonomy":"category","embeddable":true,"href":"https:\/\/www.noticiasradioreflejos.com.ar\/2021\/wp-json\/wp\/v2\/categories?post=50447"},{"taxonomy":"post_tag","embeddable":true,"href":"https:\/\/www.noticiasradioreflejos.com.ar\/2021\/wp-json\/wp\/v2\/tags?post=50447"}],"curies":[{"name":"wp","href":"https:\/\/api.w.org\/{rel}","templated":true}]}}