{"id":50442,"date":"2020-12-18T17:14:24","date_gmt":"2020-12-18T20:14:24","guid":{"rendered":"http:\/\/www.noticiasradioreflejos.com.ar\/noticias\/?p=50442"},"modified":"2020-12-18T17:14:24","modified_gmt":"2020-12-18T20:14:24","slug":"50442","status":"publish","type":"post","link":"https:\/\/www.noticiasradioreflejos.com.ar\/2021\/50442\/","title":{"rendered":"La Direcci\u00f3n de Juventud, G\u00e9nero y Diversidad Sexual realiz\u00f3 un balance del a\u00f1o"},"content":{"rendered":"<p>En el mediod\u00eda de este viernes, la Direcci\u00f3n de Juventud, G\u00e9nero y Diversidad Sexual de Tornquist Municipio desarroll\u00f3 un encuentro que tuvo como fin realizar un balance de lo realizado en el presente a\u00f1o.<!--more--><\/p>\n<p><a title=\"2020-12-18_05-10-53\" href=\"http:\/\/live.staticflickr.com\/65535\/50733369788_fb1446dbbc_s.jpg\" rel=\"\"><img loading=\"lazy\" decoding=\"async\" class=\"aligncenter\" title=\"2020-12-18_05-10-53\" src=\"http:\/\/live.staticflickr.com\/65535\/50733369788_fb1446dbbc_z.jpg\" alt=\"2020-12-18_05-10-53\" width=\"640\" height=\"480\" \/><\/a><\/p>\n<p>Adem\u00e1s del titular del \u00e1rea, Lic. Bruno Zacconi, de la jornada participaron el intendente municipal, Sergio Bordoni, el Secretario de Desarrollo, Dr. Gonzalo Iparraguirre, la Subsecretar\u00eda de Desarrollo Social, Belen Ladigan, y todos los agentes que conforman la mencionada cartera.<br \/>\nDurante la reuni\u00f3n, se abordaron temas tales como becas, residencias estudiantiles y, fundamentalmente, se trabaj\u00f3 sobre uno de los ejes de la pol\u00edtica del \u00e1rea de Juventud, G\u00e9nero y Diversidad Sexual, que es el Programa Envi\u00f3n.<br \/>\nEn Envi\u00f3n, se desempe\u00f1a un equipo interdisciplinario integrado por ocho profesionales que diariamente asisten a 130 j\u00f3venes de entre 12 y 21 a\u00f1os en situaci\u00f3n de vulnerabilidad social, y su objetivo es brindar contenci\u00f3n socioeducativa y acompa\u00f1amiento.<\/p>\n<p><a title=\"2020-12-18_05-11-05\" href=\"http:\/\/live.staticflickr.com\/65535\/50733370413_ce7e6f870a_s.jpg\" rel=\"\"><img loading=\"lazy\" decoding=\"async\" class=\"aligncenter\" title=\"2020-12-18_05-11-05\" src=\"http:\/\/live.staticflickr.com\/65535\/50733370413_ce7e6f870a_c.jpg\" alt=\"2020-12-18_05-11-05\" width=\"600\" height=\"800\" \/><\/a><\/p>\n","protected":false},"excerpt":{"rendered":"<p>En el mediod\u00eda de este viernes, la Direcci\u00f3n de Juventud, G\u00e9nero y Diversidad Sexual de Tornquist Municipio desarroll\u00f3 un encuentro que tuvo como fin realizar un balance de lo realizado en el presente a\u00f1o.<\/p>\n","protected":false},"author":3,"featured_media":0,"comment_status":"closed","ping_status":"open","sticky":false,"template":"","format":"standard","meta":{"footnotes":""},"categories":[28],"tags":[],"class_list":["post-50442","post","type-post","status-publish","format-standard","hentry","category-municipales"],"yoast_head":"<!-- This site is optimized with the Yoast SEO plugin v25.9 - https:\/\/yoast.com\/wordpress\/plugins\/seo\/ -->\n<title>La Direcci\u00f3n de Juventud, G\u00e9nero y Diversidad Sexual realiz\u00f3 un balance del a\u00f1o - Noticias Radio Reflejos<\/title>\n<meta name=\"robots\" content=\"index, follow, max-snippet:-1, max-image-preview:large, max-video-preview:-1\" \/>\n<link rel=\"canonical\" href=\"https:\/\/www.noticiasradioreflejos.com.ar\/2021\/50442\/\" \/>\n<meta property=\"og:locale\" content=\"es_ES\" \/>\n<meta property=\"og:type\" content=\"article\" \/>\n<meta property=\"og:title\" content=\"La Direcci\u00f3n de Juventud, G\u00e9nero y Diversidad Sexual realiz\u00f3 un balance del a\u00f1o - Noticias Radio Reflejos\" \/>\n<meta property=\"og:description\" content=\"En el mediod\u00eda de este viernes, la Direcci\u00f3n de Juventud, G\u00e9nero y Diversidad Sexual de Tornquist Municipio desarroll\u00f3 un encuentro que tuvo como fin realizar un balance de lo realizado en el presente a\u00f1o.\" \/>\n<meta property=\"og:url\" content=\"https:\/\/www.noticiasradioreflejos.com.ar\/2021\/50442\/\" \/>\n<meta property=\"og:site_name\" content=\"Noticias Radio Reflejos\" \/>\n<meta property=\"article:published_time\" content=\"2020-12-18T20:14:24+00:00\" \/>\n<meta property=\"og:image\" content=\"http:\/\/live.staticflickr.com\/65535\/50733369788_fb1446dbbc_z.jpg\" \/>\n<meta name=\"author\" content=\"Arnaldo Botto\" \/>\n<meta name=\"twitter:card\" content=\"summary_large_image\" \/>\n<script type=\"application\/ld+json\" class=\"yoast-schema-graph\">{\"@context\":\"https:\/\/schema.org\",\"@graph\":[{\"@type\":\"WebPage\",\"@id\":\"https:\/\/www.noticiasradioreflejos.com.ar\/2021\/50442\/\",\"url\":\"https:\/\/www.noticiasradioreflejos.com.ar\/2021\/50442\/\",\"name\":\"La Direcci\u00f3n de Juventud, G\u00e9nero y Diversidad Sexual realiz\u00f3 un balance del a\u00f1o - Noticias Radio Reflejos\",\"isPartOf\":{\"@id\":\"https:\/\/www.noticiasradioreflejos.com.ar\/2021\/#website\"},\"primaryImageOfPage\":{\"@id\":\"https:\/\/www.noticiasradioreflejos.com.ar\/2021\/50442\/#primaryimage\"},\"image\":{\"@id\":\"https:\/\/www.noticiasradioreflejos.com.ar\/2021\/50442\/#primaryimage\"},\"thumbnailUrl\":\"http:\/\/live.staticflickr.com\/65535\/50733369788_fb1446dbbc_z.jpg\",\"datePublished\":\"2020-12-18T20:14:24+00:00\",\"author\":{\"@id\":\"https:\/\/www.noticiasradioreflejos.com.ar\/2021\/#\/schema\/person\/ad82545263dcc5ec0996818884fd5fb1\"},\"breadcrumb\":{\"@id\":\"https:\/\/www.noticiasradioreflejos.com.ar\/2021\/50442\/#breadcrumb\"},\"inLanguage\":\"es\",\"potentialAction\":[{\"@type\":\"ReadAction\",\"target\":[\"https:\/\/www.noticiasradioreflejos.com.ar\/2021\/50442\/\"]}]},{\"@type\":\"ImageObject\",\"inLanguage\":\"es\",\"@id\":\"https:\/\/www.noticiasradioreflejos.com.ar\/2021\/50442\/#primaryimage\",\"url\":\"http:\/\/live.staticflickr.com\/65535\/50733369788_fb1446dbbc_z.jpg\",\"contentUrl\":\"http:\/\/live.staticflickr.com\/65535\/50733369788_fb1446dbbc_z.jpg\"},{\"@type\":\"BreadcrumbList\",\"@id\":\"https:\/\/www.noticiasradioreflejos.com.ar\/2021\/50442\/#breadcrumb\",\"itemListElement\":[{\"@type\":\"ListItem\",\"position\":1,\"name\":\"Portada\",\"item\":\"https:\/\/www.noticiasradioreflejos.com.ar\/2021\/\"},{\"@type\":\"ListItem\",\"position\":2,\"name\":\"La Direcci\u00f3n de Juventud, G\u00e9nero y Diversidad Sexual realiz\u00f3 un balance del a\u00f1o\"}]},{\"@type\":\"WebSite\",\"@id\":\"https:\/\/www.noticiasradioreflejos.com.ar\/2021\/#website\",\"url\":\"https:\/\/www.noticiasradioreflejos.com.ar\/2021\/\",\"name\":\"Noticias Radio Reflejos\",\"description\":\"Las noticias de mi comarca\",\"potentialAction\":[{\"@type\":\"SearchAction\",\"target\":{\"@type\":\"EntryPoint\",\"urlTemplate\":\"https:\/\/www.noticiasradioreflejos.com.ar\/2021\/?s={search_term_string}\"},\"query-input\":{\"@type\":\"PropertyValueSpecification\",\"valueRequired\":true,\"valueName\":\"search_term_string\"}}],\"inLanguage\":\"es\"},{\"@type\":\"Person\",\"@id\":\"https:\/\/www.noticiasradioreflejos.com.ar\/2021\/#\/schema\/person\/ad82545263dcc5ec0996818884fd5fb1\",\"name\":\"Arnaldo Botto\",\"image\":{\"@type\":\"ImageObject\",\"inLanguage\":\"es\",\"@id\":\"https:\/\/www.noticiasradioreflejos.com.ar\/2021\/#\/schema\/person\/image\/\",\"url\":\"https:\/\/secure.gravatar.com\/avatar\/55cb5e37c1efa326397366e6974cb338056df65cb50e7d64d1cf314e87504837?s=96&d=mm&r=g\",\"contentUrl\":\"https:\/\/secure.gravatar.com\/avatar\/55cb5e37c1efa326397366e6974cb338056df65cb50e7d64d1cf314e87504837?s=96&d=mm&r=g\",\"caption\":\"Arnaldo Botto\"},\"url\":\"https:\/\/www.noticiasradioreflejos.com.ar\/2021\/author\/arnaldo\/\"}]}<\/script>\n<!-- \/ Yoast SEO plugin. -->","yoast_head_json":{"title":"La Direcci\u00f3n de Juventud, G\u00e9nero y Diversidad Sexual realiz\u00f3 un balance del a\u00f1o - Noticias Radio Reflejos","robots":{"index":"index","follow":"follow","max-snippet":"max-snippet:-1","max-image-preview":"max-image-preview:large","max-video-preview":"max-video-preview:-1"},"canonical":"https:\/\/www.noticiasradioreflejos.com.ar\/2021\/50442\/","og_locale":"es_ES","og_type":"article","og_title":"La Direcci\u00f3n de Juventud, G\u00e9nero y Diversidad Sexual realiz\u00f3 un balance del a\u00f1o - Noticias Radio Reflejos","og_description":"En el mediod\u00eda de este viernes, la Direcci\u00f3n de Juventud, G\u00e9nero y Diversidad Sexual de Tornquist Municipio desarroll\u00f3 un encuentro que tuvo como fin realizar un balance de lo realizado en el presente a\u00f1o.","og_url":"https:\/\/www.noticiasradioreflejos.com.ar\/2021\/50442\/","og_site_name":"Noticias Radio Reflejos","article_published_time":"2020-12-18T20:14:24+00:00","og_image":[{"url":"http:\/\/live.staticflickr.com\/65535\/50733369788_fb1446dbbc_z.jpg","type":"","width":"","height":""}],"author":"Arnaldo Botto","twitter_card":"summary_large_image","schema":{"@context":"https:\/\/schema.org","@graph":[{"@type":"WebPage","@id":"https:\/\/www.noticiasradioreflejos.com.ar\/2021\/50442\/","url":"https:\/\/www.noticiasradioreflejos.com.ar\/2021\/50442\/","name":"La Direcci\u00f3n de Juventud, G\u00e9nero y Diversidad Sexual realiz\u00f3 un balance del a\u00f1o - Noticias Radio Reflejos","isPartOf":{"@id":"https:\/\/www.noticiasradioreflejos.com.ar\/2021\/#website"},"primaryImageOfPage":{"@id":"https:\/\/www.noticiasradioreflejos.com.ar\/2021\/50442\/#primaryimage"},"image":{"@id":"https:\/\/www.noticiasradioreflejos.com.ar\/2021\/50442\/#primaryimage"},"thumbnailUrl":"http:\/\/live.staticflickr.com\/65535\/50733369788_fb1446dbbc_z.jpg","datePublished":"2020-12-18T20:14:24+00:00","author":{"@id":"https:\/\/www.noticiasradioreflejos.com.ar\/2021\/#\/schema\/person\/ad82545263dcc5ec0996818884fd5fb1"},"breadcrumb":{"@id":"https:\/\/www.noticiasradioreflejos.com.ar\/2021\/50442\/#breadcrumb"},"inLanguage":"es","potentialAction":[{"@type":"ReadAction","target":["https:\/\/www.noticiasradioreflejos.com.ar\/2021\/50442\/"]}]},{"@type":"ImageObject","inLanguage":"es","@id":"https:\/\/www.noticiasradioreflejos.com.ar\/2021\/50442\/#primaryimage","url":"http:\/\/live.staticflickr.com\/65535\/50733369788_fb1446dbbc_z.jpg","contentUrl":"http:\/\/live.staticflickr.com\/65535\/50733369788_fb1446dbbc_z.jpg"},{"@type":"BreadcrumbList","@id":"https:\/\/www.noticiasradioreflejos.com.ar\/2021\/50442\/#breadcrumb","itemListElement":[{"@type":"ListItem","position":1,"name":"Portada","item":"https:\/\/www.noticiasradioreflejos.com.ar\/2021\/"},{"@type":"ListItem","position":2,"name":"La Direcci\u00f3n de Juventud, G\u00e9nero y Diversidad Sexual realiz\u00f3 un balance del a\u00f1o"}]},{"@type":"WebSite","@id":"https:\/\/www.noticiasradioreflejos.com.ar\/2021\/#website","url":"https:\/\/www.noticiasradioreflejos.com.ar\/2021\/","name":"Noticias Radio Reflejos","description":"Las noticias de mi comarca","potentialAction":[{"@type":"SearchAction","target":{"@type":"EntryPoint","urlTemplate":"https:\/\/www.noticiasradioreflejos.com.ar\/2021\/?s={search_term_string}"},"query-input":{"@type":"PropertyValueSpecification","valueRequired":true,"valueName":"search_term_string"}}],"inLanguage":"es"},{"@type":"Person","@id":"https:\/\/www.noticiasradioreflejos.com.ar\/2021\/#\/schema\/person\/ad82545263dcc5ec0996818884fd5fb1","name":"Arnaldo Botto","image":{"@type":"ImageObject","inLanguage":"es","@id":"https:\/\/www.noticiasradioreflejos.com.ar\/2021\/#\/schema\/person\/image\/","url":"https:\/\/secure.gravatar.com\/avatar\/55cb5e37c1efa326397366e6974cb338056df65cb50e7d64d1cf314e87504837?s=96&d=mm&r=g","contentUrl":"https:\/\/secure.gravatar.com\/avatar\/55cb5e37c1efa326397366e6974cb338056df65cb50e7d64d1cf314e87504837?s=96&d=mm&r=g","caption":"Arnaldo Botto"},"url":"https:\/\/www.noticiasradioreflejos.com.ar\/2021\/author\/arnaldo\/"}]}},"_links":{"self":[{"href":"https:\/\/www.noticiasradioreflejos.com.ar\/2021\/wp-json\/wp\/v2\/posts\/50442","targetHints":{"allow":["GET"]}}],"collection":[{"href":"https:\/\/www.noticiasradioreflejos.com.ar\/2021\/wp-json\/wp\/v2\/posts"}],"about":[{"href":"https:\/\/www.noticiasradioreflejos.com.ar\/2021\/wp-json\/wp\/v2\/types\/post"}],"author":[{"embeddable":true,"href":"https:\/\/www.noticiasradioreflejos.com.ar\/2021\/wp-json\/wp\/v2\/users\/3"}],"replies":[{"embeddable":true,"href":"https:\/\/www.noticiasradioreflejos.com.ar\/2021\/wp-json\/wp\/v2\/comments?post=50442"}],"version-history":[{"count":0,"href":"https:\/\/www.noticiasradioreflejos.com.ar\/2021\/wp-json\/wp\/v2\/posts\/50442\/revisions"}],"wp:attachment":[{"href":"https:\/\/www.noticiasradioreflejos.com.ar\/2021\/wp-json\/wp\/v2\/media?parent=50442"}],"wp:term":[{"taxonomy":"category","embeddable":true,"href":"https:\/\/www.noticiasradioreflejos.com.ar\/2021\/wp-json\/wp\/v2\/categories?post=50442"},{"taxonomy":"post_tag","embeddable":true,"href":"https:\/\/www.noticiasradioreflejos.com.ar\/2021\/wp-json\/wp\/v2\/tags?post=50442"}],"curies":[{"name":"wp","href":"https:\/\/api.w.org\/{rel}","templated":true}]}}