{"id":50416,"date":"2020-12-18T08:06:09","date_gmt":"2020-12-18T11:06:09","guid":{"rendered":"http:\/\/www.noticiasradioreflejos.com.ar\/noticias\/?p=50416"},"modified":"2020-12-18T08:06:09","modified_gmt":"2020-12-18T11:06:09","slug":"coronavirus-por-el-gran-incremento-de-casos-entre-los-jovenes-del-distrito-se-postergan-todos-los-actos-escolares-de-fin-de-curso","status":"publish","type":"post","link":"https:\/\/www.noticiasradioreflejos.com.ar\/2021\/coronavirus-por-el-gran-incremento-de-casos-entre-los-jovenes-del-distrito-se-postergan-todos-los-actos-escolares-de-fin-de-curso\/","title":{"rendered":"Coronavirus: Por el gran incremento de casos entre los j\u00f3venes del distrito, se postergan todos los actos escolares de fin de curso."},"content":{"rendered":"<p>Un comunicado conjunto de la Jefatura Distrital, el \u00e1rea de Salud, Secretar\u00eda de Asuntos docentes y representantes gremiales,  informan hoy la decisi\u00f3n a las autoridades de los establecimientos educativos que todav\u00eda no lo hab\u00edan realizado. <!--more--><\/p>\n<p><strong>COMUNICADO:<\/strong><br \/>\nTornquist, 17 de diciembre de 2020<br \/>\nDurante la presente semana se inform\u00f3 el incremento de casos de COVID positivo y de aislados, muchos de ellos egresados del Nivel Secundario. Consultadas las Autoridades del \u00c1rea de Salud del Municipio de Tornquist, se ha recibido la recomendaci\u00f3n de evitar la realizaci\u00f3n de eventos con aglomeraci\u00f3n de personas, en dicha localidad.<br \/>\nSiendo los estudiantes los protagonistas de este significativo momento, en el marco de las pol\u00edticas de cuidado de la salud, prevenci\u00f3n y control de la propagaci\u00f3n del virus (COVID 19), es que se decide posponer los actos de egreso presenciales del Nivel Secundario de la Localidad de Tornquist.<br \/>\nComunicamos a las Familias que, en forma conjunta entre Autoridades Educativas, de Salud y Gremiales, se decide postergar hasta el mes de febrero los actos presenciales pendientes de los Servicios Educativos EES 1, EES 3, EEST 1 y EESA 1 de la Localidad de Tornquist. En forma virtual se har\u00e1 un cierre simb\u00f3lico de durante la presente semana.<\/p>\n<p>Jefatura Distrital<br \/>\n\u00c1rea de Salud del Municipio<br \/>\nSAD<br \/>\nRepresentantes Gremiales<\/p>\n","protected":false},"excerpt":{"rendered":"<p>Un comunicado conjunto de la Jefatura Distrital, el \u00e1rea de Salud, Secretar\u00eda de Asuntos docentes y representantes gremiales, informan hoy la decisi\u00f3n a las autoridades de los establecimientos educativos que todav\u00eda no lo hab\u00edan realizado.<\/p>\n","protected":false},"author":3,"featured_media":0,"comment_status":"closed","ping_status":"open","sticky":false,"template":"","format":"standard","meta":{"footnotes":""},"categories":[34],"tags":[],"class_list":["post-50416","post","type-post","status-publish","format-standard","hentry","category-educacion"],"yoast_head":"<!-- This site is optimized with the Yoast SEO plugin v25.9 - https:\/\/yoast.com\/wordpress\/plugins\/seo\/ -->\n<title>Coronavirus: Por el gran incremento de casos entre los j\u00f3venes del distrito, se postergan todos los actos escolares de fin de curso. - Noticias Radio Reflejos<\/title>\n<meta name=\"robots\" content=\"index, follow, max-snippet:-1, max-image-preview:large, max-video-preview:-1\" \/>\n<link rel=\"canonical\" href=\"https:\/\/www.noticiasradioreflejos.com.ar\/2021\/coronavirus-por-el-gran-incremento-de-casos-entre-los-jovenes-del-distrito-se-postergan-todos-los-actos-escolares-de-fin-de-curso\/\" \/>\n<meta property=\"og:locale\" content=\"es_ES\" \/>\n<meta property=\"og:type\" content=\"article\" \/>\n<meta property=\"og:title\" content=\"Coronavirus: Por el gran incremento de casos entre los j\u00f3venes del distrito, se postergan todos los actos escolares de fin de curso. - Noticias Radio Reflejos\" \/>\n<meta property=\"og:description\" content=\"Un comunicado conjunto de la Jefatura Distrital, el \u00e1rea de Salud, Secretar\u00eda de Asuntos docentes y representantes gremiales, informan hoy la decisi\u00f3n a las autoridades de los establecimientos educativos que todav\u00eda no lo hab\u00edan realizado.\" \/>\n<meta property=\"og:url\" content=\"https:\/\/www.noticiasradioreflejos.com.ar\/2021\/coronavirus-por-el-gran-incremento-de-casos-entre-los-jovenes-del-distrito-se-postergan-todos-los-actos-escolares-de-fin-de-curso\/\" \/>\n<meta property=\"og:site_name\" content=\"Noticias Radio Reflejos\" \/>\n<meta property=\"article:published_time\" content=\"2020-12-18T11:06:09+00:00\" \/>\n<meta property=\"og:image\" content=\"https:\/\/www.noticiasradioreflejos.com.ar\/2021\/wp-content\/uploads\/2021\/07\/logosol300x200.png\" \/>\n\t<meta property=\"og:image:width\" content=\"300\" \/>\n\t<meta property=\"og:image:height\" content=\"200\" \/>\n\t<meta property=\"og:image:type\" content=\"image\/png\" \/>\n<meta name=\"author\" content=\"Arnaldo Botto\" \/>\n<meta name=\"twitter:card\" content=\"summary_large_image\" \/>\n<script type=\"application\/ld+json\" class=\"yoast-schema-graph\">{\"@context\":\"https:\/\/schema.org\",\"@graph\":[{\"@type\":\"WebPage\",\"@id\":\"https:\/\/www.noticiasradioreflejos.com.ar\/2021\/coronavirus-por-el-gran-incremento-de-casos-entre-los-jovenes-del-distrito-se-postergan-todos-los-actos-escolares-de-fin-de-curso\/\",\"url\":\"https:\/\/www.noticiasradioreflejos.com.ar\/2021\/coronavirus-por-el-gran-incremento-de-casos-entre-los-jovenes-del-distrito-se-postergan-todos-los-actos-escolares-de-fin-de-curso\/\",\"name\":\"Coronavirus: Por el gran incremento de casos entre los j\u00f3venes del distrito, se postergan todos los actos escolares de fin de curso. - Noticias Radio Reflejos\",\"isPartOf\":{\"@id\":\"https:\/\/www.noticiasradioreflejos.com.ar\/2021\/#website\"},\"datePublished\":\"2020-12-18T11:06:09+00:00\",\"author\":{\"@id\":\"https:\/\/www.noticiasradioreflejos.com.ar\/2021\/#\/schema\/person\/ad82545263dcc5ec0996818884fd5fb1\"},\"breadcrumb\":{\"@id\":\"https:\/\/www.noticiasradioreflejos.com.ar\/2021\/coronavirus-por-el-gran-incremento-de-casos-entre-los-jovenes-del-distrito-se-postergan-todos-los-actos-escolares-de-fin-de-curso\/#breadcrumb\"},\"inLanguage\":\"es\",\"potentialAction\":[{\"@type\":\"ReadAction\",\"target\":[\"https:\/\/www.noticiasradioreflejos.com.ar\/2021\/coronavirus-por-el-gran-incremento-de-casos-entre-los-jovenes-del-distrito-se-postergan-todos-los-actos-escolares-de-fin-de-curso\/\"]}]},{\"@type\":\"BreadcrumbList\",\"@id\":\"https:\/\/www.noticiasradioreflejos.com.ar\/2021\/coronavirus-por-el-gran-incremento-de-casos-entre-los-jovenes-del-distrito-se-postergan-todos-los-actos-escolares-de-fin-de-curso\/#breadcrumb\",\"itemListElement\":[{\"@type\":\"ListItem\",\"position\":1,\"name\":\"Portada\",\"item\":\"https:\/\/www.noticiasradioreflejos.com.ar\/2021\/\"},{\"@type\":\"ListItem\",\"position\":2,\"name\":\"Coronavirus: Por el gran incremento de casos entre los j\u00f3venes del distrito, se postergan todos los actos escolares de fin de curso.\"}]},{\"@type\":\"WebSite\",\"@id\":\"https:\/\/www.noticiasradioreflejos.com.ar\/2021\/#website\",\"url\":\"https:\/\/www.noticiasradioreflejos.com.ar\/2021\/\",\"name\":\"Noticias Radio Reflejos\",\"description\":\"Las noticias de mi comarca\",\"potentialAction\":[{\"@type\":\"SearchAction\",\"target\":{\"@type\":\"EntryPoint\",\"urlTemplate\":\"https:\/\/www.noticiasradioreflejos.com.ar\/2021\/?s={search_term_string}\"},\"query-input\":{\"@type\":\"PropertyValueSpecification\",\"valueRequired\":true,\"valueName\":\"search_term_string\"}}],\"inLanguage\":\"es\"},{\"@type\":\"Person\",\"@id\":\"https:\/\/www.noticiasradioreflejos.com.ar\/2021\/#\/schema\/person\/ad82545263dcc5ec0996818884fd5fb1\",\"name\":\"Arnaldo Botto\",\"image\":{\"@type\":\"ImageObject\",\"inLanguage\":\"es\",\"@id\":\"https:\/\/www.noticiasradioreflejos.com.ar\/2021\/#\/schema\/person\/image\/\",\"url\":\"https:\/\/secure.gravatar.com\/avatar\/55cb5e37c1efa326397366e6974cb338056df65cb50e7d64d1cf314e87504837?s=96&d=mm&r=g\",\"contentUrl\":\"https:\/\/secure.gravatar.com\/avatar\/55cb5e37c1efa326397366e6974cb338056df65cb50e7d64d1cf314e87504837?s=96&d=mm&r=g\",\"caption\":\"Arnaldo Botto\"},\"url\":\"https:\/\/www.noticiasradioreflejos.com.ar\/2021\/author\/arnaldo\/\"}]}<\/script>\n<!-- \/ Yoast SEO plugin. -->","yoast_head_json":{"title":"Coronavirus: Por el gran incremento de casos entre los j\u00f3venes del distrito, se postergan todos los actos escolares de fin de curso. - Noticias Radio Reflejos","robots":{"index":"index","follow":"follow","max-snippet":"max-snippet:-1","max-image-preview":"max-image-preview:large","max-video-preview":"max-video-preview:-1"},"canonical":"https:\/\/www.noticiasradioreflejos.com.ar\/2021\/coronavirus-por-el-gran-incremento-de-casos-entre-los-jovenes-del-distrito-se-postergan-todos-los-actos-escolares-de-fin-de-curso\/","og_locale":"es_ES","og_type":"article","og_title":"Coronavirus: Por el gran incremento de casos entre los j\u00f3venes del distrito, se postergan todos los actos escolares de fin de curso. - Noticias Radio Reflejos","og_description":"Un comunicado conjunto de la Jefatura Distrital, el \u00e1rea de Salud, Secretar\u00eda de Asuntos docentes y representantes gremiales, informan hoy la decisi\u00f3n a las autoridades de los establecimientos educativos que todav\u00eda no lo hab\u00edan realizado.","og_url":"https:\/\/www.noticiasradioreflejos.com.ar\/2021\/coronavirus-por-el-gran-incremento-de-casos-entre-los-jovenes-del-distrito-se-postergan-todos-los-actos-escolares-de-fin-de-curso\/","og_site_name":"Noticias Radio Reflejos","article_published_time":"2020-12-18T11:06:09+00:00","og_image":[{"width":300,"height":200,"url":"https:\/\/www.noticiasradioreflejos.com.ar\/2021\/wp-content\/uploads\/2021\/07\/logosol300x200.png","type":"image\/png"}],"author":"Arnaldo Botto","twitter_card":"summary_large_image","schema":{"@context":"https:\/\/schema.org","@graph":[{"@type":"WebPage","@id":"https:\/\/www.noticiasradioreflejos.com.ar\/2021\/coronavirus-por-el-gran-incremento-de-casos-entre-los-jovenes-del-distrito-se-postergan-todos-los-actos-escolares-de-fin-de-curso\/","url":"https:\/\/www.noticiasradioreflejos.com.ar\/2021\/coronavirus-por-el-gran-incremento-de-casos-entre-los-jovenes-del-distrito-se-postergan-todos-los-actos-escolares-de-fin-de-curso\/","name":"Coronavirus: Por el gran incremento de casos entre los j\u00f3venes del distrito, se postergan todos los actos escolares de fin de curso. - Noticias Radio Reflejos","isPartOf":{"@id":"https:\/\/www.noticiasradioreflejos.com.ar\/2021\/#website"},"datePublished":"2020-12-18T11:06:09+00:00","author":{"@id":"https:\/\/www.noticiasradioreflejos.com.ar\/2021\/#\/schema\/person\/ad82545263dcc5ec0996818884fd5fb1"},"breadcrumb":{"@id":"https:\/\/www.noticiasradioreflejos.com.ar\/2021\/coronavirus-por-el-gran-incremento-de-casos-entre-los-jovenes-del-distrito-se-postergan-todos-los-actos-escolares-de-fin-de-curso\/#breadcrumb"},"inLanguage":"es","potentialAction":[{"@type":"ReadAction","target":["https:\/\/www.noticiasradioreflejos.com.ar\/2021\/coronavirus-por-el-gran-incremento-de-casos-entre-los-jovenes-del-distrito-se-postergan-todos-los-actos-escolares-de-fin-de-curso\/"]}]},{"@type":"BreadcrumbList","@id":"https:\/\/www.noticiasradioreflejos.com.ar\/2021\/coronavirus-por-el-gran-incremento-de-casos-entre-los-jovenes-del-distrito-se-postergan-todos-los-actos-escolares-de-fin-de-curso\/#breadcrumb","itemListElement":[{"@type":"ListItem","position":1,"name":"Portada","item":"https:\/\/www.noticiasradioreflejos.com.ar\/2021\/"},{"@type":"ListItem","position":2,"name":"Coronavirus: Por el gran incremento de casos entre los j\u00f3venes del distrito, se postergan todos los actos escolares de fin de curso."}]},{"@type":"WebSite","@id":"https:\/\/www.noticiasradioreflejos.com.ar\/2021\/#website","url":"https:\/\/www.noticiasradioreflejos.com.ar\/2021\/","name":"Noticias Radio Reflejos","description":"Las noticias de mi comarca","potentialAction":[{"@type":"SearchAction","target":{"@type":"EntryPoint","urlTemplate":"https:\/\/www.noticiasradioreflejos.com.ar\/2021\/?s={search_term_string}"},"query-input":{"@type":"PropertyValueSpecification","valueRequired":true,"valueName":"search_term_string"}}],"inLanguage":"es"},{"@type":"Person","@id":"https:\/\/www.noticiasradioreflejos.com.ar\/2021\/#\/schema\/person\/ad82545263dcc5ec0996818884fd5fb1","name":"Arnaldo Botto","image":{"@type":"ImageObject","inLanguage":"es","@id":"https:\/\/www.noticiasradioreflejos.com.ar\/2021\/#\/schema\/person\/image\/","url":"https:\/\/secure.gravatar.com\/avatar\/55cb5e37c1efa326397366e6974cb338056df65cb50e7d64d1cf314e87504837?s=96&d=mm&r=g","contentUrl":"https:\/\/secure.gravatar.com\/avatar\/55cb5e37c1efa326397366e6974cb338056df65cb50e7d64d1cf314e87504837?s=96&d=mm&r=g","caption":"Arnaldo Botto"},"url":"https:\/\/www.noticiasradioreflejos.com.ar\/2021\/author\/arnaldo\/"}]}},"_links":{"self":[{"href":"https:\/\/www.noticiasradioreflejos.com.ar\/2021\/wp-json\/wp\/v2\/posts\/50416","targetHints":{"allow":["GET"]}}],"collection":[{"href":"https:\/\/www.noticiasradioreflejos.com.ar\/2021\/wp-json\/wp\/v2\/posts"}],"about":[{"href":"https:\/\/www.noticiasradioreflejos.com.ar\/2021\/wp-json\/wp\/v2\/types\/post"}],"author":[{"embeddable":true,"href":"https:\/\/www.noticiasradioreflejos.com.ar\/2021\/wp-json\/wp\/v2\/users\/3"}],"replies":[{"embeddable":true,"href":"https:\/\/www.noticiasradioreflejos.com.ar\/2021\/wp-json\/wp\/v2\/comments?post=50416"}],"version-history":[{"count":0,"href":"https:\/\/www.noticiasradioreflejos.com.ar\/2021\/wp-json\/wp\/v2\/posts\/50416\/revisions"}],"wp:attachment":[{"href":"https:\/\/www.noticiasradioreflejos.com.ar\/2021\/wp-json\/wp\/v2\/media?parent=50416"}],"wp:term":[{"taxonomy":"category","embeddable":true,"href":"https:\/\/www.noticiasradioreflejos.com.ar\/2021\/wp-json\/wp\/v2\/categories?post=50416"},{"taxonomy":"post_tag","embeddable":true,"href":"https:\/\/www.noticiasradioreflejos.com.ar\/2021\/wp-json\/wp\/v2\/tags?post=50416"}],"curies":[{"name":"wp","href":"https:\/\/api.w.org\/{rel}","templated":true}]}}