{"id":5041,"date":"2016-12-22T11:55:11","date_gmt":"2016-12-22T11:55:11","guid":{"rendered":"http:\/\/noticiasradioreflejos.com.ar\/noticias\/?p=5041"},"modified":"2016-12-22T11:55:11","modified_gmt":"2016-12-22T11:55:11","slug":"arden-las-sierras-en-saavedra-trabajan-5-dotaciones","status":"publish","type":"post","link":"https:\/\/www.noticiasradioreflejos.com.ar\/2021\/arden-las-sierras-en-saavedra-trabajan-5-dotaciones\/","title":{"rendered":"Arden las sierras en Saavedra, trabajan 5 dotaciones."},"content":{"rendered":"<p><a title=\"Incendio en Saavedra\" href=\"http:\/\/farm1.staticflickr.com\/451\/31685504391_f2f31e718a.jpg\" rel=\"\"><img loading=\"lazy\" decoding=\"async\" class=\"alignleft\" style=\"float: left;\" title=\"Incendio en Saavedra\" src=\"http:\/\/farm1.staticflickr.com\/451\/31685504391_f2f31e718a.jpg\" alt=\"Incendio en Saavedra\" width=\"500\" height=\"334\" \/><\/a>Poco despu\u00e9s de la una de la madrugada de hoy se reaviv\u00f3 el fuego en uno de los sectores donde los bomberos estuvieron trabajando durante la jornada de ayer.<br \/>\nLas llamas se hab\u00edan reavivado y con el correr de las horas, el fuego comenz\u00f3 a tomar m\u00e1s intensidad, es por eso que entre las 5:30 y 6:30 de \u00e9ste jueves, desde la central de Saavedra, pidieron la ayuda de bomberos de los destacamentos 1 y 2 de Goyena y Dufaur, adem\u00e1s de dotaciones de Tornquist, Pig\u00fc\u00e9 y Coronel Su\u00e1rez.<br \/>\nLos servidores p\u00fablicos locales, hab\u00edan retornado a la 1:20 hs de \u00e9sta madrugada y 90 minutos despu\u00e9s, fueron avisados que en los cerros ubicado en la zona de \u201cEl Curac\u00f3\u201d, se visualizaban dos focos de incendio.<br \/>\nEste mi\u00e9rcoles por la tarde intervino un avi\u00f3n hidrante perteneciente al Plan Nacional de Manejo de fuegos, pero por el momento no se volvi\u00f3 a solicitar.<\/p>\n","protected":false},"excerpt":{"rendered":"<p>Poco despu\u00e9s de la una de la madrugada de hoy se reaviv\u00f3 el fuego en uno de los sectores donde los bomberos estuvieron trabajando durante la jornada de ayer. Las llamas se hab\u00edan reavivado y con el correr de las horas, el fuego comenz\u00f3 a tomar m\u00e1s intensidad, es por eso que entre las 5:30 [&hellip;]<\/p>\n","protected":false},"author":3,"featured_media":0,"comment_status":"closed","ping_status":"open","sticky":false,"template":"","format":"standard","meta":{"footnotes":""},"categories":[26],"tags":[],"class_list":["post-5041","post","type-post","status-publish","format-standard","hentry","category-sociedad"],"yoast_head":"<!-- This site is optimized with the Yoast SEO plugin v25.9 - https:\/\/yoast.com\/wordpress\/plugins\/seo\/ -->\n<title>Arden las sierras en Saavedra, trabajan 5 dotaciones. - Noticias Radio Reflejos<\/title>\n<meta name=\"robots\" content=\"index, follow, max-snippet:-1, max-image-preview:large, max-video-preview:-1\" \/>\n<link rel=\"canonical\" href=\"https:\/\/www.noticiasradioreflejos.com.ar\/2021\/arden-las-sierras-en-saavedra-trabajan-5-dotaciones\/\" \/>\n<meta property=\"og:locale\" content=\"es_ES\" \/>\n<meta property=\"og:type\" content=\"article\" \/>\n<meta property=\"og:title\" content=\"Arden las sierras en Saavedra, trabajan 5 dotaciones. - Noticias Radio Reflejos\" \/>\n<meta property=\"og:description\" content=\"Poco despu\u00e9s de la una de la madrugada de hoy se reaviv\u00f3 el fuego en uno de los sectores donde los bomberos estuvieron trabajando durante la jornada de ayer. Las llamas se hab\u00edan reavivado y con el correr de las horas, el fuego comenz\u00f3 a tomar m\u00e1s intensidad, es por eso que entre las 5:30 [&hellip;]\" \/>\n<meta property=\"og:url\" content=\"https:\/\/www.noticiasradioreflejos.com.ar\/2021\/arden-las-sierras-en-saavedra-trabajan-5-dotaciones\/\" \/>\n<meta property=\"og:site_name\" content=\"Noticias Radio Reflejos\" \/>\n<meta property=\"article:published_time\" content=\"2016-12-22T11:55:11+00:00\" \/>\n<meta property=\"og:image\" content=\"http:\/\/farm1.staticflickr.com\/451\/31685504391_f2f31e718a.jpg\" \/>\n<meta name=\"author\" content=\"Arnaldo Botto\" \/>\n<meta name=\"twitter:card\" content=\"summary_large_image\" \/>\n<script type=\"application\/ld+json\" class=\"yoast-schema-graph\">{\"@context\":\"https:\/\/schema.org\",\"@graph\":[{\"@type\":\"WebPage\",\"@id\":\"https:\/\/www.noticiasradioreflejos.com.ar\/2021\/arden-las-sierras-en-saavedra-trabajan-5-dotaciones\/\",\"url\":\"https:\/\/www.noticiasradioreflejos.com.ar\/2021\/arden-las-sierras-en-saavedra-trabajan-5-dotaciones\/\",\"name\":\"Arden las sierras en Saavedra, trabajan 5 dotaciones. - Noticias Radio Reflejos\",\"isPartOf\":{\"@id\":\"https:\/\/www.noticiasradioreflejos.com.ar\/2021\/#website\"},\"primaryImageOfPage\":{\"@id\":\"https:\/\/www.noticiasradioreflejos.com.ar\/2021\/arden-las-sierras-en-saavedra-trabajan-5-dotaciones\/#primaryimage\"},\"image\":{\"@id\":\"https:\/\/www.noticiasradioreflejos.com.ar\/2021\/arden-las-sierras-en-saavedra-trabajan-5-dotaciones\/#primaryimage\"},\"thumbnailUrl\":\"http:\/\/farm1.staticflickr.com\/451\/31685504391_f2f31e718a.jpg\",\"datePublished\":\"2016-12-22T11:55:11+00:00\",\"author\":{\"@id\":\"https:\/\/www.noticiasradioreflejos.com.ar\/2021\/#\/schema\/person\/ad82545263dcc5ec0996818884fd5fb1\"},\"breadcrumb\":{\"@id\":\"https:\/\/www.noticiasradioreflejos.com.ar\/2021\/arden-las-sierras-en-saavedra-trabajan-5-dotaciones\/#breadcrumb\"},\"inLanguage\":\"es\",\"potentialAction\":[{\"@type\":\"ReadAction\",\"target\":[\"https:\/\/www.noticiasradioreflejos.com.ar\/2021\/arden-las-sierras-en-saavedra-trabajan-5-dotaciones\/\"]}]},{\"@type\":\"ImageObject\",\"inLanguage\":\"es\",\"@id\":\"https:\/\/www.noticiasradioreflejos.com.ar\/2021\/arden-las-sierras-en-saavedra-trabajan-5-dotaciones\/#primaryimage\",\"url\":\"http:\/\/farm1.staticflickr.com\/451\/31685504391_f2f31e718a.jpg\",\"contentUrl\":\"http:\/\/farm1.staticflickr.com\/451\/31685504391_f2f31e718a.jpg\"},{\"@type\":\"BreadcrumbList\",\"@id\":\"https:\/\/www.noticiasradioreflejos.com.ar\/2021\/arden-las-sierras-en-saavedra-trabajan-5-dotaciones\/#breadcrumb\",\"itemListElement\":[{\"@type\":\"ListItem\",\"position\":1,\"name\":\"Portada\",\"item\":\"https:\/\/www.noticiasradioreflejos.com.ar\/2021\/\"},{\"@type\":\"ListItem\",\"position\":2,\"name\":\"Arden las sierras en Saavedra, trabajan 5 dotaciones.\"}]},{\"@type\":\"WebSite\",\"@id\":\"https:\/\/www.noticiasradioreflejos.com.ar\/2021\/#website\",\"url\":\"https:\/\/www.noticiasradioreflejos.com.ar\/2021\/\",\"name\":\"Noticias Radio Reflejos\",\"description\":\"Las noticias de mi comarca\",\"potentialAction\":[{\"@type\":\"SearchAction\",\"target\":{\"@type\":\"EntryPoint\",\"urlTemplate\":\"https:\/\/www.noticiasradioreflejos.com.ar\/2021\/?s={search_term_string}\"},\"query-input\":{\"@type\":\"PropertyValueSpecification\",\"valueRequired\":true,\"valueName\":\"search_term_string\"}}],\"inLanguage\":\"es\"},{\"@type\":\"Person\",\"@id\":\"https:\/\/www.noticiasradioreflejos.com.ar\/2021\/#\/schema\/person\/ad82545263dcc5ec0996818884fd5fb1\",\"name\":\"Arnaldo Botto\",\"image\":{\"@type\":\"ImageObject\",\"inLanguage\":\"es\",\"@id\":\"https:\/\/www.noticiasradioreflejos.com.ar\/2021\/#\/schema\/person\/image\/\",\"url\":\"https:\/\/secure.gravatar.com\/avatar\/55cb5e37c1efa326397366e6974cb338056df65cb50e7d64d1cf314e87504837?s=96&d=mm&r=g\",\"contentUrl\":\"https:\/\/secure.gravatar.com\/avatar\/55cb5e37c1efa326397366e6974cb338056df65cb50e7d64d1cf314e87504837?s=96&d=mm&r=g\",\"caption\":\"Arnaldo Botto\"},\"url\":\"https:\/\/www.noticiasradioreflejos.com.ar\/2021\/author\/arnaldo\/\"}]}<\/script>\n<!-- \/ Yoast SEO plugin. -->","yoast_head_json":{"title":"Arden las sierras en Saavedra, trabajan 5 dotaciones. - Noticias Radio Reflejos","robots":{"index":"index","follow":"follow","max-snippet":"max-snippet:-1","max-image-preview":"max-image-preview:large","max-video-preview":"max-video-preview:-1"},"canonical":"https:\/\/www.noticiasradioreflejos.com.ar\/2021\/arden-las-sierras-en-saavedra-trabajan-5-dotaciones\/","og_locale":"es_ES","og_type":"article","og_title":"Arden las sierras en Saavedra, trabajan 5 dotaciones. - Noticias Radio Reflejos","og_description":"Poco despu\u00e9s de la una de la madrugada de hoy se reaviv\u00f3 el fuego en uno de los sectores donde los bomberos estuvieron trabajando durante la jornada de ayer. Las llamas se hab\u00edan reavivado y con el correr de las horas, el fuego comenz\u00f3 a tomar m\u00e1s intensidad, es por eso que entre las 5:30 [&hellip;]","og_url":"https:\/\/www.noticiasradioreflejos.com.ar\/2021\/arden-las-sierras-en-saavedra-trabajan-5-dotaciones\/","og_site_name":"Noticias Radio Reflejos","article_published_time":"2016-12-22T11:55:11+00:00","og_image":[{"url":"http:\/\/farm1.staticflickr.com\/451\/31685504391_f2f31e718a.jpg","type":"","width":"","height":""}],"author":"Arnaldo Botto","twitter_card":"summary_large_image","schema":{"@context":"https:\/\/schema.org","@graph":[{"@type":"WebPage","@id":"https:\/\/www.noticiasradioreflejos.com.ar\/2021\/arden-las-sierras-en-saavedra-trabajan-5-dotaciones\/","url":"https:\/\/www.noticiasradioreflejos.com.ar\/2021\/arden-las-sierras-en-saavedra-trabajan-5-dotaciones\/","name":"Arden las sierras en Saavedra, trabajan 5 dotaciones. - Noticias Radio Reflejos","isPartOf":{"@id":"https:\/\/www.noticiasradioreflejos.com.ar\/2021\/#website"},"primaryImageOfPage":{"@id":"https:\/\/www.noticiasradioreflejos.com.ar\/2021\/arden-las-sierras-en-saavedra-trabajan-5-dotaciones\/#primaryimage"},"image":{"@id":"https:\/\/www.noticiasradioreflejos.com.ar\/2021\/arden-las-sierras-en-saavedra-trabajan-5-dotaciones\/#primaryimage"},"thumbnailUrl":"http:\/\/farm1.staticflickr.com\/451\/31685504391_f2f31e718a.jpg","datePublished":"2016-12-22T11:55:11+00:00","author":{"@id":"https:\/\/www.noticiasradioreflejos.com.ar\/2021\/#\/schema\/person\/ad82545263dcc5ec0996818884fd5fb1"},"breadcrumb":{"@id":"https:\/\/www.noticiasradioreflejos.com.ar\/2021\/arden-las-sierras-en-saavedra-trabajan-5-dotaciones\/#breadcrumb"},"inLanguage":"es","potentialAction":[{"@type":"ReadAction","target":["https:\/\/www.noticiasradioreflejos.com.ar\/2021\/arden-las-sierras-en-saavedra-trabajan-5-dotaciones\/"]}]},{"@type":"ImageObject","inLanguage":"es","@id":"https:\/\/www.noticiasradioreflejos.com.ar\/2021\/arden-las-sierras-en-saavedra-trabajan-5-dotaciones\/#primaryimage","url":"http:\/\/farm1.staticflickr.com\/451\/31685504391_f2f31e718a.jpg","contentUrl":"http:\/\/farm1.staticflickr.com\/451\/31685504391_f2f31e718a.jpg"},{"@type":"BreadcrumbList","@id":"https:\/\/www.noticiasradioreflejos.com.ar\/2021\/arden-las-sierras-en-saavedra-trabajan-5-dotaciones\/#breadcrumb","itemListElement":[{"@type":"ListItem","position":1,"name":"Portada","item":"https:\/\/www.noticiasradioreflejos.com.ar\/2021\/"},{"@type":"ListItem","position":2,"name":"Arden las sierras en Saavedra, trabajan 5 dotaciones."}]},{"@type":"WebSite","@id":"https:\/\/www.noticiasradioreflejos.com.ar\/2021\/#website","url":"https:\/\/www.noticiasradioreflejos.com.ar\/2021\/","name":"Noticias Radio Reflejos","description":"Las noticias de mi comarca","potentialAction":[{"@type":"SearchAction","target":{"@type":"EntryPoint","urlTemplate":"https:\/\/www.noticiasradioreflejos.com.ar\/2021\/?s={search_term_string}"},"query-input":{"@type":"PropertyValueSpecification","valueRequired":true,"valueName":"search_term_string"}}],"inLanguage":"es"},{"@type":"Person","@id":"https:\/\/www.noticiasradioreflejos.com.ar\/2021\/#\/schema\/person\/ad82545263dcc5ec0996818884fd5fb1","name":"Arnaldo Botto","image":{"@type":"ImageObject","inLanguage":"es","@id":"https:\/\/www.noticiasradioreflejos.com.ar\/2021\/#\/schema\/person\/image\/","url":"https:\/\/secure.gravatar.com\/avatar\/55cb5e37c1efa326397366e6974cb338056df65cb50e7d64d1cf314e87504837?s=96&d=mm&r=g","contentUrl":"https:\/\/secure.gravatar.com\/avatar\/55cb5e37c1efa326397366e6974cb338056df65cb50e7d64d1cf314e87504837?s=96&d=mm&r=g","caption":"Arnaldo Botto"},"url":"https:\/\/www.noticiasradioreflejos.com.ar\/2021\/author\/arnaldo\/"}]}},"_links":{"self":[{"href":"https:\/\/www.noticiasradioreflejos.com.ar\/2021\/wp-json\/wp\/v2\/posts\/5041","targetHints":{"allow":["GET"]}}],"collection":[{"href":"https:\/\/www.noticiasradioreflejos.com.ar\/2021\/wp-json\/wp\/v2\/posts"}],"about":[{"href":"https:\/\/www.noticiasradioreflejos.com.ar\/2021\/wp-json\/wp\/v2\/types\/post"}],"author":[{"embeddable":true,"href":"https:\/\/www.noticiasradioreflejos.com.ar\/2021\/wp-json\/wp\/v2\/users\/3"}],"replies":[{"embeddable":true,"href":"https:\/\/www.noticiasradioreflejos.com.ar\/2021\/wp-json\/wp\/v2\/comments?post=5041"}],"version-history":[{"count":0,"href":"https:\/\/www.noticiasradioreflejos.com.ar\/2021\/wp-json\/wp\/v2\/posts\/5041\/revisions"}],"wp:attachment":[{"href":"https:\/\/www.noticiasradioreflejos.com.ar\/2021\/wp-json\/wp\/v2\/media?parent=5041"}],"wp:term":[{"taxonomy":"category","embeddable":true,"href":"https:\/\/www.noticiasradioreflejos.com.ar\/2021\/wp-json\/wp\/v2\/categories?post=5041"},{"taxonomy":"post_tag","embeddable":true,"href":"https:\/\/www.noticiasradioreflejos.com.ar\/2021\/wp-json\/wp\/v2\/tags?post=5041"}],"curies":[{"name":"wp","href":"https:\/\/api.w.org\/{rel}","templated":true}]}}