{"id":5034,"date":"2016-12-22T11:21:34","date_gmt":"2016-12-22T11:21:34","guid":{"rendered":"http:\/\/noticiasradioreflejos.com.ar\/noticias\/?p=5034"},"modified":"2016-12-22T11:21:34","modified_gmt":"2016-12-22T11:21:34","slug":"distincion-rodrigo-sgammini-en-el-honorable-concejo-deliberante","status":"publish","type":"post","link":"https:\/\/www.noticiasradioreflejos.com.ar\/2021\/distincion-rodrigo-sgammini-en-el-honorable-concejo-deliberante\/","title":{"rendered":"Distinci\u00f3n a Rodrigo Sgammini en el  Honorable Concejo Deliberante"},"content":{"rendered":"<p><a title=\"DSC_0018 [1600x1200]\" href=\"http:\/\/farm1.staticflickr.com\/573\/30991621173_db02592142.jpg\" rel=\"\"><img loading=\"lazy\" decoding=\"async\" class=\"alignleft\" style=\"float: left;\" title=\"DSC_0018 [1600x1200]\" src=\"http:\/\/farm1.staticflickr.com\/573\/30991621173_db02592142.jpg\" alt=\"DSC_0018 [1600x1200]\" width=\"500\" height=\"334\" \/><\/a>Una sesi\u00f3n especial realiz\u00f3 este mi\u00e9rcoles el Concejo Deliberante para distinguir al periodista deportivo Rodrigo Sgammini y su programa \u201cMagazine Sport\u201d que se emite por Tornquist Video Cable y que cumple 10 a\u00f1os de permanencia en la pantalla local.<br \/>\nRodrigo estuvo acompa\u00f1ado por Julieta su esposa y sus hijos como as\u00ed tambi\u00e9n sus padres, familiares y amigos.<!--more--><br \/>\n\u201cMagazine Sport\u201d tiene una hora semanal para destacar las disciplinas deportivas que se realizan en el distrito y es uno de los pocos en la regi\u00f3n que sigue muy de cerca deportes al que muchas veces se le da poca difusi\u00f3n.<br \/>\nEn un momento de sus palabras Rodrigo se quebr\u00f3 cuando habl\u00f3 de su familia. Solo el que ejerce esta profesi\u00f3n sabe que la noticia no tiene d\u00edas ni horarios y que muchas veces nuestros seres queridos son los que deben sufrir la ausencia en momentos especiales de la vida. Pero esto es as\u00ed pura vocaci\u00f3n.<br \/>\nLos concejales lo distinguieron con una plaqueta y la resoluci\u00f3n declarando de inter\u00e9s municipal a dicho programa.<br \/>\nComo colegas de Rodrigo nos sentimos muy honrados de que haya sido reconocido su trabajo por el Concejo Deliberante.<br \/>\n<a title=\"familiaa\" href=\"http:\/\/farm1.staticflickr.com\/667\/30991620363_27d2458a8e.jpg\" rel=\"\"><img loading=\"lazy\" decoding=\"async\" class=\"aligncenter\" title=\"familiaa\" src=\"http:\/\/farm1.staticflickr.com\/667\/30991620363_27d2458a8e.jpg\" alt=\"familiaa\" width=\"632\" height=\"522\" \/><\/a><br \/>\n<a title=\"DSC_0060 [1600x1200]\" href=\"http:\/\/farm1.staticflickr.com\/685\/30991620613_3fdcc7ebb9_z.jpg\" rel=\"\"><img loading=\"lazy\" decoding=\"async\" class=\"aligncenter\" title=\"DSC_0060 [1600x1200]\" src=\"http:\/\/farm1.staticflickr.com\/685\/30991620613_3fdcc7ebb9_z.jpg\" alt=\"DSC_0060 [1600x1200]\" width=\"640\" height=\"427\" \/><\/a><br \/>\n<a title=\"DSC_0056 [1600x1200]\" href=\"http:\/\/farm1.staticflickr.com\/363\/30991620893_6cbacedb7e_z.jpg\" rel=\"\"><img loading=\"lazy\" decoding=\"async\" class=\"aligncenter\" title=\"DSC_0056 [1600x1200]\" src=\"http:\/\/farm1.staticflickr.com\/363\/30991620893_6cbacedb7e_z.jpg\" alt=\"DSC_0056 [1600x1200]\" width=\"640\" height=\"427\" \/><\/a><\/p>\n","protected":false},"excerpt":{"rendered":"<p>Una sesi\u00f3n especial realiz\u00f3 este mi\u00e9rcoles el Concejo Deliberante para distinguir al periodista deportivo Rodrigo Sgammini y su programa \u201cMagazine Sport\u201d que se emite por Tornquist Video Cable y que cumple 10 a\u00f1os de permanencia en la pantalla local. Rodrigo estuvo acompa\u00f1ado por Julieta su esposa y sus hijos como as\u00ed tambi\u00e9n sus padres, familiares [&hellip;]<\/p>\n","protected":false},"author":3,"featured_media":0,"comment_status":"closed","ping_status":"open","sticky":false,"template":"","format":"standard","meta":{"footnotes":""},"categories":[26],"tags":[],"class_list":["post-5034","post","type-post","status-publish","format-standard","hentry","category-sociedad"],"yoast_head":"<!-- This site is optimized with the Yoast SEO plugin v25.9 - https:\/\/yoast.com\/wordpress\/plugins\/seo\/ -->\n<title>Distinci\u00f3n a Rodrigo Sgammini en el Honorable Concejo Deliberante - Noticias Radio Reflejos<\/title>\n<meta name=\"robots\" content=\"index, follow, max-snippet:-1, max-image-preview:large, max-video-preview:-1\" \/>\n<link rel=\"canonical\" href=\"https:\/\/www.noticiasradioreflejos.com.ar\/2021\/distincion-rodrigo-sgammini-en-el-honorable-concejo-deliberante\/\" \/>\n<meta property=\"og:locale\" content=\"es_ES\" \/>\n<meta property=\"og:type\" content=\"article\" \/>\n<meta property=\"og:title\" content=\"Distinci\u00f3n a Rodrigo Sgammini en el Honorable Concejo Deliberante - Noticias Radio Reflejos\" \/>\n<meta property=\"og:description\" content=\"Una sesi\u00f3n especial realiz\u00f3 este mi\u00e9rcoles el Concejo Deliberante para distinguir al periodista deportivo Rodrigo Sgammini y su programa \u201cMagazine Sport\u201d que se emite por Tornquist Video Cable y que cumple 10 a\u00f1os de permanencia en la pantalla local. Rodrigo estuvo acompa\u00f1ado por Julieta su esposa y sus hijos como as\u00ed tambi\u00e9n sus padres, familiares [&hellip;]\" \/>\n<meta property=\"og:url\" content=\"https:\/\/www.noticiasradioreflejos.com.ar\/2021\/distincion-rodrigo-sgammini-en-el-honorable-concejo-deliberante\/\" \/>\n<meta property=\"og:site_name\" content=\"Noticias Radio Reflejos\" \/>\n<meta property=\"article:published_time\" content=\"2016-12-22T11:21:34+00:00\" \/>\n<meta property=\"og:image\" content=\"http:\/\/farm1.staticflickr.com\/573\/30991621173_db02592142.jpg\" \/>\n<meta name=\"author\" content=\"Arnaldo Botto\" \/>\n<meta name=\"twitter:card\" content=\"summary_large_image\" \/>\n<script type=\"application\/ld+json\" class=\"yoast-schema-graph\">{\"@context\":\"https:\/\/schema.org\",\"@graph\":[{\"@type\":\"WebPage\",\"@id\":\"https:\/\/www.noticiasradioreflejos.com.ar\/2021\/distincion-rodrigo-sgammini-en-el-honorable-concejo-deliberante\/\",\"url\":\"https:\/\/www.noticiasradioreflejos.com.ar\/2021\/distincion-rodrigo-sgammini-en-el-honorable-concejo-deliberante\/\",\"name\":\"Distinci\u00f3n a Rodrigo Sgammini en el Honorable Concejo Deliberante - Noticias Radio Reflejos\",\"isPartOf\":{\"@id\":\"https:\/\/www.noticiasradioreflejos.com.ar\/2021\/#website\"},\"primaryImageOfPage\":{\"@id\":\"https:\/\/www.noticiasradioreflejos.com.ar\/2021\/distincion-rodrigo-sgammini-en-el-honorable-concejo-deliberante\/#primaryimage\"},\"image\":{\"@id\":\"https:\/\/www.noticiasradioreflejos.com.ar\/2021\/distincion-rodrigo-sgammini-en-el-honorable-concejo-deliberante\/#primaryimage\"},\"thumbnailUrl\":\"http:\/\/farm1.staticflickr.com\/573\/30991621173_db02592142.jpg\",\"datePublished\":\"2016-12-22T11:21:34+00:00\",\"author\":{\"@id\":\"https:\/\/www.noticiasradioreflejos.com.ar\/2021\/#\/schema\/person\/ad82545263dcc5ec0996818884fd5fb1\"},\"breadcrumb\":{\"@id\":\"https:\/\/www.noticiasradioreflejos.com.ar\/2021\/distincion-rodrigo-sgammini-en-el-honorable-concejo-deliberante\/#breadcrumb\"},\"inLanguage\":\"es\",\"potentialAction\":[{\"@type\":\"ReadAction\",\"target\":[\"https:\/\/www.noticiasradioreflejos.com.ar\/2021\/distincion-rodrigo-sgammini-en-el-honorable-concejo-deliberante\/\"]}]},{\"@type\":\"ImageObject\",\"inLanguage\":\"es\",\"@id\":\"https:\/\/www.noticiasradioreflejos.com.ar\/2021\/distincion-rodrigo-sgammini-en-el-honorable-concejo-deliberante\/#primaryimage\",\"url\":\"http:\/\/farm1.staticflickr.com\/573\/30991621173_db02592142.jpg\",\"contentUrl\":\"http:\/\/farm1.staticflickr.com\/573\/30991621173_db02592142.jpg\"},{\"@type\":\"BreadcrumbList\",\"@id\":\"https:\/\/www.noticiasradioreflejos.com.ar\/2021\/distincion-rodrigo-sgammini-en-el-honorable-concejo-deliberante\/#breadcrumb\",\"itemListElement\":[{\"@type\":\"ListItem\",\"position\":1,\"name\":\"Portada\",\"item\":\"https:\/\/www.noticiasradioreflejos.com.ar\/2021\/\"},{\"@type\":\"ListItem\",\"position\":2,\"name\":\"Distinci\u00f3n a Rodrigo Sgammini en el Honorable Concejo Deliberante\"}]},{\"@type\":\"WebSite\",\"@id\":\"https:\/\/www.noticiasradioreflejos.com.ar\/2021\/#website\",\"url\":\"https:\/\/www.noticiasradioreflejos.com.ar\/2021\/\",\"name\":\"Noticias Radio Reflejos\",\"description\":\"Las noticias de mi comarca\",\"potentialAction\":[{\"@type\":\"SearchAction\",\"target\":{\"@type\":\"EntryPoint\",\"urlTemplate\":\"https:\/\/www.noticiasradioreflejos.com.ar\/2021\/?s={search_term_string}\"},\"query-input\":{\"@type\":\"PropertyValueSpecification\",\"valueRequired\":true,\"valueName\":\"search_term_string\"}}],\"inLanguage\":\"es\"},{\"@type\":\"Person\",\"@id\":\"https:\/\/www.noticiasradioreflejos.com.ar\/2021\/#\/schema\/person\/ad82545263dcc5ec0996818884fd5fb1\",\"name\":\"Arnaldo Botto\",\"image\":{\"@type\":\"ImageObject\",\"inLanguage\":\"es\",\"@id\":\"https:\/\/www.noticiasradioreflejos.com.ar\/2021\/#\/schema\/person\/image\/\",\"url\":\"https:\/\/secure.gravatar.com\/avatar\/55cb5e37c1efa326397366e6974cb338056df65cb50e7d64d1cf314e87504837?s=96&d=mm&r=g\",\"contentUrl\":\"https:\/\/secure.gravatar.com\/avatar\/55cb5e37c1efa326397366e6974cb338056df65cb50e7d64d1cf314e87504837?s=96&d=mm&r=g\",\"caption\":\"Arnaldo Botto\"},\"url\":\"https:\/\/www.noticiasradioreflejos.com.ar\/2021\/author\/arnaldo\/\"}]}<\/script>\n<!-- \/ Yoast SEO plugin. -->","yoast_head_json":{"title":"Distinci\u00f3n a Rodrigo Sgammini en el Honorable Concejo Deliberante - Noticias Radio Reflejos","robots":{"index":"index","follow":"follow","max-snippet":"max-snippet:-1","max-image-preview":"max-image-preview:large","max-video-preview":"max-video-preview:-1"},"canonical":"https:\/\/www.noticiasradioreflejos.com.ar\/2021\/distincion-rodrigo-sgammini-en-el-honorable-concejo-deliberante\/","og_locale":"es_ES","og_type":"article","og_title":"Distinci\u00f3n a Rodrigo Sgammini en el Honorable Concejo Deliberante - Noticias Radio Reflejos","og_description":"Una sesi\u00f3n especial realiz\u00f3 este mi\u00e9rcoles el Concejo Deliberante para distinguir al periodista deportivo Rodrigo Sgammini y su programa \u201cMagazine Sport\u201d que se emite por Tornquist Video Cable y que cumple 10 a\u00f1os de permanencia en la pantalla local. Rodrigo estuvo acompa\u00f1ado por Julieta su esposa y sus hijos como as\u00ed tambi\u00e9n sus padres, familiares [&hellip;]","og_url":"https:\/\/www.noticiasradioreflejos.com.ar\/2021\/distincion-rodrigo-sgammini-en-el-honorable-concejo-deliberante\/","og_site_name":"Noticias Radio Reflejos","article_published_time":"2016-12-22T11:21:34+00:00","og_image":[{"url":"http:\/\/farm1.staticflickr.com\/573\/30991621173_db02592142.jpg","type":"","width":"","height":""}],"author":"Arnaldo Botto","twitter_card":"summary_large_image","schema":{"@context":"https:\/\/schema.org","@graph":[{"@type":"WebPage","@id":"https:\/\/www.noticiasradioreflejos.com.ar\/2021\/distincion-rodrigo-sgammini-en-el-honorable-concejo-deliberante\/","url":"https:\/\/www.noticiasradioreflejos.com.ar\/2021\/distincion-rodrigo-sgammini-en-el-honorable-concejo-deliberante\/","name":"Distinci\u00f3n a Rodrigo Sgammini en el Honorable Concejo Deliberante - Noticias Radio Reflejos","isPartOf":{"@id":"https:\/\/www.noticiasradioreflejos.com.ar\/2021\/#website"},"primaryImageOfPage":{"@id":"https:\/\/www.noticiasradioreflejos.com.ar\/2021\/distincion-rodrigo-sgammini-en-el-honorable-concejo-deliberante\/#primaryimage"},"image":{"@id":"https:\/\/www.noticiasradioreflejos.com.ar\/2021\/distincion-rodrigo-sgammini-en-el-honorable-concejo-deliberante\/#primaryimage"},"thumbnailUrl":"http:\/\/farm1.staticflickr.com\/573\/30991621173_db02592142.jpg","datePublished":"2016-12-22T11:21:34+00:00","author":{"@id":"https:\/\/www.noticiasradioreflejos.com.ar\/2021\/#\/schema\/person\/ad82545263dcc5ec0996818884fd5fb1"},"breadcrumb":{"@id":"https:\/\/www.noticiasradioreflejos.com.ar\/2021\/distincion-rodrigo-sgammini-en-el-honorable-concejo-deliberante\/#breadcrumb"},"inLanguage":"es","potentialAction":[{"@type":"ReadAction","target":["https:\/\/www.noticiasradioreflejos.com.ar\/2021\/distincion-rodrigo-sgammini-en-el-honorable-concejo-deliberante\/"]}]},{"@type":"ImageObject","inLanguage":"es","@id":"https:\/\/www.noticiasradioreflejos.com.ar\/2021\/distincion-rodrigo-sgammini-en-el-honorable-concejo-deliberante\/#primaryimage","url":"http:\/\/farm1.staticflickr.com\/573\/30991621173_db02592142.jpg","contentUrl":"http:\/\/farm1.staticflickr.com\/573\/30991621173_db02592142.jpg"},{"@type":"BreadcrumbList","@id":"https:\/\/www.noticiasradioreflejos.com.ar\/2021\/distincion-rodrigo-sgammini-en-el-honorable-concejo-deliberante\/#breadcrumb","itemListElement":[{"@type":"ListItem","position":1,"name":"Portada","item":"https:\/\/www.noticiasradioreflejos.com.ar\/2021\/"},{"@type":"ListItem","position":2,"name":"Distinci\u00f3n a Rodrigo Sgammini en el Honorable Concejo Deliberante"}]},{"@type":"WebSite","@id":"https:\/\/www.noticiasradioreflejos.com.ar\/2021\/#website","url":"https:\/\/www.noticiasradioreflejos.com.ar\/2021\/","name":"Noticias Radio Reflejos","description":"Las noticias de mi comarca","potentialAction":[{"@type":"SearchAction","target":{"@type":"EntryPoint","urlTemplate":"https:\/\/www.noticiasradioreflejos.com.ar\/2021\/?s={search_term_string}"},"query-input":{"@type":"PropertyValueSpecification","valueRequired":true,"valueName":"search_term_string"}}],"inLanguage":"es"},{"@type":"Person","@id":"https:\/\/www.noticiasradioreflejos.com.ar\/2021\/#\/schema\/person\/ad82545263dcc5ec0996818884fd5fb1","name":"Arnaldo Botto","image":{"@type":"ImageObject","inLanguage":"es","@id":"https:\/\/www.noticiasradioreflejos.com.ar\/2021\/#\/schema\/person\/image\/","url":"https:\/\/secure.gravatar.com\/avatar\/55cb5e37c1efa326397366e6974cb338056df65cb50e7d64d1cf314e87504837?s=96&d=mm&r=g","contentUrl":"https:\/\/secure.gravatar.com\/avatar\/55cb5e37c1efa326397366e6974cb338056df65cb50e7d64d1cf314e87504837?s=96&d=mm&r=g","caption":"Arnaldo Botto"},"url":"https:\/\/www.noticiasradioreflejos.com.ar\/2021\/author\/arnaldo\/"}]}},"_links":{"self":[{"href":"https:\/\/www.noticiasradioreflejos.com.ar\/2021\/wp-json\/wp\/v2\/posts\/5034","targetHints":{"allow":["GET"]}}],"collection":[{"href":"https:\/\/www.noticiasradioreflejos.com.ar\/2021\/wp-json\/wp\/v2\/posts"}],"about":[{"href":"https:\/\/www.noticiasradioreflejos.com.ar\/2021\/wp-json\/wp\/v2\/types\/post"}],"author":[{"embeddable":true,"href":"https:\/\/www.noticiasradioreflejos.com.ar\/2021\/wp-json\/wp\/v2\/users\/3"}],"replies":[{"embeddable":true,"href":"https:\/\/www.noticiasradioreflejos.com.ar\/2021\/wp-json\/wp\/v2\/comments?post=5034"}],"version-history":[{"count":0,"href":"https:\/\/www.noticiasradioreflejos.com.ar\/2021\/wp-json\/wp\/v2\/posts\/5034\/revisions"}],"wp:attachment":[{"href":"https:\/\/www.noticiasradioreflejos.com.ar\/2021\/wp-json\/wp\/v2\/media?parent=5034"}],"wp:term":[{"taxonomy":"category","embeddable":true,"href":"https:\/\/www.noticiasradioreflejos.com.ar\/2021\/wp-json\/wp\/v2\/categories?post=5034"},{"taxonomy":"post_tag","embeddable":true,"href":"https:\/\/www.noticiasradioreflejos.com.ar\/2021\/wp-json\/wp\/v2\/tags?post=5034"}],"curies":[{"name":"wp","href":"https:\/\/api.w.org\/{rel}","templated":true}]}}