{"id":50289,"date":"2020-12-15T12:28:14","date_gmt":"2020-12-15T15:28:14","guid":{"rendered":"http:\/\/www.noticiasradioreflejos.com.ar\/noticias\/?p=50289"},"modified":"2020-12-15T12:28:14","modified_gmt":"2020-12-15T15:28:14","slug":"trabajo-y-federacion-docente-celebran-el-primer-congreso-sindical-virtual-del-pais","status":"publish","type":"post","link":"https:\/\/www.noticiasradioreflejos.com.ar\/2021\/trabajo-y-federacion-docente-celebran-el-primer-congreso-sindical-virtual-del-pais\/","title":{"rendered":"Trabajo y federaci\u00f3n docente celebran el primer congreso sindical virtual del pa\u00eds"},"content":{"rendered":"<p>El Ministerio de Trabajo supervis\u00f3 el primer congreso gremial realizado de forma no presencial. El mismo fue llevado adelante por la federaci\u00f3n que representa a los docentes de todas las UTN del pa\u00eds, organizaci\u00f3n que tambi\u00e9n decidi\u00f3 exhibir sus cuentas en vivo por YouTube.<!--more--><br \/>\nLuego de la publicaci\u00f3n de la disposici\u00f3n por la cual el Ministerio de Trabajo permite que los gremios realicen asambleas o congresos a distancia, este fin de semana se llev\u00f3 adelante el primer congreso sindical del pa\u00eds de forma virtual realizado a trav\u00e9s de la plataforma Zoom. El mismo fue llevado a cabo por la federaci\u00f3n que nuclea a los docentes de las 32 sedes de la Universidad Tecnol\u00f3gica Nacional (FAGDUT), quien aprob\u00f3 por unanimidad su memoria y balance y, en un acto de transparencia, tambi\u00e9n decidi\u00f3 transmitirlo en vivo por YouTube y mostrar sus cuentas a toda la sociedad.<br \/>\nEl Congreso estuvo controlado por veedores del Ministerio de Trabajo y Seguridad Social de la Naci\u00f3n y cont\u00f3 con la participaci\u00f3n de dirigentes docentes de 31 seccionales con 84 congresales. \u201cSomos un gremio docente que, al igual que con la ense\u00f1anza, nos pusimos al hombro el desaf\u00edo de suplir la presencialidad y llevar adelante este Congreso de forma virtual\u201d, explic\u00f3 el ingeniero Norberto Heyaca, secretario general de FAGDUT.<br \/>\nCon la experiencia de llevar adelante el primer congreso enteramente virtual, desde la organizaci\u00f3n docente tambi\u00e9n se\u00f1alaron que \u201cse ponen a disposici\u00f3n de las otras entidades sindicales para prestarles asesoramiento en aspectos t\u00e9cnicos, organizativos y legales, entre otros\u201d.<br \/>\nEntre las cuestiones a atender, la organizaci\u00f3n debe garantizar la libre accesibilidad a la asamblea, la posibilidad de participaci\u00f3n de los afiliados con voz y voto de acuerdo a lo que se\u00f1ala cada estatuto, se\u00f1ala la norma de la Direcci\u00f3n Nacional de Asociaciones Sindicales.<br \/>\nAsimismo, Heyaca dijo que esta forma virtual de participaci\u00f3n sindical fue una experiencia \u201cexitosa\u201d y cont\u00f3 que \u201cen el caso de los docentes tecnol\u00f3gicos ya ten\u00edan un plan de conectividad antes de la pandemia\u201d porque \u201cdesarrollaban capacitaciones a los afiliados docentes de todas las sedes a lo largo y ancho del pa\u00eds\u201d.<\/p>\n","protected":false},"excerpt":{"rendered":"<p>El Ministerio de Trabajo supervis\u00f3 el primer congreso gremial realizado de forma no presencial. El mismo fue llevado adelante por la federaci\u00f3n que representa a los docentes de todas las UTN del pa\u00eds, organizaci\u00f3n que tambi\u00e9n decidi\u00f3 exhibir sus cuentas en vivo por YouTube.<\/p>\n","protected":false},"author":3,"featured_media":0,"comment_status":"closed","ping_status":"open","sticky":false,"template":"","format":"standard","meta":{"footnotes":""},"categories":[34,26],"tags":[],"class_list":["post-50289","post","type-post","status-publish","format-standard","hentry","category-educacion","category-sociedad"],"yoast_head":"<!-- This site is optimized with the Yoast SEO plugin v25.9 - https:\/\/yoast.com\/wordpress\/plugins\/seo\/ -->\n<title>Trabajo y federaci\u00f3n docente celebran el primer congreso sindical virtual del pa\u00eds - Noticias Radio Reflejos<\/title>\n<meta name=\"robots\" content=\"index, follow, max-snippet:-1, max-image-preview:large, max-video-preview:-1\" \/>\n<link rel=\"canonical\" href=\"https:\/\/www.noticiasradioreflejos.com.ar\/2021\/trabajo-y-federacion-docente-celebran-el-primer-congreso-sindical-virtual-del-pais\/\" \/>\n<meta property=\"og:locale\" content=\"es_ES\" \/>\n<meta property=\"og:type\" content=\"article\" \/>\n<meta property=\"og:title\" content=\"Trabajo y federaci\u00f3n docente celebran el primer congreso sindical virtual del pa\u00eds - Noticias Radio Reflejos\" \/>\n<meta property=\"og:description\" content=\"El Ministerio de Trabajo supervis\u00f3 el primer congreso gremial realizado de forma no presencial. El mismo fue llevado adelante por la federaci\u00f3n que representa a los docentes de todas las UTN del pa\u00eds, organizaci\u00f3n que tambi\u00e9n decidi\u00f3 exhibir sus cuentas en vivo por YouTube.\" \/>\n<meta property=\"og:url\" content=\"https:\/\/www.noticiasradioreflejos.com.ar\/2021\/trabajo-y-federacion-docente-celebran-el-primer-congreso-sindical-virtual-del-pais\/\" \/>\n<meta property=\"og:site_name\" content=\"Noticias Radio Reflejos\" \/>\n<meta property=\"article:published_time\" content=\"2020-12-15T15:28:14+00:00\" \/>\n<meta property=\"og:image\" content=\"https:\/\/www.noticiasradioreflejos.com.ar\/2021\/wp-content\/uploads\/2021\/07\/logosol300x200.png\" \/>\n\t<meta property=\"og:image:width\" content=\"300\" \/>\n\t<meta property=\"og:image:height\" content=\"200\" \/>\n\t<meta property=\"og:image:type\" content=\"image\/png\" \/>\n<meta name=\"author\" content=\"Arnaldo Botto\" \/>\n<meta name=\"twitter:card\" content=\"summary_large_image\" \/>\n<script type=\"application\/ld+json\" class=\"yoast-schema-graph\">{\"@context\":\"https:\/\/schema.org\",\"@graph\":[{\"@type\":\"WebPage\",\"@id\":\"https:\/\/www.noticiasradioreflejos.com.ar\/2021\/trabajo-y-federacion-docente-celebran-el-primer-congreso-sindical-virtual-del-pais\/\",\"url\":\"https:\/\/www.noticiasradioreflejos.com.ar\/2021\/trabajo-y-federacion-docente-celebran-el-primer-congreso-sindical-virtual-del-pais\/\",\"name\":\"Trabajo y federaci\u00f3n docente celebran el primer congreso sindical virtual del pa\u00eds - Noticias Radio Reflejos\",\"isPartOf\":{\"@id\":\"https:\/\/www.noticiasradioreflejos.com.ar\/2021\/#website\"},\"datePublished\":\"2020-12-15T15:28:14+00:00\",\"author\":{\"@id\":\"https:\/\/www.noticiasradioreflejos.com.ar\/2021\/#\/schema\/person\/ad82545263dcc5ec0996818884fd5fb1\"},\"breadcrumb\":{\"@id\":\"https:\/\/www.noticiasradioreflejos.com.ar\/2021\/trabajo-y-federacion-docente-celebran-el-primer-congreso-sindical-virtual-del-pais\/#breadcrumb\"},\"inLanguage\":\"es\",\"potentialAction\":[{\"@type\":\"ReadAction\",\"target\":[\"https:\/\/www.noticiasradioreflejos.com.ar\/2021\/trabajo-y-federacion-docente-celebran-el-primer-congreso-sindical-virtual-del-pais\/\"]}]},{\"@type\":\"BreadcrumbList\",\"@id\":\"https:\/\/www.noticiasradioreflejos.com.ar\/2021\/trabajo-y-federacion-docente-celebran-el-primer-congreso-sindical-virtual-del-pais\/#breadcrumb\",\"itemListElement\":[{\"@type\":\"ListItem\",\"position\":1,\"name\":\"Portada\",\"item\":\"https:\/\/www.noticiasradioreflejos.com.ar\/2021\/\"},{\"@type\":\"ListItem\",\"position\":2,\"name\":\"Trabajo y federaci\u00f3n docente celebran el primer congreso sindical virtual del pa\u00eds\"}]},{\"@type\":\"WebSite\",\"@id\":\"https:\/\/www.noticiasradioreflejos.com.ar\/2021\/#website\",\"url\":\"https:\/\/www.noticiasradioreflejos.com.ar\/2021\/\",\"name\":\"Noticias Radio Reflejos\",\"description\":\"Las noticias de mi comarca\",\"potentialAction\":[{\"@type\":\"SearchAction\",\"target\":{\"@type\":\"EntryPoint\",\"urlTemplate\":\"https:\/\/www.noticiasradioreflejos.com.ar\/2021\/?s={search_term_string}\"},\"query-input\":{\"@type\":\"PropertyValueSpecification\",\"valueRequired\":true,\"valueName\":\"search_term_string\"}}],\"inLanguage\":\"es\"},{\"@type\":\"Person\",\"@id\":\"https:\/\/www.noticiasradioreflejos.com.ar\/2021\/#\/schema\/person\/ad82545263dcc5ec0996818884fd5fb1\",\"name\":\"Arnaldo Botto\",\"image\":{\"@type\":\"ImageObject\",\"inLanguage\":\"es\",\"@id\":\"https:\/\/www.noticiasradioreflejos.com.ar\/2021\/#\/schema\/person\/image\/\",\"url\":\"https:\/\/secure.gravatar.com\/avatar\/55cb5e37c1efa326397366e6974cb338056df65cb50e7d64d1cf314e87504837?s=96&d=mm&r=g\",\"contentUrl\":\"https:\/\/secure.gravatar.com\/avatar\/55cb5e37c1efa326397366e6974cb338056df65cb50e7d64d1cf314e87504837?s=96&d=mm&r=g\",\"caption\":\"Arnaldo Botto\"},\"url\":\"https:\/\/www.noticiasradioreflejos.com.ar\/2021\/author\/arnaldo\/\"}]}<\/script>\n<!-- \/ Yoast SEO plugin. -->","yoast_head_json":{"title":"Trabajo y federaci\u00f3n docente celebran el primer congreso sindical virtual del pa\u00eds - Noticias Radio Reflejos","robots":{"index":"index","follow":"follow","max-snippet":"max-snippet:-1","max-image-preview":"max-image-preview:large","max-video-preview":"max-video-preview:-1"},"canonical":"https:\/\/www.noticiasradioreflejos.com.ar\/2021\/trabajo-y-federacion-docente-celebran-el-primer-congreso-sindical-virtual-del-pais\/","og_locale":"es_ES","og_type":"article","og_title":"Trabajo y federaci\u00f3n docente celebran el primer congreso sindical virtual del pa\u00eds - Noticias Radio Reflejos","og_description":"El Ministerio de Trabajo supervis\u00f3 el primer congreso gremial realizado de forma no presencial. El mismo fue llevado adelante por la federaci\u00f3n que representa a los docentes de todas las UTN del pa\u00eds, organizaci\u00f3n que tambi\u00e9n decidi\u00f3 exhibir sus cuentas en vivo por YouTube.","og_url":"https:\/\/www.noticiasradioreflejos.com.ar\/2021\/trabajo-y-federacion-docente-celebran-el-primer-congreso-sindical-virtual-del-pais\/","og_site_name":"Noticias Radio Reflejos","article_published_time":"2020-12-15T15:28:14+00:00","og_image":[{"width":300,"height":200,"url":"https:\/\/www.noticiasradioreflejos.com.ar\/2021\/wp-content\/uploads\/2021\/07\/logosol300x200.png","type":"image\/png"}],"author":"Arnaldo Botto","twitter_card":"summary_large_image","schema":{"@context":"https:\/\/schema.org","@graph":[{"@type":"WebPage","@id":"https:\/\/www.noticiasradioreflejos.com.ar\/2021\/trabajo-y-federacion-docente-celebran-el-primer-congreso-sindical-virtual-del-pais\/","url":"https:\/\/www.noticiasradioreflejos.com.ar\/2021\/trabajo-y-federacion-docente-celebran-el-primer-congreso-sindical-virtual-del-pais\/","name":"Trabajo y federaci\u00f3n docente celebran el primer congreso sindical virtual del pa\u00eds - Noticias Radio Reflejos","isPartOf":{"@id":"https:\/\/www.noticiasradioreflejos.com.ar\/2021\/#website"},"datePublished":"2020-12-15T15:28:14+00:00","author":{"@id":"https:\/\/www.noticiasradioreflejos.com.ar\/2021\/#\/schema\/person\/ad82545263dcc5ec0996818884fd5fb1"},"breadcrumb":{"@id":"https:\/\/www.noticiasradioreflejos.com.ar\/2021\/trabajo-y-federacion-docente-celebran-el-primer-congreso-sindical-virtual-del-pais\/#breadcrumb"},"inLanguage":"es","potentialAction":[{"@type":"ReadAction","target":["https:\/\/www.noticiasradioreflejos.com.ar\/2021\/trabajo-y-federacion-docente-celebran-el-primer-congreso-sindical-virtual-del-pais\/"]}]},{"@type":"BreadcrumbList","@id":"https:\/\/www.noticiasradioreflejos.com.ar\/2021\/trabajo-y-federacion-docente-celebran-el-primer-congreso-sindical-virtual-del-pais\/#breadcrumb","itemListElement":[{"@type":"ListItem","position":1,"name":"Portada","item":"https:\/\/www.noticiasradioreflejos.com.ar\/2021\/"},{"@type":"ListItem","position":2,"name":"Trabajo y federaci\u00f3n docente celebran el primer congreso sindical virtual del pa\u00eds"}]},{"@type":"WebSite","@id":"https:\/\/www.noticiasradioreflejos.com.ar\/2021\/#website","url":"https:\/\/www.noticiasradioreflejos.com.ar\/2021\/","name":"Noticias Radio Reflejos","description":"Las noticias de mi comarca","potentialAction":[{"@type":"SearchAction","target":{"@type":"EntryPoint","urlTemplate":"https:\/\/www.noticiasradioreflejos.com.ar\/2021\/?s={search_term_string}"},"query-input":{"@type":"PropertyValueSpecification","valueRequired":true,"valueName":"search_term_string"}}],"inLanguage":"es"},{"@type":"Person","@id":"https:\/\/www.noticiasradioreflejos.com.ar\/2021\/#\/schema\/person\/ad82545263dcc5ec0996818884fd5fb1","name":"Arnaldo Botto","image":{"@type":"ImageObject","inLanguage":"es","@id":"https:\/\/www.noticiasradioreflejos.com.ar\/2021\/#\/schema\/person\/image\/","url":"https:\/\/secure.gravatar.com\/avatar\/55cb5e37c1efa326397366e6974cb338056df65cb50e7d64d1cf314e87504837?s=96&d=mm&r=g","contentUrl":"https:\/\/secure.gravatar.com\/avatar\/55cb5e37c1efa326397366e6974cb338056df65cb50e7d64d1cf314e87504837?s=96&d=mm&r=g","caption":"Arnaldo Botto"},"url":"https:\/\/www.noticiasradioreflejos.com.ar\/2021\/author\/arnaldo\/"}]}},"_links":{"self":[{"href":"https:\/\/www.noticiasradioreflejos.com.ar\/2021\/wp-json\/wp\/v2\/posts\/50289","targetHints":{"allow":["GET"]}}],"collection":[{"href":"https:\/\/www.noticiasradioreflejos.com.ar\/2021\/wp-json\/wp\/v2\/posts"}],"about":[{"href":"https:\/\/www.noticiasradioreflejos.com.ar\/2021\/wp-json\/wp\/v2\/types\/post"}],"author":[{"embeddable":true,"href":"https:\/\/www.noticiasradioreflejos.com.ar\/2021\/wp-json\/wp\/v2\/users\/3"}],"replies":[{"embeddable":true,"href":"https:\/\/www.noticiasradioreflejos.com.ar\/2021\/wp-json\/wp\/v2\/comments?post=50289"}],"version-history":[{"count":0,"href":"https:\/\/www.noticiasradioreflejos.com.ar\/2021\/wp-json\/wp\/v2\/posts\/50289\/revisions"}],"wp:attachment":[{"href":"https:\/\/www.noticiasradioreflejos.com.ar\/2021\/wp-json\/wp\/v2\/media?parent=50289"}],"wp:term":[{"taxonomy":"category","embeddable":true,"href":"https:\/\/www.noticiasradioreflejos.com.ar\/2021\/wp-json\/wp\/v2\/categories?post=50289"},{"taxonomy":"post_tag","embeddable":true,"href":"https:\/\/www.noticiasradioreflejos.com.ar\/2021\/wp-json\/wp\/v2\/tags?post=50289"}],"curies":[{"name":"wp","href":"https:\/\/api.w.org\/{rel}","templated":true}]}}