{"id":50239,"date":"2020-12-14T07:43:29","date_gmt":"2020-12-14T10:43:29","guid":{"rendered":"http:\/\/www.noticiasradioreflejos.com.ar\/noticias\/?p=50239"},"modified":"2020-12-14T07:43:29","modified_gmt":"2020-12-14T10:43:29","slug":"lanzan-segunda-edicion-del-fondo-municipal-para-la-reactivacion-cultural-y-turistica-bonaerense","status":"publish","type":"post","link":"https:\/\/www.noticiasradioreflejos.com.ar\/2021\/lanzan-segunda-edicion-del-fondo-municipal-para-la-reactivacion-cultural-y-turistica-bonaerense\/","title":{"rendered":"Lanzan segunda edici\u00f3n del Fondo municipal para la reactivaci\u00f3n Cultural y Tur\u00edstica bonaerense"},"content":{"rendered":"<p>El Gobierno bonaerense aprob\u00f3 hoy la reglamentaci\u00f3n de la segunda edici\u00f3n del Fondo Especial Municipal para la Reactivaci\u00f3n Cultural y Tur\u00edstica, creado para contribuir financieramente a los municipios en los gastos necesarios para brindar apoyo a las actividades de esos rubros m\u00e1s afectadas por el coronavirus.<!--more--><\/p>\n<p>En la resoluci\u00f3n 4 de los Ministerios de Hacienda y Producci\u00f3n publicada en el Bolet\u00edn Oficial del distrito, se detall\u00f3 que los municipios \u00abdeber\u00e1n al 16 de diciembre de 2020 validar los establecimientos de su jurisdicci\u00f3n inscriptos al Cat\u00e1logo de establecimientos Tur\u00edsticos y Culturales de la Provincia\u00bb.<br \/>\nAdem\u00e1s, \u00abal 18 de diciembre de 2020 deber\u00e1 manifestar su voluntad de adhesi\u00f3n a la Segunda Edici\u00f3n del Fondo ante el Ministerio de Producci\u00f3n, Ciencia e Innovaci\u00f3n Tecnol\u00f3gica, mediante una nota del intendente remitida al correo electr\u00f3nico fondotc@mp.gba.gov.ar\u00bb.<br \/>\nSe aclar\u00f3 que para poder ser beneficiarios del Fondo, los municipios deber\u00e1n cumplir y hacer cumplir las normas nacionales y provinciales que regulan la emergencia sanitaria.<br \/>\nEn los fundamentos de la medida, se record\u00f3 que la provincia cre\u00f3 el Cat\u00e1logo de Establecimientos Tur\u00edsticos y Culturales con el objetivo de recabar la informaci\u00f3n necesaria para la creaci\u00f3n de un mapa que permita visualizar la composici\u00f3n y distribuci\u00f3n del entramado tur\u00edstico-cultural bonaerense, que permita formular pol\u00edticas adecuadas.<br \/>\nSe detall\u00f3 que desde la cartera productiva se realiza una evaluaci\u00f3n de los distintos sectores de la Cultura, \u00aben la que se evidencia que a ra\u00edz de la pandemia mundial, todas las actividades culturales con p\u00fablico vieron afectado su desarrollo, lo que provoc\u00f3 durante meses la desaparici\u00f3n de ingresos para un sector cultural\u00bb.<br \/>\nEntre estos sectores se cuentan teatros, cines, bibliotecas, espacios culturales independientes, centros de integraci\u00f3n barrial o comunitaria, festivales, ferias artesanales y de dise\u00f1o, estudios y academias de teatro y danza, museos y galer\u00edas de arte, seg\u00fan se precis\u00f3.<br \/>\nSe record\u00f3 adem\u00e1s que para aplicar al primer Fondo Especial Municipal para la Reactivaci\u00f3n Cultural y Tur\u00edstico hubo un total de 4507 establecimientos tur\u00edsticos inscriptos en el Catalogo.<br \/>\n\u00abResulta fundamental priorizar al sector tur\u00edstico como palanca de reactivaci\u00f3n econ\u00f3mica, ya que es una actividad productiva con un peso relativo importante que tiene por delante el desaf\u00edo de desarrollar una temporada tur\u00edstica en t\u00e9rminos y condiciones adversos y lejanos a las situaciones t\u00edpicas de funcionamiento, por lo cual remarca la necesidad de llevar adelante una nueva etapa del Fondo Especial\u00bb, agreg\u00f3 la resoluci\u00f3n.<\/p>\n","protected":false},"excerpt":{"rendered":"<p>El Gobierno bonaerense aprob\u00f3 hoy la reglamentaci\u00f3n de la segunda edici\u00f3n del Fondo Especial Municipal para la Reactivaci\u00f3n Cultural y Tur\u00edstica, creado para contribuir financieramente a los municipios en los gastos necesarios para brindar apoyo a las actividades de esos rubros m\u00e1s afectadas por el coronavirus.<\/p>\n","protected":false},"author":3,"featured_media":0,"comment_status":"closed","ping_status":"open","sticky":false,"template":"","format":"standard","meta":{"footnotes":""},"categories":[33],"tags":[],"class_list":["post-50239","post","type-post","status-publish","format-standard","hentry","category-turismo"],"yoast_head":"<!-- This site is optimized with the Yoast SEO plugin v25.9 - https:\/\/yoast.com\/wordpress\/plugins\/seo\/ -->\n<title>Lanzan segunda edici\u00f3n del Fondo municipal para la reactivaci\u00f3n Cultural y Tur\u00edstica bonaerense - Noticias Radio Reflejos<\/title>\n<meta name=\"robots\" content=\"index, follow, max-snippet:-1, max-image-preview:large, max-video-preview:-1\" \/>\n<link rel=\"canonical\" href=\"https:\/\/www.noticiasradioreflejos.com.ar\/2021\/lanzan-segunda-edicion-del-fondo-municipal-para-la-reactivacion-cultural-y-turistica-bonaerense\/\" \/>\n<meta property=\"og:locale\" content=\"es_ES\" \/>\n<meta property=\"og:type\" content=\"article\" \/>\n<meta property=\"og:title\" content=\"Lanzan segunda edici\u00f3n del Fondo municipal para la reactivaci\u00f3n Cultural y Tur\u00edstica bonaerense - Noticias Radio Reflejos\" \/>\n<meta property=\"og:description\" content=\"El Gobierno bonaerense aprob\u00f3 hoy la reglamentaci\u00f3n de la segunda edici\u00f3n del Fondo Especial Municipal para la Reactivaci\u00f3n Cultural y Tur\u00edstica, creado para contribuir financieramente a los municipios en los gastos necesarios para brindar apoyo a las actividades de esos rubros m\u00e1s afectadas por el coronavirus.\" \/>\n<meta property=\"og:url\" content=\"https:\/\/www.noticiasradioreflejos.com.ar\/2021\/lanzan-segunda-edicion-del-fondo-municipal-para-la-reactivacion-cultural-y-turistica-bonaerense\/\" \/>\n<meta property=\"og:site_name\" content=\"Noticias Radio Reflejos\" \/>\n<meta property=\"article:published_time\" content=\"2020-12-14T10:43:29+00:00\" \/>\n<meta property=\"og:image\" content=\"https:\/\/www.noticiasradioreflejos.com.ar\/2021\/wp-content\/uploads\/2021\/07\/logosol300x200.png\" \/>\n\t<meta property=\"og:image:width\" content=\"300\" \/>\n\t<meta property=\"og:image:height\" content=\"200\" \/>\n\t<meta property=\"og:image:type\" content=\"image\/png\" \/>\n<meta name=\"author\" content=\"Arnaldo Botto\" \/>\n<meta name=\"twitter:card\" content=\"summary_large_image\" \/>\n<script type=\"application\/ld+json\" class=\"yoast-schema-graph\">{\"@context\":\"https:\/\/schema.org\",\"@graph\":[{\"@type\":\"WebPage\",\"@id\":\"https:\/\/www.noticiasradioreflejos.com.ar\/2021\/lanzan-segunda-edicion-del-fondo-municipal-para-la-reactivacion-cultural-y-turistica-bonaerense\/\",\"url\":\"https:\/\/www.noticiasradioreflejos.com.ar\/2021\/lanzan-segunda-edicion-del-fondo-municipal-para-la-reactivacion-cultural-y-turistica-bonaerense\/\",\"name\":\"Lanzan segunda edici\u00f3n del Fondo municipal para la reactivaci\u00f3n Cultural y Tur\u00edstica bonaerense - Noticias Radio Reflejos\",\"isPartOf\":{\"@id\":\"https:\/\/www.noticiasradioreflejos.com.ar\/2021\/#website\"},\"datePublished\":\"2020-12-14T10:43:29+00:00\",\"author\":{\"@id\":\"https:\/\/www.noticiasradioreflejos.com.ar\/2021\/#\/schema\/person\/ad82545263dcc5ec0996818884fd5fb1\"},\"breadcrumb\":{\"@id\":\"https:\/\/www.noticiasradioreflejos.com.ar\/2021\/lanzan-segunda-edicion-del-fondo-municipal-para-la-reactivacion-cultural-y-turistica-bonaerense\/#breadcrumb\"},\"inLanguage\":\"es\",\"potentialAction\":[{\"@type\":\"ReadAction\",\"target\":[\"https:\/\/www.noticiasradioreflejos.com.ar\/2021\/lanzan-segunda-edicion-del-fondo-municipal-para-la-reactivacion-cultural-y-turistica-bonaerense\/\"]}]},{\"@type\":\"BreadcrumbList\",\"@id\":\"https:\/\/www.noticiasradioreflejos.com.ar\/2021\/lanzan-segunda-edicion-del-fondo-municipal-para-la-reactivacion-cultural-y-turistica-bonaerense\/#breadcrumb\",\"itemListElement\":[{\"@type\":\"ListItem\",\"position\":1,\"name\":\"Portada\",\"item\":\"https:\/\/www.noticiasradioreflejos.com.ar\/2021\/\"},{\"@type\":\"ListItem\",\"position\":2,\"name\":\"Lanzan segunda edici\u00f3n del Fondo municipal para la reactivaci\u00f3n Cultural y Tur\u00edstica bonaerense\"}]},{\"@type\":\"WebSite\",\"@id\":\"https:\/\/www.noticiasradioreflejos.com.ar\/2021\/#website\",\"url\":\"https:\/\/www.noticiasradioreflejos.com.ar\/2021\/\",\"name\":\"Noticias Radio Reflejos\",\"description\":\"Las noticias de mi comarca\",\"potentialAction\":[{\"@type\":\"SearchAction\",\"target\":{\"@type\":\"EntryPoint\",\"urlTemplate\":\"https:\/\/www.noticiasradioreflejos.com.ar\/2021\/?s={search_term_string}\"},\"query-input\":{\"@type\":\"PropertyValueSpecification\",\"valueRequired\":true,\"valueName\":\"search_term_string\"}}],\"inLanguage\":\"es\"},{\"@type\":\"Person\",\"@id\":\"https:\/\/www.noticiasradioreflejos.com.ar\/2021\/#\/schema\/person\/ad82545263dcc5ec0996818884fd5fb1\",\"name\":\"Arnaldo Botto\",\"image\":{\"@type\":\"ImageObject\",\"inLanguage\":\"es\",\"@id\":\"https:\/\/www.noticiasradioreflejos.com.ar\/2021\/#\/schema\/person\/image\/\",\"url\":\"https:\/\/secure.gravatar.com\/avatar\/55cb5e37c1efa326397366e6974cb338056df65cb50e7d64d1cf314e87504837?s=96&d=mm&r=g\",\"contentUrl\":\"https:\/\/secure.gravatar.com\/avatar\/55cb5e37c1efa326397366e6974cb338056df65cb50e7d64d1cf314e87504837?s=96&d=mm&r=g\",\"caption\":\"Arnaldo Botto\"},\"url\":\"https:\/\/www.noticiasradioreflejos.com.ar\/2021\/author\/arnaldo\/\"}]}<\/script>\n<!-- \/ Yoast SEO plugin. -->","yoast_head_json":{"title":"Lanzan segunda edici\u00f3n del Fondo municipal para la reactivaci\u00f3n Cultural y Tur\u00edstica bonaerense - Noticias Radio Reflejos","robots":{"index":"index","follow":"follow","max-snippet":"max-snippet:-1","max-image-preview":"max-image-preview:large","max-video-preview":"max-video-preview:-1"},"canonical":"https:\/\/www.noticiasradioreflejos.com.ar\/2021\/lanzan-segunda-edicion-del-fondo-municipal-para-la-reactivacion-cultural-y-turistica-bonaerense\/","og_locale":"es_ES","og_type":"article","og_title":"Lanzan segunda edici\u00f3n del Fondo municipal para la reactivaci\u00f3n Cultural y Tur\u00edstica bonaerense - Noticias Radio Reflejos","og_description":"El Gobierno bonaerense aprob\u00f3 hoy la reglamentaci\u00f3n de la segunda edici\u00f3n del Fondo Especial Municipal para la Reactivaci\u00f3n Cultural y Tur\u00edstica, creado para contribuir financieramente a los municipios en los gastos necesarios para brindar apoyo a las actividades de esos rubros m\u00e1s afectadas por el coronavirus.","og_url":"https:\/\/www.noticiasradioreflejos.com.ar\/2021\/lanzan-segunda-edicion-del-fondo-municipal-para-la-reactivacion-cultural-y-turistica-bonaerense\/","og_site_name":"Noticias Radio Reflejos","article_published_time":"2020-12-14T10:43:29+00:00","og_image":[{"width":300,"height":200,"url":"https:\/\/www.noticiasradioreflejos.com.ar\/2021\/wp-content\/uploads\/2021\/07\/logosol300x200.png","type":"image\/png"}],"author":"Arnaldo Botto","twitter_card":"summary_large_image","schema":{"@context":"https:\/\/schema.org","@graph":[{"@type":"WebPage","@id":"https:\/\/www.noticiasradioreflejos.com.ar\/2021\/lanzan-segunda-edicion-del-fondo-municipal-para-la-reactivacion-cultural-y-turistica-bonaerense\/","url":"https:\/\/www.noticiasradioreflejos.com.ar\/2021\/lanzan-segunda-edicion-del-fondo-municipal-para-la-reactivacion-cultural-y-turistica-bonaerense\/","name":"Lanzan segunda edici\u00f3n del Fondo municipal para la reactivaci\u00f3n Cultural y Tur\u00edstica bonaerense - Noticias Radio Reflejos","isPartOf":{"@id":"https:\/\/www.noticiasradioreflejos.com.ar\/2021\/#website"},"datePublished":"2020-12-14T10:43:29+00:00","author":{"@id":"https:\/\/www.noticiasradioreflejos.com.ar\/2021\/#\/schema\/person\/ad82545263dcc5ec0996818884fd5fb1"},"breadcrumb":{"@id":"https:\/\/www.noticiasradioreflejos.com.ar\/2021\/lanzan-segunda-edicion-del-fondo-municipal-para-la-reactivacion-cultural-y-turistica-bonaerense\/#breadcrumb"},"inLanguage":"es","potentialAction":[{"@type":"ReadAction","target":["https:\/\/www.noticiasradioreflejos.com.ar\/2021\/lanzan-segunda-edicion-del-fondo-municipal-para-la-reactivacion-cultural-y-turistica-bonaerense\/"]}]},{"@type":"BreadcrumbList","@id":"https:\/\/www.noticiasradioreflejos.com.ar\/2021\/lanzan-segunda-edicion-del-fondo-municipal-para-la-reactivacion-cultural-y-turistica-bonaerense\/#breadcrumb","itemListElement":[{"@type":"ListItem","position":1,"name":"Portada","item":"https:\/\/www.noticiasradioreflejos.com.ar\/2021\/"},{"@type":"ListItem","position":2,"name":"Lanzan segunda edici\u00f3n del Fondo municipal para la reactivaci\u00f3n Cultural y Tur\u00edstica bonaerense"}]},{"@type":"WebSite","@id":"https:\/\/www.noticiasradioreflejos.com.ar\/2021\/#website","url":"https:\/\/www.noticiasradioreflejos.com.ar\/2021\/","name":"Noticias Radio Reflejos","description":"Las noticias de mi comarca","potentialAction":[{"@type":"SearchAction","target":{"@type":"EntryPoint","urlTemplate":"https:\/\/www.noticiasradioreflejos.com.ar\/2021\/?s={search_term_string}"},"query-input":{"@type":"PropertyValueSpecification","valueRequired":true,"valueName":"search_term_string"}}],"inLanguage":"es"},{"@type":"Person","@id":"https:\/\/www.noticiasradioreflejos.com.ar\/2021\/#\/schema\/person\/ad82545263dcc5ec0996818884fd5fb1","name":"Arnaldo Botto","image":{"@type":"ImageObject","inLanguage":"es","@id":"https:\/\/www.noticiasradioreflejos.com.ar\/2021\/#\/schema\/person\/image\/","url":"https:\/\/secure.gravatar.com\/avatar\/55cb5e37c1efa326397366e6974cb338056df65cb50e7d64d1cf314e87504837?s=96&d=mm&r=g","contentUrl":"https:\/\/secure.gravatar.com\/avatar\/55cb5e37c1efa326397366e6974cb338056df65cb50e7d64d1cf314e87504837?s=96&d=mm&r=g","caption":"Arnaldo Botto"},"url":"https:\/\/www.noticiasradioreflejos.com.ar\/2021\/author\/arnaldo\/"}]}},"_links":{"self":[{"href":"https:\/\/www.noticiasradioreflejos.com.ar\/2021\/wp-json\/wp\/v2\/posts\/50239","targetHints":{"allow":["GET"]}}],"collection":[{"href":"https:\/\/www.noticiasradioreflejos.com.ar\/2021\/wp-json\/wp\/v2\/posts"}],"about":[{"href":"https:\/\/www.noticiasradioreflejos.com.ar\/2021\/wp-json\/wp\/v2\/types\/post"}],"author":[{"embeddable":true,"href":"https:\/\/www.noticiasradioreflejos.com.ar\/2021\/wp-json\/wp\/v2\/users\/3"}],"replies":[{"embeddable":true,"href":"https:\/\/www.noticiasradioreflejos.com.ar\/2021\/wp-json\/wp\/v2\/comments?post=50239"}],"version-history":[{"count":0,"href":"https:\/\/www.noticiasradioreflejos.com.ar\/2021\/wp-json\/wp\/v2\/posts\/50239\/revisions"}],"wp:attachment":[{"href":"https:\/\/www.noticiasradioreflejos.com.ar\/2021\/wp-json\/wp\/v2\/media?parent=50239"}],"wp:term":[{"taxonomy":"category","embeddable":true,"href":"https:\/\/www.noticiasradioreflejos.com.ar\/2021\/wp-json\/wp\/v2\/categories?post=50239"},{"taxonomy":"post_tag","embeddable":true,"href":"https:\/\/www.noticiasradioreflejos.com.ar\/2021\/wp-json\/wp\/v2\/tags?post=50239"}],"curies":[{"name":"wp","href":"https:\/\/api.w.org\/{rel}","templated":true}]}}