{"id":50228,"date":"2020-12-13T10:32:24","date_gmt":"2020-12-13T13:32:24","guid":{"rendered":"http:\/\/www.noticiasradioreflejos.com.ar\/noticias\/?p=50228"},"modified":"2020-12-13T10:32:24","modified_gmt":"2020-12-13T13:32:24","slug":"eclipse-total-de-sol-como-cuando-y-donde-se-podra-observar-el-mayor-espectaculo-astronomico","status":"publish","type":"post","link":"https:\/\/www.noticiasradioreflejos.com.ar\/2021\/eclipse-total-de-sol-como-cuando-y-donde-se-podra-observar-el-mayor-espectaculo-astronomico\/","title":{"rendered":"Eclipse total de Sol: Hoy es el d\u00eda para observar el mayor espect\u00e1culo astron\u00f3mico"},"content":{"rendered":"<p>Por segundo a\u00f1o consecutivo, Argentina tiene el privilegio de poder ver en forma total un eclipse solar, un fen\u00f3meno celeste que no volver\u00e1 a ocurrir en la regi\u00f3n hasta 2048. Recomendaciones para mirarlo sin da\u00f1ar la vista<!--more--><\/p>\n<header class=\"header | col widescreen-12 desktop-12 tablet-12 width_full\">\n<div class=\"article-header\"><\/div>\n<\/header>\n<article class=\"article | col widescreen-8 desktop-8 tablet-12 width_full\">\n<p class=\"paragraph\">Este lunes pasado el mediod\u00eda, gran parte de los\u00a0<b>pa\u00edses sudamericanos<\/b>\u00a0ser\u00e1n testigos del\u00a0<mark class=\"hl_yellow\"><b>primer eclipse solar de la d\u00e9cada\u00a0<\/b><\/mark><b>y algunas ciudades de Argentina y Chile tendr\u00e1n el privilegio de observarlos\u00a0<\/b>en su forma total y no parcial.<\/p>\n<p class=\"paragraph\"><b>\u201cEclipse\u201d proviene del lat\u00edn \u00abeclipsis\u00bb, que a su vez se origina del griego \u201c\u00e9cleipsis\u201d, que significa desaparici\u00f3n.\u00a0<\/b>Esto es precisamente un eclipse: la desaparici\u00f3n transitoria total o parcial de un astro por interposici\u00f3n de otro cuerpo celeste ante los ojos de un observador. En t\u00e9rminos astron\u00f3micos,\u00a0<mark class=\"hl_yellow\"><b>un eclipse solar ocurre cuando la Luna arroja una sombra en la Tierra, bloqueando completa o parcialmente la luz del sol en algunas \u00e1reas.<\/b><\/mark>\u00a0Esta alineaci\u00f3n exacta de los tres cuerpos en el espacio, que conjugan en un mismo punto,\u00a0<mark class=\"hl_yellow\"><b>comenzar\u00e1 el pr\u00f3ximo 14 de diciembre con una fase parcial alrededor de las 11:45 y terminar\u00e1 cuando la Luna descubra totalmente al Sol, alrededor de las 14:45 horas.<\/b><\/mark>\u00a0Pero el gran momento en el que se lo podr\u00e1 ver en forma total, con la posibilidad \u00fanica de observar la corona solar en su esplendor,\u00a0<b>ser\u00e1 a partir de las 13 hs.<\/b><\/p>\n<picture class=\"visual__image\"><img loading=\"lazy\" decoding=\"async\" src=\"https:\/\/www.infobae.com\/new-resizer\/oTJT-wVgBFPN7Gz21y84O2Brz9Y=\/420x236\/filters:format(jpg):quality(85)\/\/cloudfront-us-east-1.images.arcpublishing.com\/infobae\/NGJMIYN3E5G2NDRQQOUWKHWELE.jpg\" alt=\"Este lunes 14 de diciembre ocurrir\u00e1 un eclipse total de Sol que ser\u00e1 visible en el Oc\u00e9ano Pac\u00edfico, Sudam\u00e9rica, la Ant\u00e1rtida y el Oc\u00e9ano Atl\u00e1ntico. Ser\u00e1 el \u00fanico de 2020. (NASA) \" width=\"716\" height=\"384\" \/>Este lunes 14 de diciembre ocurrir\u00e1 un eclipse total de Sol que ser\u00e1 visible en el Oc\u00e9ano Pac\u00edfico, Sudam\u00e9rica, la Ant\u00e1rtida y el Oc\u00e9ano Atl\u00e1ntico. Ser\u00e1 el \u00fanico de 2020. (NASA)<\/picture>\n<p class=\"paragraph\">Quienes est\u00e9n presentes en gran parte de la Patagonia de Argentina y Chile tendr\u00e1n una platea preferencial para observarlo. En la franja donde se produce la totalidad del eclipse, que tendr\u00e1 un ancho de aproximadamente 90 kil\u00f3metros, el d\u00eda se volver\u00e1 noche. As\u00ed,\u00a0<mark class=\"hl_yellow\"><b>la Luna cubrir\u00e1 por completo al Sol. La duraci\u00f3n m\u00e1xima de la totalidad ser\u00e1 de 2 minutos y 10 segundos,\u00a0<\/b><\/mark>pero el tiempo total de las fases del espect\u00e1culo espacial ser\u00e1 de unas tres horas.<\/p>\n<p class=\"paragraph\">Esta incre\u00edble franja en Argentina atravesar\u00e1 las localidades cordilleranas de Jun\u00edn de Los Andes, Malleo, Pilolil, Alumin\u00e9, Estancia San Ignacio, Las Coloradas, Sa\u00f1ico, Estancia La Negra, Zaina Yegua, Piedra del \u00c1guila y Bajada Colorada en la provincia de Neuqu\u00e9n. Y El Cuy, Sierra Colorada, Ramos Mexia y Valcheta, en la l\u00ednea sur de la provincia de R\u00edo Negro. Y las localidades de San Antonio, Las Grutas y El C\u00f3ndor, ubicadas en la costa atl\u00e1ntica rionegrina.<\/p>\n<picture class=\"visual__image\"><img loading=\"lazy\" decoding=\"async\" src=\"https:\/\/www.infobae.com\/new-resizer\/9_Rky1GCHASp120EDafiI75xEWE=\/420x236\/filters:format(jpg):quality(85)\/\/cloudfront-us-east-1.images.arcpublishing.com\/infobae\/RUN5OLNXRBCH3DL3UZNQTHQGMY.jpg\" alt=\"Gr\u00e1fico de c\u00f3mo se produce un eclipse solar total en la Tierra\" width=\"1920\" height=\"1080\" \/>Gr\u00e1fico de c\u00f3mo se produce un eclipse solar total en la Tierra<\/picture>\n<p class=\"paragraph\"><b>Seg\u00fan la NASA, la totalidad del eclipse comienza en la localidad de Saavedra, Chile, a las 13 hora argentina. A las 13:08 se lo observar\u00e1 en el l\u00edmite entre las provincias de Neuqu\u00e9n y R\u00edo Negro, a las 13:14 en el centro de R\u00edo Negro, a las 13:18 en Las Grutas, y a las 13:22 en La Lober\u00eda.<\/b>\u00a0El eclipse total terminar\u00e1 en Salina del Eje, Argentina, a las 13.25. Fuera de este camino, ser\u00e1 visible como parcial en gran parte de Am\u00e9rica del Sur.<\/p>\n<p class=\"paragraph\"><mark class=\"hl_yellow\"><b>En la Ciudad Aut\u00f3noma de Buenos Aires se lo podr\u00e1 apreciar a las 13:32 con un m\u00e1ximo de oscuridad de un 73,6%.\u00a0<\/b><\/mark>Para que este fen\u00f3meno astron\u00f3mico, que ocurre cada 18 meses en alguna parte del mundo (en 2022 ser\u00e1 observable en la Ant\u00e1rtida), pueda ser visto nuevamente en los pa\u00edses de la regi\u00f3n, habr\u00e1 que esperar hasta 2048. Y para que se d\u00e9 exactamente en el mismo lugar, tienen que pasar 400 a\u00f1os.<\/p>\n<p class=\"paragraph\"><b>Ubicaci\u00f3n de privilegio<\/b><\/p>\n<div class=\"article-video | visual__video height_auto width_full margin_vertical_10px\">\n<div id=\"powa-df9955c6-87a5-4874-8e1d-41d044b5b3f7-3\" class=\"powa powa-processed\" tabindex=\"0\" data-org=\"infobae\" data-uuid=\"df9955c6-87a5-4874-8e1d-41d044b5b3f7\" data-aspect-ratio=\"0.5625\" data-powa-index=\"3\" data-env=\"prod\">\n<div class=\"powa-pane\"><\/div>\n<div class=\"powa-shot\">\n<div class=\"powa-shot-image powa-click-promo-play\">\n<div class=\"powa-shot-play-btn powa-click-promo-play\"><span class=\"play-text\">Play<\/span><\/div>\n<\/div>\n<\/div>\n<\/div>\n<p>Eclipse Total de Sol 2020: c\u00f3mo ser\u00e1 visible en Sudam\u00e9rica<\/p>\n<\/div>\n<p class=\"paragraph\"><b>Tal como ocurri\u00f3 el 2 de julio de 2019, los dos \u00fanicos pa\u00edses en todo el mundo donde el mayor espect\u00e1culo astron\u00f3mico se desarrollar\u00e1, ser\u00e1 en Argentina y Chile<\/b>\u00a0para admiraci\u00f3n de miles de personas que lo podr\u00e1n observar c\u00f3modamente desde sus casas, escuelas, trabajos, observatorios y centros educativos, as\u00ed tambi\u00e9n como cientos de extranjeros de todo el mundo que llegaron al sur del continente para ser protagonistas de este hist\u00f3rico fen\u00f3meno astral.<\/p>\n<p class=\"paragraph\"><mark class=\"hl_yellow\"><b>Los investigadores explican al eclipse solar total en relaci\u00f3n con los tama\u00f1os del Sol y la Luna y su distancia de nuestro planeta<\/b><\/mark>. \u201cEl Sol es 400 veces m\u00e1s grande que la Luna y se encuentra aproximadamente 400 veces m\u00e1s lejos de la Tierra. Debido a esta coincidencia, la Luna parece lo suficientemente grande como para cubrir el Sol por completo durante el eclipse total de sol\u201d, explic\u00f3 a\u00a0<b>Infobae\u00a0<\/b>el licenciado\u00a0<b>Mariano Ribas,<\/b>\u00a0coordinador del \u00c1rea de Divulgaci\u00f3n Cient\u00edfica del\u00a0<b>Planetario de la Ciudad de Buenos Aires, Galileo Galilei.<\/b><\/p>\n<picture class=\"visual__image\"><img loading=\"lazy\" decoding=\"async\" src=\"https:\/\/www.infobae.com\/new-resizer\/DhWwbbQ49T2Q_5Nwzc03qy-2TYE=\/420x280\/filters:format(jpg):quality(85)\/\/cloudfront-us-east-1.images.arcpublishing.com\/infobae\/S6STPQ55Q4VTOYY24HHPISLP5I.jpg\" alt=\"Esta alineaci\u00f3n exacta de los tres cuerpos en el espacio, que conjugan en un mismo punto, comenzar\u00e1 el pr\u00f3ximo 14 de diciembre - REUTERS\/Athit Perawongmetha\" width=\"1500\" height=\"1000\" \/>Esta alineaci\u00f3n exacta de los tres cuerpos en el espacio, que conjugan en un mismo punto, comenzar\u00e1 el pr\u00f3ximo 14 de diciembre &#8211; REUTERS\/Athit Perawongmetha<\/picture>\n<p class=\"paragraph\">Una de las curiosidades que presentan los eclipses solares totales es que seg\u00fan afirman los cient\u00edficos, no ser\u00e1n por siempre.\u00a0<mark class=\"hl_yellow\"><b>Debido a que la Luna se aleja todos los a\u00f1os 3,8 cent\u00edmetros de la Tierra<\/b><\/mark>,\u00a0<mark class=\"hl_yellow\"><b>dentro de un milenio la circunferencia lunar no llegar\u00e1 a tapar por completo el disco del Sol<\/b><\/mark>, por lo que en la Tierra no se podr\u00e1n observar m\u00e1s los espectaculares eclipses solares totales.<\/p>\n<p class=\"paragraph\"><b>\u00bfC\u00f3mo ver el eclipse sin riesgos para la vista?<\/b><\/p>\n<p class=\"paragraph\"><b>Nunca hay que observar un eclipse sin elementos de protecci\u00f3n adecuados porque puede ser perjudicial para la vista.<\/b>\u00a0Salvo en los breves instantes que dura la totalidad (cuando el Sol est\u00e1 100% cubierto por la Luna), donde podemos observar a simple vista sin peligro, los oftalm\u00f3logos advierten que nunca hay que mirar el eclipse en ning\u00fan grado de su parcialidad sin anteojos con filtros especiales (se consiguen en comercios del rubro astron\u00f3mico o v\u00eda Internet), ya que causan un da\u00f1o irreparable en la retina ocular.<\/p>\n<picture class=\"visual__image\"><img loading=\"lazy\" decoding=\"async\" src=\"https:\/\/www.infobae.com\/new-resizer\/mO0w4__eTlDHNkpl7eLIj63j4hE=\/420x280\/filters:format(jpg):quality(85)\/\/cloudfront-us-east-1.images.arcpublishing.com\/infobae\/WWGWB3TING3NTODOOKWBVX2PZQ.jpg\" alt=\"Personas en Bangkok, Thailand, observan el eclipse de 2019 -. REUTERS\/Athit Perawongmetha\" width=\"5683\" height=\"3789\" \/>Personas en Bangkok, Thailand, observan el eclipse de 2019 -. REUTERS\/Athit Perawongmetha<\/picture>\n<p class=\"paragraph\"><b>Observar un eclipse solar es una experiencia inolvidable, pero mirar directamente al Sol puede producir un grave da\u00f1o a los ojos.\u00a0<\/b>A\u00fan por un corto per\u00edodo de tiempo, sin tener la protecci\u00f3n correcta, puede da\u00f1ar la retina de forma permanente. Inclusive puede causar p\u00e9rdida total de la visi\u00f3n, conocida como<b>\u00a0Retinopat\u00eda Solar:<\/b>\u00a0el da\u00f1o en la retina del ojo que resulta de la exposici\u00f3n por observar eclipses solares sin las precauciones adecuadas.<\/p>\n<p class=\"paragraph\">\u201cLa afectaci\u00f3n no distingue sexo ni edad.\u00a0<b>Se pueden causar quemaduras en la retina, tejido en el que se procesa las im\u00e1genes y luego se transmiten al cerebro.<\/b>\u00a0Estas lesiones pueden ser de leves a severas y hasta se pueden generar cuadros de ceguera permanente. Por estas razones, a la hora de observar un eclipse se deben respetar estrictamente las pautas de prevenci\u00f3n que indica la Sociedad Astron\u00f3mica Americana y que publica la Academia Americana de Oftalmolog\u00eda\u201d, explica la doctora\u00a0<b>Laura Taverna,\u00a0<\/b>oftalm\u00f3loga de INEBA.<\/p>\n<picture class=\"visual__image\"><img loading=\"lazy\" decoding=\"async\" src=\"https:\/\/www.infobae.com\/new-resizer\/1xWZGzw_Cb-Deb0r0s9xK6Wmgag=\/420x280\/filters:format(jpg):quality(85)\/\/cloudfront-us-east-1.images.arcpublishing.com\/infobae\/KASOVHIQYPWYIHLH2QOOJZYZZI.jpg\" alt=\"En la Ciudad Aut\u00f3noma de Buenos Aires se lo podr\u00e1 observar a las 13:32 con un m\u00e1ximo de oscuridad de un 73,6%. - REUTERS\/Ann Wang\" width=\"4921\" height=\"3280\" \/>En la Ciudad Aut\u00f3noma de Buenos Aires se lo podr\u00e1 observar a las 13:32 con un m\u00e1ximo de oscuridad de un 73,6%. &#8211; REUTERS\/Ann Wang<\/picture>\n<p class=\"paragraph\"><b>Rogelio Ribes Escudero<\/b>, oftalm\u00f3logo del servicio de Oftalmolog\u00eda del Hospital Alem\u00e1n, afirm\u00f3 a Infobae que no se puede mirar directamente porque hay riesgo de da\u00f1ar la retina. \u201cLa c\u00f3rnea y el cristalino son dos lentes. Por lo tanto, si se mira directamente la luz del sol, habr\u00e1 un da\u00f1o de la m\u00e1cula (centro de la retina), que conlleva lesiones que son irreversibles\u201d, precis\u00f3 el especialista.\u00a0<b>Es muy importante seguir las recomendaciones para observar correctamente el Eclipse Solar Total 2020:<\/b><\/p>\n<p class=\"paragraph\">1-\u00a0<b>Nunca se debe mirar el Sol directa o indirectamente,<\/b>\u00a0con o sin eclipse. La luz del Sol nos puede dejar ciegos.<\/p>\n<p class=\"paragraph\">2- Siempre hay que\u00a0<b>hacer la observaci\u00f3n del eclipse solar supervisado por adultos<\/b>\u00a0que sepan del tema. Preferentemente en un observatorio astron\u00f3mico con profesionales capacitados.<\/p>\n<p class=\"paragraph\">3- Hay que\u00a0<b>utilizar siempre los lentes especiales que posean un filtro que bloquee los rayos da\u00f1inos del Sol.\u00a0<\/b>Estos filtros deben cumplir la norma y contar con la\u00a0<b>etiqueta ISO 12312-2.<\/b>\u00a0Estos filtros no solo reducen la luz solar visible a niveles seguros y c\u00f3modos, sino que tambi\u00e9n bloquean la radiaci\u00f3n solar ultravioleta e infrarroja. Hay que tener especial cuidado con los adquiridos en el comercio informal, que no cuenten con la certificaci\u00f3n adecuada o que el certificado sea falso.<\/p>\n<picture class=\"visual__image\"><img loading=\"lazy\" decoding=\"async\" src=\"https:\/\/www.infobae.com\/new-resizer\/2OhXfAvP6PfoM_BE7u6eFSlczuE=\/420x280\/filters:format(jpg):quality(85)\/\/cloudfront-us-east-1.images.arcpublishing.com\/infobae\/5TFYH3DU4FC3XBLR2CFBQJFRCE.jpg\" alt=\"El eclipse se lo puede observar, fotografiar y grabar desde un tel\u00e9fono o c\u00e1mara - REUTERS\/Tingshu Wang\" width=\"6000\" height=\"4000\" \/>El eclipse se lo puede observar, fotografiar y grabar desde un tel\u00e9fono o c\u00e1mara &#8211; REUTERS\/Tingshu Wang<\/picture>\n<p class=\"paragraph\">4- Antes de colocarse los lentes especiales,<b>\u00a0se debe inspeccionar que el filtro est\u00e9 en perfectas condiciones,\u00a0<\/b>sin tener da\u00f1os, rayaduras ni perforaciones y que este no tenga una antig\u00fcedad de m\u00e1s de tres a\u00f1os.<\/p>\n<p class=\"paragraph\">5- Otra opci\u00f3n segura es\u00a0<b>utilizar un vidrio para m\u00e1scara de soldador grado 12 o superior<\/b>. Si se tiene un vidrio grado menor, no debe ser utilizada de ninguna manera, ya que no otorga la seguridad suficiente.<\/p>\n<p class=\"paragraph\">6-\u00a0<b>Est\u00e1 totalmente prohibido mirar el sol a trav\u00e9s de una c\u00e1mara, tel\u00e9fono inteligente, binoculares, telescopios, o cualquier otro dispositivo \u00f3ptico sin filtro solar certificado para este uso.<\/b>\u00a0Por otra parte, tanto los filtros hechos en casa (vidrio ahumado por ejemplo), como los anteojos de sol tradicionales no son seguros para mirar el sol, aunque estas sean oscuras. Usar una placa radiogr\u00e1fica para visualizar el sol est\u00e1 prohibido.<\/p>\n<picture class=\"visual__image\"><img loading=\"lazy\" decoding=\"async\" src=\"https:\/\/www.infobae.com\/new-resizer\/qUUIzkMu18Sk8haW_FwTPs--etk=\/420x280\/filters:format(jpg):quality(85)\/\/cloudfront-us-east-1.images.arcpublishing.com\/infobae\/CTV4WEVFRKX26QCPLLKPMJPAV4.jpg\" alt=\"Miles de personas son fan\u00e1ticas de los eventos astron\u00f3micos como un eclipse solar - REUTERS\/Ann Wang\" width=\"6434\" height=\"4289\" \/>Miles de personas son fan\u00e1ticas de los eventos astron\u00f3micos como un eclipse solar &#8211; REUTERS\/Ann Wang<\/picture>\n<p class=\"paragraph\">7-\u00a0<b>Supervisar a ni\u00f1os\u00a0<\/b>para que utilicen la protecci\u00f3n adecuadamente.<\/p>\n<p class=\"paragraph\">8- La manera m\u00e1s segura de observar el eclipse solar es a trav\u00e9s de las\u00a0<b>transmisiones en vivo por televisi\u00f3n o internet.<\/b><\/p>\n<p class=\"paragraph\">9- Otra forma de ver el eclipse solar es\u00a0<b>mediante la construcci\u00f3n de un proyector casero<\/b>\u00a0utilizando un tubo o caja de zapatos, un pedazo de aluminio y un papel blanco.<\/p>\n<p class=\"paragraph\">10-\u00a0<b>El eclipse se ver\u00e1 en forma total en todo el ancho de la Argentina,\u00a0<\/b>pero en el resto del pa\u00eds se observar\u00e1 de forma parcial. Es importante resaltar que nunca se debe ver un eclipse parcial de Sol sin los lentes especiales.<\/p>\n<\/article>\n<div class=\"byline | display_flex align_items_center isText col widescreen-8 desktop-8 tablet-12 width_full\">\n<div class=\"authors | margin_horizontal_5px color_black display_inline border_2 border_right border_middlegray\">Por\u00a0<span class=\"author | margin_horizontal_5px bold\"><a href=\"https:\/\/www.infobae.com\/autor\/victor-ingrassia\">V\u00edctor Ingrassia<\/a><\/span><\/div>\n<\/div>\n<div class=\"col widescreen-8 desktop-8 tablet-12 width_full\">\n<div class=\"padding_horizontal_5px\">vingrassia@infobae.com<\/div>\n<\/div>\n","protected":false},"excerpt":{"rendered":"<p>Por segundo a\u00f1o consecutivo, Argentina tiene el privilegio de poder ver en forma total un eclipse solar, un fen\u00f3meno celeste que no volver\u00e1 a ocurrir en la regi\u00f3n hasta 2048. Recomendaciones para mirarlo sin da\u00f1ar la vista<\/p>\n","protected":false},"author":3,"featured_media":0,"comment_status":"closed","ping_status":"open","sticky":false,"template":"","format":"standard","meta":{"footnotes":""},"categories":[26],"tags":[],"class_list":["post-50228","post","type-post","status-publish","format-standard","hentry","category-sociedad"],"yoast_head":"<!-- This site is optimized with the Yoast SEO plugin v25.9 - https:\/\/yoast.com\/wordpress\/plugins\/seo\/ -->\n<title>Eclipse total de Sol: Hoy es el d\u00eda para observar el mayor espect\u00e1culo astron\u00f3mico - Noticias Radio Reflejos<\/title>\n<meta name=\"robots\" content=\"index, follow, max-snippet:-1, max-image-preview:large, max-video-preview:-1\" \/>\n<link rel=\"canonical\" href=\"https:\/\/www.noticiasradioreflejos.com.ar\/2021\/eclipse-total-de-sol-como-cuando-y-donde-se-podra-observar-el-mayor-espectaculo-astronomico\/\" \/>\n<meta property=\"og:locale\" content=\"es_ES\" \/>\n<meta property=\"og:type\" content=\"article\" \/>\n<meta property=\"og:title\" content=\"Eclipse total de Sol: Hoy es el d\u00eda para observar el mayor espect\u00e1culo astron\u00f3mico - Noticias Radio Reflejos\" \/>\n<meta property=\"og:description\" content=\"Por segundo a\u00f1o consecutivo, Argentina tiene el privilegio de poder ver en forma total un eclipse solar, un fen\u00f3meno celeste que no volver\u00e1 a ocurrir en la regi\u00f3n hasta 2048. Recomendaciones para mirarlo sin da\u00f1ar la vista\" \/>\n<meta property=\"og:url\" content=\"https:\/\/www.noticiasradioreflejos.com.ar\/2021\/eclipse-total-de-sol-como-cuando-y-donde-se-podra-observar-el-mayor-espectaculo-astronomico\/\" \/>\n<meta property=\"og:site_name\" content=\"Noticias Radio Reflejos\" \/>\n<meta property=\"article:published_time\" content=\"2020-12-13T13:32:24+00:00\" \/>\n<meta property=\"og:image\" content=\"https:\/\/www.infobae.com\/new-resizer\/oTJT-wVgBFPN7Gz21y84O2Brz9Y=\/420x236\/filters:format(jpg):quality(85)\/\/cloudfront-us-east-1.images.arcpublishing.com\/infobae\/NGJMIYN3E5G2NDRQQOUWKHWELE.jpg\" \/>\n<meta name=\"author\" content=\"Arnaldo Botto\" \/>\n<meta name=\"twitter:card\" content=\"summary_large_image\" \/>\n<script type=\"application\/ld+json\" class=\"yoast-schema-graph\">{\"@context\":\"https:\/\/schema.org\",\"@graph\":[{\"@type\":\"WebPage\",\"@id\":\"https:\/\/www.noticiasradioreflejos.com.ar\/2021\/eclipse-total-de-sol-como-cuando-y-donde-se-podra-observar-el-mayor-espectaculo-astronomico\/\",\"url\":\"https:\/\/www.noticiasradioreflejos.com.ar\/2021\/eclipse-total-de-sol-como-cuando-y-donde-se-podra-observar-el-mayor-espectaculo-astronomico\/\",\"name\":\"Eclipse total de Sol: Hoy es el d\u00eda para observar el mayor espect\u00e1culo astron\u00f3mico - Noticias Radio Reflejos\",\"isPartOf\":{\"@id\":\"https:\/\/www.noticiasradioreflejos.com.ar\/2021\/#website\"},\"primaryImageOfPage\":{\"@id\":\"https:\/\/www.noticiasradioreflejos.com.ar\/2021\/eclipse-total-de-sol-como-cuando-y-donde-se-podra-observar-el-mayor-espectaculo-astronomico\/#primaryimage\"},\"image\":{\"@id\":\"https:\/\/www.noticiasradioreflejos.com.ar\/2021\/eclipse-total-de-sol-como-cuando-y-donde-se-podra-observar-el-mayor-espectaculo-astronomico\/#primaryimage\"},\"thumbnailUrl\":\"https:\/\/www.infobae.com\/new-resizer\/oTJT-wVgBFPN7Gz21y84O2Brz9Y=\/420x236\/filters:format(jpg):quality(85)\/\/cloudfront-us-east-1.images.arcpublishing.com\/infobae\/NGJMIYN3E5G2NDRQQOUWKHWELE.jpg\",\"datePublished\":\"2020-12-13T13:32:24+00:00\",\"author\":{\"@id\":\"https:\/\/www.noticiasradioreflejos.com.ar\/2021\/#\/schema\/person\/ad82545263dcc5ec0996818884fd5fb1\"},\"breadcrumb\":{\"@id\":\"https:\/\/www.noticiasradioreflejos.com.ar\/2021\/eclipse-total-de-sol-como-cuando-y-donde-se-podra-observar-el-mayor-espectaculo-astronomico\/#breadcrumb\"},\"inLanguage\":\"es\",\"potentialAction\":[{\"@type\":\"ReadAction\",\"target\":[\"https:\/\/www.noticiasradioreflejos.com.ar\/2021\/eclipse-total-de-sol-como-cuando-y-donde-se-podra-observar-el-mayor-espectaculo-astronomico\/\"]}]},{\"@type\":\"ImageObject\",\"inLanguage\":\"es\",\"@id\":\"https:\/\/www.noticiasradioreflejos.com.ar\/2021\/eclipse-total-de-sol-como-cuando-y-donde-se-podra-observar-el-mayor-espectaculo-astronomico\/#primaryimage\",\"url\":\"https:\/\/www.infobae.com\/new-resizer\/oTJT-wVgBFPN7Gz21y84O2Brz9Y=\/420x236\/filters:format(jpg):quality(85)\/\/cloudfront-us-east-1.images.arcpublishing.com\/infobae\/NGJMIYN3E5G2NDRQQOUWKHWELE.jpg\",\"contentUrl\":\"https:\/\/www.infobae.com\/new-resizer\/oTJT-wVgBFPN7Gz21y84O2Brz9Y=\/420x236\/filters:format(jpg):quality(85)\/\/cloudfront-us-east-1.images.arcpublishing.com\/infobae\/NGJMIYN3E5G2NDRQQOUWKHWELE.jpg\"},{\"@type\":\"BreadcrumbList\",\"@id\":\"https:\/\/www.noticiasradioreflejos.com.ar\/2021\/eclipse-total-de-sol-como-cuando-y-donde-se-podra-observar-el-mayor-espectaculo-astronomico\/#breadcrumb\",\"itemListElement\":[{\"@type\":\"ListItem\",\"position\":1,\"name\":\"Portada\",\"item\":\"https:\/\/www.noticiasradioreflejos.com.ar\/2021\/\"},{\"@type\":\"ListItem\",\"position\":2,\"name\":\"Eclipse total de Sol: Hoy es el d\u00eda para observar el mayor espect\u00e1culo astron\u00f3mico\"}]},{\"@type\":\"WebSite\",\"@id\":\"https:\/\/www.noticiasradioreflejos.com.ar\/2021\/#website\",\"url\":\"https:\/\/www.noticiasradioreflejos.com.ar\/2021\/\",\"name\":\"Noticias Radio Reflejos\",\"description\":\"Las noticias de mi comarca\",\"potentialAction\":[{\"@type\":\"SearchAction\",\"target\":{\"@type\":\"EntryPoint\",\"urlTemplate\":\"https:\/\/www.noticiasradioreflejos.com.ar\/2021\/?s={search_term_string}\"},\"query-input\":{\"@type\":\"PropertyValueSpecification\",\"valueRequired\":true,\"valueName\":\"search_term_string\"}}],\"inLanguage\":\"es\"},{\"@type\":\"Person\",\"@id\":\"https:\/\/www.noticiasradioreflejos.com.ar\/2021\/#\/schema\/person\/ad82545263dcc5ec0996818884fd5fb1\",\"name\":\"Arnaldo Botto\",\"image\":{\"@type\":\"ImageObject\",\"inLanguage\":\"es\",\"@id\":\"https:\/\/www.noticiasradioreflejos.com.ar\/2021\/#\/schema\/person\/image\/\",\"url\":\"https:\/\/secure.gravatar.com\/avatar\/55cb5e37c1efa326397366e6974cb338056df65cb50e7d64d1cf314e87504837?s=96&d=mm&r=g\",\"contentUrl\":\"https:\/\/secure.gravatar.com\/avatar\/55cb5e37c1efa326397366e6974cb338056df65cb50e7d64d1cf314e87504837?s=96&d=mm&r=g\",\"caption\":\"Arnaldo Botto\"},\"url\":\"https:\/\/www.noticiasradioreflejos.com.ar\/2021\/author\/arnaldo\/\"}]}<\/script>\n<!-- \/ Yoast SEO plugin. -->","yoast_head_json":{"title":"Eclipse total de Sol: Hoy es el d\u00eda para observar el mayor espect\u00e1culo astron\u00f3mico - Noticias Radio Reflejos","robots":{"index":"index","follow":"follow","max-snippet":"max-snippet:-1","max-image-preview":"max-image-preview:large","max-video-preview":"max-video-preview:-1"},"canonical":"https:\/\/www.noticiasradioreflejos.com.ar\/2021\/eclipse-total-de-sol-como-cuando-y-donde-se-podra-observar-el-mayor-espectaculo-astronomico\/","og_locale":"es_ES","og_type":"article","og_title":"Eclipse total de Sol: Hoy es el d\u00eda para observar el mayor espect\u00e1culo astron\u00f3mico - Noticias Radio Reflejos","og_description":"Por segundo a\u00f1o consecutivo, Argentina tiene el privilegio de poder ver en forma total un eclipse solar, un fen\u00f3meno celeste que no volver\u00e1 a ocurrir en la regi\u00f3n hasta 2048. Recomendaciones para mirarlo sin da\u00f1ar la vista","og_url":"https:\/\/www.noticiasradioreflejos.com.ar\/2021\/eclipse-total-de-sol-como-cuando-y-donde-se-podra-observar-el-mayor-espectaculo-astronomico\/","og_site_name":"Noticias Radio Reflejos","article_published_time":"2020-12-13T13:32:24+00:00","og_image":[{"url":"https:\/\/www.infobae.com\/new-resizer\/oTJT-wVgBFPN7Gz21y84O2Brz9Y=\/420x236\/filters:format(jpg):quality(85)\/\/cloudfront-us-east-1.images.arcpublishing.com\/infobae\/NGJMIYN3E5G2NDRQQOUWKHWELE.jpg","type":"","width":"","height":""}],"author":"Arnaldo Botto","twitter_card":"summary_large_image","schema":{"@context":"https:\/\/schema.org","@graph":[{"@type":"WebPage","@id":"https:\/\/www.noticiasradioreflejos.com.ar\/2021\/eclipse-total-de-sol-como-cuando-y-donde-se-podra-observar-el-mayor-espectaculo-astronomico\/","url":"https:\/\/www.noticiasradioreflejos.com.ar\/2021\/eclipse-total-de-sol-como-cuando-y-donde-se-podra-observar-el-mayor-espectaculo-astronomico\/","name":"Eclipse total de Sol: Hoy es el d\u00eda para observar el mayor espect\u00e1culo astron\u00f3mico - Noticias Radio Reflejos","isPartOf":{"@id":"https:\/\/www.noticiasradioreflejos.com.ar\/2021\/#website"},"primaryImageOfPage":{"@id":"https:\/\/www.noticiasradioreflejos.com.ar\/2021\/eclipse-total-de-sol-como-cuando-y-donde-se-podra-observar-el-mayor-espectaculo-astronomico\/#primaryimage"},"image":{"@id":"https:\/\/www.noticiasradioreflejos.com.ar\/2021\/eclipse-total-de-sol-como-cuando-y-donde-se-podra-observar-el-mayor-espectaculo-astronomico\/#primaryimage"},"thumbnailUrl":"https:\/\/www.infobae.com\/new-resizer\/oTJT-wVgBFPN7Gz21y84O2Brz9Y=\/420x236\/filters:format(jpg):quality(85)\/\/cloudfront-us-east-1.images.arcpublishing.com\/infobae\/NGJMIYN3E5G2NDRQQOUWKHWELE.jpg","datePublished":"2020-12-13T13:32:24+00:00","author":{"@id":"https:\/\/www.noticiasradioreflejos.com.ar\/2021\/#\/schema\/person\/ad82545263dcc5ec0996818884fd5fb1"},"breadcrumb":{"@id":"https:\/\/www.noticiasradioreflejos.com.ar\/2021\/eclipse-total-de-sol-como-cuando-y-donde-se-podra-observar-el-mayor-espectaculo-astronomico\/#breadcrumb"},"inLanguage":"es","potentialAction":[{"@type":"ReadAction","target":["https:\/\/www.noticiasradioreflejos.com.ar\/2021\/eclipse-total-de-sol-como-cuando-y-donde-se-podra-observar-el-mayor-espectaculo-astronomico\/"]}]},{"@type":"ImageObject","inLanguage":"es","@id":"https:\/\/www.noticiasradioreflejos.com.ar\/2021\/eclipse-total-de-sol-como-cuando-y-donde-se-podra-observar-el-mayor-espectaculo-astronomico\/#primaryimage","url":"https:\/\/www.infobae.com\/new-resizer\/oTJT-wVgBFPN7Gz21y84O2Brz9Y=\/420x236\/filters:format(jpg):quality(85)\/\/cloudfront-us-east-1.images.arcpublishing.com\/infobae\/NGJMIYN3E5G2NDRQQOUWKHWELE.jpg","contentUrl":"https:\/\/www.infobae.com\/new-resizer\/oTJT-wVgBFPN7Gz21y84O2Brz9Y=\/420x236\/filters:format(jpg):quality(85)\/\/cloudfront-us-east-1.images.arcpublishing.com\/infobae\/NGJMIYN3E5G2NDRQQOUWKHWELE.jpg"},{"@type":"BreadcrumbList","@id":"https:\/\/www.noticiasradioreflejos.com.ar\/2021\/eclipse-total-de-sol-como-cuando-y-donde-se-podra-observar-el-mayor-espectaculo-astronomico\/#breadcrumb","itemListElement":[{"@type":"ListItem","position":1,"name":"Portada","item":"https:\/\/www.noticiasradioreflejos.com.ar\/2021\/"},{"@type":"ListItem","position":2,"name":"Eclipse total de Sol: Hoy es el d\u00eda para observar el mayor espect\u00e1culo astron\u00f3mico"}]},{"@type":"WebSite","@id":"https:\/\/www.noticiasradioreflejos.com.ar\/2021\/#website","url":"https:\/\/www.noticiasradioreflejos.com.ar\/2021\/","name":"Noticias Radio Reflejos","description":"Las noticias de mi comarca","potentialAction":[{"@type":"SearchAction","target":{"@type":"EntryPoint","urlTemplate":"https:\/\/www.noticiasradioreflejos.com.ar\/2021\/?s={search_term_string}"},"query-input":{"@type":"PropertyValueSpecification","valueRequired":true,"valueName":"search_term_string"}}],"inLanguage":"es"},{"@type":"Person","@id":"https:\/\/www.noticiasradioreflejos.com.ar\/2021\/#\/schema\/person\/ad82545263dcc5ec0996818884fd5fb1","name":"Arnaldo Botto","image":{"@type":"ImageObject","inLanguage":"es","@id":"https:\/\/www.noticiasradioreflejos.com.ar\/2021\/#\/schema\/person\/image\/","url":"https:\/\/secure.gravatar.com\/avatar\/55cb5e37c1efa326397366e6974cb338056df65cb50e7d64d1cf314e87504837?s=96&d=mm&r=g","contentUrl":"https:\/\/secure.gravatar.com\/avatar\/55cb5e37c1efa326397366e6974cb338056df65cb50e7d64d1cf314e87504837?s=96&d=mm&r=g","caption":"Arnaldo Botto"},"url":"https:\/\/www.noticiasradioreflejos.com.ar\/2021\/author\/arnaldo\/"}]}},"_links":{"self":[{"href":"https:\/\/www.noticiasradioreflejos.com.ar\/2021\/wp-json\/wp\/v2\/posts\/50228","targetHints":{"allow":["GET"]}}],"collection":[{"href":"https:\/\/www.noticiasradioreflejos.com.ar\/2021\/wp-json\/wp\/v2\/posts"}],"about":[{"href":"https:\/\/www.noticiasradioreflejos.com.ar\/2021\/wp-json\/wp\/v2\/types\/post"}],"author":[{"embeddable":true,"href":"https:\/\/www.noticiasradioreflejos.com.ar\/2021\/wp-json\/wp\/v2\/users\/3"}],"replies":[{"embeddable":true,"href":"https:\/\/www.noticiasradioreflejos.com.ar\/2021\/wp-json\/wp\/v2\/comments?post=50228"}],"version-history":[{"count":0,"href":"https:\/\/www.noticiasradioreflejos.com.ar\/2021\/wp-json\/wp\/v2\/posts\/50228\/revisions"}],"wp:attachment":[{"href":"https:\/\/www.noticiasradioreflejos.com.ar\/2021\/wp-json\/wp\/v2\/media?parent=50228"}],"wp:term":[{"taxonomy":"category","embeddable":true,"href":"https:\/\/www.noticiasradioreflejos.com.ar\/2021\/wp-json\/wp\/v2\/categories?post=50228"},{"taxonomy":"post_tag","embeddable":true,"href":"https:\/\/www.noticiasradioreflejos.com.ar\/2021\/wp-json\/wp\/v2\/tags?post=50228"}],"curies":[{"name":"wp","href":"https:\/\/api.w.org\/{rel}","templated":true}]}}