{"id":50221,"date":"2020-12-13T09:59:50","date_gmt":"2020-12-13T12:59:50","guid":{"rendered":"http:\/\/www.noticiasradioreflejos.com.ar\/noticias\/?p=50221"},"modified":"2020-12-13T09:59:50","modified_gmt":"2020-12-13T12:59:50","slug":"plan-de-turismo-de-la-region-14-municipios-un-destino","status":"publish","type":"post","link":"https:\/\/www.noticiasradioreflejos.com.ar\/2021\/plan-de-turismo-de-la-region-14-municipios-un-destino\/","title":{"rendered":"Plan de Turismo de la Regi\u00f3n, \u00ab14 Municipios, UN DESTINO\u00bb"},"content":{"rendered":"<p> El Director de Planeamiento y Desarrollo Tur\u00edstico de la Naci\u00f3n Sergio Castro reunido con prestadores en la Comarca<!--more--><\/p>\n<p>REUNI\u00d3N EN TORNQUIST CON el Director de Planificaci\u00f3n y Desarrollo Tur\u00edstico de la Naci\u00f3n Sergio Castro, en El Mirador (el pasado jueves 10 de diciembre), con la presencia de su equipo y la Diputada Provincial Mar\u00eda Fernanda Bevilacqua. Acompa\u00f1aron al funcionario Gisela Zupanovich, Natalia Exposito Rodriguez, Eliana Armas y Noelia Castro que tambi\u00e9n integran el Cedetur, centro de estudios para el desarrollo estrat\u00e9gico de los destinos. Son profesionales en turismo y brindan herramientas a los destinos para su desarrollo local sostenible<br \/>\nParticiparon tambi\u00e9n autoridades Municipales de Producci\u00f3n y Turismo Dos Santos, Subsecretario del \u00e1rea Sandobal, Delegados y el ex Intendente, y \u00faltimo candidato del FdT, Gustavo Trankels, junto a referentes de asociaciones y c\u00e1maras de comercio del distrito m\u00e1s la presencia de medios de comunicaci\u00f3n locales.<br \/>\nHubo una breve introducci\u00f3n por parte del anfitri\u00f3n J. Maipach y luego del director nacional qui\u00e9n resalt\u00f3 su inter\u00e9s (postergado desde marzo por la pandemia) en trabajar por regiones tur\u00edsticas \u201cgenerando condiciones para el arraigo y para que las comunidades encuentren en el turismo una manera de mejorar su calidad de vida\u201d. El inicio de este recorrido fue en BBL d\u00f3nde presentaron (mi\u00e9rcoles 09 de diciembre) el Plan de Turismo de la Regi\u00f3n \u201c14 Municipios, UN DESTINO\u201d, luego de describir la potencialidad de esta regi\u00f3n, sobre cuyas posibilidades de integraci\u00f3n tanto se escribi\u00f3 pero poco se ha logrado, se plante\u00f3 como objetivo de esta reuni\u00f3n el \u201cescuchar\u00bb a los prestadores de nuestro distrito.<br \/>\nHubo distintos tipos de planteos algunos coyunturales y otros estructurales de antigua data, entre las necesidades que fueron expuestas por los participantes surgieron:<br \/>\n\u2022\tla propuesta de anular o bonificar el impuesto inmobiliario y ARBA por un tiempo equivalente al freno de la actividad, 8 meses con facturaci\u00f3n CERO por razones de salud p\u00fablica y para quienes no pudieron trabajar,<br \/>\n\u2022\tsigue siendo de gran preocupaci\u00f3n el mal estado general de las rutas de acceso y circulaci\u00f3n en la Comarca, y en particular la RP76, tanto para los habitantes del distrito como para el turista que nos elije como destino,<br \/>\n\u2022\tla Trochita (de SV a VV) se necesitan gestiones de gobierno Nacional para destrabar la recuperaci\u00f3n y puesta en valor de su traza, GT confirm\u00f3 que una parte de esa traza ya pertenece al Municipio.<br \/>\n\u2022\tpara el Ex Club Hotel de Villa Ventana se solicit\u00f3 apoyo para su  urgente recuperaci\u00f3n y mantenimiento de lo poco que queda de un \u00edcono para la Villa y la Comarca,<br \/>\n\u2022\tel otro \u00edcono por excelencia es el Cerro Ventana, atractivo central para el visitante, como las otras excursiones dentro del Parque Provincial ErnestoTornquist, lo que requiere una coordinaci\u00f3n fina y acuerdos razonables con las autoridades del OPDS sobre las pol\u00edticas en relaci\u00f3n a las visitas de turistas a esta Reserva Natural, durante esta temporada y el 2021,<br \/>\n\u2022\tpreocupa la falta de transporte en general interurbano para habitantes del distrito y visitantes con serios problemas para los trabajadores y para quienes los contratan ya que se encarecen los traslados a sus tareas, el cumplimiento de horarios y se limita la integraci\u00f3n del distrito,<br \/>\n\u2022\tes necesaria, urgente e impostergable la  recuperaci\u00f3n  del servicio de Trenes de pasajeros por las estaciones ramal Pringles (Sierra de la Ventana y Saldungaray) cuya existencia dio vida a nuestras localidades y por el que, desde el 2016, solo circulan trenes de carga,<br \/>\n\u2022\tlos prestadores, en relaci\u00f3n a la contrataci\u00f3n de personal, solicitaron condiciones de contrataci\u00f3n m\u00e1s flexibles con apoyo estatal para recuperar y promover el trabajo con personal local,<br \/>\n\u2022\tse solicit\u00f3 la promoci\u00f3n y apoyo desde Naci\u00f3n al reconocimiento y puesta en valor de la cultura y el arte local en la Comarca promovi\u00e9ndolo como una caracter\u00edstica de  identificaci\u00f3n propia de nuestro destino por su riqueza y diversidad,<br \/>\n\u2022\tse manifest\u00f3 la necesidad de cr\u00e9ditos blandos para afrontar las deudas acumuladas en estos meses sin actividad y estimular la inversi\u00f3n,<br \/>\n\u2022\tpreocupa en general la falta de infraestructura para acompa\u00f1ar el crecimiento de la inversi\u00f3n de privados que siempre estuvo por delante de las pol\u00edticas p\u00fablicas, un desarrollo ordenado y planificado requiere que primero el Municipio avance con la infraestructura.<br \/>\n\u2022\tPENDIENTES: se le record\u00f3 al funcionario que en campa\u00f1a 2019 nuestra C\u00e1mara (en mano) le entreg\u00f3 un listado con m\u00e1s de 90 puntos PENDIENTES para el desarrollo tur\u00edstico de la Comarca. Este listado, explic\u00f3 Sergio Castro, fue parte de un informe pre electoral a los que hoy son funcionarios en Turismo Naci\u00f3n, y que fueron elegidos para un mandato de cuatro a\u00f1os. Se le volver\u00e1n a enviar estos aportes realizados oportunamente por CamCoTiSas.<br \/>\nEl listado de pendientes es extenso, tomaron nota y se comprometen a ir dando respuesta sobre todo en lo espec\u00edfico de su \u00e1rea de gesti\u00f3n.<br \/>\nOtros temas tratados fueron<br \/>\n\u2022\tla necesidad de apoyo desde Naci\u00f3n a la promoci\u00f3n del destino, al respecto Sergio Castro mencion\u00f3 la reciente habilitaci\u00f3n de una plataforma de Turismo Naci\u00f3n con detalle e informaci\u00f3n de las Fiestas Regionales. Se resalt\u00f3 la falta de se\u00f1alizaci\u00f3n y carteler\u00eda en las rutas que anuncien nuestro destino.<br \/>\n\u2022\tla grave falta de conectividad que es cr\u00edtica en algunas localidades como Villa Ventana y Villa Serrana La Gruta.<br \/>\n\u2022\tla falta de cajeros o su escasa disponibilidad en la regi\u00f3n. Para Villa Ventana en particular significa un costo de traslado adicional importante al primer cajero y \u00fanico en Sierra de la Ventana.<br \/>\n\u2022\tes urgente erradicar la quema y el basurero a cielo abierto, argumento de varias campa\u00f1as y pedidos de fondos pero con el que a\u00fan seguimos conviviendo, foco de poluci\u00f3n generador de plagas y contaminaci\u00f3n ambiental.<br \/>\n\u2022\tfalta de terminal de micros en Sierra de la Ventana y Saldungaray, sin ba\u00f1os, sin atenci\u00f3n al turista, sin donde guarecerse del fr\u00edo o la lluvia<br \/>\n\u2022\tfalta de servicio fundamental como cloacas en Sierra de la Ventana donde por decisi\u00f3n pol\u00edtica se dej\u00f3 a medio construir la red y luego se destruy\u00f3 lo construido con otras obras superpuestas.<br \/>\nMuchos temas son municipales, otros provinciales, pero si la pol\u00edtica desde naci\u00f3n es promover el turismo regional para crecer organizadamente deben considerarse estos PENDIENTES ACTUALES E HIST\u00d3RICOS para que el destino sea preservado en sus valores naturales y de habitabilidad conservando as\u00ed sus atractivos y protegiendo el desarrollo sostenible de su poblaci\u00f3n.<br \/>\nEs tanto lo que falta hacer que lo poco que hagan ya va a ser mucho!! Fue el comentario en rueda final a las integrantes del equipo que acompa\u00f1\u00f3 a Sergio Castro a qui\u00e9n en reiteradas oportunidades se le agradeci\u00f3 su disponibilidad para acercarse a la regi\u00f3n e interiorizarse de nuestras preocupaciones y necesidades con la intenci\u00f3n de armar en conjunto la agenda del futuro y del crecimiento articulando la gesti\u00f3n entre los distintos ministerios.<br \/>\nDesde el Ministerio de Turismo de Naci\u00f3n se comprometieron a comunicar avances y volver, los esperamos!!<\/p>\n<p>Nota de PRENSA redactada por Jorge Canolik \u2013 Sierra de la Ventana<br \/>\nPrestador de Servicios Tur\u00edsticos e Integrante de la C\u00e1mara de Comercio de Sierra de la Ventana, Villa Arcadia y Saldungaray CamCoTiSas \u2013 Delegado Distrital del Partido Intransigente en Tornquist &#8211; Integrante de la RED CULTURAL CRESTEO \u2013 Gestor y activo integrante de distintas acciones vecinales como \u201cVecinos Auto convocados por la Vuelta del Tren\u201d \u2013 Integrante del Foro de prestadores tur\u00edsticos de la Comarca &#8211; Integrante fundador de la primer Asociaci\u00f3n Ambientalista del Distrito \u201cRA\u00cdCES DE VENTANIA\u201d y de la primer Cooperadora de la \u201cUnidad Sanitaria Dr. Emilio Aldaya\u201d, integrante del panel del Programa Radial \u201cVECINO\u201d, autor e int\u00e9rprete musical, ense\u00f1ante de danzas populares y gestor de diversos talleres y eventos culturales en distintas localidades del distrito. Durante 20 a\u00f1os colaborando con su comunidad, aportando experiencia, tiempo y recursos para el crecimiento social, tur\u00edstico y  cultural del distrito, compartiendo acciones a la par con otros vecinos que elegimos este lugar maravilloso para vivir, intentando cuidarlo y hacerlo mejor para todas y todos.<\/p>\n","protected":false},"excerpt":{"rendered":"<p>El Director de Planeamiento y Desarrollo Tur\u00edstico de la Naci\u00f3n Sergio Castro reunido con prestadores en la Comarca<\/p>\n","protected":false},"author":3,"featured_media":0,"comment_status":"closed","ping_status":"open","sticky":false,"template":"","format":"standard","meta":{"footnotes":""},"categories":[33],"tags":[],"class_list":["post-50221","post","type-post","status-publish","format-standard","hentry","category-turismo"],"yoast_head":"<!-- This site is optimized with the Yoast SEO plugin v25.9 - https:\/\/yoast.com\/wordpress\/plugins\/seo\/ -->\n<title>Plan de Turismo de la Regi\u00f3n, &quot;14 Municipios, UN DESTINO&quot; - Noticias Radio Reflejos<\/title>\n<meta name=\"robots\" content=\"index, follow, max-snippet:-1, max-image-preview:large, max-video-preview:-1\" \/>\n<link rel=\"canonical\" href=\"https:\/\/www.noticiasradioreflejos.com.ar\/2021\/plan-de-turismo-de-la-region-14-municipios-un-destino\/\" \/>\n<meta property=\"og:locale\" content=\"es_ES\" \/>\n<meta property=\"og:type\" content=\"article\" \/>\n<meta property=\"og:title\" content=\"Plan de Turismo de la Regi\u00f3n, &quot;14 Municipios, UN DESTINO&quot; - Noticias Radio Reflejos\" \/>\n<meta property=\"og:description\" content=\"El Director de Planeamiento y Desarrollo Tur\u00edstico de la Naci\u00f3n Sergio Castro reunido con prestadores en la Comarca\" \/>\n<meta property=\"og:url\" content=\"https:\/\/www.noticiasradioreflejos.com.ar\/2021\/plan-de-turismo-de-la-region-14-municipios-un-destino\/\" \/>\n<meta property=\"og:site_name\" content=\"Noticias Radio Reflejos\" \/>\n<meta property=\"article:published_time\" content=\"2020-12-13T12:59:50+00:00\" \/>\n<meta property=\"og:image\" content=\"https:\/\/www.noticiasradioreflejos.com.ar\/2021\/wp-content\/uploads\/2021\/07\/logosol300x200.png\" \/>\n\t<meta property=\"og:image:width\" content=\"300\" \/>\n\t<meta property=\"og:image:height\" content=\"200\" \/>\n\t<meta property=\"og:image:type\" content=\"image\/png\" \/>\n<meta name=\"author\" content=\"Arnaldo Botto\" \/>\n<meta name=\"twitter:card\" content=\"summary_large_image\" \/>\n<script type=\"application\/ld+json\" class=\"yoast-schema-graph\">{\"@context\":\"https:\/\/schema.org\",\"@graph\":[{\"@type\":\"WebPage\",\"@id\":\"https:\/\/www.noticiasradioreflejos.com.ar\/2021\/plan-de-turismo-de-la-region-14-municipios-un-destino\/\",\"url\":\"https:\/\/www.noticiasradioreflejos.com.ar\/2021\/plan-de-turismo-de-la-region-14-municipios-un-destino\/\",\"name\":\"Plan de Turismo de la Regi\u00f3n, \\\"14 Municipios, UN DESTINO\\\" - Noticias Radio Reflejos\",\"isPartOf\":{\"@id\":\"https:\/\/www.noticiasradioreflejos.com.ar\/2021\/#website\"},\"datePublished\":\"2020-12-13T12:59:50+00:00\",\"author\":{\"@id\":\"https:\/\/www.noticiasradioreflejos.com.ar\/2021\/#\/schema\/person\/ad82545263dcc5ec0996818884fd5fb1\"},\"breadcrumb\":{\"@id\":\"https:\/\/www.noticiasradioreflejos.com.ar\/2021\/plan-de-turismo-de-la-region-14-municipios-un-destino\/#breadcrumb\"},\"inLanguage\":\"es\",\"potentialAction\":[{\"@type\":\"ReadAction\",\"target\":[\"https:\/\/www.noticiasradioreflejos.com.ar\/2021\/plan-de-turismo-de-la-region-14-municipios-un-destino\/\"]}]},{\"@type\":\"BreadcrumbList\",\"@id\":\"https:\/\/www.noticiasradioreflejos.com.ar\/2021\/plan-de-turismo-de-la-region-14-municipios-un-destino\/#breadcrumb\",\"itemListElement\":[{\"@type\":\"ListItem\",\"position\":1,\"name\":\"Portada\",\"item\":\"https:\/\/www.noticiasradioreflejos.com.ar\/2021\/\"},{\"@type\":\"ListItem\",\"position\":2,\"name\":\"Plan de Turismo de la Regi\u00f3n, \u00ab14 Municipios, UN DESTINO\u00bb\"}]},{\"@type\":\"WebSite\",\"@id\":\"https:\/\/www.noticiasradioreflejos.com.ar\/2021\/#website\",\"url\":\"https:\/\/www.noticiasradioreflejos.com.ar\/2021\/\",\"name\":\"Noticias Radio Reflejos\",\"description\":\"Las noticias de mi comarca\",\"potentialAction\":[{\"@type\":\"SearchAction\",\"target\":{\"@type\":\"EntryPoint\",\"urlTemplate\":\"https:\/\/www.noticiasradioreflejos.com.ar\/2021\/?s={search_term_string}\"},\"query-input\":{\"@type\":\"PropertyValueSpecification\",\"valueRequired\":true,\"valueName\":\"search_term_string\"}}],\"inLanguage\":\"es\"},{\"@type\":\"Person\",\"@id\":\"https:\/\/www.noticiasradioreflejos.com.ar\/2021\/#\/schema\/person\/ad82545263dcc5ec0996818884fd5fb1\",\"name\":\"Arnaldo Botto\",\"image\":{\"@type\":\"ImageObject\",\"inLanguage\":\"es\",\"@id\":\"https:\/\/www.noticiasradioreflejos.com.ar\/2021\/#\/schema\/person\/image\/\",\"url\":\"https:\/\/secure.gravatar.com\/avatar\/55cb5e37c1efa326397366e6974cb338056df65cb50e7d64d1cf314e87504837?s=96&d=mm&r=g\",\"contentUrl\":\"https:\/\/secure.gravatar.com\/avatar\/55cb5e37c1efa326397366e6974cb338056df65cb50e7d64d1cf314e87504837?s=96&d=mm&r=g\",\"caption\":\"Arnaldo Botto\"},\"url\":\"https:\/\/www.noticiasradioreflejos.com.ar\/2021\/author\/arnaldo\/\"}]}<\/script>\n<!-- \/ Yoast SEO plugin. -->","yoast_head_json":{"title":"Plan de Turismo de la Regi\u00f3n, \"14 Municipios, UN DESTINO\" - Noticias Radio Reflejos","robots":{"index":"index","follow":"follow","max-snippet":"max-snippet:-1","max-image-preview":"max-image-preview:large","max-video-preview":"max-video-preview:-1"},"canonical":"https:\/\/www.noticiasradioreflejos.com.ar\/2021\/plan-de-turismo-de-la-region-14-municipios-un-destino\/","og_locale":"es_ES","og_type":"article","og_title":"Plan de Turismo de la Regi\u00f3n, \"14 Municipios, UN DESTINO\" - Noticias Radio Reflejos","og_description":"El Director de Planeamiento y Desarrollo Tur\u00edstico de la Naci\u00f3n Sergio Castro reunido con prestadores en la Comarca","og_url":"https:\/\/www.noticiasradioreflejos.com.ar\/2021\/plan-de-turismo-de-la-region-14-municipios-un-destino\/","og_site_name":"Noticias Radio Reflejos","article_published_time":"2020-12-13T12:59:50+00:00","og_image":[{"width":300,"height":200,"url":"https:\/\/www.noticiasradioreflejos.com.ar\/2021\/wp-content\/uploads\/2021\/07\/logosol300x200.png","type":"image\/png"}],"author":"Arnaldo Botto","twitter_card":"summary_large_image","schema":{"@context":"https:\/\/schema.org","@graph":[{"@type":"WebPage","@id":"https:\/\/www.noticiasradioreflejos.com.ar\/2021\/plan-de-turismo-de-la-region-14-municipios-un-destino\/","url":"https:\/\/www.noticiasradioreflejos.com.ar\/2021\/plan-de-turismo-de-la-region-14-municipios-un-destino\/","name":"Plan de Turismo de la Regi\u00f3n, \"14 Municipios, UN DESTINO\" - Noticias Radio Reflejos","isPartOf":{"@id":"https:\/\/www.noticiasradioreflejos.com.ar\/2021\/#website"},"datePublished":"2020-12-13T12:59:50+00:00","author":{"@id":"https:\/\/www.noticiasradioreflejos.com.ar\/2021\/#\/schema\/person\/ad82545263dcc5ec0996818884fd5fb1"},"breadcrumb":{"@id":"https:\/\/www.noticiasradioreflejos.com.ar\/2021\/plan-de-turismo-de-la-region-14-municipios-un-destino\/#breadcrumb"},"inLanguage":"es","potentialAction":[{"@type":"ReadAction","target":["https:\/\/www.noticiasradioreflejos.com.ar\/2021\/plan-de-turismo-de-la-region-14-municipios-un-destino\/"]}]},{"@type":"BreadcrumbList","@id":"https:\/\/www.noticiasradioreflejos.com.ar\/2021\/plan-de-turismo-de-la-region-14-municipios-un-destino\/#breadcrumb","itemListElement":[{"@type":"ListItem","position":1,"name":"Portada","item":"https:\/\/www.noticiasradioreflejos.com.ar\/2021\/"},{"@type":"ListItem","position":2,"name":"Plan de Turismo de la Regi\u00f3n, \u00ab14 Municipios, UN DESTINO\u00bb"}]},{"@type":"WebSite","@id":"https:\/\/www.noticiasradioreflejos.com.ar\/2021\/#website","url":"https:\/\/www.noticiasradioreflejos.com.ar\/2021\/","name":"Noticias Radio Reflejos","description":"Las noticias de mi comarca","potentialAction":[{"@type":"SearchAction","target":{"@type":"EntryPoint","urlTemplate":"https:\/\/www.noticiasradioreflejos.com.ar\/2021\/?s={search_term_string}"},"query-input":{"@type":"PropertyValueSpecification","valueRequired":true,"valueName":"search_term_string"}}],"inLanguage":"es"},{"@type":"Person","@id":"https:\/\/www.noticiasradioreflejos.com.ar\/2021\/#\/schema\/person\/ad82545263dcc5ec0996818884fd5fb1","name":"Arnaldo Botto","image":{"@type":"ImageObject","inLanguage":"es","@id":"https:\/\/www.noticiasradioreflejos.com.ar\/2021\/#\/schema\/person\/image\/","url":"https:\/\/secure.gravatar.com\/avatar\/55cb5e37c1efa326397366e6974cb338056df65cb50e7d64d1cf314e87504837?s=96&d=mm&r=g","contentUrl":"https:\/\/secure.gravatar.com\/avatar\/55cb5e37c1efa326397366e6974cb338056df65cb50e7d64d1cf314e87504837?s=96&d=mm&r=g","caption":"Arnaldo Botto"},"url":"https:\/\/www.noticiasradioreflejos.com.ar\/2021\/author\/arnaldo\/"}]}},"_links":{"self":[{"href":"https:\/\/www.noticiasradioreflejos.com.ar\/2021\/wp-json\/wp\/v2\/posts\/50221","targetHints":{"allow":["GET"]}}],"collection":[{"href":"https:\/\/www.noticiasradioreflejos.com.ar\/2021\/wp-json\/wp\/v2\/posts"}],"about":[{"href":"https:\/\/www.noticiasradioreflejos.com.ar\/2021\/wp-json\/wp\/v2\/types\/post"}],"author":[{"embeddable":true,"href":"https:\/\/www.noticiasradioreflejos.com.ar\/2021\/wp-json\/wp\/v2\/users\/3"}],"replies":[{"embeddable":true,"href":"https:\/\/www.noticiasradioreflejos.com.ar\/2021\/wp-json\/wp\/v2\/comments?post=50221"}],"version-history":[{"count":0,"href":"https:\/\/www.noticiasradioreflejos.com.ar\/2021\/wp-json\/wp\/v2\/posts\/50221\/revisions"}],"wp:attachment":[{"href":"https:\/\/www.noticiasradioreflejos.com.ar\/2021\/wp-json\/wp\/v2\/media?parent=50221"}],"wp:term":[{"taxonomy":"category","embeddable":true,"href":"https:\/\/www.noticiasradioreflejos.com.ar\/2021\/wp-json\/wp\/v2\/categories?post=50221"},{"taxonomy":"post_tag","embeddable":true,"href":"https:\/\/www.noticiasradioreflejos.com.ar\/2021\/wp-json\/wp\/v2\/tags?post=50221"}],"curies":[{"name":"wp","href":"https:\/\/api.w.org\/{rel}","templated":true}]}}