{"id":50211,"date":"2020-12-11T16:46:52","date_gmt":"2020-12-11T19:46:52","guid":{"rendered":"http:\/\/www.noticiasradioreflejos.com.ar\/noticias\/?p=50211"},"modified":"2020-12-11T16:46:52","modified_gmt":"2020-12-11T19:46:52","slug":"se-recuperaron-7-500-kilos-de-vidrio-en-dos-meses","status":"publish","type":"post","link":"https:\/\/www.noticiasradioreflejos.com.ar\/2021\/se-recuperaron-7-500-kilos-de-vidrio-en-dos-meses\/","title":{"rendered":"Se recuperaron 7.500 kilos de vidrio en dos meses."},"content":{"rendered":"<p>La Direcci\u00f3n de Medio Ambiente municipal, informa a la comunidad, que en los dos \u00faltimos meses, se han recuperado 7.500 kilos de vidrios (frascos y botellas). <!--more--><\/p>\n<p>Gracias a la colaboraci\u00f3n de los vecinos, que depositan este material en los puntos limpios, se ha permitido realizar una nueva entrega del mismo, para que vuelva al circuito de reciclado, contribuyendo al cuidado de nuestro distrito.<br \/>\n<a title=\"WhatsApp Image 2020-12-11 at 07.56.37\" href=\"http:\/\/live.staticflickr.com\/65535\/50707222547_8a0d4d2179_s.jpg\" rel=\"\"><img loading=\"lazy\" decoding=\"async\" class=\"aligncenter\" title=\"WhatsApp Image 2020-12-11 at 07.56.37\" src=\"http:\/\/live.staticflickr.com\/65535\/50707222547_8a0d4d2179_z.jpg\" alt=\"WhatsApp Image 2020-12-11 at 07.56.37\" width=\"480\" height=\"640\" \/><\/a><br \/>\nEl reciclado del vidrio, como de otros elementos (papel, cart\u00f3n, latas, tetrabrik), no solo evitan la creaci\u00f3n y aumento de basurales, sino que tambi\u00e9n produce un ahorro de energ\u00eda y agua en la producci\u00f3n de nuevos envases y\/o productos.<br \/>\nRecordamos que en todas las localidades del distrito se encuentran distribuidos Puntos Limpios, para depositar los materiales a reciclar. Los mismos deben colocarse limpios.<\/p>\n","protected":false},"excerpt":{"rendered":"<p>La Direcci\u00f3n de Medio Ambiente municipal, informa a la comunidad, que en los dos \u00faltimos meses, se han recuperado 7.500 kilos de vidrios (frascos y botellas).<\/p>\n","protected":false},"author":3,"featured_media":0,"comment_status":"closed","ping_status":"open","sticky":false,"template":"","format":"standard","meta":{"footnotes":""},"categories":[28],"tags":[],"class_list":["post-50211","post","type-post","status-publish","format-standard","hentry","category-municipales"],"yoast_head":"<!-- This site is optimized with the Yoast SEO plugin v25.9 - https:\/\/yoast.com\/wordpress\/plugins\/seo\/ -->\n<title>Se recuperaron 7.500 kilos de vidrio en dos meses. - Noticias Radio Reflejos<\/title>\n<meta name=\"robots\" content=\"index, follow, max-snippet:-1, max-image-preview:large, max-video-preview:-1\" \/>\n<link rel=\"canonical\" href=\"https:\/\/www.noticiasradioreflejos.com.ar\/2021\/se-recuperaron-7-500-kilos-de-vidrio-en-dos-meses\/\" \/>\n<meta property=\"og:locale\" content=\"es_ES\" \/>\n<meta property=\"og:type\" content=\"article\" \/>\n<meta property=\"og:title\" content=\"Se recuperaron 7.500 kilos de vidrio en dos meses. - Noticias Radio Reflejos\" \/>\n<meta property=\"og:description\" content=\"La Direcci\u00f3n de Medio Ambiente municipal, informa a la comunidad, que en los dos \u00faltimos meses, se han recuperado 7.500 kilos de vidrios (frascos y botellas).\" \/>\n<meta property=\"og:url\" content=\"https:\/\/www.noticiasradioreflejos.com.ar\/2021\/se-recuperaron-7-500-kilos-de-vidrio-en-dos-meses\/\" \/>\n<meta property=\"og:site_name\" content=\"Noticias Radio Reflejos\" \/>\n<meta property=\"article:published_time\" content=\"2020-12-11T19:46:52+00:00\" \/>\n<meta property=\"og:image\" content=\"http:\/\/live.staticflickr.com\/65535\/50707222547_8a0d4d2179_z.jpg\" \/>\n<meta name=\"author\" content=\"Arnaldo Botto\" \/>\n<meta name=\"twitter:card\" content=\"summary_large_image\" \/>\n<script type=\"application\/ld+json\" class=\"yoast-schema-graph\">{\"@context\":\"https:\/\/schema.org\",\"@graph\":[{\"@type\":\"WebPage\",\"@id\":\"https:\/\/www.noticiasradioreflejos.com.ar\/2021\/se-recuperaron-7-500-kilos-de-vidrio-en-dos-meses\/\",\"url\":\"https:\/\/www.noticiasradioreflejos.com.ar\/2021\/se-recuperaron-7-500-kilos-de-vidrio-en-dos-meses\/\",\"name\":\"Se recuperaron 7.500 kilos de vidrio en dos meses. - Noticias Radio Reflejos\",\"isPartOf\":{\"@id\":\"https:\/\/www.noticiasradioreflejos.com.ar\/2021\/#website\"},\"primaryImageOfPage\":{\"@id\":\"https:\/\/www.noticiasradioreflejos.com.ar\/2021\/se-recuperaron-7-500-kilos-de-vidrio-en-dos-meses\/#primaryimage\"},\"image\":{\"@id\":\"https:\/\/www.noticiasradioreflejos.com.ar\/2021\/se-recuperaron-7-500-kilos-de-vidrio-en-dos-meses\/#primaryimage\"},\"thumbnailUrl\":\"http:\/\/live.staticflickr.com\/65535\/50707222547_8a0d4d2179_z.jpg\",\"datePublished\":\"2020-12-11T19:46:52+00:00\",\"author\":{\"@id\":\"https:\/\/www.noticiasradioreflejos.com.ar\/2021\/#\/schema\/person\/ad82545263dcc5ec0996818884fd5fb1\"},\"breadcrumb\":{\"@id\":\"https:\/\/www.noticiasradioreflejos.com.ar\/2021\/se-recuperaron-7-500-kilos-de-vidrio-en-dos-meses\/#breadcrumb\"},\"inLanguage\":\"es\",\"potentialAction\":[{\"@type\":\"ReadAction\",\"target\":[\"https:\/\/www.noticiasradioreflejos.com.ar\/2021\/se-recuperaron-7-500-kilos-de-vidrio-en-dos-meses\/\"]}]},{\"@type\":\"ImageObject\",\"inLanguage\":\"es\",\"@id\":\"https:\/\/www.noticiasradioreflejos.com.ar\/2021\/se-recuperaron-7-500-kilos-de-vidrio-en-dos-meses\/#primaryimage\",\"url\":\"http:\/\/live.staticflickr.com\/65535\/50707222547_8a0d4d2179_z.jpg\",\"contentUrl\":\"http:\/\/live.staticflickr.com\/65535\/50707222547_8a0d4d2179_z.jpg\"},{\"@type\":\"BreadcrumbList\",\"@id\":\"https:\/\/www.noticiasradioreflejos.com.ar\/2021\/se-recuperaron-7-500-kilos-de-vidrio-en-dos-meses\/#breadcrumb\",\"itemListElement\":[{\"@type\":\"ListItem\",\"position\":1,\"name\":\"Portada\",\"item\":\"https:\/\/www.noticiasradioreflejos.com.ar\/2021\/\"},{\"@type\":\"ListItem\",\"position\":2,\"name\":\"Se recuperaron 7.500 kilos de vidrio en dos meses.\"}]},{\"@type\":\"WebSite\",\"@id\":\"https:\/\/www.noticiasradioreflejos.com.ar\/2021\/#website\",\"url\":\"https:\/\/www.noticiasradioreflejos.com.ar\/2021\/\",\"name\":\"Noticias Radio Reflejos\",\"description\":\"Las noticias de mi comarca\",\"potentialAction\":[{\"@type\":\"SearchAction\",\"target\":{\"@type\":\"EntryPoint\",\"urlTemplate\":\"https:\/\/www.noticiasradioreflejos.com.ar\/2021\/?s={search_term_string}\"},\"query-input\":{\"@type\":\"PropertyValueSpecification\",\"valueRequired\":true,\"valueName\":\"search_term_string\"}}],\"inLanguage\":\"es\"},{\"@type\":\"Person\",\"@id\":\"https:\/\/www.noticiasradioreflejos.com.ar\/2021\/#\/schema\/person\/ad82545263dcc5ec0996818884fd5fb1\",\"name\":\"Arnaldo Botto\",\"image\":{\"@type\":\"ImageObject\",\"inLanguage\":\"es\",\"@id\":\"https:\/\/www.noticiasradioreflejos.com.ar\/2021\/#\/schema\/person\/image\/\",\"url\":\"https:\/\/secure.gravatar.com\/avatar\/55cb5e37c1efa326397366e6974cb338056df65cb50e7d64d1cf314e87504837?s=96&d=mm&r=g\",\"contentUrl\":\"https:\/\/secure.gravatar.com\/avatar\/55cb5e37c1efa326397366e6974cb338056df65cb50e7d64d1cf314e87504837?s=96&d=mm&r=g\",\"caption\":\"Arnaldo Botto\"},\"url\":\"https:\/\/www.noticiasradioreflejos.com.ar\/2021\/author\/arnaldo\/\"}]}<\/script>\n<!-- \/ Yoast SEO plugin. -->","yoast_head_json":{"title":"Se recuperaron 7.500 kilos de vidrio en dos meses. - Noticias Radio Reflejos","robots":{"index":"index","follow":"follow","max-snippet":"max-snippet:-1","max-image-preview":"max-image-preview:large","max-video-preview":"max-video-preview:-1"},"canonical":"https:\/\/www.noticiasradioreflejos.com.ar\/2021\/se-recuperaron-7-500-kilos-de-vidrio-en-dos-meses\/","og_locale":"es_ES","og_type":"article","og_title":"Se recuperaron 7.500 kilos de vidrio en dos meses. - Noticias Radio Reflejos","og_description":"La Direcci\u00f3n de Medio Ambiente municipal, informa a la comunidad, que en los dos \u00faltimos meses, se han recuperado 7.500 kilos de vidrios (frascos y botellas).","og_url":"https:\/\/www.noticiasradioreflejos.com.ar\/2021\/se-recuperaron-7-500-kilos-de-vidrio-en-dos-meses\/","og_site_name":"Noticias Radio Reflejos","article_published_time":"2020-12-11T19:46:52+00:00","og_image":[{"url":"http:\/\/live.staticflickr.com\/65535\/50707222547_8a0d4d2179_z.jpg","type":"","width":"","height":""}],"author":"Arnaldo Botto","twitter_card":"summary_large_image","schema":{"@context":"https:\/\/schema.org","@graph":[{"@type":"WebPage","@id":"https:\/\/www.noticiasradioreflejos.com.ar\/2021\/se-recuperaron-7-500-kilos-de-vidrio-en-dos-meses\/","url":"https:\/\/www.noticiasradioreflejos.com.ar\/2021\/se-recuperaron-7-500-kilos-de-vidrio-en-dos-meses\/","name":"Se recuperaron 7.500 kilos de vidrio en dos meses. - Noticias Radio Reflejos","isPartOf":{"@id":"https:\/\/www.noticiasradioreflejos.com.ar\/2021\/#website"},"primaryImageOfPage":{"@id":"https:\/\/www.noticiasradioreflejos.com.ar\/2021\/se-recuperaron-7-500-kilos-de-vidrio-en-dos-meses\/#primaryimage"},"image":{"@id":"https:\/\/www.noticiasradioreflejos.com.ar\/2021\/se-recuperaron-7-500-kilos-de-vidrio-en-dos-meses\/#primaryimage"},"thumbnailUrl":"http:\/\/live.staticflickr.com\/65535\/50707222547_8a0d4d2179_z.jpg","datePublished":"2020-12-11T19:46:52+00:00","author":{"@id":"https:\/\/www.noticiasradioreflejos.com.ar\/2021\/#\/schema\/person\/ad82545263dcc5ec0996818884fd5fb1"},"breadcrumb":{"@id":"https:\/\/www.noticiasradioreflejos.com.ar\/2021\/se-recuperaron-7-500-kilos-de-vidrio-en-dos-meses\/#breadcrumb"},"inLanguage":"es","potentialAction":[{"@type":"ReadAction","target":["https:\/\/www.noticiasradioreflejos.com.ar\/2021\/se-recuperaron-7-500-kilos-de-vidrio-en-dos-meses\/"]}]},{"@type":"ImageObject","inLanguage":"es","@id":"https:\/\/www.noticiasradioreflejos.com.ar\/2021\/se-recuperaron-7-500-kilos-de-vidrio-en-dos-meses\/#primaryimage","url":"http:\/\/live.staticflickr.com\/65535\/50707222547_8a0d4d2179_z.jpg","contentUrl":"http:\/\/live.staticflickr.com\/65535\/50707222547_8a0d4d2179_z.jpg"},{"@type":"BreadcrumbList","@id":"https:\/\/www.noticiasradioreflejos.com.ar\/2021\/se-recuperaron-7-500-kilos-de-vidrio-en-dos-meses\/#breadcrumb","itemListElement":[{"@type":"ListItem","position":1,"name":"Portada","item":"https:\/\/www.noticiasradioreflejos.com.ar\/2021\/"},{"@type":"ListItem","position":2,"name":"Se recuperaron 7.500 kilos de vidrio en dos meses."}]},{"@type":"WebSite","@id":"https:\/\/www.noticiasradioreflejos.com.ar\/2021\/#website","url":"https:\/\/www.noticiasradioreflejos.com.ar\/2021\/","name":"Noticias Radio Reflejos","description":"Las noticias de mi comarca","potentialAction":[{"@type":"SearchAction","target":{"@type":"EntryPoint","urlTemplate":"https:\/\/www.noticiasradioreflejos.com.ar\/2021\/?s={search_term_string}"},"query-input":{"@type":"PropertyValueSpecification","valueRequired":true,"valueName":"search_term_string"}}],"inLanguage":"es"},{"@type":"Person","@id":"https:\/\/www.noticiasradioreflejos.com.ar\/2021\/#\/schema\/person\/ad82545263dcc5ec0996818884fd5fb1","name":"Arnaldo Botto","image":{"@type":"ImageObject","inLanguage":"es","@id":"https:\/\/www.noticiasradioreflejos.com.ar\/2021\/#\/schema\/person\/image\/","url":"https:\/\/secure.gravatar.com\/avatar\/55cb5e37c1efa326397366e6974cb338056df65cb50e7d64d1cf314e87504837?s=96&d=mm&r=g","contentUrl":"https:\/\/secure.gravatar.com\/avatar\/55cb5e37c1efa326397366e6974cb338056df65cb50e7d64d1cf314e87504837?s=96&d=mm&r=g","caption":"Arnaldo Botto"},"url":"https:\/\/www.noticiasradioreflejos.com.ar\/2021\/author\/arnaldo\/"}]}},"_links":{"self":[{"href":"https:\/\/www.noticiasradioreflejos.com.ar\/2021\/wp-json\/wp\/v2\/posts\/50211","targetHints":{"allow":["GET"]}}],"collection":[{"href":"https:\/\/www.noticiasradioreflejos.com.ar\/2021\/wp-json\/wp\/v2\/posts"}],"about":[{"href":"https:\/\/www.noticiasradioreflejos.com.ar\/2021\/wp-json\/wp\/v2\/types\/post"}],"author":[{"embeddable":true,"href":"https:\/\/www.noticiasradioreflejos.com.ar\/2021\/wp-json\/wp\/v2\/users\/3"}],"replies":[{"embeddable":true,"href":"https:\/\/www.noticiasradioreflejos.com.ar\/2021\/wp-json\/wp\/v2\/comments?post=50211"}],"version-history":[{"count":0,"href":"https:\/\/www.noticiasradioreflejos.com.ar\/2021\/wp-json\/wp\/v2\/posts\/50211\/revisions"}],"wp:attachment":[{"href":"https:\/\/www.noticiasradioreflejos.com.ar\/2021\/wp-json\/wp\/v2\/media?parent=50211"}],"wp:term":[{"taxonomy":"category","embeddable":true,"href":"https:\/\/www.noticiasradioreflejos.com.ar\/2021\/wp-json\/wp\/v2\/categories?post=50211"},{"taxonomy":"post_tag","embeddable":true,"href":"https:\/\/www.noticiasradioreflejos.com.ar\/2021\/wp-json\/wp\/v2\/tags?post=50211"}],"curies":[{"name":"wp","href":"https:\/\/api.w.org\/{rel}","templated":true}]}}