{"id":50204,"date":"2020-12-11T16:53:41","date_gmt":"2020-12-11T19:53:41","guid":{"rendered":"http:\/\/www.noticiasradioreflejos.com.ar\/noticias\/?p=50204"},"modified":"2020-12-11T16:53:41","modified_gmt":"2020-12-11T19:53:41","slug":"lo-mas-importante-este-ano-fue-sostener-el-vinculo-con-ellos-prof-claudia-fernandez","status":"publish","type":"post","link":"https:\/\/www.noticiasradioreflejos.com.ar\/2021\/lo-mas-importante-este-ano-fue-sostener-el-vinculo-con-ellos-prof-claudia-fernandez\/","title":{"rendered":"\u00abLo m\u00e1s importante este a\u00f1o fue sostener el v\u00ednculo con ellos\u00bb &#8211; Prof. Claudia Fern\u00e1ndez"},"content":{"rendered":"<p><strong><a title=\"WhatsApp Image 2020-12-11 at 12.19.18\" href=\"http:\/\/live.staticflickr.com\/65535\/50707140721_327afeb3c1_s.jpg\" rel=\"\"><img loading=\"lazy\" decoding=\"async\" class=\"alignleft\" style=\"float: left;\" title=\"WhatsApp Image 2020-12-11 at 12.19.18\" src=\"http:\/\/live.staticflickr.com\/65535\/50707140721_327afeb3c1.jpg\" alt=\"WhatsApp Image 2020-12-11 at 12.19.18\" width=\"500\" height=\"389\" \/><\/a><\/strong>Tras un a\u00f1o de muchas luchas y desaf\u00edos en lo educativo a ra\u00edz de la pandemia<strong>,\u00a0 Claudia Fern\u00e1ndez<\/strong>, directora de la Escuela T\u00e9cnica Agraria N\u00b0 1 de Tornquist, conversa con nosotros para comentarnos c\u00f3mo fue atravesar el presente ciclo lectivo desde la instituci\u00f3n.<!--more--><\/p>\n<p>\u00abFue un a\u00f1o de mucho trabajo, de estar lo m\u00e1s cercano a la familia de nuestros alumnos de lo que pod\u00edamos. Si bien tenemos matr\u00edcula que pertenece a la localidad de Tornquist o Saldungaray, Sierra de la Ventana y Bah\u00eda, tambi\u00e9n tenemos alumnos de zona rural o alumnos que no ten\u00edan conectividad\u00bb desarroll\u00f3 c\u00f3mo fue que atravesaron desde el colegio el corriente ciclo lectivo.<\/p>\n<p>La directora aprovech\u00f3 para agradecerle a la Cooperativa El\u00e9ctrica de Tornquist por su buena disposici\u00f3n con la instituci\u00f3n. \u00abHan colocado internet gratis a algunos alumnos y desde la escuela hemos podido prestar computadoras, estamos muy agradecidos\u00bb transmiti\u00f3.<\/p>\n<p>Entre las situaciones in\u00e9ditas que sucedieron este a\u00f1o, Claudia comenta que ten\u00edan que hacerle llegar las tareas impresas a los chicos viviendo en zonas rurales sin importar el tiempo. \u00abA veces cuando llov\u00eda un profesor, que vive en Saldungaray, agarraba su moto y le colgaba las tareas a los chicos en la tranquera\u00bb record\u00f3.<\/p>\n<p><a title=\"WhatsApp Image 2020-12-11 at 12.18.27 (1)\" href=\"http:\/\/live.staticflickr.com\/65535\/50707140576_9323181eff_s.jpg\" rel=\"\"><img loading=\"lazy\" decoding=\"async\" class=\"aligncenter\" title=\"WhatsApp Image 2020-12-11 at 12.18.27 (1)\" src=\"http:\/\/live.staticflickr.com\/65535\/50707140576_9323181eff_z.jpg\" alt=\"WhatsApp Image 2020-12-11 at 12.18.27 (1)\" width=\"640\" height=\"574\" \/><\/a><\/p>\n<p>\u00abQuiero felicitar al grupo de trabajo de la escuela, tanto docentes como auxiliares porque nos pusimos al hombro la instituci\u00f3n porque se hizo un esfuerzo muy importante\u00bb expres\u00f3 Claudia al comentar la dedicaci\u00f3n que han brindado los trabajadores de la escuela para seguir adelante a pesar de la pandemia. \u00abSe trat\u00f3 de sostener en todo momento el v\u00ednculo con los alumnos y sus familias\u00bb.<\/p>\n<p>Claudia tambi\u00e9n coment\u00f3 que, este a\u00f1o, tras la dif\u00edcil situaci\u00f3n econ\u00f3mica y la falta de trabajo que signific\u00f3 la pandemia, estuvieron asistiendo a las familias de bajos recursos para hacerles llegar bolsones de alimento. \u00abLo hicimos con la ayuda del Consejo Escolar, que nos suministraba los bolsones. Se los acerc\u00e1bamos a sus domicilios, siempre con los protocolos. Tambi\u00e9n era una manera de acercarnos, el hecho de acercarles el bols\u00f3n o las computadoras fue una forma de verles las caras\u00bb.<\/p>\n<p>La directora tambi\u00e9n nos cont\u00f3 que, durante este a\u00f1o, no s\u00f3lo realizaron videollamadas y llamadas con los alumnos y familias con fines puramente acad\u00e9micos. Adem\u00e1s, mediante la aplicaci\u00f3n Instagram, se juntan todos los Jueves a las 20hs mediante un vivo para darles a los alumnos un espacio donde poder expresarse. \u00abEs un momentito para hablar de cosas que no sean estrictamente lo educativo para que ellos nos puedan contar como est\u00e1n. Lo m\u00e1s importante este a\u00f1o fue sostener el v\u00ednculo con ellos\u00bb.<\/p>\n<p><a title=\"WhatsApp Image 2020-12-11 at 12.18.27 (2)\" href=\"http:\/\/live.staticflickr.com\/65535\/50707222387_c3ac06248d_s.jpg\" rel=\"\"><img loading=\"lazy\" decoding=\"async\" class=\"aligncenter\" title=\"WhatsApp Image 2020-12-11 at 12.18.27 (2)\" src=\"http:\/\/live.staticflickr.com\/65535\/50707222387_c3ac06248d_z.jpg\" alt=\"WhatsApp Image 2020-12-11 at 12.18.27 (2)\" width=\"640\" height=\"573\" \/><\/a><\/p>\n<p>Para el a\u00f1o que viene, Claudia comenta que \u00abhasta el momento no contamos con un protocolo espec\u00edfico para lo que es residencias. Est\u00e1 el Plan Jurisdiccional donde est\u00e1n pautadas las medidas de prevenci\u00f3n y cuidado, de desinfecci\u00f3n y limpieza de los edificios, ubicar a los alumnos y docentes en el aula. Pero lo que es residencias, todav\u00eda no hay nada espec\u00edfico\u00bb.<\/p>\n<p>Con respecto a las ense\u00f1anzas pr\u00e1cticas, la directora de la Agraria mencion\u00f3 que tiene la esperanza de que el a\u00f1o que viene existan protocolos para una asistencia dual virtual-presencial, ya que el contacto con las actividades en el campo y el aprender mediante la pr\u00e1ctica es esencial en una escuela como esta.<\/p>\n<p>La inscripci\u00f3n para la Escuela T\u00e9cnica Agraria N\u00b0 1 de Tornquist est\u00e1 abierta hasta el 22 de Diciembre.<br \/>\nEn la escuela, de 9 a 11hs, a partir del 9\/12 hasta el 22\/12, va a haber gente avocada a la inscripci\u00f3n.<\/p>\n<p>Para cualquier duda o consulta, se pueden comunicar mediante llamada o Whatsapp a los n\u00fameros<br \/>\nTel\u00e9fono fijo: 4940522<br \/>\nTel\u00e9fono celular de la escuela:<br \/>\nTel\u00e9fono celular Claudia Fern\u00e1ndez (directora): 291 4635934<\/p>\n<p>Nota completa a continuaci\u00f3n:<br \/>\n<iframe loading=\"lazy\" src=\"https:\/\/w.soundcloud.com\/player\/?url=https%3A\/\/api.soundcloud.com\/tracks\/945621640&amp;color=%23ff5500&amp;auto_play=false&amp;hide_related=false&amp;show_comments=true&amp;show_user=true&amp;show_reposts=false&amp;show_teaser=true\" width=\"100%\" height=\"166\" frameborder=\"no\" scrolling=\"no\"><\/iframe><\/p>\n<div style=\"font-size: 10px; color: #cccccc; line-break: anywhere; word-break: normal; overflow: hidden; white-space: nowrap; text-overflow: ellipsis; font-family: Interstate,Lucida Grande,Lucida Sans Unicode,Lucida Sans,Garuda,Verdana,Tahoma,sans-serif; font-weight: 100;\"><a style=\"color: #cccccc; text-decoration: none;\" title=\"fmreflejos 103.7\" href=\"https:\/\/soundcloud.com\/fmreflejos-103-7\" target=\"_blank\" rel=\"noopener\">fmreflejos 103.7<\/a> \u00b7 <a style=\"color: #cccccc; text-decoration: none;\" title=\"Nota Claudia Fernandez Escuela Agraria Tornquist\" href=\"https:\/\/soundcloud.com\/fmreflejos-103-7\/nota-claudia-fernandez-escuela-agraria-tornquist\" target=\"_blank\" rel=\"noopener\">Nota Claudia Fernandez Escuela Agraria Tornquist<\/a><\/div>\n","protected":false},"excerpt":{"rendered":"<p>Tras un a\u00f1o de muchas luchas y desaf\u00edos en lo educativo a ra\u00edz de la pandemia,\u00a0 Claudia Fern\u00e1ndez, directora de la Escuela T\u00e9cnica Agraria N\u00b0 1 de Tornquist, conversa con nosotros para comentarnos c\u00f3mo fue atravesar el presente ciclo lectivo desde la instituci\u00f3n.<\/p>\n","protected":false},"author":3,"featured_media":0,"comment_status":"closed","ping_status":"open","sticky":false,"template":"","format":"standard","meta":{"footnotes":""},"categories":[34],"tags":[],"class_list":["post-50204","post","type-post","status-publish","format-standard","hentry","category-educacion"],"yoast_head":"<!-- This site is optimized with the Yoast SEO plugin v25.9 - https:\/\/yoast.com\/wordpress\/plugins\/seo\/ -->\n<title>&quot;Lo m\u00e1s importante este a\u00f1o fue sostener el v\u00ednculo con ellos&quot; - Prof. Claudia Fern\u00e1ndez - Noticias Radio Reflejos<\/title>\n<meta name=\"robots\" content=\"index, follow, max-snippet:-1, max-image-preview:large, max-video-preview:-1\" \/>\n<link rel=\"canonical\" href=\"https:\/\/www.noticiasradioreflejos.com.ar\/2021\/lo-mas-importante-este-ano-fue-sostener-el-vinculo-con-ellos-prof-claudia-fernandez\/\" \/>\n<meta property=\"og:locale\" content=\"es_ES\" \/>\n<meta property=\"og:type\" content=\"article\" \/>\n<meta property=\"og:title\" content=\"&quot;Lo m\u00e1s importante este a\u00f1o fue sostener el v\u00ednculo con ellos&quot; - Prof. Claudia Fern\u00e1ndez - Noticias Radio Reflejos\" \/>\n<meta property=\"og:description\" content=\"Tras un a\u00f1o de muchas luchas y desaf\u00edos en lo educativo a ra\u00edz de la pandemia,\u00a0 Claudia Fern\u00e1ndez, directora de la Escuela T\u00e9cnica Agraria N\u00b0 1 de Tornquist, conversa con nosotros para comentarnos c\u00f3mo fue atravesar el presente ciclo lectivo desde la instituci\u00f3n.\" \/>\n<meta property=\"og:url\" content=\"https:\/\/www.noticiasradioreflejos.com.ar\/2021\/lo-mas-importante-este-ano-fue-sostener-el-vinculo-con-ellos-prof-claudia-fernandez\/\" \/>\n<meta property=\"og:site_name\" content=\"Noticias Radio Reflejos\" \/>\n<meta property=\"article:published_time\" content=\"2020-12-11T19:53:41+00:00\" \/>\n<meta property=\"og:image\" content=\"http:\/\/live.staticflickr.com\/65535\/50707140721_327afeb3c1.jpg\" \/>\n<meta name=\"author\" content=\"Arnaldo Botto\" \/>\n<meta name=\"twitter:card\" content=\"summary_large_image\" \/>\n<script type=\"application\/ld+json\" class=\"yoast-schema-graph\">{\"@context\":\"https:\/\/schema.org\",\"@graph\":[{\"@type\":\"WebPage\",\"@id\":\"https:\/\/www.noticiasradioreflejos.com.ar\/2021\/lo-mas-importante-este-ano-fue-sostener-el-vinculo-con-ellos-prof-claudia-fernandez\/\",\"url\":\"https:\/\/www.noticiasradioreflejos.com.ar\/2021\/lo-mas-importante-este-ano-fue-sostener-el-vinculo-con-ellos-prof-claudia-fernandez\/\",\"name\":\"\\\"Lo m\u00e1s importante este a\u00f1o fue sostener el v\u00ednculo con ellos\\\" - Prof. Claudia Fern\u00e1ndez - Noticias Radio Reflejos\",\"isPartOf\":{\"@id\":\"https:\/\/www.noticiasradioreflejos.com.ar\/2021\/#website\"},\"primaryImageOfPage\":{\"@id\":\"https:\/\/www.noticiasradioreflejos.com.ar\/2021\/lo-mas-importante-este-ano-fue-sostener-el-vinculo-con-ellos-prof-claudia-fernandez\/#primaryimage\"},\"image\":{\"@id\":\"https:\/\/www.noticiasradioreflejos.com.ar\/2021\/lo-mas-importante-este-ano-fue-sostener-el-vinculo-con-ellos-prof-claudia-fernandez\/#primaryimage\"},\"thumbnailUrl\":\"http:\/\/live.staticflickr.com\/65535\/50707140721_327afeb3c1.jpg\",\"datePublished\":\"2020-12-11T19:53:41+00:00\",\"author\":{\"@id\":\"https:\/\/www.noticiasradioreflejos.com.ar\/2021\/#\/schema\/person\/ad82545263dcc5ec0996818884fd5fb1\"},\"breadcrumb\":{\"@id\":\"https:\/\/www.noticiasradioreflejos.com.ar\/2021\/lo-mas-importante-este-ano-fue-sostener-el-vinculo-con-ellos-prof-claudia-fernandez\/#breadcrumb\"},\"inLanguage\":\"es\",\"potentialAction\":[{\"@type\":\"ReadAction\",\"target\":[\"https:\/\/www.noticiasradioreflejos.com.ar\/2021\/lo-mas-importante-este-ano-fue-sostener-el-vinculo-con-ellos-prof-claudia-fernandez\/\"]}]},{\"@type\":\"ImageObject\",\"inLanguage\":\"es\",\"@id\":\"https:\/\/www.noticiasradioreflejos.com.ar\/2021\/lo-mas-importante-este-ano-fue-sostener-el-vinculo-con-ellos-prof-claudia-fernandez\/#primaryimage\",\"url\":\"http:\/\/live.staticflickr.com\/65535\/50707140721_327afeb3c1.jpg\",\"contentUrl\":\"http:\/\/live.staticflickr.com\/65535\/50707140721_327afeb3c1.jpg\"},{\"@type\":\"BreadcrumbList\",\"@id\":\"https:\/\/www.noticiasradioreflejos.com.ar\/2021\/lo-mas-importante-este-ano-fue-sostener-el-vinculo-con-ellos-prof-claudia-fernandez\/#breadcrumb\",\"itemListElement\":[{\"@type\":\"ListItem\",\"position\":1,\"name\":\"Portada\",\"item\":\"https:\/\/www.noticiasradioreflejos.com.ar\/2021\/\"},{\"@type\":\"ListItem\",\"position\":2,\"name\":\"\u00abLo m\u00e1s importante este a\u00f1o fue sostener el v\u00ednculo con ellos\u00bb &#8211; Prof. Claudia Fern\u00e1ndez\"}]},{\"@type\":\"WebSite\",\"@id\":\"https:\/\/www.noticiasradioreflejos.com.ar\/2021\/#website\",\"url\":\"https:\/\/www.noticiasradioreflejos.com.ar\/2021\/\",\"name\":\"Noticias Radio Reflejos\",\"description\":\"Las noticias de mi comarca\",\"potentialAction\":[{\"@type\":\"SearchAction\",\"target\":{\"@type\":\"EntryPoint\",\"urlTemplate\":\"https:\/\/www.noticiasradioreflejos.com.ar\/2021\/?s={search_term_string}\"},\"query-input\":{\"@type\":\"PropertyValueSpecification\",\"valueRequired\":true,\"valueName\":\"search_term_string\"}}],\"inLanguage\":\"es\"},{\"@type\":\"Person\",\"@id\":\"https:\/\/www.noticiasradioreflejos.com.ar\/2021\/#\/schema\/person\/ad82545263dcc5ec0996818884fd5fb1\",\"name\":\"Arnaldo Botto\",\"image\":{\"@type\":\"ImageObject\",\"inLanguage\":\"es\",\"@id\":\"https:\/\/www.noticiasradioreflejos.com.ar\/2021\/#\/schema\/person\/image\/\",\"url\":\"https:\/\/secure.gravatar.com\/avatar\/55cb5e37c1efa326397366e6974cb338056df65cb50e7d64d1cf314e87504837?s=96&d=mm&r=g\",\"contentUrl\":\"https:\/\/secure.gravatar.com\/avatar\/55cb5e37c1efa326397366e6974cb338056df65cb50e7d64d1cf314e87504837?s=96&d=mm&r=g\",\"caption\":\"Arnaldo Botto\"},\"url\":\"https:\/\/www.noticiasradioreflejos.com.ar\/2021\/author\/arnaldo\/\"}]}<\/script>\n<!-- \/ Yoast SEO plugin. -->","yoast_head_json":{"title":"\"Lo m\u00e1s importante este a\u00f1o fue sostener el v\u00ednculo con ellos\" - Prof. Claudia Fern\u00e1ndez - Noticias Radio Reflejos","robots":{"index":"index","follow":"follow","max-snippet":"max-snippet:-1","max-image-preview":"max-image-preview:large","max-video-preview":"max-video-preview:-1"},"canonical":"https:\/\/www.noticiasradioreflejos.com.ar\/2021\/lo-mas-importante-este-ano-fue-sostener-el-vinculo-con-ellos-prof-claudia-fernandez\/","og_locale":"es_ES","og_type":"article","og_title":"\"Lo m\u00e1s importante este a\u00f1o fue sostener el v\u00ednculo con ellos\" - Prof. Claudia Fern\u00e1ndez - Noticias Radio Reflejos","og_description":"Tras un a\u00f1o de muchas luchas y desaf\u00edos en lo educativo a ra\u00edz de la pandemia,\u00a0 Claudia Fern\u00e1ndez, directora de la Escuela T\u00e9cnica Agraria N\u00b0 1 de Tornquist, conversa con nosotros para comentarnos c\u00f3mo fue atravesar el presente ciclo lectivo desde la instituci\u00f3n.","og_url":"https:\/\/www.noticiasradioreflejos.com.ar\/2021\/lo-mas-importante-este-ano-fue-sostener-el-vinculo-con-ellos-prof-claudia-fernandez\/","og_site_name":"Noticias Radio Reflejos","article_published_time":"2020-12-11T19:53:41+00:00","og_image":[{"url":"http:\/\/live.staticflickr.com\/65535\/50707140721_327afeb3c1.jpg","type":"","width":"","height":""}],"author":"Arnaldo Botto","twitter_card":"summary_large_image","schema":{"@context":"https:\/\/schema.org","@graph":[{"@type":"WebPage","@id":"https:\/\/www.noticiasradioreflejos.com.ar\/2021\/lo-mas-importante-este-ano-fue-sostener-el-vinculo-con-ellos-prof-claudia-fernandez\/","url":"https:\/\/www.noticiasradioreflejos.com.ar\/2021\/lo-mas-importante-este-ano-fue-sostener-el-vinculo-con-ellos-prof-claudia-fernandez\/","name":"\"Lo m\u00e1s importante este a\u00f1o fue sostener el v\u00ednculo con ellos\" - Prof. Claudia Fern\u00e1ndez - Noticias Radio Reflejos","isPartOf":{"@id":"https:\/\/www.noticiasradioreflejos.com.ar\/2021\/#website"},"primaryImageOfPage":{"@id":"https:\/\/www.noticiasradioreflejos.com.ar\/2021\/lo-mas-importante-este-ano-fue-sostener-el-vinculo-con-ellos-prof-claudia-fernandez\/#primaryimage"},"image":{"@id":"https:\/\/www.noticiasradioreflejos.com.ar\/2021\/lo-mas-importante-este-ano-fue-sostener-el-vinculo-con-ellos-prof-claudia-fernandez\/#primaryimage"},"thumbnailUrl":"http:\/\/live.staticflickr.com\/65535\/50707140721_327afeb3c1.jpg","datePublished":"2020-12-11T19:53:41+00:00","author":{"@id":"https:\/\/www.noticiasradioreflejos.com.ar\/2021\/#\/schema\/person\/ad82545263dcc5ec0996818884fd5fb1"},"breadcrumb":{"@id":"https:\/\/www.noticiasradioreflejos.com.ar\/2021\/lo-mas-importante-este-ano-fue-sostener-el-vinculo-con-ellos-prof-claudia-fernandez\/#breadcrumb"},"inLanguage":"es","potentialAction":[{"@type":"ReadAction","target":["https:\/\/www.noticiasradioreflejos.com.ar\/2021\/lo-mas-importante-este-ano-fue-sostener-el-vinculo-con-ellos-prof-claudia-fernandez\/"]}]},{"@type":"ImageObject","inLanguage":"es","@id":"https:\/\/www.noticiasradioreflejos.com.ar\/2021\/lo-mas-importante-este-ano-fue-sostener-el-vinculo-con-ellos-prof-claudia-fernandez\/#primaryimage","url":"http:\/\/live.staticflickr.com\/65535\/50707140721_327afeb3c1.jpg","contentUrl":"http:\/\/live.staticflickr.com\/65535\/50707140721_327afeb3c1.jpg"},{"@type":"BreadcrumbList","@id":"https:\/\/www.noticiasradioreflejos.com.ar\/2021\/lo-mas-importante-este-ano-fue-sostener-el-vinculo-con-ellos-prof-claudia-fernandez\/#breadcrumb","itemListElement":[{"@type":"ListItem","position":1,"name":"Portada","item":"https:\/\/www.noticiasradioreflejos.com.ar\/2021\/"},{"@type":"ListItem","position":2,"name":"\u00abLo m\u00e1s importante este a\u00f1o fue sostener el v\u00ednculo con ellos\u00bb &#8211; Prof. Claudia Fern\u00e1ndez"}]},{"@type":"WebSite","@id":"https:\/\/www.noticiasradioreflejos.com.ar\/2021\/#website","url":"https:\/\/www.noticiasradioreflejos.com.ar\/2021\/","name":"Noticias Radio Reflejos","description":"Las noticias de mi comarca","potentialAction":[{"@type":"SearchAction","target":{"@type":"EntryPoint","urlTemplate":"https:\/\/www.noticiasradioreflejos.com.ar\/2021\/?s={search_term_string}"},"query-input":{"@type":"PropertyValueSpecification","valueRequired":true,"valueName":"search_term_string"}}],"inLanguage":"es"},{"@type":"Person","@id":"https:\/\/www.noticiasradioreflejos.com.ar\/2021\/#\/schema\/person\/ad82545263dcc5ec0996818884fd5fb1","name":"Arnaldo Botto","image":{"@type":"ImageObject","inLanguage":"es","@id":"https:\/\/www.noticiasradioreflejos.com.ar\/2021\/#\/schema\/person\/image\/","url":"https:\/\/secure.gravatar.com\/avatar\/55cb5e37c1efa326397366e6974cb338056df65cb50e7d64d1cf314e87504837?s=96&d=mm&r=g","contentUrl":"https:\/\/secure.gravatar.com\/avatar\/55cb5e37c1efa326397366e6974cb338056df65cb50e7d64d1cf314e87504837?s=96&d=mm&r=g","caption":"Arnaldo Botto"},"url":"https:\/\/www.noticiasradioreflejos.com.ar\/2021\/author\/arnaldo\/"}]}},"_links":{"self":[{"href":"https:\/\/www.noticiasradioreflejos.com.ar\/2021\/wp-json\/wp\/v2\/posts\/50204","targetHints":{"allow":["GET"]}}],"collection":[{"href":"https:\/\/www.noticiasradioreflejos.com.ar\/2021\/wp-json\/wp\/v2\/posts"}],"about":[{"href":"https:\/\/www.noticiasradioreflejos.com.ar\/2021\/wp-json\/wp\/v2\/types\/post"}],"author":[{"embeddable":true,"href":"https:\/\/www.noticiasradioreflejos.com.ar\/2021\/wp-json\/wp\/v2\/users\/3"}],"replies":[{"embeddable":true,"href":"https:\/\/www.noticiasradioreflejos.com.ar\/2021\/wp-json\/wp\/v2\/comments?post=50204"}],"version-history":[{"count":0,"href":"https:\/\/www.noticiasradioreflejos.com.ar\/2021\/wp-json\/wp\/v2\/posts\/50204\/revisions"}],"wp:attachment":[{"href":"https:\/\/www.noticiasradioreflejos.com.ar\/2021\/wp-json\/wp\/v2\/media?parent=50204"}],"wp:term":[{"taxonomy":"category","embeddable":true,"href":"https:\/\/www.noticiasradioreflejos.com.ar\/2021\/wp-json\/wp\/v2\/categories?post=50204"},{"taxonomy":"post_tag","embeddable":true,"href":"https:\/\/www.noticiasradioreflejos.com.ar\/2021\/wp-json\/wp\/v2\/tags?post=50204"}],"curies":[{"name":"wp","href":"https:\/\/api.w.org\/{rel}","templated":true}]}}